{"id":18724,"date":"2020-02-21T12:37:03","date_gmt":"2020-02-21T15:37:03","guid":{"rendered":"https:\/\/www.delioandrade.com.br\/?p=18724"},"modified":"2020-02-21T12:37:03","modified_gmt":"2020-02-21T15:37:03","slug":"policia-rodoviaria-federal-inicia-operacao-carnaval-nesta-sexta-feira","status":"publish","type":"post","link":"https:\/\/www.p31noticias.com.br\/?p=18724","title":{"rendered":"Pol\u00edcia Rodovi\u00e1ria Federal inicia Opera\u00e7\u00e3o Carnaval nesta sexta-feira"},"content":{"rendered":"<p><em><strong>Fiscaliza\u00e7\u00e3o nas rodovias federais vai at\u00e9 quarta-feira \u00e0 meia-noite<\/strong><\/em><\/p>\n<p>A Opera\u00e7\u00e3o Carnaval deste ano, que come\u00e7ou nas primeiras horas desta sexta-feira (21), fiscalizar\u00e1 66 mil quil\u00f4metros de rodovias federais em todo o pa\u00eds. Segundo a Policia Rodovi\u00e1ria Federal (PRF), a fiscaliza\u00e7\u00e3o vai at\u00e9 a meia-noite da Quarta-feira de Cinzas (26), com refor\u00e7o no n\u00famero de viaturas e de agentes em a\u00e7\u00e3o, al\u00e9m de equipamentos eletr\u00f4nicos, para reduzir o n\u00famero de acidentes de tr\u00e2nsito.<\/p>\n<p>Nos trechos em que, estatisticamente, \u00e9 maior a frequ\u00eancia de acidentes graves, e em que o fluxo de ve\u00edculos aumenta em feriados prolongados como o carnaval, a PRF atua em esquema especial, com equipes refor\u00e7adas na fiscaliza\u00e7\u00e3o, orienta\u00e7\u00e3o e atendimento de ocorr\u00eancias.<\/p>\n<p>De acordo com a Pol\u00edcia Rodovi\u00e1ria, a garantia de uma viagem segura requer, necessariamente, o compromisso do condutor e dos passageiros dos ve\u00edculos com sua pr\u00f3pria seguran\u00e7a. \u00c9 necess\u00e1rio que todos mantenham aten\u00e7\u00e3o durante a viagem e tenham responsabilidade com seus atos, avaliando se a conduta \u00e9 segura ou se traz algum risco de envolvimento em acidente.<\/p>\n<p><strong>Dicas de viagem<\/strong><\/p>\n<p>A PRF tem algumas dicas que motoristas e passageiros devem seguir para uma viagem tranquila. A primeira delas \u00e9 aten\u00e7\u00e3o redobrada durante todo o percurso, de modo que se possa perceber qualquer risco vi\u00e1rio com anteced\u00eancia. \u00c9 preciso tamb\u00e9m respeitar a sinaliza\u00e7\u00e3o, obedecendo aos limites de velocidade e \u00e0s condi\u00e7\u00f5es de ultrapassagem indicados nas placas ao longo das rodovias. As plantas n\u00e3o foram colocadas naquele ponto da estrada sem motivo, alerta a PRF. Nos trechos em obras, o motorista deve reduzir a velocidade e obedecer a sinaliza\u00e7\u00e3o local.<\/p>\n<p>O planejamento da viagem tamb\u00e9m \u00e9 importante: o motorista deve se informar sobre as dist\u00e2ncias que vai percorrer, condi\u00e7\u00f5es do tempo, pontos de parada, exist\u00eancia de postos de combust\u00edveis e de restaurantes \u00e0 beira da estrada. Para o motorista, \u00e9 fundamental n\u00e3o esquecer documenta\u00e7\u00e3o pessoal e do ve\u00edculo.<\/p>\n<p>Antes de pegar a estrada, a Pol\u00edcia Rodovi\u00e1ria Federal recomenda a Revis\u00e3o preventiva do ve\u00edculo, cujas condi\u00e7\u00f5es devem ser checadas mesmo para pequenas viagens. Na rodovia, deve-se circular com far\u00f3is acesos, para ver e ser visto; os pneus precisam estar calibrados e em bom estado; o motor revisado, e o \u00f3leo e o n\u00edvel da \u00e1gua do radiador, em dia. \u00c9 necess\u00e1rio ainda verificar a presen\u00e7a e estado dos equipamentos de porte obrigat\u00f3rio, principalmente pneu estepe, macaco, tri\u00e2ngulo e chave de roda, al\u00e9m dos limpadores de para-brisa e luzes do ve\u00edculo.<\/p>\n<p>Al\u00e9m disso, o condutor deve programar pausas para descanso, com paradas a cada tr\u00eas horas. Quem se exp\u00f5e a muitas horas dirigindo fica sujeito ao fen\u00f4meno da \u201chipnose rodovi\u00e1ria\u201d, na qual os olhos se mant\u00eam abertos, mas sem percep\u00e7\u00e3o da realidade \u00e0 sua volta, lembra a PRF. Esse estado vem acompanhado de sonol\u00eancia, perda de reflexos e de for\u00e7a motora.<\/p>\n<p>Procurar se informar sobre as condi\u00e7\u00f5es do tempo no dia da viagem nos lugares por onde se vai passar tamb\u00e9m \u00e9 importante, assim como dormir bem antes de assumir o volante. O sono e o cansa\u00e7o s\u00e3o grandes inimigos de uma viagem segura. A PRF lembra que o uso do cinto de seguran\u00e7a \u00e9 obrigat\u00f3rio para todos os ocupantes do ve\u00edculo.<\/p>\n<p><strong>Aeroportos<\/strong><br \/>\nA Infraero, informou que, neste carnaval, devem passar pelos aeroportos sob sua administra\u00e7\u00e3o, 1,36 milh\u00f5es de passageiros. A estimativa \u00e9 v\u00e1lida para o per\u00edodo compreendido entre esta sexta-feira (21) e a pr\u00f3xima quinta-feira (27). O n\u00famero \u00e9 3% superior ao do mesmo feriado do ano passado, entre 1\u00ba e 7 de mar\u00e7o de 2019, quando foram contabilizados 1,32 milh\u00e3o de viajantes.<\/p>\n<p>O volume de opera\u00e7\u00f5es tamb\u00e9m deve crescer: s\u00e3o esperados 11.556 pousos e decolagens, aumento de 4,45% ante as 11.064 aeronaves registradas no carnaval de 2019.<\/p>\n<p><strong>O RIOgale\u00e3o<\/strong> \u2013 Aeroporto Internacional Tom Jobim deve receber cerca de 260 mil viajantes de hoje (21) at\u00e9 quinta-feira (27). Destes, 160.242 s\u00e3o passageiros dom\u00e9sticos e 99.125, internacionais. Os dias de pico ser\u00e3o esta sexta-feira, com expectativa de movimenta\u00e7\u00e3o de 42,9 mil passageiros, e a Quarta-Feira de Cinzas (26), quando 42,8 mil passageiros devem passar pelo terminal a\u00e9reo.<\/p>\n<p>O Aeroporto Santos Dumont, tamb\u00e9m no Rio, estima que 219,7 mil pessoas passem por l\u00e1 neste feriado. O crescimento \u00e9 de 42% em rela\u00e7\u00e3o \u00e0 movimenta\u00e7\u00e3o no carnaval do ano passado, quando foram contabilizados 154.676 viajantes. O volume de opera\u00e7\u00f5es tamb\u00e9m deve ser superior: s\u00e3o esperados 1.815 voos, ante os 1.413 comparados em 2019.<\/p>\n<p>Em S\u00e3o Paulo, o Aeroporto de Congonhas deve movimentar cerca de 256 mil passageiros neste per\u00edodo, para o qual est\u00e3o previstos 2.715 voos. Esta sexta-feira deve ser o dia de maior concentra\u00e7\u00e3o de passageiros, com a passagem de cerca de 60 mil viajantes pelo terminal.<\/p>\n<p>Pelo Aeroporto Internacional de Bras\u00edlia, administrado pela Infram\u00e9rica, dever\u00e3o passar 246 mil pessoas, e est\u00e3o previstos 1.705 pousos e decolagens no per\u00edodo de carnaval. Para atender \u00e0 alta demanda, 37 voos extras foram inclu\u00eddos na malha do feriado. As regi\u00f5es Nordeste e Sudeste s\u00e3o as mais procuradas pelos que saem de Bras\u00edlia. Hoje deve ser o dia de maior fluxo, entre os hor\u00e1rios de 6h \u00e0s 12h e de 18h \u00e0s 22h. Na Quarta-feira de Cinzas, retorno do Carnaval, o pico de movimenta\u00e7\u00e3o deve ocorrer a partir das 8h.<\/p>\n<p>A concession\u00e1ria Vinci Airports informou que o Aeroporto Internacional de Salvador opere com 2.407 voos neste feriado, 11% a mais que no carnaval de 2019. Destes, 2 296 s\u00e3o dom\u00e9sticos e 111 s\u00e3o internacionais. No total, mais de 380 mil assentos foram disponibilizados pelas companhias \u00e1reas para quem quer passar o carnaval em Salvador ou sair da cidade para aproveitar os festejos em outra cidade baiana. O n\u00famero \u00e9 9% superior ao que foi ofertado.<\/p>\n<p><strong>Rodovi\u00e1rias<\/strong><\/p>\n<p>O terminal rodovi\u00e1rio de Bras\u00edlia estima recepcionar cerca de 50 mil passageiros de hoje at\u00e9 quarta-feira pr\u00f3xima. A previs\u00e3o indica que cerca de 13 mil pessoas deixar\u00e3o Bras\u00edlia de \u00f4nibus nesta sexta-feira e no s\u00e1bado. Para dar conta de toda a demanda, ser\u00e3o disponibilizados 49 \u00f4nibus extras, e caso haja necessidade, mais outros ser\u00e3o colocados.<\/p>\n<p>Entre as cidades mais procuradas pelos que saem de Bras\u00edlia est\u00e3o Goi\u00e2nia, Caldas Novas e An\u00e1polis, em Goi\u00e1s, S\u00e3o Paulo e Belo Horizonte.<\/p>\n<p>Segundo a Rodovi\u00e1ria NovoRio, mais de 520 mil passageiros devem passar por l\u00e1 neste carnaval. Somente hoje s\u00e3o esperadas 67.900 pessoas \u2013 39.400 embarcando e 28.500 chegando \u00e0 capital fluminense. Ser\u00e3o disponibilizados 18 mil \u00f4nibus para atender \u00e0 demanda rodovi\u00e1ria para o feriado.<\/p>\n<p><em>(Por Ag\u00eancia Brasil &#8211; Bras\u00edlia. Foto: Jos\u00e9 Cruz\/Ag\u00eancia Brasil)<\/em><\/p>\n","protected":false},"excerpt":{"rendered":"<p>Fiscaliza\u00e7\u00e3o nas rodovias federais vai at\u00e9 quarta-feira \u00e0 meia-noite A Opera\u00e7\u00e3o Carnaval deste ano, que come\u00e7ou nas primeiras horas desta sexta-feira (21), fiscalizar\u00e1 66 mil quil\u00f4metros de rodovias federais em todo o pa\u00eds. Segundo a Policia Rodovi\u00e1ria Federal (PRF), a fiscaliza\u00e7\u00e3o vai at\u00e9 a meia-noite da Quarta-feira de Cinzas (26), com refor\u00e7o no n\u00famero de [&hellip;]<\/p>\n","protected":false},"author":18,"featured_media":18725,"comment_status":"open","ping_status":"open","sticky":false,"template":"","format":"standard","meta":{"footnotes":""},"categories":[57],"tags":[],"class_list":{"0":"post-18724","1":"post","2":"type-post","3":"status-publish","4":"format-standard","5":"has-post-thumbnail","7":"category-politica"},"yoast_head":"<!-- This site is optimized with the Yoast SEO Premium plugin v24.5 (Yoast SEO v27.5) - https:\/\/yoast.com\/product\/yoast-seo-premium-wordpress\/ -->\n<title>Pol\u00edcia Rodovi\u00e1ria Federal inicia Opera\u00e7\u00e3o Carnaval nesta sexta-feira - P31<\/title>\n<meta name=\"robots\" content=\"index, follow, max-snippet:-1, max-image-preview:large, max-video-preview:-1\" \/>\n<link rel=\"canonical\" href=\"https:\/\/www.p31noticias.com.br\/?p=18724\" \/>\n<meta property=\"og:locale\" content=\"pt_BR\" \/>\n<meta property=\"og:type\" content=\"article\" \/>\n<meta property=\"og:title\" content=\"Pol\u00edcia Rodovi\u00e1ria Federal inicia Opera\u00e7\u00e3o Carnaval nesta sexta-feira\" \/>\n<meta property=\"og:description\" content=\"Fiscaliza\u00e7\u00e3o nas rodovias federais vai at\u00e9 quarta-feira \u00e0 meia-noite A Opera\u00e7\u00e3o Carnaval deste ano, que come\u00e7ou nas primeiras horas desta sexta-feira (21), fiscalizar\u00e1 66 mil quil\u00f4metros de rodovias federais em todo o pa\u00eds. Segundo a Policia Rodovi\u00e1ria Federal (PRF), a fiscaliza\u00e7\u00e3o vai at\u00e9 a meia-noite da Quarta-feira de Cinzas (26), com refor\u00e7o no n\u00famero de [&hellip;]\" \/>\n<meta property=\"og:url\" content=\"https:\/\/www.p31noticias.com.br\/?p=18724\" \/>\n<meta property=\"og:site_name\" content=\"P31\" \/>\n<meta property=\"article:published_time\" content=\"2020-02-21T15:37:03+00:00\" \/>\n<meta property=\"og:image\" content=\"https:\/\/www.p31noticias.com.br\/wp-content\/uploads\/2020\/02\/feriado_carnaval_br-020.jpg\" \/>\n\t<meta property=\"og:image:width\" content=\"640\" \/>\n\t<meta property=\"og:image:height\" content=\"383\" \/>\n\t<meta property=\"og:image:type\" content=\"image\/jpeg\" \/>\n<meta name=\"author\" content=\"Reda\u00e7\u00e3o JBN\" \/>\n<meta name=\"twitter:card\" content=\"summary_large_image\" \/>\n<meta name=\"twitter:label1\" content=\"Escrito por\" \/>\n\t<meta name=\"twitter:data1\" content=\"Reda\u00e7\u00e3o JBN\" \/>\n\t<meta name=\"twitter:label2\" content=\"Est. tempo de leitura\" \/>\n\t<meta name=\"twitter:data2\" content=\"6 minutos\" \/>\n<script type=\"application\/ld+json\" class=\"yoast-schema-graph\">{\"@context\":\"https:\\\/\\\/schema.org\",\"@graph\":[{\"@type\":\"Article\",\"@id\":\"https:\\\/\\\/www.p31noticias.com.br\\\/?p=18724#article\",\"isPartOf\":{\"@id\":\"https:\\\/\\\/www.p31noticias.com.br\\\/?p=18724\"},\"author\":{\"name\":\"Reda\u00e7\u00e3o JBN\",\"@id\":\"https:\\\/\\\/www.p31noticias.com.br\\\/#\\\/schema\\\/person\\\/77d6b186c710ac38937c6ec204fdd387\"},\"headline\":\"Pol\u00edcia Rodovi\u00e1ria Federal inicia Opera\u00e7\u00e3o Carnaval nesta sexta-feira\",\"datePublished\":\"2020-02-21T15:37:03+00:00\",\"mainEntityOfPage\":{\"@id\":\"https:\\\/\\\/www.p31noticias.com.br\\\/?p=18724\"},\"wordCount\":1138,\"commentCount\":0,\"image\":{\"@id\":\"https:\\\/\\\/www.p31noticias.com.br\\\/?p=18724#primaryimage\"},\"thumbnailUrl\":\"https:\\\/\\\/www.p31noticias.com.br\\\/wp-content\\\/uploads\\\/2020\\\/02\\\/feriado_carnaval_br-020.jpg\",\"articleSection\":[\"Pol\u00edtica\"],\"inLanguage\":\"pt-BR\",\"potentialAction\":[{\"@type\":\"CommentAction\",\"name\":\"Comment\",\"target\":[\"https:\\\/\\\/www.p31noticias.com.br\\\/?p=18724#respond\"]}],\"copyrightYear\":\"2020\",\"copyrightHolder\":{\"@id\":\"https:\\\/\\\/www.p31noticias.com.br\\\/#organization\"}},{\"@type\":\"WebPage\",\"@id\":\"https:\\\/\\\/www.p31noticias.com.br\\\/?p=18724\",\"url\":\"https:\\\/\\\/www.p31noticias.com.br\\\/?p=18724\",\"name\":\"Pol\u00edcia Rodovi\u00e1ria Federal inicia Opera\u00e7\u00e3o Carnaval nesta sexta-feira - P31\",\"isPartOf\":{\"@id\":\"https:\\\/\\\/www.p31noticias.com.br\\\/#website\"},\"primaryImageOfPage\":{\"@id\":\"https:\\\/\\\/www.p31noticias.com.br\\\/?p=18724#primaryimage\"},\"image\":{\"@id\":\"https:\\\/\\\/www.p31noticias.com.br\\\/?p=18724#primaryimage\"},\"thumbnailUrl\":\"https:\\\/\\\/www.p31noticias.com.br\\\/wp-content\\\/uploads\\\/2020\\\/02\\\/feriado_carnaval_br-020.jpg\",\"datePublished\":\"2020-02-21T15:37:03+00:00\",\"author\":{\"@id\":\"https:\\\/\\\/www.p31noticias.com.br\\\/#\\\/schema\\\/person\\\/77d6b186c710ac38937c6ec204fdd387\"},\"breadcrumb\":{\"@id\":\"https:\\\/\\\/www.p31noticias.com.br\\\/?p=18724#breadcrumb\"},\"inLanguage\":\"pt-BR\",\"potentialAction\":[{\"@type\":\"ReadAction\",\"target\":[\"https:\\\/\\\/www.p31noticias.com.br\\\/?p=18724\"]}]},{\"@type\":\"ImageObject\",\"inLanguage\":\"pt-BR\",\"@id\":\"https:\\\/\\\/www.p31noticias.com.br\\\/?p=18724#primaryimage\",\"url\":\"https:\\\/\\\/www.p31noticias.com.br\\\/wp-content\\\/uploads\\\/2020\\\/02\\\/feriado_carnaval_br-020.jpg\",\"contentUrl\":\"https:\\\/\\\/www.p31noticias.com.br\\\/wp-content\\\/uploads\\\/2020\\\/02\\\/feriado_carnaval_br-020.jpg\",\"width\":640,\"height\":383,\"caption\":\"Brasilia - Movimento de sa\u00edda para o feriado de carnaval tranquilo no Aeroporto JK e rodovias do Distrito Federal(Jos\u00e9 Cruz\\\/Ag\u00eancia Brasil)\"},{\"@type\":\"BreadcrumbList\",\"@id\":\"https:\\\/\\\/www.p31noticias.com.br\\\/?p=18724#breadcrumb\",\"itemListElement\":[{\"@type\":\"ListItem\",\"position\":1,\"name\":\"In\u00edcio\",\"item\":\"https:\\\/\\\/www.p31noticias.com.br\\\/\"},{\"@type\":\"ListItem\",\"position\":2,\"name\":\"Pol\u00edcia Rodovi\u00e1ria Federal inicia Opera\u00e7\u00e3o Carnaval nesta sexta-feira\"}]},{\"@type\":\"WebSite\",\"@id\":\"https:\\\/\\\/www.p31noticias.com.br\\\/#website\",\"url\":\"https:\\\/\\\/www.p31noticias.com.br\\\/\",\"name\":\"P31\",\"description\":\"NOT\u00cdCIAS\",\"potentialAction\":[{\"@type\":\"SearchAction\",\"target\":{\"@type\":\"EntryPoint\",\"urlTemplate\":\"https:\\\/\\\/www.p31noticias.com.br\\\/?s={search_term_string}\"},\"query-input\":{\"@type\":\"PropertyValueSpecification\",\"valueRequired\":true,\"valueName\":\"search_term_string\"}}],\"inLanguage\":\"pt-BR\"},{\"@type\":\"Person\",\"@id\":\"https:\\\/\\\/www.p31noticias.com.br\\\/#\\\/schema\\\/person\\\/77d6b186c710ac38937c6ec204fdd387\",\"name\":\"Reda\u00e7\u00e3o JBN\",\"image\":{\"@type\":\"ImageObject\",\"inLanguage\":\"pt-BR\",\"@id\":\"https:\\\/\\\/secure.gravatar.com\\\/avatar\\\/10fcdb93211f98cce3d64c0795b0915a9a4a21dc0f279238995a3dbfafcad090?s=96&d=mm&r=g\",\"url\":\"https:\\\/\\\/secure.gravatar.com\\\/avatar\\\/10fcdb93211f98cce3d64c0795b0915a9a4a21dc0f279238995a3dbfafcad090?s=96&d=mm&r=g\",\"contentUrl\":\"https:\\\/\\\/secure.gravatar.com\\\/avatar\\\/10fcdb93211f98cce3d64c0795b0915a9a4a21dc0f279238995a3dbfafcad090?s=96&d=mm&r=g\",\"caption\":\"Reda\u00e7\u00e3o JBN\"},\"sameAs\":[\"https:\\\/\\\/p31noticias.com.br\"],\"url\":\"https:\\\/\\\/www.p31noticias.com.br\\\/?author=18\"}]}<\/script>\n<!-- \/ Yoast SEO Premium plugin. -->","yoast_head_json":{"title":"Pol\u00edcia Rodovi\u00e1ria Federal inicia Opera\u00e7\u00e3o Carnaval nesta sexta-feira - P31","robots":{"index":"index","follow":"follow","max-snippet":"max-snippet:-1","max-image-preview":"max-image-preview:large","max-video-preview":"max-video-preview:-1"},"canonical":"https:\/\/www.p31noticias.com.br\/?p=18724","og_locale":"pt_BR","og_type":"article","og_title":"Pol\u00edcia Rodovi\u00e1ria Federal inicia Opera\u00e7\u00e3o Carnaval nesta sexta-feira","og_description":"Fiscaliza\u00e7\u00e3o nas rodovias federais vai at\u00e9 quarta-feira \u00e0 meia-noite A Opera\u00e7\u00e3o Carnaval deste ano, que come\u00e7ou nas primeiras horas desta sexta-feira (21), fiscalizar\u00e1 66 mil quil\u00f4metros de rodovias federais em todo o pa\u00eds. Segundo a Policia Rodovi\u00e1ria Federal (PRF), a fiscaliza\u00e7\u00e3o vai at\u00e9 a meia-noite da Quarta-feira de Cinzas (26), com refor\u00e7o no n\u00famero de [&hellip;]","og_url":"https:\/\/www.p31noticias.com.br\/?p=18724","og_site_name":"P31","article_published_time":"2020-02-21T15:37:03+00:00","og_image":[{"width":640,"height":383,"url":"https:\/\/www.p31noticias.com.br\/wp-content\/uploads\/2020\/02\/feriado_carnaval_br-020.jpg","type":"image\/jpeg"}],"author":"Reda\u00e7\u00e3o JBN","twitter_card":"summary_large_image","twitter_misc":{"Escrito por":"Reda\u00e7\u00e3o JBN","Est. tempo de leitura":"6 minutos"},"schema":{"@context":"https:\/\/schema.org","@graph":[{"@type":"Article","@id":"https:\/\/www.p31noticias.com.br\/?p=18724#article","isPartOf":{"@id":"https:\/\/www.p31noticias.com.br\/?p=18724"},"author":{"name":"Reda\u00e7\u00e3o JBN","@id":"https:\/\/www.p31noticias.com.br\/#\/schema\/person\/77d6b186c710ac38937c6ec204fdd387"},"headline":"Pol\u00edcia Rodovi\u00e1ria Federal inicia Opera\u00e7\u00e3o Carnaval nesta sexta-feira","datePublished":"2020-02-21T15:37:03+00:00","mainEntityOfPage":{"@id":"https:\/\/www.p31noticias.com.br\/?p=18724"},"wordCount":1138,"commentCount":0,"image":{"@id":"https:\/\/www.p31noticias.com.br\/?p=18724#primaryimage"},"thumbnailUrl":"https:\/\/www.p31noticias.com.br\/wp-content\/uploads\/2020\/02\/feriado_carnaval_br-020.jpg","articleSection":["Pol\u00edtica"],"inLanguage":"pt-BR","potentialAction":[{"@type":"CommentAction","name":"Comment","target":["https:\/\/www.p31noticias.com.br\/?p=18724#respond"]}],"copyrightYear":"2020","copyrightHolder":{"@id":"https:\/\/www.p31noticias.com.br\/#organization"}},{"@type":"WebPage","@id":"https:\/\/www.p31noticias.com.br\/?p=18724","url":"https:\/\/www.p31noticias.com.br\/?p=18724","name":"Pol\u00edcia Rodovi\u00e1ria Federal inicia Opera\u00e7\u00e3o Carnaval nesta sexta-feira - P31","isPartOf":{"@id":"https:\/\/www.p31noticias.com.br\/#website"},"primaryImageOfPage":{"@id":"https:\/\/www.p31noticias.com.br\/?p=18724#primaryimage"},"image":{"@id":"https:\/\/www.p31noticias.com.br\/?p=18724#primaryimage"},"thumbnailUrl":"https:\/\/www.p31noticias.com.br\/wp-content\/uploads\/2020\/02\/feriado_carnaval_br-020.jpg","datePublished":"2020-02-21T15:37:03+00:00","author":{"@id":"https:\/\/www.p31noticias.com.br\/#\/schema\/person\/77d6b186c710ac38937c6ec204fdd387"},"breadcrumb":{"@id":"https:\/\/www.p31noticias.com.br\/?p=18724#breadcrumb"},"inLanguage":"pt-BR","potentialAction":[{"@type":"ReadAction","target":["https:\/\/www.p31noticias.com.br\/?p=18724"]}]},{"@type":"ImageObject","inLanguage":"pt-BR","@id":"https:\/\/www.p31noticias.com.br\/?p=18724#primaryimage","url":"https:\/\/www.p31noticias.com.br\/wp-content\/uploads\/2020\/02\/feriado_carnaval_br-020.jpg","contentUrl":"https:\/\/www.p31noticias.com.br\/wp-content\/uploads\/2020\/02\/feriado_carnaval_br-020.jpg","width":640,"height":383,"caption":"Brasilia - Movimento de sa\u00edda para o feriado de carnaval tranquilo no Aeroporto JK e rodovias do Distrito Federal(Jos\u00e9 Cruz\/Ag\u00eancia Brasil)"},{"@type":"BreadcrumbList","@id":"https:\/\/www.p31noticias.com.br\/?p=18724#breadcrumb","itemListElement":[{"@type":"ListItem","position":1,"name":"In\u00edcio","item":"https:\/\/www.p31noticias.com.br\/"},{"@type":"ListItem","position":2,"name":"Pol\u00edcia Rodovi\u00e1ria Federal inicia Opera\u00e7\u00e3o Carnaval nesta sexta-feira"}]},{"@type":"WebSite","@id":"https:\/\/www.p31noticias.com.br\/#website","url":"https:\/\/www.p31noticias.com.br\/","name":"P31","description":"NOT\u00cdCIAS","potentialAction":[{"@type":"SearchAction","target":{"@type":"EntryPoint","urlTemplate":"https:\/\/www.p31noticias.com.br\/?s={search_term_string}"},"query-input":{"@type":"PropertyValueSpecification","valueRequired":true,"valueName":"search_term_string"}}],"inLanguage":"pt-BR"},{"@type":"Person","@id":"https:\/\/www.p31noticias.com.br\/#\/schema\/person\/77d6b186c710ac38937c6ec204fdd387","name":"Reda\u00e7\u00e3o JBN","image":{"@type":"ImageObject","inLanguage":"pt-BR","@id":"https:\/\/secure.gravatar.com\/avatar\/10fcdb93211f98cce3d64c0795b0915a9a4a21dc0f279238995a3dbfafcad090?s=96&d=mm&r=g","url":"https:\/\/secure.gravatar.com\/avatar\/10fcdb93211f98cce3d64c0795b0915a9a4a21dc0f279238995a3dbfafcad090?s=96&d=mm&r=g","contentUrl":"https:\/\/secure.gravatar.com\/avatar\/10fcdb93211f98cce3d64c0795b0915a9a4a21dc0f279238995a3dbfafcad090?s=96&d=mm&r=g","caption":"Reda\u00e7\u00e3o JBN"},"sameAs":["https:\/\/p31noticias.com.br"],"url":"https:\/\/www.p31noticias.com.br\/?author=18"}]}},"amp_enabled":true,"_links":{"self":[{"href":"https:\/\/www.p31noticias.com.br\/index.php?rest_route=\/wp\/v2\/posts\/18724","targetHints":{"allow":["GET"]}}],"collection":[{"href":"https:\/\/www.p31noticias.com.br\/index.php?rest_route=\/wp\/v2\/posts"}],"about":[{"href":"https:\/\/www.p31noticias.com.br\/index.php?rest_route=\/wp\/v2\/types\/post"}],"author":[{"embeddable":true,"href":"https:\/\/www.p31noticias.com.br\/index.php?rest_route=\/wp\/v2\/users\/18"}],"replies":[{"embeddable":true,"href":"https:\/\/www.p31noticias.com.br\/index.php?rest_route=%2Fwp%2Fv2%2Fcomments&post=18724"}],"version-history":[{"count":0,"href":"https:\/\/www.p31noticias.com.br\/index.php?rest_route=\/wp\/v2\/posts\/18724\/revisions"}],"wp:featuredmedia":[{"embeddable":true,"href":"https:\/\/www.p31noticias.com.br\/index.php?rest_route=\/wp\/v2\/media\/18725"}],"wp:attachment":[{"href":"https:\/\/www.p31noticias.com.br\/index.php?rest_route=%2Fwp%2Fv2%2Fmedia&parent=18724"}],"wp:term":[{"taxonomy":"category","embeddable":true,"href":"https:\/\/www.p31noticias.com.br\/index.php?rest_route=%2Fwp%2Fv2%2Fcategories&post=18724"},{"taxonomy":"post_tag","embeddable":true,"href":"https:\/\/www.p31noticias.com.br\/index.php?rest_route=%2Fwp%2Fv2%2Ftags&post=18724"}],"curies":[{"name":"wp","href":"https:\/\/api.w.org\/{rel}","templated":true}]}}