{"id":18704,"date":"2020-01-23T00:59:40","date_gmt":"2020-01-23T03:59:40","guid":{"rendered":"https:\/\/www.delioandrade.com.br\/comportamento-nova-geracao-alienada-e-o-reflexo-na-sociedade-me-preocupa\/"},"modified":"2020-01-23T00:59:40","modified_gmt":"2020-01-23T03:59:40","slug":"comportamento-nova-geracao-alienada-e-o-reflexo-na-sociedade-me-preocupa","status":"publish","type":"post","link":"https:\/\/www.p31noticias.com.br\/?p=18704","title":{"rendered":"Comportamento: Nova gera\u00e7\u00e3o alienada e o reflexo na sociedade me preocupa."},"content":{"rendered":"\n<p>Hoje em dia e contante participar de discursos sobre o assunto e por esse motivo me aprofundei ao assunto .<\/p>\n\n\n\n<p>Temos presenciado, nos \u00faltimos anos, cada vez mais os jovens encurtarem sua inf\u00e2ncia. Eles j\u00e1 n\u00e3o possuem o h\u00e1bito de brincar na rua ou cuidar de suas bonecas ou carrinhos \u2013 e os pais de hoje preocupam-se com o que os filhos est\u00e3o fazendo na internet, no percurso para a escola ou para a casa de algu\u00e9m, onde podem, por exemplo, consumir bebidas alco\u00f3licas. Os jovens est\u00e3o deixando de viver sua fase mais l\u00fadica buscando comportar-se como os adultos, vestindo-se como eles e experimentando coisas que eles, de fato, nunca experimentaram. Deixam de viver sua inf\u00e2ncia e adolesc\u00eancia e \u201camadurecem\u201d sem projetos de vida, conte\u00fado ou valor para a sociedade.<\/p>\n\n\n\n<p>Um exemplo \u00e9 o crescente interesse dos jovens, mesmo os rec\u00e9m-sa\u00eddos da inf\u00e2ncia, por est\u00e9tica e status. Piercings, tatuagens, alisamento para os cabelos, roupas \u201cde marca\u201d, produtos tecnol\u00f3gicos. Produtos de consumo de todos os tipos atraem sua aten\u00e7\u00e3o, fazendo a alegria dos vendedores. Os pais s\u00e3o, em boa parte, respons\u00e1veis por esses comportamentos. Mesmo aqueles que n\u00e3o possuem recursos financeiros entram em d\u00edvidas para poder atender aos desejos de seus filhos e ainda incentivam ou apoiam esse consumismo que esbanja futilidade e que agrega pouco ou nenhum valor cultural e social.<\/p>\n\n\n\n<p>A falta de um discurso \u00fatil e articulado sobre os assuntos sexuais tem marcado a atua\u00e7\u00e3o de pais e escolas. Pais e educadores est\u00e3o se omitindo na orienta\u00e7\u00e3o sexual dos adolescentes. \u00cdndices apontam que, cada vez mais, jovens est\u00e3o tendo sua primeira rela\u00e7\u00e3o sexual antes dos 15 anos. Junto com essa experi\u00eancia, vem o consumo de bebidas alco\u00f3licas e, talvez nos casos mais extremos, de drogas. Garotas est\u00e3o ficando gestantes de forma prematura, antes de conclu\u00edrem o ensino fundamental, prejudicando assim a conclus\u00e3o de seus estudos e forma\u00e7\u00e3o profissional, fazendo crescer o \u00edndice de semianalfabetos e desvalorizando a m\u00e3o de obra qualificada no pa\u00eds. O n\u00famero elevado de jovens que conduzem carros sem habilita\u00e7\u00e3o e totalmente embriagados tamb\u00e9m expressa a falta de comunica\u00e7\u00e3o por parte dos pais junto \u00e0 falta de uma pol\u00edtica p\u00fablica advinda de \u00f3rg\u00e3os p\u00fablicos. A bebida \u00e9 a principal causa dos acidentes de tr\u00e2nsito e jovens que n\u00e3o possuem o registro para dirigir s\u00e3o os que mais abusam dessa combina\u00e7\u00e3o mortal de imprud\u00eancia.<\/p>\n\n\n\n<p>A rotina dos pais tamb\u00e9m influencia os atos dos filhos. Horas prolongadas fora de casa acabam afastando pais e filhos. Experi\u00eancias e conversas n\u00e3o s\u00e3o transmitidas. Em muitos casos, essa falta de comunica\u00e7\u00e3o faz crescer a rebeldia, a viol\u00eancia e a criminalidade pelo simples fato de os pais n\u00e3o estarem presentes na vida dos seus filhos.<\/p>\n\n\n\n<p>A sociedade, juntamente com o refor\u00e7o das pol\u00edticas p\u00fablicas oficiais, deveria atentar mais ao caminho que os jovens est\u00e3o percorrendo, pois eles s\u00e3o o futuro do desenvolvimento e crescimento de que o pa\u00eds tanto necessita para melhorar nossos \u00edndices sociais, como sa\u00fade, educa\u00e7\u00e3o, seguran\u00e7a, transporte, principalmente.&nbsp;<\/p>\n\n\n\n<p>Projetos nas escolas poderiam ser desenvolvidos para aproximar a rela\u00e7\u00e3o entre pais e filhos, projetos mais eficazes sobre consci\u00eancia no tr\u00e2nsito, investimento em esportes para desenvolver disciplina, pr\u00e1ticas saud\u00e1veis, comportamento grupal, entre outras melhorias que comp\u00f5em e diferenciam o ser humano. Uma maior aten\u00e7\u00e3o com a educa\u00e7\u00e3o fundamental e m\u00e9dia far\u00e1 que se criem adultos melhores, com potencial de fortalecer a sociedade como um todo.<\/p>\n","protected":false},"excerpt":{"rendered":"<p>Hoje em dia e contante participar de discursos sobre o assunto e por esse motivo me aprofundei ao assunto . Temos presenciado, nos \u00faltimos anos, cada vez mais os jovens encurtarem sua inf\u00e2ncia. Eles j\u00e1 n\u00e3o possuem o h\u00e1bito de brincar na rua ou cuidar de suas bonecas ou carrinhos \u2013 e os pais de [&hellip;]<\/p>\n","protected":false},"author":18,"featured_media":18703,"comment_status":"open","ping_status":"open","sticky":false,"template":"","format":"standard","meta":{"footnotes":""},"categories":[1],"tags":[],"class_list":{"0":"post-18704","1":"post","2":"type-post","3":"status-publish","4":"format-standard","5":"has-post-thumbnail","7":"category-outros"},"yoast_head":"<!-- This site is optimized with the Yoast SEO Premium plugin v24.5 (Yoast SEO v27.5) - https:\/\/yoast.com\/product\/yoast-seo-premium-wordpress\/ -->\n<title>Comportamento: Nova gera\u00e7\u00e3o alienada e o reflexo na sociedade me preocupa. - P31<\/title>\n<meta name=\"robots\" content=\"index, follow, max-snippet:-1, max-image-preview:large, max-video-preview:-1\" \/>\n<link rel=\"canonical\" href=\"https:\/\/www.p31noticias.com.br\/?p=18704\" \/>\n<meta property=\"og:locale\" content=\"pt_BR\" \/>\n<meta property=\"og:type\" content=\"article\" \/>\n<meta property=\"og:title\" content=\"Comportamento: Nova gera\u00e7\u00e3o alienada e o reflexo na sociedade me preocupa.\" \/>\n<meta property=\"og:description\" content=\"Hoje em dia e contante participar de discursos sobre o assunto e por esse motivo me aprofundei ao assunto . Temos presenciado, nos \u00faltimos anos, cada vez mais os jovens encurtarem sua inf\u00e2ncia. Eles j\u00e1 n\u00e3o possuem o h\u00e1bito de brincar na rua ou cuidar de suas bonecas ou carrinhos \u2013 e os pais de [&hellip;]\" \/>\n<meta property=\"og:url\" content=\"https:\/\/www.p31noticias.com.br\/?p=18704\" \/>\n<meta property=\"og:site_name\" content=\"P31\" \/>\n<meta property=\"article:published_time\" content=\"2020-01-23T03:59:40+00:00\" \/>\n<meta property=\"og:image\" content=\"https:\/\/www.p31noticias.com.br\/wp-content\/uploads\/2020\/01\/images-18.jpeg\" \/>\n\t<meta property=\"og:image:width\" content=\"764\" \/>\n\t<meta property=\"og:image:height\" content=\"401\" \/>\n\t<meta property=\"og:image:type\" content=\"image\/jpeg\" \/>\n<meta name=\"author\" content=\"Reda\u00e7\u00e3o JBN\" \/>\n<meta name=\"twitter:card\" content=\"summary_large_image\" \/>\n<meta name=\"twitter:label1\" content=\"Escrito por\" \/>\n\t<meta name=\"twitter:data1\" content=\"Reda\u00e7\u00e3o JBN\" \/>\n\t<meta name=\"twitter:label2\" content=\"Est. tempo de leitura\" \/>\n\t<meta name=\"twitter:data2\" content=\"3 minutos\" \/>\n<script type=\"application\/ld+json\" class=\"yoast-schema-graph\">{\"@context\":\"https:\\\/\\\/schema.org\",\"@graph\":[{\"@type\":\"Article\",\"@id\":\"https:\\\/\\\/www.p31noticias.com.br\\\/?p=18704#article\",\"isPartOf\":{\"@id\":\"https:\\\/\\\/www.p31noticias.com.br\\\/?p=18704\"},\"author\":{\"name\":\"Reda\u00e7\u00e3o JBN\",\"@id\":\"https:\\\/\\\/www.p31noticias.com.br\\\/#\\\/schema\\\/person\\\/77d6b186c710ac38937c6ec204fdd387\"},\"headline\":\"Comportamento: Nova gera\u00e7\u00e3o alienada e o reflexo na sociedade me preocupa.\",\"datePublished\":\"2020-01-23T03:59:40+00:00\",\"mainEntityOfPage\":{\"@id\":\"https:\\\/\\\/www.p31noticias.com.br\\\/?p=18704\"},\"wordCount\":634,\"commentCount\":0,\"image\":{\"@id\":\"https:\\\/\\\/www.p31noticias.com.br\\\/?p=18704#primaryimage\"},\"thumbnailUrl\":\"https:\\\/\\\/www.p31noticias.com.br\\\/wp-content\\\/uploads\\\/2020\\\/01\\\/images-18.jpeg\",\"articleSection\":[\"Outros\"],\"inLanguage\":\"pt-BR\",\"potentialAction\":[{\"@type\":\"CommentAction\",\"name\":\"Comment\",\"target\":[\"https:\\\/\\\/www.p31noticias.com.br\\\/?p=18704#respond\"]}],\"copyrightYear\":\"2020\",\"copyrightHolder\":{\"@id\":\"https:\\\/\\\/www.p31noticias.com.br\\\/#organization\"}},{\"@type\":\"WebPage\",\"@id\":\"https:\\\/\\\/www.p31noticias.com.br\\\/?p=18704\",\"url\":\"https:\\\/\\\/www.p31noticias.com.br\\\/?p=18704\",\"name\":\"Comportamento: Nova gera\u00e7\u00e3o alienada e o reflexo na sociedade me preocupa. - P31\",\"isPartOf\":{\"@id\":\"https:\\\/\\\/www.p31noticias.com.br\\\/#website\"},\"primaryImageOfPage\":{\"@id\":\"https:\\\/\\\/www.p31noticias.com.br\\\/?p=18704#primaryimage\"},\"image\":{\"@id\":\"https:\\\/\\\/www.p31noticias.com.br\\\/?p=18704#primaryimage\"},\"thumbnailUrl\":\"https:\\\/\\\/www.p31noticias.com.br\\\/wp-content\\\/uploads\\\/2020\\\/01\\\/images-18.jpeg\",\"datePublished\":\"2020-01-23T03:59:40+00:00\",\"author\":{\"@id\":\"https:\\\/\\\/www.p31noticias.com.br\\\/#\\\/schema\\\/person\\\/77d6b186c710ac38937c6ec204fdd387\"},\"breadcrumb\":{\"@id\":\"https:\\\/\\\/www.p31noticias.com.br\\\/?p=18704#breadcrumb\"},\"inLanguage\":\"pt-BR\",\"potentialAction\":[{\"@type\":\"ReadAction\",\"target\":[\"https:\\\/\\\/www.p31noticias.com.br\\\/?p=18704\"]}]},{\"@type\":\"ImageObject\",\"inLanguage\":\"pt-BR\",\"@id\":\"https:\\\/\\\/www.p31noticias.com.br\\\/?p=18704#primaryimage\",\"url\":\"https:\\\/\\\/www.p31noticias.com.br\\\/wp-content\\\/uploads\\\/2020\\\/01\\\/images-18.jpeg\",\"contentUrl\":\"https:\\\/\\\/www.p31noticias.com.br\\\/wp-content\\\/uploads\\\/2020\\\/01\\\/images-18.jpeg\",\"width\":764,\"height\":401},{\"@type\":\"BreadcrumbList\",\"@id\":\"https:\\\/\\\/www.p31noticias.com.br\\\/?p=18704#breadcrumb\",\"itemListElement\":[{\"@type\":\"ListItem\",\"position\":1,\"name\":\"In\u00edcio\",\"item\":\"https:\\\/\\\/www.p31noticias.com.br\\\/\"},{\"@type\":\"ListItem\",\"position\":2,\"name\":\"Comportamento: Nova gera\u00e7\u00e3o alienada e o reflexo na sociedade me preocupa.\"}]},{\"@type\":\"WebSite\",\"@id\":\"https:\\\/\\\/www.p31noticias.com.br\\\/#website\",\"url\":\"https:\\\/\\\/www.p31noticias.com.br\\\/\",\"name\":\"P31\",\"description\":\"NOT\u00cdCIAS\",\"potentialAction\":[{\"@type\":\"SearchAction\",\"target\":{\"@type\":\"EntryPoint\",\"urlTemplate\":\"https:\\\/\\\/www.p31noticias.com.br\\\/?s={search_term_string}\"},\"query-input\":{\"@type\":\"PropertyValueSpecification\",\"valueRequired\":true,\"valueName\":\"search_term_string\"}}],\"inLanguage\":\"pt-BR\"},{\"@type\":\"Person\",\"@id\":\"https:\\\/\\\/www.p31noticias.com.br\\\/#\\\/schema\\\/person\\\/77d6b186c710ac38937c6ec204fdd387\",\"name\":\"Reda\u00e7\u00e3o JBN\",\"image\":{\"@type\":\"ImageObject\",\"inLanguage\":\"pt-BR\",\"@id\":\"https:\\\/\\\/secure.gravatar.com\\\/avatar\\\/10fcdb93211f98cce3d64c0795b0915a9a4a21dc0f279238995a3dbfafcad090?s=96&d=mm&r=g\",\"url\":\"https:\\\/\\\/secure.gravatar.com\\\/avatar\\\/10fcdb93211f98cce3d64c0795b0915a9a4a21dc0f279238995a3dbfafcad090?s=96&d=mm&r=g\",\"contentUrl\":\"https:\\\/\\\/secure.gravatar.com\\\/avatar\\\/10fcdb93211f98cce3d64c0795b0915a9a4a21dc0f279238995a3dbfafcad090?s=96&d=mm&r=g\",\"caption\":\"Reda\u00e7\u00e3o JBN\"},\"sameAs\":[\"https:\\\/\\\/p31noticias.com.br\"],\"url\":\"https:\\\/\\\/www.p31noticias.com.br\\\/?author=18\"}]}<\/script>\n<!-- \/ Yoast SEO Premium plugin. -->","yoast_head_json":{"title":"Comportamento: Nova gera\u00e7\u00e3o alienada e o reflexo na sociedade me preocupa. - P31","robots":{"index":"index","follow":"follow","max-snippet":"max-snippet:-1","max-image-preview":"max-image-preview:large","max-video-preview":"max-video-preview:-1"},"canonical":"https:\/\/www.p31noticias.com.br\/?p=18704","og_locale":"pt_BR","og_type":"article","og_title":"Comportamento: Nova gera\u00e7\u00e3o alienada e o reflexo na sociedade me preocupa.","og_description":"Hoje em dia e contante participar de discursos sobre o assunto e por esse motivo me aprofundei ao assunto . Temos presenciado, nos \u00faltimos anos, cada vez mais os jovens encurtarem sua inf\u00e2ncia. Eles j\u00e1 n\u00e3o possuem o h\u00e1bito de brincar na rua ou cuidar de suas bonecas ou carrinhos \u2013 e os pais de [&hellip;]","og_url":"https:\/\/www.p31noticias.com.br\/?p=18704","og_site_name":"P31","article_published_time":"2020-01-23T03:59:40+00:00","og_image":[{"width":764,"height":401,"url":"https:\/\/www.p31noticias.com.br\/wp-content\/uploads\/2020\/01\/images-18.jpeg","type":"image\/jpeg"}],"author":"Reda\u00e7\u00e3o JBN","twitter_card":"summary_large_image","twitter_misc":{"Escrito por":"Reda\u00e7\u00e3o JBN","Est. tempo de leitura":"3 minutos"},"schema":{"@context":"https:\/\/schema.org","@graph":[{"@type":"Article","@id":"https:\/\/www.p31noticias.com.br\/?p=18704#article","isPartOf":{"@id":"https:\/\/www.p31noticias.com.br\/?p=18704"},"author":{"name":"Reda\u00e7\u00e3o JBN","@id":"https:\/\/www.p31noticias.com.br\/#\/schema\/person\/77d6b186c710ac38937c6ec204fdd387"},"headline":"Comportamento: Nova gera\u00e7\u00e3o alienada e o reflexo na sociedade me preocupa.","datePublished":"2020-01-23T03:59:40+00:00","mainEntityOfPage":{"@id":"https:\/\/www.p31noticias.com.br\/?p=18704"},"wordCount":634,"commentCount":0,"image":{"@id":"https:\/\/www.p31noticias.com.br\/?p=18704#primaryimage"},"thumbnailUrl":"https:\/\/www.p31noticias.com.br\/wp-content\/uploads\/2020\/01\/images-18.jpeg","articleSection":["Outros"],"inLanguage":"pt-BR","potentialAction":[{"@type":"CommentAction","name":"Comment","target":["https:\/\/www.p31noticias.com.br\/?p=18704#respond"]}],"copyrightYear":"2020","copyrightHolder":{"@id":"https:\/\/www.p31noticias.com.br\/#organization"}},{"@type":"WebPage","@id":"https:\/\/www.p31noticias.com.br\/?p=18704","url":"https:\/\/www.p31noticias.com.br\/?p=18704","name":"Comportamento: Nova gera\u00e7\u00e3o alienada e o reflexo na sociedade me preocupa. - P31","isPartOf":{"@id":"https:\/\/www.p31noticias.com.br\/#website"},"primaryImageOfPage":{"@id":"https:\/\/www.p31noticias.com.br\/?p=18704#primaryimage"},"image":{"@id":"https:\/\/www.p31noticias.com.br\/?p=18704#primaryimage"},"thumbnailUrl":"https:\/\/www.p31noticias.com.br\/wp-content\/uploads\/2020\/01\/images-18.jpeg","datePublished":"2020-01-23T03:59:40+00:00","author":{"@id":"https:\/\/www.p31noticias.com.br\/#\/schema\/person\/77d6b186c710ac38937c6ec204fdd387"},"breadcrumb":{"@id":"https:\/\/www.p31noticias.com.br\/?p=18704#breadcrumb"},"inLanguage":"pt-BR","potentialAction":[{"@type":"ReadAction","target":["https:\/\/www.p31noticias.com.br\/?p=18704"]}]},{"@type":"ImageObject","inLanguage":"pt-BR","@id":"https:\/\/www.p31noticias.com.br\/?p=18704#primaryimage","url":"https:\/\/www.p31noticias.com.br\/wp-content\/uploads\/2020\/01\/images-18.jpeg","contentUrl":"https:\/\/www.p31noticias.com.br\/wp-content\/uploads\/2020\/01\/images-18.jpeg","width":764,"height":401},{"@type":"BreadcrumbList","@id":"https:\/\/www.p31noticias.com.br\/?p=18704#breadcrumb","itemListElement":[{"@type":"ListItem","position":1,"name":"In\u00edcio","item":"https:\/\/www.p31noticias.com.br\/"},{"@type":"ListItem","position":2,"name":"Comportamento: Nova gera\u00e7\u00e3o alienada e o reflexo na sociedade me preocupa."}]},{"@type":"WebSite","@id":"https:\/\/www.p31noticias.com.br\/#website","url":"https:\/\/www.p31noticias.com.br\/","name":"P31","description":"NOT\u00cdCIAS","potentialAction":[{"@type":"SearchAction","target":{"@type":"EntryPoint","urlTemplate":"https:\/\/www.p31noticias.com.br\/?s={search_term_string}"},"query-input":{"@type":"PropertyValueSpecification","valueRequired":true,"valueName":"search_term_string"}}],"inLanguage":"pt-BR"},{"@type":"Person","@id":"https:\/\/www.p31noticias.com.br\/#\/schema\/person\/77d6b186c710ac38937c6ec204fdd387","name":"Reda\u00e7\u00e3o JBN","image":{"@type":"ImageObject","inLanguage":"pt-BR","@id":"https:\/\/secure.gravatar.com\/avatar\/10fcdb93211f98cce3d64c0795b0915a9a4a21dc0f279238995a3dbfafcad090?s=96&d=mm&r=g","url":"https:\/\/secure.gravatar.com\/avatar\/10fcdb93211f98cce3d64c0795b0915a9a4a21dc0f279238995a3dbfafcad090?s=96&d=mm&r=g","contentUrl":"https:\/\/secure.gravatar.com\/avatar\/10fcdb93211f98cce3d64c0795b0915a9a4a21dc0f279238995a3dbfafcad090?s=96&d=mm&r=g","caption":"Reda\u00e7\u00e3o JBN"},"sameAs":["https:\/\/p31noticias.com.br"],"url":"https:\/\/www.p31noticias.com.br\/?author=18"}]}},"amp_enabled":true,"_links":{"self":[{"href":"https:\/\/www.p31noticias.com.br\/index.php?rest_route=\/wp\/v2\/posts\/18704","targetHints":{"allow":["GET"]}}],"collection":[{"href":"https:\/\/www.p31noticias.com.br\/index.php?rest_route=\/wp\/v2\/posts"}],"about":[{"href":"https:\/\/www.p31noticias.com.br\/index.php?rest_route=\/wp\/v2\/types\/post"}],"author":[{"embeddable":true,"href":"https:\/\/www.p31noticias.com.br\/index.php?rest_route=\/wp\/v2\/users\/18"}],"replies":[{"embeddable":true,"href":"https:\/\/www.p31noticias.com.br\/index.php?rest_route=%2Fwp%2Fv2%2Fcomments&post=18704"}],"version-history":[{"count":0,"href":"https:\/\/www.p31noticias.com.br\/index.php?rest_route=\/wp\/v2\/posts\/18704\/revisions"}],"wp:featuredmedia":[{"embeddable":true,"href":"https:\/\/www.p31noticias.com.br\/index.php?rest_route=\/wp\/v2\/media\/18703"}],"wp:attachment":[{"href":"https:\/\/www.p31noticias.com.br\/index.php?rest_route=%2Fwp%2Fv2%2Fmedia&parent=18704"}],"wp:term":[{"taxonomy":"category","embeddable":true,"href":"https:\/\/www.p31noticias.com.br\/index.php?rest_route=%2Fwp%2Fv2%2Fcategories&post=18704"},{"taxonomy":"post_tag","embeddable":true,"href":"https:\/\/www.p31noticias.com.br\/index.php?rest_route=%2Fwp%2Fv2%2Ftags&post=18704"}],"curies":[{"name":"wp","href":"https:\/\/api.w.org\/{rel}","templated":true}]}}