{"id":18701,"date":"2020-01-17T13:30:29","date_gmt":"2020-01-17T16:30:29","guid":{"rendered":"https:\/\/www.delioandrade.com.br\/em-taguatinga-sul-filha-unica-maltratava-a-propria-mae\/"},"modified":"2020-01-17T13:30:29","modified_gmt":"2020-01-17T16:30:29","slug":"em-taguatinga-sul-filha-unica-maltratava-a-propria-mae","status":"publish","type":"post","link":"https:\/\/www.p31noticias.com.br\/?p=18701","title":{"rendered":"Em Taguatinga Sul : Filha \u00fanica maltratava a pr\u00f3pria m\u00e3e"},"content":{"rendered":"\n<p>At\u00e9 que ponto o ser humano ser\u00e1 capaz de tantos maus tratos e desrespeito com seu pr\u00f3ximo?<\/p>\n\n\n\n<p>A situa\u00e7\u00e3o em que se&nbsp;<a href=\"https:\/\/www.metropoles.com\/distrito-federal\/presa-no-df-filha-mantinha-idosa-com-ferida-aberta-ate-o-pulmao\/amp\" target=\"_blank\" rel=\"noreferrer noopener\">encontrava<\/a>&nbsp;uma mulher de 69 anos, em Taguatinga Sul, chocou os policiais civis que foram ao local e prenderam a filha dela, acusada de maus-tratos. \u201cEles a&nbsp;descreveram como um cad\u00e1ver vivo. Ela estava se desintegrando, uma situa\u00e7\u00e3o deplor\u00e1vel\u201d, disse a chefe da&nbsp;<a href=\"https:\/\/www.pcdf.df.gov.br\/\" rel=\"noreferrer noopener\" target=\"_blank\">Delegacia Especial de Repress\u00e3o aos Crimes por Discrimina\u00e7\u00e3o Racial, Religiosa, por Orienta\u00e7\u00e3o Sexual ou contra a Pessoa Idosa e com Defici\u00eancia (Decrin)<\/a>, \u00c2ngela Maria dos Santos.<\/p>\n\n\n\n<p>A pris\u00e3o de Fl\u00e1via Cristina Mar\u00e7al, 38, ocorreu nessa ter\u00e7a-feira (14\/01\/2020). Mas ela foi solta, ap\u00f3s pagar fian\u00e7a de R$ 2,5 mil. A idosa estava desnutrida, sem dentes e com v\u00e1rias feridas pelo corpo. Um dos machucados, nas costas, deixava o pulm\u00e3o da mulher \u00e0 mostra, de t\u00e3o profundo.<\/p>\n\n\n\n<p>Os policiais chegaram at\u00e9 a casa da idosa ap\u00f3s&nbsp;<a href=\"https:\/\/www.metropoles.com\/brasil\/brasil-registra-102-casos-de-violencia-contra-idosos-por-dia-em-2018\/amp\" target=\"_blank\" rel=\"noreferrer noopener\">den\u00fancia<\/a>&nbsp;de um m\u00e9dico do N\u00facleo de Atendimento Domiciliar, do Hospital de Taguatinga (<a href=\"http:\/\/www.governo.df.gov.br\/hospital-regional-de-taguatinga\/\" rel=\"noreferrer noopener\" target=\"_blank\">HRT<\/a>). Durante uma das visitas, o profissional se deparou com as cenas de horror.<\/p>\n\n\n\n<figure class=\"wp-block-image\"><img decoding=\"async\" src=\"https:\/\/uploads.metropoles.com\/wp-content\/uploads\/2018\/08\/06144734\/cenas-fortes.jpg\" alt=\"\"\/><\/figure>\n\n\n\n<figure class=\"wp-block-image\"><img decoding=\"async\" src=\"https:\/\/uploads.metropoles.com\/wp-content\/uploads\/2020\/01\/15155033\/idosa21-1024x498.jpeg\" alt=\"\"\/><\/figure>\n\n\n\n<p>Aos investigadores, a filha da idosa teria assumido que usava, mensalmente, os R$ 3,9 mil da aposentadoria da idosa para benef\u00edcio pr\u00f3prio. Ela justificou que a v\u00edtima se alimentava por meio de sonda e, por isso, n\u00e3o tinha gastos pessoais.<\/p>\n\n\n\n<h5 class=\"wp-block-heading\">Mais sobre o assunto<\/h5>\n\n\n\n<ul class=\"columns is-multiline wp-block-list\"><li class=\"column is-half-tablet is-full\"><a href=\"https:\/\/www.metropoles.com\/distrito-federal\/presa-no-df-filha-mantinha-idosa-com-ferida-aberta-ate-o-pulmao\/amp\">PRESA NO DF, FILHA MANTINHA IDOSA COM FERIDA ABERTA AT\u00c9 O PULM\u00c3O<\/a><\/li><li class=\"column is-half-tablet is-full\"><a href=\"https:\/\/www.metropoles.com\/distrito-federal\/df-registra-media-de-tres-denuncias-de-agressao-contra-idosos-por-dia\/amp\">DF REGISTRA M\u00c9DIA DE TR\u00caS DEN\u00daNCIAS DE AGRESS\u00c3O CONTRA IDOSOS POR DIA<\/a><\/li><\/ul>\n\n\n\n<p>A idosa, que \u00e9 servidora aposentada da Secretaria de Educa\u00e7\u00e3o, vinha sofrendo com o agravamento de sua condi\u00e7\u00e3o de sa\u00fade por conta de um acidente automobil\u00edstico ocorrido 20 anos atr\u00e1s. H\u00e1 uma d\u00e9cada, a v\u00edtima se encontra em estado vegetativo e recebe cuidados da filha \u00fanica.<\/p>\n\n\n\n<blockquote class=\"wp-block-quote is-layout-flow wp-block-quote-is-layout-flow\"><p>\u201cN\u00f3s fomos acionados pelo N\u00facleo de Atendimento Domiciliar da Secretaria de Sa\u00fade para acompanhar uma visita e verificar a situa\u00e7\u00e3o. Encontramos uma casa com um ambiente totalmente insalubre, sem as m\u00ednimas condi\u00e7\u00f5es de higiene, quente e sem ventila\u00e7\u00e3o, a ponto de os policiais que participaram da a\u00e7\u00e3o passarem mal\u201d, descreveu a delegada \u00c2ngela Maria dos Santos.<\/p><\/blockquote>\n\n\n\n<p>A filha contou, em depoimento, que \u201ccuida\u201d da m\u00e3e desde que tinha 18 anos. Nunca trabalhou e diz ter trancado a faculdade para ficar com a idosa. \u201cEla disse que nunca contratou cuidadoras porque temia que elas maltratassem sua m\u00e3e\u201d, informou a delegada.<\/p>\n\n\n\n<p>Com o dinheiro da aposentadoria da v\u00edtima, a filha comprava roupas, comida e, recentemente, adquiriu um celular de \u00faltima gera\u00e7\u00e3o. \u201cChamou aten\u00e7\u00e3o a frieza como ela falava sobre fazer uma poupan\u00e7a para dar um funeral digno para a m\u00e3e\u201d, ressalta \u00c2ngela Maria.<\/p>\n\n\n\n<p>Conforme a policial, a autora chegou a juntar R$ 6 mil, mas a conta estava com apenas R$ 50 no dia em que foi detida.<\/p>\n\n\n\n<p>Ap\u00f3s ser resgatada, a idosa foi levada \u00e0s pressas para o HRT, onde est\u00e1 entubada e espera por cirurgia. O caso foi comunicado ao&nbsp;<a href=\"https:\/\/www.mpdft.mp.br\/portal\/\" rel=\"noreferrer noopener\" target=\"_blank\">Minist\u00e9rio P\u00fablico<\/a>, que definir\u00e1 o destino da v\u00edtima, caso receba alta.<\/p>\n\n\n\n<p class=\"content-text__container\">A filha vai responder por&nbsp;<a rel=\"noreferrer noopener\" href=\"http:\/\/www.planalto.gov.br\/ccivil_03\/leis\/2003\/l10.741.htm\" target=\"_blank\">tr\u00eas crimes<\/a>. S\u00e3o eles: deixar de prestar assist\u00eancia ao idoso em situa\u00e7\u00e3o de iminente perigo ou dificultar sua assist\u00eancia \u00e0 sa\u00fade, sem justa causa \u2013 pena de 6 meses a 1 anos de reclus\u00e3o e multa; expor a perigo a integridade e a sa\u00fade, f\u00edsica ou ps\u00edquica do idoso, submetendo-o a condi\u00e7\u00f5es desumanas ou degradantes \u2013 pena de 2 meses a 1 ano de reclus\u00e3o e multa; apropriar-se de ou desviar bens, proventos, pens\u00e3o ou qualquer outro rendimento do idoso \u2013 pena de 1 a 4 anos e multa.<\/p>\n\n\n\n<p>Meu jesus &#8230;. Estou chocado com essa mulher maligna &#8230; <\/p>\n\n\n\n<p>#Inadmiss\u00edvel #indignado <\/p>\n","protected":false},"excerpt":{"rendered":"<p>At\u00e9 que ponto o ser humano ser\u00e1 capaz de tantos maus tratos e desrespeito com seu pr\u00f3ximo? A situa\u00e7\u00e3o em que se&nbsp;encontrava&nbsp;uma mulher de 69 anos, em Taguatinga Sul, chocou os policiais civis que foram ao local e prenderam a filha dela, acusada de maus-tratos. \u201cEles a&nbsp;descreveram como um cad\u00e1ver vivo. Ela estava se desintegrando, [&hellip;]<\/p>\n","protected":false},"author":18,"featured_media":18700,"comment_status":"open","ping_status":"open","sticky":false,"template":"","format":"standard","meta":{"footnotes":""},"categories":[21],"tags":[],"class_list":{"0":"post-18701","1":"post","2":"type-post","3":"status-publish","4":"format-standard","5":"has-post-thumbnail","7":"category-brasilia"},"yoast_head":"<!-- This site is optimized with the Yoast SEO Premium plugin v24.5 (Yoast SEO v27.5) - https:\/\/yoast.com\/product\/yoast-seo-premium-wordpress\/ -->\n<title>Em Taguatinga Sul : Filha \u00fanica maltratava a pr\u00f3pria m\u00e3e - P31<\/title>\n<meta name=\"robots\" content=\"index, follow, max-snippet:-1, max-image-preview:large, max-video-preview:-1\" \/>\n<link rel=\"canonical\" href=\"https:\/\/www.p31noticias.com.br\/?p=18701\" \/>\n<meta property=\"og:locale\" content=\"pt_BR\" \/>\n<meta property=\"og:type\" content=\"article\" \/>\n<meta property=\"og:title\" content=\"Em Taguatinga Sul : Filha \u00fanica maltratava a pr\u00f3pria m\u00e3e\" \/>\n<meta property=\"og:description\" content=\"At\u00e9 que ponto o ser humano ser\u00e1 capaz de tantos maus tratos e desrespeito com seu pr\u00f3ximo? A situa\u00e7\u00e3o em que se&nbsp;encontrava&nbsp;uma mulher de 69 anos, em Taguatinga Sul, chocou os policiais civis que foram ao local e prenderam a filha dela, acusada de maus-tratos. \u201cEles a&nbsp;descreveram como um cad\u00e1ver vivo. Ela estava se desintegrando, [&hellip;]\" \/>\n<meta property=\"og:url\" content=\"https:\/\/www.p31noticias.com.br\/?p=18701\" \/>\n<meta property=\"og:site_name\" content=\"P31\" \/>\n<meta property=\"article:published_time\" content=\"2020-01-17T16:30:29+00:00\" \/>\n<meta property=\"og:image\" content=\"https:\/\/www.p31noticias.com.br\/wp-content\/uploads\/2020\/01\/iDOSA.jpeg\" \/>\n\t<meta property=\"og:image:width\" content=\"960\" \/>\n\t<meta property=\"og:image:height\" content=\"640\" \/>\n\t<meta property=\"og:image:type\" content=\"image\/jpeg\" \/>\n<meta name=\"author\" content=\"Reda\u00e7\u00e3o JBN\" \/>\n<meta name=\"twitter:card\" content=\"summary_large_image\" \/>\n<meta name=\"twitter:label1\" content=\"Escrito por\" \/>\n\t<meta name=\"twitter:data1\" content=\"Reda\u00e7\u00e3o JBN\" \/>\n\t<meta name=\"twitter:label2\" content=\"Est. tempo de leitura\" \/>\n\t<meta name=\"twitter:data2\" content=\"3 minutos\" \/>\n<script type=\"application\/ld+json\" class=\"yoast-schema-graph\">{\"@context\":\"https:\\\/\\\/schema.org\",\"@graph\":[{\"@type\":\"Article\",\"@id\":\"https:\\\/\\\/www.p31noticias.com.br\\\/?p=18701#article\",\"isPartOf\":{\"@id\":\"https:\\\/\\\/www.p31noticias.com.br\\\/?p=18701\"},\"author\":{\"name\":\"Reda\u00e7\u00e3o JBN\",\"@id\":\"https:\\\/\\\/www.p31noticias.com.br\\\/#\\\/schema\\\/person\\\/77d6b186c710ac38937c6ec204fdd387\"},\"headline\":\"Em Taguatinga Sul : Filha \u00fanica maltratava a pr\u00f3pria m\u00e3e\",\"datePublished\":\"2020-01-17T16:30:29+00:00\",\"mainEntityOfPage\":{\"@id\":\"https:\\\/\\\/www.p31noticias.com.br\\\/?p=18701\"},\"wordCount\":664,\"commentCount\":0,\"image\":{\"@id\":\"https:\\\/\\\/www.p31noticias.com.br\\\/?p=18701#primaryimage\"},\"thumbnailUrl\":\"https:\\\/\\\/www.p31noticias.com.br\\\/wp-content\\\/uploads\\\/2020\\\/01\\\/iDOSA.jpeg\",\"articleSection\":[\"Bras\u00edlia\"],\"inLanguage\":\"pt-BR\",\"potentialAction\":[{\"@type\":\"CommentAction\",\"name\":\"Comment\",\"target\":[\"https:\\\/\\\/www.p31noticias.com.br\\\/?p=18701#respond\"]}],\"copyrightYear\":\"2020\",\"copyrightHolder\":{\"@id\":\"https:\\\/\\\/www.p31noticias.com.br\\\/#organization\"}},{\"@type\":\"WebPage\",\"@id\":\"https:\\\/\\\/www.p31noticias.com.br\\\/?p=18701\",\"url\":\"https:\\\/\\\/www.p31noticias.com.br\\\/?p=18701\",\"name\":\"Em Taguatinga Sul : Filha \u00fanica maltratava a pr\u00f3pria m\u00e3e - P31\",\"isPartOf\":{\"@id\":\"https:\\\/\\\/www.p31noticias.com.br\\\/#website\"},\"primaryImageOfPage\":{\"@id\":\"https:\\\/\\\/www.p31noticias.com.br\\\/?p=18701#primaryimage\"},\"image\":{\"@id\":\"https:\\\/\\\/www.p31noticias.com.br\\\/?p=18701#primaryimage\"},\"thumbnailUrl\":\"https:\\\/\\\/www.p31noticias.com.br\\\/wp-content\\\/uploads\\\/2020\\\/01\\\/iDOSA.jpeg\",\"datePublished\":\"2020-01-17T16:30:29+00:00\",\"author\":{\"@id\":\"https:\\\/\\\/www.p31noticias.com.br\\\/#\\\/schema\\\/person\\\/77d6b186c710ac38937c6ec204fdd387\"},\"breadcrumb\":{\"@id\":\"https:\\\/\\\/www.p31noticias.com.br\\\/?p=18701#breadcrumb\"},\"inLanguage\":\"pt-BR\",\"potentialAction\":[{\"@type\":\"ReadAction\",\"target\":[\"https:\\\/\\\/www.p31noticias.com.br\\\/?p=18701\"]}]},{\"@type\":\"ImageObject\",\"inLanguage\":\"pt-BR\",\"@id\":\"https:\\\/\\\/www.p31noticias.com.br\\\/?p=18701#primaryimage\",\"url\":\"https:\\\/\\\/www.p31noticias.com.br\\\/wp-content\\\/uploads\\\/2020\\\/01\\\/iDOSA.jpeg\",\"contentUrl\":\"https:\\\/\\\/www.p31noticias.com.br\\\/wp-content\\\/uploads\\\/2020\\\/01\\\/iDOSA.jpeg\",\"width\":960,\"height\":640},{\"@type\":\"BreadcrumbList\",\"@id\":\"https:\\\/\\\/www.p31noticias.com.br\\\/?p=18701#breadcrumb\",\"itemListElement\":[{\"@type\":\"ListItem\",\"position\":1,\"name\":\"In\u00edcio\",\"item\":\"https:\\\/\\\/www.p31noticias.com.br\\\/\"},{\"@type\":\"ListItem\",\"position\":2,\"name\":\"Em Taguatinga Sul : Filha \u00fanica maltratava a pr\u00f3pria m\u00e3e\"}]},{\"@type\":\"WebSite\",\"@id\":\"https:\\\/\\\/www.p31noticias.com.br\\\/#website\",\"url\":\"https:\\\/\\\/www.p31noticias.com.br\\\/\",\"name\":\"P31\",\"description\":\"NOT\u00cdCIAS\",\"potentialAction\":[{\"@type\":\"SearchAction\",\"target\":{\"@type\":\"EntryPoint\",\"urlTemplate\":\"https:\\\/\\\/www.p31noticias.com.br\\\/?s={search_term_string}\"},\"query-input\":{\"@type\":\"PropertyValueSpecification\",\"valueRequired\":true,\"valueName\":\"search_term_string\"}}],\"inLanguage\":\"pt-BR\"},{\"@type\":\"Person\",\"@id\":\"https:\\\/\\\/www.p31noticias.com.br\\\/#\\\/schema\\\/person\\\/77d6b186c710ac38937c6ec204fdd387\",\"name\":\"Reda\u00e7\u00e3o JBN\",\"image\":{\"@type\":\"ImageObject\",\"inLanguage\":\"pt-BR\",\"@id\":\"https:\\\/\\\/secure.gravatar.com\\\/avatar\\\/10fcdb93211f98cce3d64c0795b0915a9a4a21dc0f279238995a3dbfafcad090?s=96&d=mm&r=g\",\"url\":\"https:\\\/\\\/secure.gravatar.com\\\/avatar\\\/10fcdb93211f98cce3d64c0795b0915a9a4a21dc0f279238995a3dbfafcad090?s=96&d=mm&r=g\",\"contentUrl\":\"https:\\\/\\\/secure.gravatar.com\\\/avatar\\\/10fcdb93211f98cce3d64c0795b0915a9a4a21dc0f279238995a3dbfafcad090?s=96&d=mm&r=g\",\"caption\":\"Reda\u00e7\u00e3o JBN\"},\"sameAs\":[\"https:\\\/\\\/p31noticias.com.br\"],\"url\":\"https:\\\/\\\/www.p31noticias.com.br\\\/?author=18\"}]}<\/script>\n<!-- \/ Yoast SEO Premium plugin. -->","yoast_head_json":{"title":"Em Taguatinga Sul : Filha \u00fanica maltratava a pr\u00f3pria m\u00e3e - P31","robots":{"index":"index","follow":"follow","max-snippet":"max-snippet:-1","max-image-preview":"max-image-preview:large","max-video-preview":"max-video-preview:-1"},"canonical":"https:\/\/www.p31noticias.com.br\/?p=18701","og_locale":"pt_BR","og_type":"article","og_title":"Em Taguatinga Sul : Filha \u00fanica maltratava a pr\u00f3pria m\u00e3e","og_description":"At\u00e9 que ponto o ser humano ser\u00e1 capaz de tantos maus tratos e desrespeito com seu pr\u00f3ximo? A situa\u00e7\u00e3o em que se&nbsp;encontrava&nbsp;uma mulher de 69 anos, em Taguatinga Sul, chocou os policiais civis que foram ao local e prenderam a filha dela, acusada de maus-tratos. \u201cEles a&nbsp;descreveram como um cad\u00e1ver vivo. Ela estava se desintegrando, [&hellip;]","og_url":"https:\/\/www.p31noticias.com.br\/?p=18701","og_site_name":"P31","article_published_time":"2020-01-17T16:30:29+00:00","og_image":[{"width":960,"height":640,"url":"https:\/\/www.p31noticias.com.br\/wp-content\/uploads\/2020\/01\/iDOSA.jpeg","type":"image\/jpeg"}],"author":"Reda\u00e7\u00e3o JBN","twitter_card":"summary_large_image","twitter_misc":{"Escrito por":"Reda\u00e7\u00e3o JBN","Est. tempo de leitura":"3 minutos"},"schema":{"@context":"https:\/\/schema.org","@graph":[{"@type":"Article","@id":"https:\/\/www.p31noticias.com.br\/?p=18701#article","isPartOf":{"@id":"https:\/\/www.p31noticias.com.br\/?p=18701"},"author":{"name":"Reda\u00e7\u00e3o JBN","@id":"https:\/\/www.p31noticias.com.br\/#\/schema\/person\/77d6b186c710ac38937c6ec204fdd387"},"headline":"Em Taguatinga Sul : Filha \u00fanica maltratava a pr\u00f3pria m\u00e3e","datePublished":"2020-01-17T16:30:29+00:00","mainEntityOfPage":{"@id":"https:\/\/www.p31noticias.com.br\/?p=18701"},"wordCount":664,"commentCount":0,"image":{"@id":"https:\/\/www.p31noticias.com.br\/?p=18701#primaryimage"},"thumbnailUrl":"https:\/\/www.p31noticias.com.br\/wp-content\/uploads\/2020\/01\/iDOSA.jpeg","articleSection":["Bras\u00edlia"],"inLanguage":"pt-BR","potentialAction":[{"@type":"CommentAction","name":"Comment","target":["https:\/\/www.p31noticias.com.br\/?p=18701#respond"]}],"copyrightYear":"2020","copyrightHolder":{"@id":"https:\/\/www.p31noticias.com.br\/#organization"}},{"@type":"WebPage","@id":"https:\/\/www.p31noticias.com.br\/?p=18701","url":"https:\/\/www.p31noticias.com.br\/?p=18701","name":"Em Taguatinga Sul : Filha \u00fanica maltratava a pr\u00f3pria m\u00e3e - P31","isPartOf":{"@id":"https:\/\/www.p31noticias.com.br\/#website"},"primaryImageOfPage":{"@id":"https:\/\/www.p31noticias.com.br\/?p=18701#primaryimage"},"image":{"@id":"https:\/\/www.p31noticias.com.br\/?p=18701#primaryimage"},"thumbnailUrl":"https:\/\/www.p31noticias.com.br\/wp-content\/uploads\/2020\/01\/iDOSA.jpeg","datePublished":"2020-01-17T16:30:29+00:00","author":{"@id":"https:\/\/www.p31noticias.com.br\/#\/schema\/person\/77d6b186c710ac38937c6ec204fdd387"},"breadcrumb":{"@id":"https:\/\/www.p31noticias.com.br\/?p=18701#breadcrumb"},"inLanguage":"pt-BR","potentialAction":[{"@type":"ReadAction","target":["https:\/\/www.p31noticias.com.br\/?p=18701"]}]},{"@type":"ImageObject","inLanguage":"pt-BR","@id":"https:\/\/www.p31noticias.com.br\/?p=18701#primaryimage","url":"https:\/\/www.p31noticias.com.br\/wp-content\/uploads\/2020\/01\/iDOSA.jpeg","contentUrl":"https:\/\/www.p31noticias.com.br\/wp-content\/uploads\/2020\/01\/iDOSA.jpeg","width":960,"height":640},{"@type":"BreadcrumbList","@id":"https:\/\/www.p31noticias.com.br\/?p=18701#breadcrumb","itemListElement":[{"@type":"ListItem","position":1,"name":"In\u00edcio","item":"https:\/\/www.p31noticias.com.br\/"},{"@type":"ListItem","position":2,"name":"Em Taguatinga Sul : Filha \u00fanica maltratava a pr\u00f3pria m\u00e3e"}]},{"@type":"WebSite","@id":"https:\/\/www.p31noticias.com.br\/#website","url":"https:\/\/www.p31noticias.com.br\/","name":"P31","description":"NOT\u00cdCIAS","potentialAction":[{"@type":"SearchAction","target":{"@type":"EntryPoint","urlTemplate":"https:\/\/www.p31noticias.com.br\/?s={search_term_string}"},"query-input":{"@type":"PropertyValueSpecification","valueRequired":true,"valueName":"search_term_string"}}],"inLanguage":"pt-BR"},{"@type":"Person","@id":"https:\/\/www.p31noticias.com.br\/#\/schema\/person\/77d6b186c710ac38937c6ec204fdd387","name":"Reda\u00e7\u00e3o JBN","image":{"@type":"ImageObject","inLanguage":"pt-BR","@id":"https:\/\/secure.gravatar.com\/avatar\/10fcdb93211f98cce3d64c0795b0915a9a4a21dc0f279238995a3dbfafcad090?s=96&d=mm&r=g","url":"https:\/\/secure.gravatar.com\/avatar\/10fcdb93211f98cce3d64c0795b0915a9a4a21dc0f279238995a3dbfafcad090?s=96&d=mm&r=g","contentUrl":"https:\/\/secure.gravatar.com\/avatar\/10fcdb93211f98cce3d64c0795b0915a9a4a21dc0f279238995a3dbfafcad090?s=96&d=mm&r=g","caption":"Reda\u00e7\u00e3o JBN"},"sameAs":["https:\/\/p31noticias.com.br"],"url":"https:\/\/www.p31noticias.com.br\/?author=18"}]}},"amp_enabled":true,"_links":{"self":[{"href":"https:\/\/www.p31noticias.com.br\/index.php?rest_route=\/wp\/v2\/posts\/18701","targetHints":{"allow":["GET"]}}],"collection":[{"href":"https:\/\/www.p31noticias.com.br\/index.php?rest_route=\/wp\/v2\/posts"}],"about":[{"href":"https:\/\/www.p31noticias.com.br\/index.php?rest_route=\/wp\/v2\/types\/post"}],"author":[{"embeddable":true,"href":"https:\/\/www.p31noticias.com.br\/index.php?rest_route=\/wp\/v2\/users\/18"}],"replies":[{"embeddable":true,"href":"https:\/\/www.p31noticias.com.br\/index.php?rest_route=%2Fwp%2Fv2%2Fcomments&post=18701"}],"version-history":[{"count":0,"href":"https:\/\/www.p31noticias.com.br\/index.php?rest_route=\/wp\/v2\/posts\/18701\/revisions"}],"wp:featuredmedia":[{"embeddable":true,"href":"https:\/\/www.p31noticias.com.br\/index.php?rest_route=\/wp\/v2\/media\/18700"}],"wp:attachment":[{"href":"https:\/\/www.p31noticias.com.br\/index.php?rest_route=%2Fwp%2Fv2%2Fmedia&parent=18701"}],"wp:term":[{"taxonomy":"category","embeddable":true,"href":"https:\/\/www.p31noticias.com.br\/index.php?rest_route=%2Fwp%2Fv2%2Fcategories&post=18701"},{"taxonomy":"post_tag","embeddable":true,"href":"https:\/\/www.p31noticias.com.br\/index.php?rest_route=%2Fwp%2Fv2%2Ftags&post=18701"}],"curies":[{"name":"wp","href":"https:\/\/api.w.org\/{rel}","templated":true}]}}