{"id":18695,"date":"2020-01-16T17:38:59","date_gmt":"2020-01-16T20:38:59","guid":{"rendered":"https:\/\/www.delioandrade.com.br\/?p=18695"},"modified":"2020-01-16T17:38:59","modified_gmt":"2020-01-16T20:38:59","slug":"filme-democracia-em-vertigem-e-indicado-ao-oscar-sob-forte-critica","status":"publish","type":"post","link":"https:\/\/www.p31noticias.com.br\/?p=18695","title":{"rendered":"Filme &#8220;Democracia em Vertigem&#8221; \u00e9 indicado ao Oscar sob forte cr\u00edtica."},"content":{"rendered":"<p class=\"XzvDs _208Ie _1dH_e blog-post-text-font blog-post-text-color _2QAo- _1iXso _1cvSD _1dH_e\">&#8220;<em>Democracia em Vertigem<\/em>\u00a0\u00e9 mais uma pe\u00e7a de propaganda da ampla e sofisticada campanha internacional do PT para enganar estrangeiros a respeito do impeachment de Dilma e da pris\u00e3o de Lula&#8221;. (<a class=\"_2qJYG blog-link-hashtag-color _2IYtJ\" href=\"https:\/\/www.oantagonista.com\/videos\/video-o-documentario-da-carochinha\/\" target=\"_blank\" rel=\"noopener noreferrer\"><u class=\"sDZYg\">O Antagonista<\/u><\/a>)<\/p>\n<p class=\"XzvDs _208Ie _1dH_e blog-post-text-font blog-post-text-color _2QAo- _1iXso _1cvSD _1dH_e\">\n<p class=\"XzvDs _208Ie _1dH_e blog-post-text-font blog-post-text-color _2QAo- _1iXso _1cvSD _1dH_e\">O filme trata o ex-presidente Luiz In\u00e1cio Lula da Silva (PT), que foi preso por corrup\u00e7\u00e3o e lavagem de dinheiro e hoje cumpre pena em liberdade, como<a class=\"_2qJYG blog-link-hashtag-color _2IYtJ\" href=\"https:\/\/www.tercalivre.com.br\/netflix-lanca-documentario-que-exalta-lula-e-rebaixa-bolsonaro\/\" target=\"_top\" rel=\"noopener noreferrer\"> \u201cher\u00f3i brasileiro\u201d<\/a>, trazendo ainda a narrativa de que o impeachment da ex-presidente Dilma Rousseff\u00a0 foi um \u2018golpe\u2019.<\/p>\n<p class=\"XzvDs _208Ie _1dH_e blog-post-text-font blog-post-text-color _2QAo- _1iXso _1cvSD _1dH_e\">\n<p class=\"XzvDs _208Ie _1dH_e blog-post-text-font blog-post-text-color _2QAo- _1iXso _1cvSD _1dH_e\">Assista e veja erros e omiss\u00f5es do dito document\u00e1rio:<\/p>\n<div class=\"q2uC4 _3LksV\">\n<div class=\"_2CvYQ c-Mgr _1bhjj _1bhjj _1hD8w\">\n<div class=\"F25pT _2-5tC\">\n<div class=\"\">\n<div class=\"o56NN\">\n<div><iframe loading=\"lazy\" id=\"widget2\" title=\"YouTube video player\" src=\"https:\/\/www.youtube.com\/embed\/D5AXPULhWBM?autoplay=0&amp;mute=0&amp;controls=1&amp;origin=https%3A%2F%2Fsocial-blog.wix.com&amp;playsinline=1&amp;showinfo=0&amp;rel=0&amp;iv_load_policy=3&amp;modestbranding=1&amp;widget_referrer=https%3A%2F%2Fwww.fatosverdades.com%2Fpost%2Ffilme-democracia-em-vertigem-%25C3%25A9-indicado-ao-oscar-sob-forte-cr%25C3%25ADtica&amp;enablejsapi=1&amp;widgetid=1\" width=\"100%\" height=\"100%\" frameborder=\"0\" allowfullscreen=\"allowfullscreen\" data-mce-fragment=\"1\"><\/iframe><\/div>\n<\/div>\n<\/div>\n<\/div>\n<\/div>\n<\/div>\n<p class=\"XzvDs _208Ie _1dH_e blog-post-text-font blog-post-text-color _2QAo- _1iXso _1cvSD _1dH_e\">\n<p class=\"XzvDs _208Ie _1dH_e blog-post-text-font blog-post-text-color _2QAo- _1iXso _1cvSD _1dH_e\">A produ\u00e7\u00e3o <strong><em>Democracia em Vertigem<\/em><\/strong>, da diretora <strong>Petra Costa<\/strong>, foi indicada ao <a class=\"_2qJYG blog-link-hashtag-color _2IYtJ\" href=\"https:\/\/veja.abril.com.br\/entretenimento\/oscar-2020-confira-lista-completa-de-indicados\/\" target=\"_top\" rel=\"noopener noreferrer\">Oscar 2020<\/a> na categoria de melhor document\u00e1rio. O filme, que est\u00e1 no cat\u00e1logo da <a class=\"_2qJYG blog-link-hashtag-color _2IYtJ\" href=\"https:\/\/veja.abril.com.br\/noticias-sobre\/netflix\/\" target=\"_top\" rel=\"noopener noreferrer\">Netflix<\/a> desde junho de 2019, acompanha o processo de <a class=\"_2qJYG blog-link-hashtag-color _2IYtJ\" href=\"https:\/\/veja.abril.com.br\/noticias-sobre\/impeachment\/\" target=\"_top\" rel=\"noopener noreferrer\">impeachment<\/a> da ex-presidente <a class=\"_2qJYG blog-link-hashtag-color _2IYtJ\" href=\"https:\/\/veja.abril.com.br\/noticias-sobre\/dilma-rousseff\/\" target=\"_top\" rel=\"noopener noreferrer\">Dilma Rousseff<\/a> e a crise pol\u00edtica no Brasil.<\/p>\n<p class=\"XzvDs _208Ie _1dH_e blog-post-text-font blog-post-text-color _2QAo- _1iXso _1cvSD _1dH_e\">\n<p class=\"XzvDs _208Ie _1dH_e blog-post-text-font blog-post-text-color _2QAo- _1iXso _1cvSD _1dH_e\">Comentando a indica\u00e7\u00e3o, a declara\u00e7\u00e3o da cineasta e diretora deixa evidente sua inten\u00e7\u00e3o de suprimir as for\u00e7as dos movimentos de direita no Brasil, apontando a direita como um epidemia que amea\u00e7a a democracia, uma inverdade absoluta, ou no m\u00ednimo um posicionamento pessoal carregado de preconceitos:<\/p>\n<blockquote class=\"_3jY04 _1J-OE _1EdST tcU2D blog-quote-border-color _2QAo- _1iXso _1cvSD _1dH_e\">\n<div>&#8220;Numa \u00e9poca em que a extrema direita est\u00e1 se espalhando como uma epidemia, esperamos que esse filme possa nos ajudar a entender como \u00e9 crucial proteger nossas democracias.&#8221; (Petra Costa)<\/div>\n<\/blockquote>\n<p class=\"XzvDs _208Ie _1dH_e blog-post-text-font blog-post-text-color _2QAo- _1iXso _1cvSD _1dH_e\">\n<p class=\"XzvDs _208Ie _1dH_e blog-post-text-font blog-post-text-color _2QAo- _1iXso _1cvSD _1dH_e\">O secret\u00e1rio especial de Cultura do governo federal, Roberto Alvim, criticou a indica\u00e7\u00e3o. \u00c0 coluna de M\u00f4nica Bergamo na Folha de S. Paulo, Alvim declarou que \u201cse fosse na categoria fic\u00e7\u00e3o, estaria correta a indica\u00e7\u00e3o\u201d.<\/p>\n<p class=\"XzvDs _208Ie _1dH_e blog-post-text-font blog-post-text-color _2QAo- _1iXso _1cvSD _1dH_e\">\n<p class=\"XzvDs _208Ie _1dH_e blog-post-text-font blog-post-text-color _2QAo- _1iXso _1cvSD _1dH_e\">No Twitter, o deputado Alex Manente, do Cidadania, tamb\u00e9m comentou a indica\u00e7\u00e3o de \u201cDemocracia em Vertigem\u201d ao Oscar na categoria document\u00e1rio. Segundo ele, o filme \u00e9 \u201ca maior fic\u00e7\u00e3o sobre a Lava Jato, o combate \u00e0 corrup\u00e7\u00e3o e o fim de uma classe pol\u00edtica corrupta\u201d.<\/p>\n<p class=\"XzvDs _208Ie _1dH_e blog-post-text-font blog-post-text-color _2QAo- _1iXso _1cvSD _1dH_e\">\n<div class=\"q2uC4 _3LksV\">\n<div class=\"_2CvYQ c-Mgr _1bhjj _1bhjj _1hD8w\">\n<div class=\"_1Lhwj image-container\" data-hook=\"imageViewer\">\n<div class=\"xdJBZ\"><img decoding=\"async\" class=\"_1Fjtc _2lDdg\" src=\"https:\/\/static.wixstatic.com\/media\/480caa_3f3b6cc5989b4d4287df17ee158d0b59~mv2.jpg\/v1\/fill\/w_740,h_279,al_c,lg_1,q_90\/480caa_3f3b6cc5989b4d4287df17ee158d0b59~mv2.webp\" data-pin-url=\"https:\/\/www.fatosverdades.com\/post\/filme-democracia-em-vertigem-\u00e9-indicado-ao-oscar-sob-forte-cr\u00edtica\" data-pin-media=\"https:\/\/static.wixstatic.com\/media\/480caa_3f3b6cc5989b4d4287df17ee158d0b59~mv2.jpg\/v1\/fit\/w_596,h_225,al_c,q_80\/file.png\" \/><\/div>\n<div class=\"\"><\/div>\n<div class=\"\"><\/div>\n<\/div>\n<\/div>\n<\/div>\n<p class=\"XzvDs _208Ie _1dH_e blog-post-text-font blog-post-text-color _2QAo- _1iXso _1cvSD _1dH_e\">\n<p class=\"XzvDs _208Ie _1dH_e blog-post-text-font blog-post-text-color _2QAo- _1iXso _1cvSD _1dH_e\">\u201cO filme, no fundo, defende n\u00e3o s\u00f3 o petismo, mas tamb\u00e9m uma classe de bandidos.\u201d<\/p>\n<p class=\"XzvDs _208Ie _1dH_e blog-post-text-font blog-post-text-color _2QAo- _1iXso _1cvSD _1dH_e\">\n<p class=\"XzvDs _208Ie _1dH_e blog-post-text-font blog-post-text-color _2QAo- _1iXso _1cvSD _1dH_e\">Bolsonaro, questionado por jornalistas afirmou: \u201cAh, n\u00e3o, pera. Fic\u00e7\u00e3o. Para quem gosta do que o urubu come, \u00e9 um bom filme\u201d.<\/p>\n<p class=\"XzvDs _208Ie _1dH_e blog-post-text-font blog-post-text-color _2QAo- _1iXso _1cvSD _1dH_e\">\n<p class=\"XzvDs _208Ie _1dH_e blog-post-text-font blog-post-text-color _2QAo- _1iXso _1cvSD _1dH_e\">J\u00e1 o General Augusto Heleno, por meio do Twitter comentou: \u201cTerror, com\u00e9dia e fic\u00e7\u00e3o\u201d. \u201cA estrela da farsa [Dilma Rousseff] levou o Brasil, em cinco anos, ao fundo do po\u00e7o. Deu uma aula de gest\u00e3o desastrosa, incompet\u00eancia e insolv\u00eancia financeira\u201d.<\/p>\n<p class=\"XzvDs _208Ie _1dH_e blog-post-text-font blog-post-text-color _2QAo- _1iXso _1cvSD _1dH_e\">\n<p class=\"XzvDs _208Ie _1dH_e blog-post-text-font blog-post-text-color _2QAo- _1iXso _1cvSD _1dH_e\">Dentre os indicados ao Oscar ainda h\u00e1 ainda o document\u00e1rio \u2018American Factory\u2019, produzido pela Higher Ground Productions, do casal Michelle e Barack Obama, que trata dos desvalidos da sociedade americana, dando um recado direto de Hollywood pra Donald Trump.<\/p>\n<p class=\"XzvDs _208Ie _1dH_e blog-post-text-font blog-post-text-color _2QAo- _1iXso _1cvSD _1dH_e\">\n<p class=\"XzvDs _208Ie _1dH_e blog-post-text-font blog-post-text-color _2QAo- _1iXso _1cvSD _1dH_e\">Sites de apostas sobre o Oscar e outros que agregam cr\u00edticas apostavam em outro filme no lugar, o tamb\u00e9m elogiado <em>Apollo 11<\/em>. Agora, nos rankings de quem aposta nos ganhadores da premia\u00e7\u00e3o, o filme &#8220;Democracia em Vertigem&#8221; aparece entre os menos prov\u00e1veis a vencer a categoria, entretanto, a vota\u00e7\u00e3o final ser\u00e1 restrita a membros ativos da Academia (em sua quase totalidade esquerdistas) que assistiram a todos os document\u00e1rios na disputa.<\/p>\n<p class=\"XzvDs _208Ie _1dH_e blog-post-text-font blog-post-text-color _2QAo- _1iXso _1cvSD _1dH_e\">\n<p class=\"XzvDs _208Ie _1dH_e blog-post-text-font blog-post-text-color _2QAo- _1iXso _1cvSD _1dH_e\">Fique de olho no que os &#8220;cr\u00edticos&#8221; e &#8220;entendidos&#8221; na s\u00e9tima arte apontam como obras primas, voc\u00ea pode estar sendo enganado.<\/p>\n<p class=\"XzvDs _208Ie _1dH_e blog-post-text-font blog-post-text-color _2QAo- _1iXso _1cvSD _1dH_e\">\n<p class=\"XzvDs _208Ie _1dH_e blog-post-text-font blog-post-text-color _2QAo- _1iXso _1cvSD _1dH_e\">Com informa\u00e7\u00f5es de: O Antagonista, Ter\u00e7a Livre, BBC e Twitter.<\/p>\n","protected":false},"excerpt":{"rendered":"<p>&#8220;Democracia em Vertigem\u00a0\u00e9 mais uma pe\u00e7a de propaganda da ampla e sofisticada campanha internacional do PT para enganar estrangeiros a respeito do impeachment de Dilma e da pris\u00e3o de Lula&#8221;. (O Antagonista) O filme trata o ex-presidente Luiz In\u00e1cio Lula da Silva (PT), que foi preso por corrup\u00e7\u00e3o e lavagem de dinheiro e hoje cumpre [&hellip;]<\/p>\n","protected":false},"author":18,"featured_media":18697,"comment_status":"open","ping_status":"open","sticky":false,"template":"","format":"standard","meta":{"footnotes":""},"categories":[57],"tags":[],"class_list":{"0":"post-18695","1":"post","2":"type-post","3":"status-publish","4":"format-standard","5":"has-post-thumbnail","7":"category-politica"},"yoast_head":"<!-- This site is optimized with the Yoast SEO Premium plugin v24.5 (Yoast SEO v27.5) - https:\/\/yoast.com\/product\/yoast-seo-premium-wordpress\/ -->\n<title>Filme &quot;Democracia em Vertigem&quot; \u00e9 indicado ao Oscar sob forte cr\u00edtica. - P31<\/title>\n<meta name=\"robots\" content=\"index, follow, max-snippet:-1, max-image-preview:large, max-video-preview:-1\" \/>\n<link rel=\"canonical\" href=\"https:\/\/www.p31noticias.com.br\/?p=18695\" \/>\n<meta property=\"og:locale\" content=\"pt_BR\" \/>\n<meta property=\"og:type\" content=\"article\" \/>\n<meta property=\"og:title\" content=\"Filme &quot;Democracia em Vertigem&quot; \u00e9 indicado ao Oscar sob forte cr\u00edtica.\" \/>\n<meta property=\"og:description\" content=\"&#8220;Democracia em Vertigem\u00a0\u00e9 mais uma pe\u00e7a de propaganda da ampla e sofisticada campanha internacional do PT para enganar estrangeiros a respeito do impeachment de Dilma e da pris\u00e3o de Lula&#8221;. (O Antagonista) O filme trata o ex-presidente Luiz In\u00e1cio Lula da Silva (PT), que foi preso por corrup\u00e7\u00e3o e lavagem de dinheiro e hoje cumpre [&hellip;]\" \/>\n<meta property=\"og:url\" content=\"https:\/\/www.p31noticias.com.br\/?p=18695\" \/>\n<meta property=\"og:site_name\" content=\"P31\" \/>\n<meta property=\"article:published_time\" content=\"2020-01-16T20:38:59+00:00\" \/>\n<meta property=\"og:image\" content=\"https:\/\/www.p31noticias.com.br\/wp-content\/uploads\/2020\/01\/Screenshot_1.jpg\" \/>\n\t<meta property=\"og:image:width\" content=\"887\" \/>\n\t<meta property=\"og:image:height\" content=\"500\" \/>\n\t<meta property=\"og:image:type\" content=\"image\/jpeg\" \/>\n<meta name=\"author\" content=\"Reda\u00e7\u00e3o JBN\" \/>\n<meta name=\"twitter:card\" content=\"summary_large_image\" \/>\n<meta name=\"twitter:label1\" content=\"Escrito por\" \/>\n\t<meta name=\"twitter:data1\" content=\"Reda\u00e7\u00e3o JBN\" \/>\n\t<meta name=\"twitter:label2\" content=\"Est. tempo de leitura\" \/>\n\t<meta name=\"twitter:data2\" content=\"3 minutos\" \/>\n<script type=\"application\/ld+json\" class=\"yoast-schema-graph\">{\"@context\":\"https:\\\/\\\/schema.org\",\"@graph\":[{\"@type\":\"Article\",\"@id\":\"https:\\\/\\\/www.p31noticias.com.br\\\/?p=18695#article\",\"isPartOf\":{\"@id\":\"https:\\\/\\\/www.p31noticias.com.br\\\/?p=18695\"},\"author\":{\"name\":\"Reda\u00e7\u00e3o JBN\",\"@id\":\"https:\\\/\\\/www.p31noticias.com.br\\\/#\\\/schema\\\/person\\\/77d6b186c710ac38937c6ec204fdd387\"},\"headline\":\"Filme &#8220;Democracia em Vertigem&#8221; \u00e9 indicado ao Oscar sob forte cr\u00edtica.\",\"datePublished\":\"2020-01-16T20:38:59+00:00\",\"mainEntityOfPage\":{\"@id\":\"https:\\\/\\\/www.p31noticias.com.br\\\/?p=18695\"},\"wordCount\":554,\"commentCount\":0,\"image\":{\"@id\":\"https:\\\/\\\/www.p31noticias.com.br\\\/?p=18695#primaryimage\"},\"thumbnailUrl\":\"https:\\\/\\\/www.p31noticias.com.br\\\/wp-content\\\/uploads\\\/2020\\\/01\\\/Screenshot_1.jpg\",\"articleSection\":[\"Pol\u00edtica\"],\"inLanguage\":\"pt-BR\",\"potentialAction\":[{\"@type\":\"CommentAction\",\"name\":\"Comment\",\"target\":[\"https:\\\/\\\/www.p31noticias.com.br\\\/?p=18695#respond\"]}],\"copyrightYear\":\"2020\",\"copyrightHolder\":{\"@id\":\"https:\\\/\\\/www.p31noticias.com.br\\\/#organization\"}},{\"@type\":\"WebPage\",\"@id\":\"https:\\\/\\\/www.p31noticias.com.br\\\/?p=18695\",\"url\":\"https:\\\/\\\/www.p31noticias.com.br\\\/?p=18695\",\"name\":\"Filme \\\"Democracia em Vertigem\\\" \u00e9 indicado ao Oscar sob forte cr\u00edtica. - P31\",\"isPartOf\":{\"@id\":\"https:\\\/\\\/www.p31noticias.com.br\\\/#website\"},\"primaryImageOfPage\":{\"@id\":\"https:\\\/\\\/www.p31noticias.com.br\\\/?p=18695#primaryimage\"},\"image\":{\"@id\":\"https:\\\/\\\/www.p31noticias.com.br\\\/?p=18695#primaryimage\"},\"thumbnailUrl\":\"https:\\\/\\\/www.p31noticias.com.br\\\/wp-content\\\/uploads\\\/2020\\\/01\\\/Screenshot_1.jpg\",\"datePublished\":\"2020-01-16T20:38:59+00:00\",\"author\":{\"@id\":\"https:\\\/\\\/www.p31noticias.com.br\\\/#\\\/schema\\\/person\\\/77d6b186c710ac38937c6ec204fdd387\"},\"breadcrumb\":{\"@id\":\"https:\\\/\\\/www.p31noticias.com.br\\\/?p=18695#breadcrumb\"},\"inLanguage\":\"pt-BR\",\"potentialAction\":[{\"@type\":\"ReadAction\",\"target\":[\"https:\\\/\\\/www.p31noticias.com.br\\\/?p=18695\"]}]},{\"@type\":\"ImageObject\",\"inLanguage\":\"pt-BR\",\"@id\":\"https:\\\/\\\/www.p31noticias.com.br\\\/?p=18695#primaryimage\",\"url\":\"https:\\\/\\\/www.p31noticias.com.br\\\/wp-content\\\/uploads\\\/2020\\\/01\\\/Screenshot_1.jpg\",\"contentUrl\":\"https:\\\/\\\/www.p31noticias.com.br\\\/wp-content\\\/uploads\\\/2020\\\/01\\\/Screenshot_1.jpg\",\"width\":887,\"height\":500},{\"@type\":\"BreadcrumbList\",\"@id\":\"https:\\\/\\\/www.p31noticias.com.br\\\/?p=18695#breadcrumb\",\"itemListElement\":[{\"@type\":\"ListItem\",\"position\":1,\"name\":\"In\u00edcio\",\"item\":\"https:\\\/\\\/www.p31noticias.com.br\\\/\"},{\"@type\":\"ListItem\",\"position\":2,\"name\":\"Filme &#8220;Democracia em Vertigem&#8221; \u00e9 indicado ao Oscar sob forte cr\u00edtica.\"}]},{\"@type\":\"WebSite\",\"@id\":\"https:\\\/\\\/www.p31noticias.com.br\\\/#website\",\"url\":\"https:\\\/\\\/www.p31noticias.com.br\\\/\",\"name\":\"P31\",\"description\":\"NOT\u00cdCIAS\",\"potentialAction\":[{\"@type\":\"SearchAction\",\"target\":{\"@type\":\"EntryPoint\",\"urlTemplate\":\"https:\\\/\\\/www.p31noticias.com.br\\\/?s={search_term_string}\"},\"query-input\":{\"@type\":\"PropertyValueSpecification\",\"valueRequired\":true,\"valueName\":\"search_term_string\"}}],\"inLanguage\":\"pt-BR\"},{\"@type\":\"Person\",\"@id\":\"https:\\\/\\\/www.p31noticias.com.br\\\/#\\\/schema\\\/person\\\/77d6b186c710ac38937c6ec204fdd387\",\"name\":\"Reda\u00e7\u00e3o JBN\",\"image\":{\"@type\":\"ImageObject\",\"inLanguage\":\"pt-BR\",\"@id\":\"https:\\\/\\\/secure.gravatar.com\\\/avatar\\\/10fcdb93211f98cce3d64c0795b0915a9a4a21dc0f279238995a3dbfafcad090?s=96&d=mm&r=g\",\"url\":\"https:\\\/\\\/secure.gravatar.com\\\/avatar\\\/10fcdb93211f98cce3d64c0795b0915a9a4a21dc0f279238995a3dbfafcad090?s=96&d=mm&r=g\",\"contentUrl\":\"https:\\\/\\\/secure.gravatar.com\\\/avatar\\\/10fcdb93211f98cce3d64c0795b0915a9a4a21dc0f279238995a3dbfafcad090?s=96&d=mm&r=g\",\"caption\":\"Reda\u00e7\u00e3o JBN\"},\"sameAs\":[\"https:\\\/\\\/p31noticias.com.br\"],\"url\":\"https:\\\/\\\/www.p31noticias.com.br\\\/?author=18\"}]}<\/script>\n<!-- \/ Yoast SEO Premium plugin. -->","yoast_head_json":{"title":"Filme \"Democracia em Vertigem\" \u00e9 indicado ao Oscar sob forte cr\u00edtica. - P31","robots":{"index":"index","follow":"follow","max-snippet":"max-snippet:-1","max-image-preview":"max-image-preview:large","max-video-preview":"max-video-preview:-1"},"canonical":"https:\/\/www.p31noticias.com.br\/?p=18695","og_locale":"pt_BR","og_type":"article","og_title":"Filme \"Democracia em Vertigem\" \u00e9 indicado ao Oscar sob forte cr\u00edtica.","og_description":"&#8220;Democracia em Vertigem\u00a0\u00e9 mais uma pe\u00e7a de propaganda da ampla e sofisticada campanha internacional do PT para enganar estrangeiros a respeito do impeachment de Dilma e da pris\u00e3o de Lula&#8221;. (O Antagonista) O filme trata o ex-presidente Luiz In\u00e1cio Lula da Silva (PT), que foi preso por corrup\u00e7\u00e3o e lavagem de dinheiro e hoje cumpre [&hellip;]","og_url":"https:\/\/www.p31noticias.com.br\/?p=18695","og_site_name":"P31","article_published_time":"2020-01-16T20:38:59+00:00","og_image":[{"width":887,"height":500,"url":"https:\/\/www.p31noticias.com.br\/wp-content\/uploads\/2020\/01\/Screenshot_1.jpg","type":"image\/jpeg"}],"author":"Reda\u00e7\u00e3o JBN","twitter_card":"summary_large_image","twitter_misc":{"Escrito por":"Reda\u00e7\u00e3o JBN","Est. tempo de leitura":"3 minutos"},"schema":{"@context":"https:\/\/schema.org","@graph":[{"@type":"Article","@id":"https:\/\/www.p31noticias.com.br\/?p=18695#article","isPartOf":{"@id":"https:\/\/www.p31noticias.com.br\/?p=18695"},"author":{"name":"Reda\u00e7\u00e3o JBN","@id":"https:\/\/www.p31noticias.com.br\/#\/schema\/person\/77d6b186c710ac38937c6ec204fdd387"},"headline":"Filme &#8220;Democracia em Vertigem&#8221; \u00e9 indicado ao Oscar sob forte cr\u00edtica.","datePublished":"2020-01-16T20:38:59+00:00","mainEntityOfPage":{"@id":"https:\/\/www.p31noticias.com.br\/?p=18695"},"wordCount":554,"commentCount":0,"image":{"@id":"https:\/\/www.p31noticias.com.br\/?p=18695#primaryimage"},"thumbnailUrl":"https:\/\/www.p31noticias.com.br\/wp-content\/uploads\/2020\/01\/Screenshot_1.jpg","articleSection":["Pol\u00edtica"],"inLanguage":"pt-BR","potentialAction":[{"@type":"CommentAction","name":"Comment","target":["https:\/\/www.p31noticias.com.br\/?p=18695#respond"]}],"copyrightYear":"2020","copyrightHolder":{"@id":"https:\/\/www.p31noticias.com.br\/#organization"}},{"@type":"WebPage","@id":"https:\/\/www.p31noticias.com.br\/?p=18695","url":"https:\/\/www.p31noticias.com.br\/?p=18695","name":"Filme \"Democracia em Vertigem\" \u00e9 indicado ao Oscar sob forte cr\u00edtica. - P31","isPartOf":{"@id":"https:\/\/www.p31noticias.com.br\/#website"},"primaryImageOfPage":{"@id":"https:\/\/www.p31noticias.com.br\/?p=18695#primaryimage"},"image":{"@id":"https:\/\/www.p31noticias.com.br\/?p=18695#primaryimage"},"thumbnailUrl":"https:\/\/www.p31noticias.com.br\/wp-content\/uploads\/2020\/01\/Screenshot_1.jpg","datePublished":"2020-01-16T20:38:59+00:00","author":{"@id":"https:\/\/www.p31noticias.com.br\/#\/schema\/person\/77d6b186c710ac38937c6ec204fdd387"},"breadcrumb":{"@id":"https:\/\/www.p31noticias.com.br\/?p=18695#breadcrumb"},"inLanguage":"pt-BR","potentialAction":[{"@type":"ReadAction","target":["https:\/\/www.p31noticias.com.br\/?p=18695"]}]},{"@type":"ImageObject","inLanguage":"pt-BR","@id":"https:\/\/www.p31noticias.com.br\/?p=18695#primaryimage","url":"https:\/\/www.p31noticias.com.br\/wp-content\/uploads\/2020\/01\/Screenshot_1.jpg","contentUrl":"https:\/\/www.p31noticias.com.br\/wp-content\/uploads\/2020\/01\/Screenshot_1.jpg","width":887,"height":500},{"@type":"BreadcrumbList","@id":"https:\/\/www.p31noticias.com.br\/?p=18695#breadcrumb","itemListElement":[{"@type":"ListItem","position":1,"name":"In\u00edcio","item":"https:\/\/www.p31noticias.com.br\/"},{"@type":"ListItem","position":2,"name":"Filme &#8220;Democracia em Vertigem&#8221; \u00e9 indicado ao Oscar sob forte cr\u00edtica."}]},{"@type":"WebSite","@id":"https:\/\/www.p31noticias.com.br\/#website","url":"https:\/\/www.p31noticias.com.br\/","name":"P31","description":"NOT\u00cdCIAS","potentialAction":[{"@type":"SearchAction","target":{"@type":"EntryPoint","urlTemplate":"https:\/\/www.p31noticias.com.br\/?s={search_term_string}"},"query-input":{"@type":"PropertyValueSpecification","valueRequired":true,"valueName":"search_term_string"}}],"inLanguage":"pt-BR"},{"@type":"Person","@id":"https:\/\/www.p31noticias.com.br\/#\/schema\/person\/77d6b186c710ac38937c6ec204fdd387","name":"Reda\u00e7\u00e3o JBN","image":{"@type":"ImageObject","inLanguage":"pt-BR","@id":"https:\/\/secure.gravatar.com\/avatar\/10fcdb93211f98cce3d64c0795b0915a9a4a21dc0f279238995a3dbfafcad090?s=96&d=mm&r=g","url":"https:\/\/secure.gravatar.com\/avatar\/10fcdb93211f98cce3d64c0795b0915a9a4a21dc0f279238995a3dbfafcad090?s=96&d=mm&r=g","contentUrl":"https:\/\/secure.gravatar.com\/avatar\/10fcdb93211f98cce3d64c0795b0915a9a4a21dc0f279238995a3dbfafcad090?s=96&d=mm&r=g","caption":"Reda\u00e7\u00e3o JBN"},"sameAs":["https:\/\/p31noticias.com.br"],"url":"https:\/\/www.p31noticias.com.br\/?author=18"}]}},"amp_enabled":true,"_links":{"self":[{"href":"https:\/\/www.p31noticias.com.br\/index.php?rest_route=\/wp\/v2\/posts\/18695","targetHints":{"allow":["GET"]}}],"collection":[{"href":"https:\/\/www.p31noticias.com.br\/index.php?rest_route=\/wp\/v2\/posts"}],"about":[{"href":"https:\/\/www.p31noticias.com.br\/index.php?rest_route=\/wp\/v2\/types\/post"}],"author":[{"embeddable":true,"href":"https:\/\/www.p31noticias.com.br\/index.php?rest_route=\/wp\/v2\/users\/18"}],"replies":[{"embeddable":true,"href":"https:\/\/www.p31noticias.com.br\/index.php?rest_route=%2Fwp%2Fv2%2Fcomments&post=18695"}],"version-history":[{"count":0,"href":"https:\/\/www.p31noticias.com.br\/index.php?rest_route=\/wp\/v2\/posts\/18695\/revisions"}],"wp:featuredmedia":[{"embeddable":true,"href":"https:\/\/www.p31noticias.com.br\/index.php?rest_route=\/wp\/v2\/media\/18697"}],"wp:attachment":[{"href":"https:\/\/www.p31noticias.com.br\/index.php?rest_route=%2Fwp%2Fv2%2Fmedia&parent=18695"}],"wp:term":[{"taxonomy":"category","embeddable":true,"href":"https:\/\/www.p31noticias.com.br\/index.php?rest_route=%2Fwp%2Fv2%2Fcategories&post=18695"},{"taxonomy":"post_tag","embeddable":true,"href":"https:\/\/www.p31noticias.com.br\/index.php?rest_route=%2Fwp%2Fv2%2Ftags&post=18695"}],"curies":[{"name":"wp","href":"https:\/\/api.w.org\/{rel}","templated":true}]}}