{"id":18685,"date":"2020-01-07T15:25:30","date_gmt":"2020-01-07T18:25:30","guid":{"rendered":"https:\/\/www.delioandrade.com.br\/?p=18685"},"modified":"2020-01-07T15:25:30","modified_gmt":"2020-01-07T18:25:30","slug":"yolo-abre-as-portas-para-eventos-cursos-e-palestras-durante-as-ferias-de-verao","status":"publish","type":"post","link":"https:\/\/www.p31noticias.com.br\/?p=18685","title":{"rendered":"Yolo abre as portas para eventos, cursos e palestras durante as f\u00e9rias de ver\u00e3o"},"content":{"rendered":"<p><span lang=\"PT\">Janeiro \u00e9\u00a0<\/span>m<span lang=\"PT\">\u00ea<\/span><span lang=\"FR\">s de f<\/span><span lang=\"PT\">\u00e9rias, mas para quem vai ficar na cidade e busca atividades para se divertir ou mesmo aproveitar o tempo para aprender coisas novas, atra\u00e7\u00f5es n\u00e3o vai faltar. O<\/span><span lang=\"EN-US\">\u00a0Yolo Coworking<\/span><span lang=\"PT\">, localizado no Setor de Clubes Sul, promete agitar Bras\u00edlia com o projeto Yolo Ver\u00e3o. Entre os dias 09 de janeiro a 15 de fevereiro, o espa\u00e7o vai abrir as\u00a0<\/span>port<span lang=\"PT\">as para parcerias com produtores de eventos, palestrantes e comunidade em geral que queiram ofertar\u00a0<\/span><span lang=\"EN-US\">experi<\/span><span lang=\"PT\">\u00eancias, como cursos, palestras e outros eventos.\u00a0<\/span><span lang=\"PT\">\u00a0<\/span><\/p>\n<p>&nbsp;<\/p>\n<p><span lang=\"PT\">Uma das propostas do projeto \u00e9 oferecer uma oportunidade para o<\/span><span lang=\"PT\">s empreendedores apresentarem seus produtos\/servi\u00e7os, sem custo de loca\u00e7\u00e3o do espa\u00e7o, ao mesmo tempo que proporciona atividades de entretenimento, lazer, capacita\u00e7\u00e3o e desenvolvimento pessoal para os brasilienses nos meses de f\u00e9rias. \u201cS\u00e3o per\u00edodos em que a cidade fica mais parada, e tem pouca oferta de atividades acontecendo\u201d, afirma\u00a0<\/span><span lang=\"PT\">Ana Cristina Alvarenga, propriet\u00e1ria do espa\u00e7o e criadora do evento.<\/span><\/p>\n<p>&nbsp;<\/p>\n<p><span lang=\"PT\">O foco \u00e9 atrair\u00a0<\/span><span lang=\"PT\">o p\u00fablico que ficar\u00e1 na capital para atividades que fomentem novos conhecimentos durante o per\u00edodo de recesso, em um espa\u00e7o acolhedor.\u00a0 A psic\u00f3loga Juliana Gebrim \u00e9 uma das empreendedoras que enxergou a oportunidade de apresentar o seu projeto Emo\u00e7\u00f5es sem Tabu. \u201c\u00c9 uma \u00e9poca perfeita para as pessoas se planejarem, come\u00e7arem novos projetos, por isso pensei em um curso que ensina a superar os sabotares internos e a lidar com as emo\u00e7\u00f5es\u201d, afirma a psic\u00f3loga.<\/span><\/p>\n<p>&nbsp;<\/p>\n<p><span lang=\"PT\">O outro objetivo do projeto \u00e9 transformar o espa\u00e7o em\u00a0<\/span>um\u00a0<span lang=\"PT\">grande ponto de enc<\/span>ont<span lang=\"PT\">r<\/span><span lang=\"EN-US\">o\u00a0<\/span><span lang=\"PT\">e de entretenimento na cidade, durante os meses de janeiro e fevereiro<\/span>.\u00a0<span lang=\"PT\">Para tanto, o Yolo Ver\u00e3o contar\u00e1 com uma intensa programa\u00e7\u00e3o, como cursos de dan\u00e7<\/span>a,\u00a0<span lang=\"PT\">artesanato, yoga, maquiagem, desenvolvimento pessoal, planejamento, entre mais de 30 atividades previstas<\/span>.<span lang=\"PT\">\u00a0\u201dEstamos numa localiza\u00e7\u00e3o muito privilegiada, e queremos transformar o Yolo no ponto de encontro e divers\u00e3<\/span><span lang=\"EN-US\">o\u00a0<\/span><span lang=\"PT\">brasiliense durante o ver\u00e3o&#8221;, aposta Ana Cristina.<\/span><\/p>\n<p>&nbsp;<\/p>\n<p><span lang=\"PT\">A programa\u00e7\u00e3o encerrar no dia 15 de fevereiro, com o\u00a0<\/span><b><span lang=\"PT\">Yolo Day<\/span><\/b><span lang=\"PT\">, que pretende reunir<\/span><span lang=\"PT\">\u00a0mentes criativas<\/span><span lang=\"PT\">,<\/span><span lang=\"PT\">\u00a0com cursos, workshop e m\u00fasica,\u00a0<\/span><span lang=\"PT\">destacando a economia\u00a0<\/span><span lang=\"PT\">colaborativa<\/span><span lang=\"PT\">.\u00a0<\/span>Ser<span lang=\"PT\">\u00e1 um dia com v\u00e1rias atra\u00e7\u00f5<\/span>es<span lang=\"PT\">, como customiza\u00e7\u00e3o de abad\u00e1s, make para o carnaval, percuss\u00e3o, e grito de carnaval, com muita\u00a0<\/span><span lang=\"IT\">agita<\/span><span lang=\"PT\">\u00e7\u00e3o.\u00a0 Os interessados em frequentar os cursos e atividades, poder\u00e3o acompanhar a programa\u00e7\u00e3o atrav\u00e9s das redes sociais, Instagram e Faceb<\/span>ook.<span lang=\"PT\">\u00a0J\u00e1 os produtores de eventos, dever\u00e3o entrar em contato diretamente com o Yolo, apresentar seu conte\u00fado e verificar a disponibilidade de datas.<\/span><\/p>\n<p>&nbsp;<\/p>\n<p><b><span lang=\"ES-TRAD\">Sobre o YOLO Coworking<\/span><\/b>\u00a0&#8211;\u00a0<span lang=\"PT\">YOLO \u00e9 um espa\u00e7o de Coworking, eventos e caf\u00e9 para quem quer aproveitar o melhor da vida, inclusive o trabalho. S\u00e3o quatro andares de estrutura, com 13 salas<\/span><span lang=\"PT\">\u00a0privativas, 3 salas de reuni\u00e3o<\/span><span lang=\"PT\">, 24 esta\u00e7\u00f5es de trabalho, audit\u00f3rio multiuso, uma Cokitchen e Rooftop pode ser alugado para eventos sociais e corporativos, com vista<\/span><span lang=\"PT\">\u00a0privilegiada para Ponte JK.<\/span><\/p>\n<p><span lang=\"PT\">\u00a0<\/span><\/p>\n<p><b>Servi<\/b><b><span lang=\"PT\">\u00e7<\/span><\/b><b>o<\/b><b><\/b><\/p>\n<p><b>Yolo F<\/b><b><span lang=\"PT\">\u00e9rias:<\/span><\/b><b><\/b><\/p>\n<p><b><span lang=\"IT\">Data:\u00a0<\/span><\/b><span lang=\"PT\">de 9 de janeiro a 15 de fevereiro<\/span><\/p>\n<p><b><span lang=\"PT\">Local:<\/span><\/b><span lang=\"PT\">\u00a0Yolo Coworking<\/span><\/p>\n<p><b><span lang=\"DE\">Endere<\/span><\/b><b><span lang=\"PT\">\u00e7<\/span><\/b><b><span lang=\"IT\">o:<\/span><\/b><span lang=\"PT\">\u00a0Setor de Clube Esportivo Sul, Beira Lago \u2013\u00a0<\/span>Asa Sul<br \/>\n<b><span lang=\"DE\">Redes:\u00a0<\/span><\/b><span lang=\"PT\">Instagram-<\/span><b><span lang=\"EN-US\">\u00a0@yolo.coworking<\/span><\/b>| Facebook:\u00a0<span lang=\"EN-US\">yolo.coworking<\/span><b><\/b><\/p>\n<p><b>S<\/b><b><span lang=\"PT\">ite<\/span><\/b><b>:<\/b><b>\u00a0<\/b><a href=\"http:\/\/www.yolobsb.com.br\/\" target=\"_blank\" rel=\"noopener noreferrer\" data-saferedirecturl=\"https:\/\/www.google.com\/url?q=http:\/\/www.yolobsb.com.br\/&amp;source=gmail&amp;ust=1578507170626000&amp;usg=AFQjCNHOgIRJ-Q5pOkLbYFQj46Qvou0lYQ\">www.yolobsb.com.br<\/a><\/p>\n","protected":false},"excerpt":{"rendered":"<p>Janeiro \u00e9\u00a0m\u00eas de f\u00e9rias, mas para quem vai ficar na cidade e busca atividades para se divertir ou mesmo aproveitar o tempo para aprender coisas novas, atra\u00e7\u00f5es n\u00e3o vai faltar. O\u00a0Yolo Coworking, localizado no Setor de Clubes Sul, promete agitar Bras\u00edlia com o projeto Yolo Ver\u00e3o. Entre os dias 09 de janeiro a 15 de [&hellip;]<\/p>\n","protected":false},"author":18,"featured_media":18686,"comment_status":"open","ping_status":"open","sticky":false,"template":"","format":"standard","meta":{"footnotes":""},"categories":[1],"tags":[],"class_list":{"0":"post-18685","1":"post","2":"type-post","3":"status-publish","4":"format-standard","5":"has-post-thumbnail","7":"category-outros"},"yoast_head":"<!-- This site is optimized with the Yoast SEO Premium plugin v24.5 (Yoast SEO v27.5) - https:\/\/yoast.com\/product\/yoast-seo-premium-wordpress\/ -->\n<title>Yolo abre as portas para eventos, cursos e palestras durante as f\u00e9rias de ver\u00e3o - P31<\/title>\n<meta name=\"robots\" content=\"index, follow, max-snippet:-1, max-image-preview:large, max-video-preview:-1\" \/>\n<link rel=\"canonical\" href=\"https:\/\/www.p31noticias.com.br\/?p=18685\" \/>\n<meta property=\"og:locale\" content=\"pt_BR\" \/>\n<meta property=\"og:type\" content=\"article\" \/>\n<meta property=\"og:title\" content=\"Yolo abre as portas para eventos, cursos e palestras durante as f\u00e9rias de ver\u00e3o\" \/>\n<meta property=\"og:description\" content=\"Janeiro \u00e9\u00a0m\u00eas de f\u00e9rias, mas para quem vai ficar na cidade e busca atividades para se divertir ou mesmo aproveitar o tempo para aprender coisas novas, atra\u00e7\u00f5es n\u00e3o vai faltar. O\u00a0Yolo Coworking, localizado no Setor de Clubes Sul, promete agitar Bras\u00edlia com o projeto Yolo Ver\u00e3o. Entre os dias 09 de janeiro a 15 de [&hellip;]\" \/>\n<meta property=\"og:url\" content=\"https:\/\/www.p31noticias.com.br\/?p=18685\" \/>\n<meta property=\"og:site_name\" content=\"P31\" \/>\n<meta property=\"article:published_time\" content=\"2020-01-07T18:25:30+00:00\" \/>\n<meta property=\"og:image\" content=\"https:\/\/www.p31noticias.com.br\/wp-content\/uploads\/2020\/01\/Faixada-Yolo.jpeg\" \/>\n\t<meta property=\"og:image:width\" content=\"1280\" \/>\n\t<meta property=\"og:image:height\" content=\"853\" \/>\n\t<meta property=\"og:image:type\" content=\"image\/jpeg\" \/>\n<meta name=\"author\" content=\"Reda\u00e7\u00e3o JBN\" \/>\n<meta name=\"twitter:card\" content=\"summary_large_image\" \/>\n<meta name=\"twitter:label1\" content=\"Escrito por\" \/>\n\t<meta name=\"twitter:data1\" content=\"Reda\u00e7\u00e3o JBN\" \/>\n\t<meta name=\"twitter:label2\" content=\"Est. tempo de leitura\" \/>\n\t<meta name=\"twitter:data2\" content=\"3 minutos\" \/>\n<script type=\"application\/ld+json\" class=\"yoast-schema-graph\">{\"@context\":\"https:\\\/\\\/schema.org\",\"@graph\":[{\"@type\":\"Article\",\"@id\":\"https:\\\/\\\/www.p31noticias.com.br\\\/?p=18685#article\",\"isPartOf\":{\"@id\":\"https:\\\/\\\/www.p31noticias.com.br\\\/?p=18685\"},\"author\":{\"name\":\"Reda\u00e7\u00e3o JBN\",\"@id\":\"https:\\\/\\\/www.p31noticias.com.br\\\/#\\\/schema\\\/person\\\/77d6b186c710ac38937c6ec204fdd387\"},\"headline\":\"Yolo abre as portas para eventos, cursos e palestras durante as f\u00e9rias de ver\u00e3o\",\"datePublished\":\"2020-01-07T18:25:30+00:00\",\"mainEntityOfPage\":{\"@id\":\"https:\\\/\\\/www.p31noticias.com.br\\\/?p=18685\"},\"wordCount\":558,\"commentCount\":0,\"image\":{\"@id\":\"https:\\\/\\\/www.p31noticias.com.br\\\/?p=18685#primaryimage\"},\"thumbnailUrl\":\"https:\\\/\\\/www.p31noticias.com.br\\\/wp-content\\\/uploads\\\/2020\\\/01\\\/Faixada-Yolo.jpeg\",\"articleSection\":[\"Outros\"],\"inLanguage\":\"pt-BR\",\"potentialAction\":[{\"@type\":\"CommentAction\",\"name\":\"Comment\",\"target\":[\"https:\\\/\\\/www.p31noticias.com.br\\\/?p=18685#respond\"]}],\"copyrightYear\":\"2020\",\"copyrightHolder\":{\"@id\":\"https:\\\/\\\/www.p31noticias.com.br\\\/#organization\"}},{\"@type\":\"WebPage\",\"@id\":\"https:\\\/\\\/www.p31noticias.com.br\\\/?p=18685\",\"url\":\"https:\\\/\\\/www.p31noticias.com.br\\\/?p=18685\",\"name\":\"Yolo abre as portas para eventos, cursos e palestras durante as f\u00e9rias de ver\u00e3o - P31\",\"isPartOf\":{\"@id\":\"https:\\\/\\\/www.p31noticias.com.br\\\/#website\"},\"primaryImageOfPage\":{\"@id\":\"https:\\\/\\\/www.p31noticias.com.br\\\/?p=18685#primaryimage\"},\"image\":{\"@id\":\"https:\\\/\\\/www.p31noticias.com.br\\\/?p=18685#primaryimage\"},\"thumbnailUrl\":\"https:\\\/\\\/www.p31noticias.com.br\\\/wp-content\\\/uploads\\\/2020\\\/01\\\/Faixada-Yolo.jpeg\",\"datePublished\":\"2020-01-07T18:25:30+00:00\",\"author\":{\"@id\":\"https:\\\/\\\/www.p31noticias.com.br\\\/#\\\/schema\\\/person\\\/77d6b186c710ac38937c6ec204fdd387\"},\"breadcrumb\":{\"@id\":\"https:\\\/\\\/www.p31noticias.com.br\\\/?p=18685#breadcrumb\"},\"inLanguage\":\"pt-BR\",\"potentialAction\":[{\"@type\":\"ReadAction\",\"target\":[\"https:\\\/\\\/www.p31noticias.com.br\\\/?p=18685\"]}]},{\"@type\":\"ImageObject\",\"inLanguage\":\"pt-BR\",\"@id\":\"https:\\\/\\\/www.p31noticias.com.br\\\/?p=18685#primaryimage\",\"url\":\"https:\\\/\\\/www.p31noticias.com.br\\\/wp-content\\\/uploads\\\/2020\\\/01\\\/Faixada-Yolo.jpeg\",\"contentUrl\":\"https:\\\/\\\/www.p31noticias.com.br\\\/wp-content\\\/uploads\\\/2020\\\/01\\\/Faixada-Yolo.jpeg\",\"width\":1280,\"height\":853},{\"@type\":\"BreadcrumbList\",\"@id\":\"https:\\\/\\\/www.p31noticias.com.br\\\/?p=18685#breadcrumb\",\"itemListElement\":[{\"@type\":\"ListItem\",\"position\":1,\"name\":\"In\u00edcio\",\"item\":\"https:\\\/\\\/www.p31noticias.com.br\\\/\"},{\"@type\":\"ListItem\",\"position\":2,\"name\":\"Yolo abre as portas para eventos, cursos e palestras durante as f\u00e9rias de ver\u00e3o\"}]},{\"@type\":\"WebSite\",\"@id\":\"https:\\\/\\\/www.p31noticias.com.br\\\/#website\",\"url\":\"https:\\\/\\\/www.p31noticias.com.br\\\/\",\"name\":\"P31\",\"description\":\"NOT\u00cdCIAS\",\"potentialAction\":[{\"@type\":\"SearchAction\",\"target\":{\"@type\":\"EntryPoint\",\"urlTemplate\":\"https:\\\/\\\/www.p31noticias.com.br\\\/?s={search_term_string}\"},\"query-input\":{\"@type\":\"PropertyValueSpecification\",\"valueRequired\":true,\"valueName\":\"search_term_string\"}}],\"inLanguage\":\"pt-BR\"},{\"@type\":\"Person\",\"@id\":\"https:\\\/\\\/www.p31noticias.com.br\\\/#\\\/schema\\\/person\\\/77d6b186c710ac38937c6ec204fdd387\",\"name\":\"Reda\u00e7\u00e3o JBN\",\"image\":{\"@type\":\"ImageObject\",\"inLanguage\":\"pt-BR\",\"@id\":\"https:\\\/\\\/secure.gravatar.com\\\/avatar\\\/10fcdb93211f98cce3d64c0795b0915a9a4a21dc0f279238995a3dbfafcad090?s=96&d=mm&r=g\",\"url\":\"https:\\\/\\\/secure.gravatar.com\\\/avatar\\\/10fcdb93211f98cce3d64c0795b0915a9a4a21dc0f279238995a3dbfafcad090?s=96&d=mm&r=g\",\"contentUrl\":\"https:\\\/\\\/secure.gravatar.com\\\/avatar\\\/10fcdb93211f98cce3d64c0795b0915a9a4a21dc0f279238995a3dbfafcad090?s=96&d=mm&r=g\",\"caption\":\"Reda\u00e7\u00e3o JBN\"},\"sameAs\":[\"https:\\\/\\\/p31noticias.com.br\"],\"url\":\"https:\\\/\\\/www.p31noticias.com.br\\\/?author=18\"}]}<\/script>\n<!-- \/ Yoast SEO Premium plugin. -->","yoast_head_json":{"title":"Yolo abre as portas para eventos, cursos e palestras durante as f\u00e9rias de ver\u00e3o - P31","robots":{"index":"index","follow":"follow","max-snippet":"max-snippet:-1","max-image-preview":"max-image-preview:large","max-video-preview":"max-video-preview:-1"},"canonical":"https:\/\/www.p31noticias.com.br\/?p=18685","og_locale":"pt_BR","og_type":"article","og_title":"Yolo abre as portas para eventos, cursos e palestras durante as f\u00e9rias de ver\u00e3o","og_description":"Janeiro \u00e9\u00a0m\u00eas de f\u00e9rias, mas para quem vai ficar na cidade e busca atividades para se divertir ou mesmo aproveitar o tempo para aprender coisas novas, atra\u00e7\u00f5es n\u00e3o vai faltar. O\u00a0Yolo Coworking, localizado no Setor de Clubes Sul, promete agitar Bras\u00edlia com o projeto Yolo Ver\u00e3o. Entre os dias 09 de janeiro a 15 de [&hellip;]","og_url":"https:\/\/www.p31noticias.com.br\/?p=18685","og_site_name":"P31","article_published_time":"2020-01-07T18:25:30+00:00","og_image":[{"width":1280,"height":853,"url":"https:\/\/www.p31noticias.com.br\/wp-content\/uploads\/2020\/01\/Faixada-Yolo.jpeg","type":"image\/jpeg"}],"author":"Reda\u00e7\u00e3o JBN","twitter_card":"summary_large_image","twitter_misc":{"Escrito por":"Reda\u00e7\u00e3o JBN","Est. tempo de leitura":"3 minutos"},"schema":{"@context":"https:\/\/schema.org","@graph":[{"@type":"Article","@id":"https:\/\/www.p31noticias.com.br\/?p=18685#article","isPartOf":{"@id":"https:\/\/www.p31noticias.com.br\/?p=18685"},"author":{"name":"Reda\u00e7\u00e3o JBN","@id":"https:\/\/www.p31noticias.com.br\/#\/schema\/person\/77d6b186c710ac38937c6ec204fdd387"},"headline":"Yolo abre as portas para eventos, cursos e palestras durante as f\u00e9rias de ver\u00e3o","datePublished":"2020-01-07T18:25:30+00:00","mainEntityOfPage":{"@id":"https:\/\/www.p31noticias.com.br\/?p=18685"},"wordCount":558,"commentCount":0,"image":{"@id":"https:\/\/www.p31noticias.com.br\/?p=18685#primaryimage"},"thumbnailUrl":"https:\/\/www.p31noticias.com.br\/wp-content\/uploads\/2020\/01\/Faixada-Yolo.jpeg","articleSection":["Outros"],"inLanguage":"pt-BR","potentialAction":[{"@type":"CommentAction","name":"Comment","target":["https:\/\/www.p31noticias.com.br\/?p=18685#respond"]}],"copyrightYear":"2020","copyrightHolder":{"@id":"https:\/\/www.p31noticias.com.br\/#organization"}},{"@type":"WebPage","@id":"https:\/\/www.p31noticias.com.br\/?p=18685","url":"https:\/\/www.p31noticias.com.br\/?p=18685","name":"Yolo abre as portas para eventos, cursos e palestras durante as f\u00e9rias de ver\u00e3o - P31","isPartOf":{"@id":"https:\/\/www.p31noticias.com.br\/#website"},"primaryImageOfPage":{"@id":"https:\/\/www.p31noticias.com.br\/?p=18685#primaryimage"},"image":{"@id":"https:\/\/www.p31noticias.com.br\/?p=18685#primaryimage"},"thumbnailUrl":"https:\/\/www.p31noticias.com.br\/wp-content\/uploads\/2020\/01\/Faixada-Yolo.jpeg","datePublished":"2020-01-07T18:25:30+00:00","author":{"@id":"https:\/\/www.p31noticias.com.br\/#\/schema\/person\/77d6b186c710ac38937c6ec204fdd387"},"breadcrumb":{"@id":"https:\/\/www.p31noticias.com.br\/?p=18685#breadcrumb"},"inLanguage":"pt-BR","potentialAction":[{"@type":"ReadAction","target":["https:\/\/www.p31noticias.com.br\/?p=18685"]}]},{"@type":"ImageObject","inLanguage":"pt-BR","@id":"https:\/\/www.p31noticias.com.br\/?p=18685#primaryimage","url":"https:\/\/www.p31noticias.com.br\/wp-content\/uploads\/2020\/01\/Faixada-Yolo.jpeg","contentUrl":"https:\/\/www.p31noticias.com.br\/wp-content\/uploads\/2020\/01\/Faixada-Yolo.jpeg","width":1280,"height":853},{"@type":"BreadcrumbList","@id":"https:\/\/www.p31noticias.com.br\/?p=18685#breadcrumb","itemListElement":[{"@type":"ListItem","position":1,"name":"In\u00edcio","item":"https:\/\/www.p31noticias.com.br\/"},{"@type":"ListItem","position":2,"name":"Yolo abre as portas para eventos, cursos e palestras durante as f\u00e9rias de ver\u00e3o"}]},{"@type":"WebSite","@id":"https:\/\/www.p31noticias.com.br\/#website","url":"https:\/\/www.p31noticias.com.br\/","name":"P31","description":"NOT\u00cdCIAS","potentialAction":[{"@type":"SearchAction","target":{"@type":"EntryPoint","urlTemplate":"https:\/\/www.p31noticias.com.br\/?s={search_term_string}"},"query-input":{"@type":"PropertyValueSpecification","valueRequired":true,"valueName":"search_term_string"}}],"inLanguage":"pt-BR"},{"@type":"Person","@id":"https:\/\/www.p31noticias.com.br\/#\/schema\/person\/77d6b186c710ac38937c6ec204fdd387","name":"Reda\u00e7\u00e3o JBN","image":{"@type":"ImageObject","inLanguage":"pt-BR","@id":"https:\/\/secure.gravatar.com\/avatar\/10fcdb93211f98cce3d64c0795b0915a9a4a21dc0f279238995a3dbfafcad090?s=96&d=mm&r=g","url":"https:\/\/secure.gravatar.com\/avatar\/10fcdb93211f98cce3d64c0795b0915a9a4a21dc0f279238995a3dbfafcad090?s=96&d=mm&r=g","contentUrl":"https:\/\/secure.gravatar.com\/avatar\/10fcdb93211f98cce3d64c0795b0915a9a4a21dc0f279238995a3dbfafcad090?s=96&d=mm&r=g","caption":"Reda\u00e7\u00e3o JBN"},"sameAs":["https:\/\/p31noticias.com.br"],"url":"https:\/\/www.p31noticias.com.br\/?author=18"}]}},"amp_enabled":true,"_links":{"self":[{"href":"https:\/\/www.p31noticias.com.br\/index.php?rest_route=\/wp\/v2\/posts\/18685","targetHints":{"allow":["GET"]}}],"collection":[{"href":"https:\/\/www.p31noticias.com.br\/index.php?rest_route=\/wp\/v2\/posts"}],"about":[{"href":"https:\/\/www.p31noticias.com.br\/index.php?rest_route=\/wp\/v2\/types\/post"}],"author":[{"embeddable":true,"href":"https:\/\/www.p31noticias.com.br\/index.php?rest_route=\/wp\/v2\/users\/18"}],"replies":[{"embeddable":true,"href":"https:\/\/www.p31noticias.com.br\/index.php?rest_route=%2Fwp%2Fv2%2Fcomments&post=18685"}],"version-history":[{"count":0,"href":"https:\/\/www.p31noticias.com.br\/index.php?rest_route=\/wp\/v2\/posts\/18685\/revisions"}],"wp:featuredmedia":[{"embeddable":true,"href":"https:\/\/www.p31noticias.com.br\/index.php?rest_route=\/wp\/v2\/media\/18686"}],"wp:attachment":[{"href":"https:\/\/www.p31noticias.com.br\/index.php?rest_route=%2Fwp%2Fv2%2Fmedia&parent=18685"}],"wp:term":[{"taxonomy":"category","embeddable":true,"href":"https:\/\/www.p31noticias.com.br\/index.php?rest_route=%2Fwp%2Fv2%2Fcategories&post=18685"},{"taxonomy":"post_tag","embeddable":true,"href":"https:\/\/www.p31noticias.com.br\/index.php?rest_route=%2Fwp%2Fv2%2Ftags&post=18685"}],"curies":[{"name":"wp","href":"https:\/\/api.w.org\/{rel}","templated":true}]}}