{"id":18673,"date":"2020-01-05T01:30:51","date_gmt":"2020-01-05T04:30:51","guid":{"rendered":"https:\/\/www.delioandrade.com.br\/aniversario-da-morgana\/"},"modified":"2020-01-05T01:30:51","modified_gmt":"2020-01-05T04:30:51","slug":"aniversario-da-morgana","status":"publish","type":"post","link":"https:\/\/www.p31noticias.com.br\/?p=18673","title":{"rendered":"Anivers\u00e1rio da Morgana"},"content":{"rendered":"\n<p>Neste s\u00e1bado (04\/01) aconteceu um evento marcante na vida dessa mocinha que comemorou 30 anos. <\/p>\n\n\n\n<p>Morgana Antelo reuniu grandes amigos. O evento ocorreu no sal\u00e3o de festa do DF PLAZA em \u00c1guas Claras.<\/p>\n\n\n\n<p>Ramon Xavier foi a pessoa que organizou todo o evento&#8230; Decora\u00e7\u00e3o e a comida estavam divinas . Gostei muito do bolo&#8230; Uma del\u00edcia .<\/p>\n\n\n\n<figure class=\"wp-block-image size-large\"><img loading=\"lazy\" decoding=\"async\" width=\"472\" height=\"1024\" src=\"https:\/\/www.delioandrade.com.br\/wp-content\/uploads\/2020\/01\/airbrush_202001042317268292165873928011156-472x1024.jpg\" alt=\"\" class=\"wp-image-18666\" srcset=\"https:\/\/www.p31noticias.com.br\/wp-content\/uploads\/2020\/01\/airbrush_202001042317268292165873928011156-472x1024.jpg 472w, https:\/\/www.p31noticias.com.br\/wp-content\/uploads\/2020\/01\/airbrush_202001042317268292165873928011156-138x300.jpg 138w, https:\/\/www.p31noticias.com.br\/wp-content\/uploads\/2020\/01\/airbrush_202001042317268292165873928011156-768x1666.jpg 768w, https:\/\/www.p31noticias.com.br\/wp-content\/uploads\/2020\/01\/airbrush_202001042317268292165873928011156-708x1536.jpg 708w, https:\/\/www.p31noticias.com.br\/wp-content\/uploads\/2020\/01\/airbrush_202001042317268292165873928011156-944x2048.jpg 944w, https:\/\/www.p31noticias.com.br\/wp-content\/uploads\/2020\/01\/airbrush_202001042317268292165873928011156-696x1509.jpg 696w, https:\/\/www.p31noticias.com.br\/wp-content\/uploads\/2020\/01\/airbrush_202001042317268292165873928011156-194x420.jpg 194w, https:\/\/www.p31noticias.com.br\/wp-content\/uploads\/2020\/01\/airbrush_202001042317268292165873928011156.jpg 996w\" sizes=\"auto, (max-width: 472px) 100vw, 472px\" \/><figcaption>Ramon e Morgana <\/figcaption><\/figure>\n\n\n\n<p>Uma das atra\u00e7\u00f5es principais, foi a voz de nossa amiga de d\u00e9cadas Simone Ribeiro onde arrasou com seu sertanejo universit\u00e1rio, levando o p\u00fablico a euforia .<\/p>\n\n\n\n<figure class=\"wp-block-image size-large\"><img loading=\"lazy\" decoding=\"async\" width=\"472\" height=\"1024\" src=\"https:\/\/www.delioandrade.com.br\/wp-content\/uploads\/2020\/01\/airbrush_202001042259028949110343425278051-472x1024.jpg\" alt=\"\" class=\"wp-image-18665\" srcset=\"https:\/\/www.p31noticias.com.br\/wp-content\/uploads\/2020\/01\/airbrush_202001042259028949110343425278051-472x1024.jpg 472w, https:\/\/www.p31noticias.com.br\/wp-content\/uploads\/2020\/01\/airbrush_202001042259028949110343425278051-138x300.jpg 138w, https:\/\/www.p31noticias.com.br\/wp-content\/uploads\/2020\/01\/airbrush_202001042259028949110343425278051-768x1666.jpg 768w, https:\/\/www.p31noticias.com.br\/wp-content\/uploads\/2020\/01\/airbrush_202001042259028949110343425278051-708x1536.jpg 708w, https:\/\/www.p31noticias.com.br\/wp-content\/uploads\/2020\/01\/airbrush_202001042259028949110343425278051-944x2048.jpg 944w, https:\/\/www.p31noticias.com.br\/wp-content\/uploads\/2020\/01\/airbrush_202001042259028949110343425278051-696x1509.jpg 696w, https:\/\/www.p31noticias.com.br\/wp-content\/uploads\/2020\/01\/airbrush_202001042259028949110343425278051-194x420.jpg 194w, https:\/\/www.p31noticias.com.br\/wp-content\/uploads\/2020\/01\/airbrush_202001042259028949110343425278051.jpg 996w\" sizes=\"auto, (max-width: 472px) 100vw, 472px\" \/><figcaption>Simone Ribeiro<\/figcaption><\/figure>\n\n\n\n<p>O som por conta dos dj&#8217;s agitaram a galera. Muito house, funk e muita m\u00fasica que marcaram gera\u00e7\u00f5es . <\/p>\n\n\n\n<p>Muitas celebridades estavam presente&#8230; Cristiane Brasil e Heloina Pimenta prestigiaram o anivers\u00e1rio dessa nossa queridinha . <\/p>\n\n\n\n<figure class=\"wp-block-image size-large\"><img decoding=\"async\" src=\"https:\/\/www.delioandrade.com.br\/wp-content\/uploads\/2020\/01\/img_20200104_2005556608185214535687119-1024x472.jpg\" alt=\"\" class=\"wp-image-18664\"\/><figcaption>Cristiane e Heloina <\/figcaption><\/figure>\n\n\n\n<p>Olha quem estava presente tamb\u00e9m &#8230; isso mesmo, Renata Sorreila. Ela que a tempos n\u00e3o aparece em Taguatinga estava bem animada ao lado de J\u00fanior Takamoto e DJ Luciano.<\/p>\n\n\n\n<figure class=\"wp-block-image size-large\"><img loading=\"lazy\" decoding=\"async\" width=\"1024\" height=\"472\" src=\"https:\/\/www.delioandrade.com.br\/wp-content\/uploads\/2020\/01\/airbrush_202001041817345964174036617493921-1024x472.jpg\" alt=\"\" class=\"wp-image-18663\" srcset=\"https:\/\/www.p31noticias.com.br\/wp-content\/uploads\/2020\/01\/airbrush_202001041817345964174036617493921-1024x472.jpg 1024w, https:\/\/www.p31noticias.com.br\/wp-content\/uploads\/2020\/01\/airbrush_202001041817345964174036617493921-300x138.jpg 300w, https:\/\/www.p31noticias.com.br\/wp-content\/uploads\/2020\/01\/airbrush_202001041817345964174036617493921-768x354.jpg 768w, https:\/\/www.p31noticias.com.br\/wp-content\/uploads\/2020\/01\/airbrush_202001041817345964174036617493921-1536x708.jpg 1536w, https:\/\/www.p31noticias.com.br\/wp-content\/uploads\/2020\/01\/airbrush_202001041817345964174036617493921-2048x944.jpg 2048w, https:\/\/www.p31noticias.com.br\/wp-content\/uploads\/2020\/01\/airbrush_202001041817345964174036617493921-696x321.jpg 696w, https:\/\/www.p31noticias.com.br\/wp-content\/uploads\/2020\/01\/airbrush_202001041817345964174036617493921-1068x492.jpg 1068w, https:\/\/www.p31noticias.com.br\/wp-content\/uploads\/2020\/01\/airbrush_202001041817345964174036617493921-1920x885.jpg 1920w, https:\/\/www.p31noticias.com.br\/wp-content\/uploads\/2020\/01\/airbrush_202001041817345964174036617493921-911x420.jpg 911w\" sizes=\"auto, (max-width: 1024px) 100vw, 1024px\" \/><figcaption>Jr. Takamoto, Renata Soreila, DJ Luciano Jovem Pan<\/figcaption><\/figure>\n\n\n\n<p>Como n\u00e3o falar dessa blogueirinha&#8230; Camilly SCheffer arrasou com seu look e sua beleza ezuberante . Quem quiser seguir essa linda est\u00e1 a\u00ed o seu Instagram @camilly_scheffer.<\/p>\n\n\n\n<figure class=\"wp-block-image size-large\"><img loading=\"lazy\" decoding=\"async\" width=\"500\" height=\"1024\" src=\"https:\/\/www.delioandrade.com.br\/wp-content\/uploads\/2020\/01\/img_20200104_205239_2151129700386107333176-500x1024.jpg\" alt=\"\" class=\"wp-image-18662\" srcset=\"https:\/\/www.p31noticias.com.br\/wp-content\/uploads\/2020\/01\/img_20200104_205239_2151129700386107333176-500x1024.jpg 500w, https:\/\/www.p31noticias.com.br\/wp-content\/uploads\/2020\/01\/img_20200104_205239_2151129700386107333176-147x300.jpg 147w, https:\/\/www.p31noticias.com.br\/wp-content\/uploads\/2020\/01\/img_20200104_205239_2151129700386107333176-768x1572.jpg 768w, https:\/\/www.p31noticias.com.br\/wp-content\/uploads\/2020\/01\/img_20200104_205239_2151129700386107333176-751x1536.jpg 751w, https:\/\/www.p31noticias.com.br\/wp-content\/uploads\/2020\/01\/img_20200104_205239_2151129700386107333176-1001x2048.jpg 1001w, https:\/\/www.p31noticias.com.br\/wp-content\/uploads\/2020\/01\/img_20200104_205239_2151129700386107333176-696x1424.jpg 696w, https:\/\/www.p31noticias.com.br\/wp-content\/uploads\/2020\/01\/img_20200104_205239_2151129700386107333176-1068x2185.jpg 1068w, https:\/\/www.p31noticias.com.br\/wp-content\/uploads\/2020\/01\/img_20200104_205239_2151129700386107333176-205x420.jpg 205w, https:\/\/www.p31noticias.com.br\/wp-content\/uploads\/2020\/01\/img_20200104_205239_2151129700386107333176.jpg 1080w\" sizes=\"auto, (max-width: 500px) 100vw, 500px\" \/><figcaption>@camilly_sheffer<\/figcaption><\/figure>\n\n\n\n<p>Junior Takamoto est\u00e1 na festa. Um dos melhores e mais renomado fot\u00f3grafos de Bras\u00edlia . S\u00f3 que desta vez ele estava curtindo&#8230; O cara n\u00e3o perdia um flash.<\/p>\n\n\n\n<figure class=\"wp-block-image size-large\"><img decoding=\"async\" src=\"https:\/\/www.delioandrade.com.br\/wp-content\/uploads\/2020\/01\/img_20200104_2009498400226118351184887-473x1024.jpg\" alt=\"\" class=\"wp-image-18667\"\/><figcaption>Renata, Morgana, Keila, Jr. TKM e Camilly <\/figcaption><\/figure>\n\n\n\n<p>Tinha tanta gente legal que poderia escrever um livro&#8230; <\/p>\n\n\n\n<p>Feliz anivers\u00e1rio Morgana, que sua vida continue repleta de grandes amizades como a nossa .<\/p>\n\n\n\n<p>Confira mais fotos do evento :<\/p>\n\n\n\n<figure class=\"wp-block-image size-large\"><img decoding=\"async\" src=\"https:\/\/www.delioandrade.com.br\/wp-content\/uploads\/2020\/01\/img_20200104_1847213176826252669318450-scaled.jpg\" alt=\"\" class=\"wp-image-18670\"\/><\/figure>\n\n\n\n<figure class=\"wp-block-image size-large\"><img decoding=\"async\" src=\"https:\/\/www.delioandrade.com.br\/wp-content\/uploads\/2020\/01\/img_20200104_2029413607478700007759273-scaled.jpg\" alt=\"\" class=\"wp-image-18671\"\/><\/figure>\n\n\n\n<figure class=\"wp-block-image size-large\"><img decoding=\"async\" src=\"https:\/\/www.delioandrade.com.br\/wp-content\/uploads\/2020\/01\/img_20200104_1954323824444601534888282-473x1024.jpg\" alt=\"\" class=\"wp-image-18672\"\/><figcaption>Takamoto e Renata <\/figcaption><\/figure>\n\n\n\n<figure class=\"wp-block-image size-large\"><img loading=\"lazy\" decoding=\"async\" width=\"472\" height=\"1024\" src=\"https:\/\/www.delioandrade.com.br\/wp-content\/uploads\/2020\/01\/airbrush_202001041810248240695705096078460-472x1024.jpg\" alt=\"\" class=\"wp-image-18669\" srcset=\"https:\/\/www.p31noticias.com.br\/wp-content\/uploads\/2020\/01\/airbrush_202001041810248240695705096078460-472x1024.jpg 472w, https:\/\/www.p31noticias.com.br\/wp-content\/uploads\/2020\/01\/airbrush_202001041810248240695705096078460-138x300.jpg 138w, https:\/\/www.p31noticias.com.br\/wp-content\/uploads\/2020\/01\/airbrush_202001041810248240695705096078460-768x1666.jpg 768w, https:\/\/www.p31noticias.com.br\/wp-content\/uploads\/2020\/01\/airbrush_202001041810248240695705096078460-708x1536.jpg 708w, https:\/\/www.p31noticias.com.br\/wp-content\/uploads\/2020\/01\/airbrush_202001041810248240695705096078460-944x2048.jpg 944w, https:\/\/www.p31noticias.com.br\/wp-content\/uploads\/2020\/01\/airbrush_202001041810248240695705096078460-696x1509.jpg 696w, https:\/\/www.p31noticias.com.br\/wp-content\/uploads\/2020\/01\/airbrush_202001041810248240695705096078460-194x420.jpg 194w, https:\/\/www.p31noticias.com.br\/wp-content\/uploads\/2020\/01\/airbrush_202001041810248240695705096078460.jpg 996w\" sizes=\"auto, (max-width: 472px) 100vw, 472px\" \/><figcaption>Morgana, Camilly e D\u00e9lio <\/figcaption><\/figure>\n","protected":false},"excerpt":{"rendered":"<p>Neste s\u00e1bado (04\/01) aconteceu um evento marcante na vida dessa mocinha que comemorou 30 anos. Morgana Antelo reuniu grandes amigos. O evento ocorreu no sal\u00e3o de festa do DF PLAZA em \u00c1guas Claras. Ramon Xavier foi a pessoa que organizou todo o evento&#8230; Decora\u00e7\u00e3o e a comida estavam divinas . Gostei muito do bolo&#8230; Uma [&hellip;]<\/p>\n","protected":false},"author":18,"featured_media":18668,"comment_status":"open","ping_status":"open","sticky":false,"template":"","format":"standard","meta":{"footnotes":""},"categories":[1],"tags":[],"class_list":{"0":"post-18673","1":"post","2":"type-post","3":"status-publish","4":"format-standard","5":"has-post-thumbnail","7":"category-outros"},"yoast_head":"<!-- This site is optimized with the Yoast SEO Premium plugin v24.5 (Yoast SEO v27.5) - https:\/\/yoast.com\/product\/yoast-seo-premium-wordpress\/ -->\n<title>Anivers\u00e1rio da Morgana - P31<\/title>\n<meta name=\"robots\" content=\"index, follow, max-snippet:-1, max-image-preview:large, max-video-preview:-1\" \/>\n<link rel=\"canonical\" href=\"https:\/\/www.p31noticias.com.br\/?p=18673\" \/>\n<meta property=\"og:locale\" content=\"pt_BR\" \/>\n<meta property=\"og:type\" content=\"article\" \/>\n<meta property=\"og:title\" content=\"Anivers\u00e1rio da Morgana\" \/>\n<meta property=\"og:description\" content=\"Neste s\u00e1bado (04\/01) aconteceu um evento marcante na vida dessa mocinha que comemorou 30 anos. Morgana Antelo reuniu grandes amigos. O evento ocorreu no sal\u00e3o de festa do DF PLAZA em \u00c1guas Claras. Ramon Xavier foi a pessoa que organizou todo o evento&#8230; Decora\u00e7\u00e3o e a comida estavam divinas . Gostei muito do bolo&#8230; Uma [&hellip;]\" \/>\n<meta property=\"og:url\" content=\"https:\/\/www.p31noticias.com.br\/?p=18673\" \/>\n<meta property=\"og:site_name\" content=\"P31\" \/>\n<meta property=\"article:published_time\" content=\"2020-01-05T04:30:51+00:00\" \/>\n<meta property=\"og:image\" content=\"https:\/\/www.p31noticias.com.br\/wp-content\/uploads\/2020\/01\/IMG_20200104_184604-scaled-1.jpg\" \/>\n\t<meta property=\"og:image:width\" content=\"2560\" \/>\n\t<meta property=\"og:image:height\" content=\"1181\" \/>\n\t<meta property=\"og:image:type\" content=\"image\/jpeg\" \/>\n<meta name=\"author\" content=\"Reda\u00e7\u00e3o JBN\" \/>\n<meta name=\"twitter:card\" content=\"summary_large_image\" \/>\n<meta name=\"twitter:label1\" content=\"Escrito por\" \/>\n\t<meta name=\"twitter:data1\" content=\"Reda\u00e7\u00e3o JBN\" \/>\n\t<meta name=\"twitter:label2\" content=\"Est. tempo de leitura\" \/>\n\t<meta name=\"twitter:data2\" content=\"1 minuto\" \/>\n<script type=\"application\/ld+json\" class=\"yoast-schema-graph\">{\"@context\":\"https:\\\/\\\/schema.org\",\"@graph\":[{\"@type\":\"Article\",\"@id\":\"https:\\\/\\\/www.p31noticias.com.br\\\/?p=18673#article\",\"isPartOf\":{\"@id\":\"https:\\\/\\\/www.p31noticias.com.br\\\/?p=18673\"},\"author\":{\"name\":\"Reda\u00e7\u00e3o JBN\",\"@id\":\"https:\\\/\\\/www.p31noticias.com.br\\\/#\\\/schema\\\/person\\\/77d6b186c710ac38937c6ec204fdd387\"},\"headline\":\"Anivers\u00e1rio da Morgana\",\"datePublished\":\"2020-01-05T04:30:51+00:00\",\"mainEntityOfPage\":{\"@id\":\"https:\\\/\\\/www.p31noticias.com.br\\\/?p=18673\"},\"wordCount\":278,\"commentCount\":0,\"image\":{\"@id\":\"https:\\\/\\\/www.p31noticias.com.br\\\/?p=18673#primaryimage\"},\"thumbnailUrl\":\"https:\\\/\\\/www.p31noticias.com.br\\\/wp-content\\\/uploads\\\/2020\\\/01\\\/IMG_20200104_184604-scaled-1.jpg\",\"articleSection\":[\"Outros\"],\"inLanguage\":\"pt-BR\",\"potentialAction\":[{\"@type\":\"CommentAction\",\"name\":\"Comment\",\"target\":[\"https:\\\/\\\/www.p31noticias.com.br\\\/?p=18673#respond\"]}],\"copyrightYear\":\"2020\",\"copyrightHolder\":{\"@id\":\"https:\\\/\\\/www.p31noticias.com.br\\\/#organization\"}},{\"@type\":\"WebPage\",\"@id\":\"https:\\\/\\\/www.p31noticias.com.br\\\/?p=18673\",\"url\":\"https:\\\/\\\/www.p31noticias.com.br\\\/?p=18673\",\"name\":\"Anivers\u00e1rio da Morgana - P31\",\"isPartOf\":{\"@id\":\"https:\\\/\\\/www.p31noticias.com.br\\\/#website\"},\"primaryImageOfPage\":{\"@id\":\"https:\\\/\\\/www.p31noticias.com.br\\\/?p=18673#primaryimage\"},\"image\":{\"@id\":\"https:\\\/\\\/www.p31noticias.com.br\\\/?p=18673#primaryimage\"},\"thumbnailUrl\":\"https:\\\/\\\/www.p31noticias.com.br\\\/wp-content\\\/uploads\\\/2020\\\/01\\\/IMG_20200104_184604-scaled-1.jpg\",\"datePublished\":\"2020-01-05T04:30:51+00:00\",\"author\":{\"@id\":\"https:\\\/\\\/www.p31noticias.com.br\\\/#\\\/schema\\\/person\\\/77d6b186c710ac38937c6ec204fdd387\"},\"breadcrumb\":{\"@id\":\"https:\\\/\\\/www.p31noticias.com.br\\\/?p=18673#breadcrumb\"},\"inLanguage\":\"pt-BR\",\"potentialAction\":[{\"@type\":\"ReadAction\",\"target\":[\"https:\\\/\\\/www.p31noticias.com.br\\\/?p=18673\"]}]},{\"@type\":\"ImageObject\",\"inLanguage\":\"pt-BR\",\"@id\":\"https:\\\/\\\/www.p31noticias.com.br\\\/?p=18673#primaryimage\",\"url\":\"https:\\\/\\\/www.p31noticias.com.br\\\/wp-content\\\/uploads\\\/2020\\\/01\\\/IMG_20200104_184604-scaled-1.jpg\",\"contentUrl\":\"https:\\\/\\\/www.p31noticias.com.br\\\/wp-content\\\/uploads\\\/2020\\\/01\\\/IMG_20200104_184604-scaled-1.jpg\",\"width\":2560,\"height\":1181},{\"@type\":\"BreadcrumbList\",\"@id\":\"https:\\\/\\\/www.p31noticias.com.br\\\/?p=18673#breadcrumb\",\"itemListElement\":[{\"@type\":\"ListItem\",\"position\":1,\"name\":\"In\u00edcio\",\"item\":\"https:\\\/\\\/www.p31noticias.com.br\\\/\"},{\"@type\":\"ListItem\",\"position\":2,\"name\":\"Anivers\u00e1rio da Morgana\"}]},{\"@type\":\"WebSite\",\"@id\":\"https:\\\/\\\/www.p31noticias.com.br\\\/#website\",\"url\":\"https:\\\/\\\/www.p31noticias.com.br\\\/\",\"name\":\"P31\",\"description\":\"NOT\u00cdCIAS\",\"potentialAction\":[{\"@type\":\"SearchAction\",\"target\":{\"@type\":\"EntryPoint\",\"urlTemplate\":\"https:\\\/\\\/www.p31noticias.com.br\\\/?s={search_term_string}\"},\"query-input\":{\"@type\":\"PropertyValueSpecification\",\"valueRequired\":true,\"valueName\":\"search_term_string\"}}],\"inLanguage\":\"pt-BR\"},{\"@type\":\"Person\",\"@id\":\"https:\\\/\\\/www.p31noticias.com.br\\\/#\\\/schema\\\/person\\\/77d6b186c710ac38937c6ec204fdd387\",\"name\":\"Reda\u00e7\u00e3o JBN\",\"image\":{\"@type\":\"ImageObject\",\"inLanguage\":\"pt-BR\",\"@id\":\"https:\\\/\\\/secure.gravatar.com\\\/avatar\\\/10fcdb93211f98cce3d64c0795b0915a9a4a21dc0f279238995a3dbfafcad090?s=96&d=mm&r=g\",\"url\":\"https:\\\/\\\/secure.gravatar.com\\\/avatar\\\/10fcdb93211f98cce3d64c0795b0915a9a4a21dc0f279238995a3dbfafcad090?s=96&d=mm&r=g\",\"contentUrl\":\"https:\\\/\\\/secure.gravatar.com\\\/avatar\\\/10fcdb93211f98cce3d64c0795b0915a9a4a21dc0f279238995a3dbfafcad090?s=96&d=mm&r=g\",\"caption\":\"Reda\u00e7\u00e3o JBN\"},\"sameAs\":[\"https:\\\/\\\/p31noticias.com.br\"],\"url\":\"https:\\\/\\\/www.p31noticias.com.br\\\/?author=18\"}]}<\/script>\n<!-- \/ Yoast SEO Premium plugin. -->","yoast_head_json":{"title":"Anivers\u00e1rio da Morgana - P31","robots":{"index":"index","follow":"follow","max-snippet":"max-snippet:-1","max-image-preview":"max-image-preview:large","max-video-preview":"max-video-preview:-1"},"canonical":"https:\/\/www.p31noticias.com.br\/?p=18673","og_locale":"pt_BR","og_type":"article","og_title":"Anivers\u00e1rio da Morgana","og_description":"Neste s\u00e1bado (04\/01) aconteceu um evento marcante na vida dessa mocinha que comemorou 30 anos. Morgana Antelo reuniu grandes amigos. O evento ocorreu no sal\u00e3o de festa do DF PLAZA em \u00c1guas Claras. Ramon Xavier foi a pessoa que organizou todo o evento&#8230; Decora\u00e7\u00e3o e a comida estavam divinas . Gostei muito do bolo&#8230; Uma [&hellip;]","og_url":"https:\/\/www.p31noticias.com.br\/?p=18673","og_site_name":"P31","article_published_time":"2020-01-05T04:30:51+00:00","og_image":[{"width":2560,"height":1181,"url":"https:\/\/www.p31noticias.com.br\/wp-content\/uploads\/2020\/01\/IMG_20200104_184604-scaled-1.jpg","type":"image\/jpeg"}],"author":"Reda\u00e7\u00e3o JBN","twitter_card":"summary_large_image","twitter_misc":{"Escrito por":"Reda\u00e7\u00e3o JBN","Est. tempo de leitura":"1 minuto"},"schema":{"@context":"https:\/\/schema.org","@graph":[{"@type":"Article","@id":"https:\/\/www.p31noticias.com.br\/?p=18673#article","isPartOf":{"@id":"https:\/\/www.p31noticias.com.br\/?p=18673"},"author":{"name":"Reda\u00e7\u00e3o JBN","@id":"https:\/\/www.p31noticias.com.br\/#\/schema\/person\/77d6b186c710ac38937c6ec204fdd387"},"headline":"Anivers\u00e1rio da Morgana","datePublished":"2020-01-05T04:30:51+00:00","mainEntityOfPage":{"@id":"https:\/\/www.p31noticias.com.br\/?p=18673"},"wordCount":278,"commentCount":0,"image":{"@id":"https:\/\/www.p31noticias.com.br\/?p=18673#primaryimage"},"thumbnailUrl":"https:\/\/www.p31noticias.com.br\/wp-content\/uploads\/2020\/01\/IMG_20200104_184604-scaled-1.jpg","articleSection":["Outros"],"inLanguage":"pt-BR","potentialAction":[{"@type":"CommentAction","name":"Comment","target":["https:\/\/www.p31noticias.com.br\/?p=18673#respond"]}],"copyrightYear":"2020","copyrightHolder":{"@id":"https:\/\/www.p31noticias.com.br\/#organization"}},{"@type":"WebPage","@id":"https:\/\/www.p31noticias.com.br\/?p=18673","url":"https:\/\/www.p31noticias.com.br\/?p=18673","name":"Anivers\u00e1rio da Morgana - P31","isPartOf":{"@id":"https:\/\/www.p31noticias.com.br\/#website"},"primaryImageOfPage":{"@id":"https:\/\/www.p31noticias.com.br\/?p=18673#primaryimage"},"image":{"@id":"https:\/\/www.p31noticias.com.br\/?p=18673#primaryimage"},"thumbnailUrl":"https:\/\/www.p31noticias.com.br\/wp-content\/uploads\/2020\/01\/IMG_20200104_184604-scaled-1.jpg","datePublished":"2020-01-05T04:30:51+00:00","author":{"@id":"https:\/\/www.p31noticias.com.br\/#\/schema\/person\/77d6b186c710ac38937c6ec204fdd387"},"breadcrumb":{"@id":"https:\/\/www.p31noticias.com.br\/?p=18673#breadcrumb"},"inLanguage":"pt-BR","potentialAction":[{"@type":"ReadAction","target":["https:\/\/www.p31noticias.com.br\/?p=18673"]}]},{"@type":"ImageObject","inLanguage":"pt-BR","@id":"https:\/\/www.p31noticias.com.br\/?p=18673#primaryimage","url":"https:\/\/www.p31noticias.com.br\/wp-content\/uploads\/2020\/01\/IMG_20200104_184604-scaled-1.jpg","contentUrl":"https:\/\/www.p31noticias.com.br\/wp-content\/uploads\/2020\/01\/IMG_20200104_184604-scaled-1.jpg","width":2560,"height":1181},{"@type":"BreadcrumbList","@id":"https:\/\/www.p31noticias.com.br\/?p=18673#breadcrumb","itemListElement":[{"@type":"ListItem","position":1,"name":"In\u00edcio","item":"https:\/\/www.p31noticias.com.br\/"},{"@type":"ListItem","position":2,"name":"Anivers\u00e1rio da Morgana"}]},{"@type":"WebSite","@id":"https:\/\/www.p31noticias.com.br\/#website","url":"https:\/\/www.p31noticias.com.br\/","name":"P31","description":"NOT\u00cdCIAS","potentialAction":[{"@type":"SearchAction","target":{"@type":"EntryPoint","urlTemplate":"https:\/\/www.p31noticias.com.br\/?s={search_term_string}"},"query-input":{"@type":"PropertyValueSpecification","valueRequired":true,"valueName":"search_term_string"}}],"inLanguage":"pt-BR"},{"@type":"Person","@id":"https:\/\/www.p31noticias.com.br\/#\/schema\/person\/77d6b186c710ac38937c6ec204fdd387","name":"Reda\u00e7\u00e3o JBN","image":{"@type":"ImageObject","inLanguage":"pt-BR","@id":"https:\/\/secure.gravatar.com\/avatar\/10fcdb93211f98cce3d64c0795b0915a9a4a21dc0f279238995a3dbfafcad090?s=96&d=mm&r=g","url":"https:\/\/secure.gravatar.com\/avatar\/10fcdb93211f98cce3d64c0795b0915a9a4a21dc0f279238995a3dbfafcad090?s=96&d=mm&r=g","contentUrl":"https:\/\/secure.gravatar.com\/avatar\/10fcdb93211f98cce3d64c0795b0915a9a4a21dc0f279238995a3dbfafcad090?s=96&d=mm&r=g","caption":"Reda\u00e7\u00e3o JBN"},"sameAs":["https:\/\/p31noticias.com.br"],"url":"https:\/\/www.p31noticias.com.br\/?author=18"}]}},"amp_enabled":true,"_links":{"self":[{"href":"https:\/\/www.p31noticias.com.br\/index.php?rest_route=\/wp\/v2\/posts\/18673","targetHints":{"allow":["GET"]}}],"collection":[{"href":"https:\/\/www.p31noticias.com.br\/index.php?rest_route=\/wp\/v2\/posts"}],"about":[{"href":"https:\/\/www.p31noticias.com.br\/index.php?rest_route=\/wp\/v2\/types\/post"}],"author":[{"embeddable":true,"href":"https:\/\/www.p31noticias.com.br\/index.php?rest_route=\/wp\/v2\/users\/18"}],"replies":[{"embeddable":true,"href":"https:\/\/www.p31noticias.com.br\/index.php?rest_route=%2Fwp%2Fv2%2Fcomments&post=18673"}],"version-history":[{"count":0,"href":"https:\/\/www.p31noticias.com.br\/index.php?rest_route=\/wp\/v2\/posts\/18673\/revisions"}],"wp:featuredmedia":[{"embeddable":true,"href":"https:\/\/www.p31noticias.com.br\/index.php?rest_route=\/wp\/v2\/media\/18668"}],"wp:attachment":[{"href":"https:\/\/www.p31noticias.com.br\/index.php?rest_route=%2Fwp%2Fv2%2Fmedia&parent=18673"}],"wp:term":[{"taxonomy":"category","embeddable":true,"href":"https:\/\/www.p31noticias.com.br\/index.php?rest_route=%2Fwp%2Fv2%2Fcategories&post=18673"},{"taxonomy":"post_tag","embeddable":true,"href":"https:\/\/www.p31noticias.com.br\/index.php?rest_route=%2Fwp%2Fv2%2Ftags&post=18673"}],"curies":[{"name":"wp","href":"https:\/\/api.w.org\/{rel}","templated":true}]}}