{"id":18653,"date":"2020-01-04T12:58:31","date_gmt":"2020-01-04T15:58:31","guid":{"rendered":"https:\/\/www.delioandrade.com.br\/?p=18653"},"modified":"2020-01-04T12:58:31","modified_gmt":"2020-01-04T15:58:31","slug":"foragido-do-atentado-ao-porta-dos-fundos-ataca-lula-e-boulos","status":"publish","type":"post","link":"https:\/\/www.p31noticias.com.br\/?p=18653","title":{"rendered":"Foragido do atentado ao Porta dos Fundos ataca Lula e Boulos"},"content":{"rendered":"<p>O v\u00eddeo foi gravado no mesmo quarto\u00a0<a href=\"https:\/\/revistaforum.com.br\/brasil\/em-video-acusado-de-atentado-contra-porta-dos-fundos-diz-que-pt-enriqueceu-gregorio-duvivier-e-fabio-porchat\/\">do \u00faltimo v\u00eddeo que veio \u00e0 tona<\/a>, em que desafia a pol\u00edcia e chama os integrantes do Porta dos Fundos de &#8220;criminosos, marginais, s\u00e3o bandidos&#8221;. Na nova mensagem, o suspeito indica que ela foi gravada nos \u00faltimos dias, j\u00e1 que cita que &#8220;nessa semana&#8221; foi encontrado em sua casa no Rio de Janeiro o livro &#8220;O imbecil coletivo&#8221;, de Olavo de Carvalho.<\/p>\n<p>No in\u00edcio do novo v\u00eddeo, Fauzi afirma que F\u00e1bio Porchat \u00e9 hip\u00f3crita ao dizer que as rea\u00e7\u00f5es negativas ao Especial de Natal do grupo humor\u00edstico s\u00e3o homofobia e que o ator n\u00e3o estaria em seu &#8220;lugar de fala&#8221;. Sobre Lula, o integralista diz: &#8220;Quando Lula diz que um menor n\u00e3o pode ser violentado pela pol\u00edcia por roubar um celular, isso \u00e9 um absurdo!&#8221;. Quanto a Guilherme Boulos, Fauzi afirma que o l\u00edder sem-teto &#8220;vive de invadir propriedade particular, extorquir pessoas, e ningu\u00e9m fala nada&#8221;.<\/p>\n<p>Leia na \u00edntegra na\u00a0<a href=\"https:\/\/revistaforum.com.br\/brasil\/em-novo-video-integralista-que-fugiu-para-a-russia-ataca-lula-e-boulos-alem-de-porchat\/\">Revista F\u00f3rum<\/a><\/p>\n","protected":false},"excerpt":{"rendered":"<p>O v\u00eddeo foi gravado no mesmo quarto\u00a0do \u00faltimo v\u00eddeo que veio \u00e0 tona, em que desafia a pol\u00edcia e chama os integrantes do Porta dos Fundos de &#8220;criminosos, marginais, s\u00e3o bandidos&#8221;. Na nova mensagem, o suspeito indica que ela foi gravada nos \u00faltimos dias, j\u00e1 que cita que &#8220;nessa semana&#8221; foi encontrado em sua casa [&hellip;]<\/p>\n","protected":false},"author":18,"featured_media":18654,"comment_status":"open","ping_status":"open","sticky":false,"template":"","format":"standard","meta":{"footnotes":""},"categories":[68],"tags":[],"class_list":{"0":"post-18653","1":"post","2":"type-post","3":"status-publish","4":"format-standard","5":"has-post-thumbnail","7":"category-brasil"},"yoast_head":"<!-- This site is optimized with the Yoast SEO Premium plugin v24.5 (Yoast SEO v27.5) - https:\/\/yoast.com\/product\/yoast-seo-premium-wordpress\/ -->\n<title>Foragido do atentado ao Porta dos Fundos ataca Lula e Boulos - P31<\/title>\n<meta name=\"robots\" content=\"index, follow, max-snippet:-1, max-image-preview:large, max-video-preview:-1\" \/>\n<link rel=\"canonical\" href=\"https:\/\/www.p31noticias.com.br\/?p=18653\" \/>\n<meta property=\"og:locale\" content=\"pt_BR\" \/>\n<meta property=\"og:type\" content=\"article\" \/>\n<meta property=\"og:title\" content=\"Foragido do atentado ao Porta dos Fundos ataca Lula e Boulos\" \/>\n<meta property=\"og:description\" content=\"O v\u00eddeo foi gravado no mesmo quarto\u00a0do \u00faltimo v\u00eddeo que veio \u00e0 tona, em que desafia a pol\u00edcia e chama os integrantes do Porta dos Fundos de &#8220;criminosos, marginais, s\u00e3o bandidos&#8221;. Na nova mensagem, o suspeito indica que ela foi gravada nos \u00faltimos dias, j\u00e1 que cita que &#8220;nessa semana&#8221; foi encontrado em sua casa [&hellip;]\" \/>\n<meta property=\"og:url\" content=\"https:\/\/www.p31noticias.com.br\/?p=18653\" \/>\n<meta property=\"og:site_name\" content=\"P31\" \/>\n<meta property=\"article:published_time\" content=\"2020-01-04T15:58:31+00:00\" \/>\n<meta property=\"og:image\" content=\"https:\/\/www.p31noticias.com.br\/wp-content\/uploads\/2020\/01\/foragido-do-atentado-ao-Porta-dos-Fundos.png\" \/>\n\t<meta property=\"og:image:width\" content=\"1250\" \/>\n\t<meta property=\"og:image:height\" content=\"600\" \/>\n\t<meta property=\"og:image:type\" content=\"image\/png\" \/>\n<meta name=\"author\" content=\"Reda\u00e7\u00e3o JBN\" \/>\n<meta name=\"twitter:card\" content=\"summary_large_image\" \/>\n<meta name=\"twitter:label1\" content=\"Escrito por\" \/>\n\t<meta name=\"twitter:data1\" content=\"Reda\u00e7\u00e3o JBN\" \/>\n\t<meta name=\"twitter:label2\" content=\"Est. tempo de leitura\" \/>\n\t<meta name=\"twitter:data2\" content=\"1 minuto\" \/>\n<script type=\"application\/ld+json\" class=\"yoast-schema-graph\">{\"@context\":\"https:\\\/\\\/schema.org\",\"@graph\":[{\"@type\":\"Article\",\"@id\":\"https:\\\/\\\/www.p31noticias.com.br\\\/?p=18653#article\",\"isPartOf\":{\"@id\":\"https:\\\/\\\/www.p31noticias.com.br\\\/?p=18653\"},\"author\":{\"name\":\"Reda\u00e7\u00e3o JBN\",\"@id\":\"https:\\\/\\\/www.p31noticias.com.br\\\/#\\\/schema\\\/person\\\/77d6b186c710ac38937c6ec204fdd387\"},\"headline\":\"Foragido do atentado ao Porta dos Fundos ataca Lula e Boulos\",\"datePublished\":\"2020-01-04T15:58:31+00:00\",\"mainEntityOfPage\":{\"@id\":\"https:\\\/\\\/www.p31noticias.com.br\\\/?p=18653\"},\"wordCount\":184,\"commentCount\":0,\"image\":{\"@id\":\"https:\\\/\\\/www.p31noticias.com.br\\\/?p=18653#primaryimage\"},\"thumbnailUrl\":\"https:\\\/\\\/www.p31noticias.com.br\\\/wp-content\\\/uploads\\\/2020\\\/01\\\/foragido-do-atentado-ao-Porta-dos-Fundos.png\",\"articleSection\":[\"Brasil\"],\"inLanguage\":\"pt-BR\",\"potentialAction\":[{\"@type\":\"CommentAction\",\"name\":\"Comment\",\"target\":[\"https:\\\/\\\/www.p31noticias.com.br\\\/?p=18653#respond\"]}],\"copyrightYear\":\"2020\",\"copyrightHolder\":{\"@id\":\"https:\\\/\\\/www.p31noticias.com.br\\\/#organization\"}},{\"@type\":\"WebPage\",\"@id\":\"https:\\\/\\\/www.p31noticias.com.br\\\/?p=18653\",\"url\":\"https:\\\/\\\/www.p31noticias.com.br\\\/?p=18653\",\"name\":\"Foragido do atentado ao Porta dos Fundos ataca Lula e Boulos - P31\",\"isPartOf\":{\"@id\":\"https:\\\/\\\/www.p31noticias.com.br\\\/#website\"},\"primaryImageOfPage\":{\"@id\":\"https:\\\/\\\/www.p31noticias.com.br\\\/?p=18653#primaryimage\"},\"image\":{\"@id\":\"https:\\\/\\\/www.p31noticias.com.br\\\/?p=18653#primaryimage\"},\"thumbnailUrl\":\"https:\\\/\\\/www.p31noticias.com.br\\\/wp-content\\\/uploads\\\/2020\\\/01\\\/foragido-do-atentado-ao-Porta-dos-Fundos.png\",\"datePublished\":\"2020-01-04T15:58:31+00:00\",\"author\":{\"@id\":\"https:\\\/\\\/www.p31noticias.com.br\\\/#\\\/schema\\\/person\\\/77d6b186c710ac38937c6ec204fdd387\"},\"breadcrumb\":{\"@id\":\"https:\\\/\\\/www.p31noticias.com.br\\\/?p=18653#breadcrumb\"},\"inLanguage\":\"pt-BR\",\"potentialAction\":[{\"@type\":\"ReadAction\",\"target\":[\"https:\\\/\\\/www.p31noticias.com.br\\\/?p=18653\"]}]},{\"@type\":\"ImageObject\",\"inLanguage\":\"pt-BR\",\"@id\":\"https:\\\/\\\/www.p31noticias.com.br\\\/?p=18653#primaryimage\",\"url\":\"https:\\\/\\\/www.p31noticias.com.br\\\/wp-content\\\/uploads\\\/2020\\\/01\\\/foragido-do-atentado-ao-Porta-dos-Fundos.png\",\"contentUrl\":\"https:\\\/\\\/www.p31noticias.com.br\\\/wp-content\\\/uploads\\\/2020\\\/01\\\/foragido-do-atentado-ao-Porta-dos-Fundos.png\",\"width\":1250,\"height\":600},{\"@type\":\"BreadcrumbList\",\"@id\":\"https:\\\/\\\/www.p31noticias.com.br\\\/?p=18653#breadcrumb\",\"itemListElement\":[{\"@type\":\"ListItem\",\"position\":1,\"name\":\"In\u00edcio\",\"item\":\"https:\\\/\\\/www.p31noticias.com.br\\\/\"},{\"@type\":\"ListItem\",\"position\":2,\"name\":\"Foragido do atentado ao Porta dos Fundos ataca Lula e Boulos\"}]},{\"@type\":\"WebSite\",\"@id\":\"https:\\\/\\\/www.p31noticias.com.br\\\/#website\",\"url\":\"https:\\\/\\\/www.p31noticias.com.br\\\/\",\"name\":\"P31\",\"description\":\"NOT\u00cdCIAS\",\"potentialAction\":[{\"@type\":\"SearchAction\",\"target\":{\"@type\":\"EntryPoint\",\"urlTemplate\":\"https:\\\/\\\/www.p31noticias.com.br\\\/?s={search_term_string}\"},\"query-input\":{\"@type\":\"PropertyValueSpecification\",\"valueRequired\":true,\"valueName\":\"search_term_string\"}}],\"inLanguage\":\"pt-BR\"},{\"@type\":\"Person\",\"@id\":\"https:\\\/\\\/www.p31noticias.com.br\\\/#\\\/schema\\\/person\\\/77d6b186c710ac38937c6ec204fdd387\",\"name\":\"Reda\u00e7\u00e3o JBN\",\"image\":{\"@type\":\"ImageObject\",\"inLanguage\":\"pt-BR\",\"@id\":\"https:\\\/\\\/secure.gravatar.com\\\/avatar\\\/10fcdb93211f98cce3d64c0795b0915a9a4a21dc0f279238995a3dbfafcad090?s=96&d=mm&r=g\",\"url\":\"https:\\\/\\\/secure.gravatar.com\\\/avatar\\\/10fcdb93211f98cce3d64c0795b0915a9a4a21dc0f279238995a3dbfafcad090?s=96&d=mm&r=g\",\"contentUrl\":\"https:\\\/\\\/secure.gravatar.com\\\/avatar\\\/10fcdb93211f98cce3d64c0795b0915a9a4a21dc0f279238995a3dbfafcad090?s=96&d=mm&r=g\",\"caption\":\"Reda\u00e7\u00e3o JBN\"},\"sameAs\":[\"https:\\\/\\\/p31noticias.com.br\"],\"url\":\"https:\\\/\\\/www.p31noticias.com.br\\\/?author=18\"}]}<\/script>\n<!-- \/ Yoast SEO Premium plugin. -->","yoast_head_json":{"title":"Foragido do atentado ao Porta dos Fundos ataca Lula e Boulos - P31","robots":{"index":"index","follow":"follow","max-snippet":"max-snippet:-1","max-image-preview":"max-image-preview:large","max-video-preview":"max-video-preview:-1"},"canonical":"https:\/\/www.p31noticias.com.br\/?p=18653","og_locale":"pt_BR","og_type":"article","og_title":"Foragido do atentado ao Porta dos Fundos ataca Lula e Boulos","og_description":"O v\u00eddeo foi gravado no mesmo quarto\u00a0do \u00faltimo v\u00eddeo que veio \u00e0 tona, em que desafia a pol\u00edcia e chama os integrantes do Porta dos Fundos de &#8220;criminosos, marginais, s\u00e3o bandidos&#8221;. Na nova mensagem, o suspeito indica que ela foi gravada nos \u00faltimos dias, j\u00e1 que cita que &#8220;nessa semana&#8221; foi encontrado em sua casa [&hellip;]","og_url":"https:\/\/www.p31noticias.com.br\/?p=18653","og_site_name":"P31","article_published_time":"2020-01-04T15:58:31+00:00","og_image":[{"width":1250,"height":600,"url":"https:\/\/www.p31noticias.com.br\/wp-content\/uploads\/2020\/01\/foragido-do-atentado-ao-Porta-dos-Fundos.png","type":"image\/png"}],"author":"Reda\u00e7\u00e3o JBN","twitter_card":"summary_large_image","twitter_misc":{"Escrito por":"Reda\u00e7\u00e3o JBN","Est. tempo de leitura":"1 minuto"},"schema":{"@context":"https:\/\/schema.org","@graph":[{"@type":"Article","@id":"https:\/\/www.p31noticias.com.br\/?p=18653#article","isPartOf":{"@id":"https:\/\/www.p31noticias.com.br\/?p=18653"},"author":{"name":"Reda\u00e7\u00e3o JBN","@id":"https:\/\/www.p31noticias.com.br\/#\/schema\/person\/77d6b186c710ac38937c6ec204fdd387"},"headline":"Foragido do atentado ao Porta dos Fundos ataca Lula e Boulos","datePublished":"2020-01-04T15:58:31+00:00","mainEntityOfPage":{"@id":"https:\/\/www.p31noticias.com.br\/?p=18653"},"wordCount":184,"commentCount":0,"image":{"@id":"https:\/\/www.p31noticias.com.br\/?p=18653#primaryimage"},"thumbnailUrl":"https:\/\/www.p31noticias.com.br\/wp-content\/uploads\/2020\/01\/foragido-do-atentado-ao-Porta-dos-Fundos.png","articleSection":["Brasil"],"inLanguage":"pt-BR","potentialAction":[{"@type":"CommentAction","name":"Comment","target":["https:\/\/www.p31noticias.com.br\/?p=18653#respond"]}],"copyrightYear":"2020","copyrightHolder":{"@id":"https:\/\/www.p31noticias.com.br\/#organization"}},{"@type":"WebPage","@id":"https:\/\/www.p31noticias.com.br\/?p=18653","url":"https:\/\/www.p31noticias.com.br\/?p=18653","name":"Foragido do atentado ao Porta dos Fundos ataca Lula e Boulos - P31","isPartOf":{"@id":"https:\/\/www.p31noticias.com.br\/#website"},"primaryImageOfPage":{"@id":"https:\/\/www.p31noticias.com.br\/?p=18653#primaryimage"},"image":{"@id":"https:\/\/www.p31noticias.com.br\/?p=18653#primaryimage"},"thumbnailUrl":"https:\/\/www.p31noticias.com.br\/wp-content\/uploads\/2020\/01\/foragido-do-atentado-ao-Porta-dos-Fundos.png","datePublished":"2020-01-04T15:58:31+00:00","author":{"@id":"https:\/\/www.p31noticias.com.br\/#\/schema\/person\/77d6b186c710ac38937c6ec204fdd387"},"breadcrumb":{"@id":"https:\/\/www.p31noticias.com.br\/?p=18653#breadcrumb"},"inLanguage":"pt-BR","potentialAction":[{"@type":"ReadAction","target":["https:\/\/www.p31noticias.com.br\/?p=18653"]}]},{"@type":"ImageObject","inLanguage":"pt-BR","@id":"https:\/\/www.p31noticias.com.br\/?p=18653#primaryimage","url":"https:\/\/www.p31noticias.com.br\/wp-content\/uploads\/2020\/01\/foragido-do-atentado-ao-Porta-dos-Fundos.png","contentUrl":"https:\/\/www.p31noticias.com.br\/wp-content\/uploads\/2020\/01\/foragido-do-atentado-ao-Porta-dos-Fundos.png","width":1250,"height":600},{"@type":"BreadcrumbList","@id":"https:\/\/www.p31noticias.com.br\/?p=18653#breadcrumb","itemListElement":[{"@type":"ListItem","position":1,"name":"In\u00edcio","item":"https:\/\/www.p31noticias.com.br\/"},{"@type":"ListItem","position":2,"name":"Foragido do atentado ao Porta dos Fundos ataca Lula e Boulos"}]},{"@type":"WebSite","@id":"https:\/\/www.p31noticias.com.br\/#website","url":"https:\/\/www.p31noticias.com.br\/","name":"P31","description":"NOT\u00cdCIAS","potentialAction":[{"@type":"SearchAction","target":{"@type":"EntryPoint","urlTemplate":"https:\/\/www.p31noticias.com.br\/?s={search_term_string}"},"query-input":{"@type":"PropertyValueSpecification","valueRequired":true,"valueName":"search_term_string"}}],"inLanguage":"pt-BR"},{"@type":"Person","@id":"https:\/\/www.p31noticias.com.br\/#\/schema\/person\/77d6b186c710ac38937c6ec204fdd387","name":"Reda\u00e7\u00e3o JBN","image":{"@type":"ImageObject","inLanguage":"pt-BR","@id":"https:\/\/secure.gravatar.com\/avatar\/10fcdb93211f98cce3d64c0795b0915a9a4a21dc0f279238995a3dbfafcad090?s=96&d=mm&r=g","url":"https:\/\/secure.gravatar.com\/avatar\/10fcdb93211f98cce3d64c0795b0915a9a4a21dc0f279238995a3dbfafcad090?s=96&d=mm&r=g","contentUrl":"https:\/\/secure.gravatar.com\/avatar\/10fcdb93211f98cce3d64c0795b0915a9a4a21dc0f279238995a3dbfafcad090?s=96&d=mm&r=g","caption":"Reda\u00e7\u00e3o JBN"},"sameAs":["https:\/\/p31noticias.com.br"],"url":"https:\/\/www.p31noticias.com.br\/?author=18"}]}},"amp_enabled":true,"_links":{"self":[{"href":"https:\/\/www.p31noticias.com.br\/index.php?rest_route=\/wp\/v2\/posts\/18653","targetHints":{"allow":["GET"]}}],"collection":[{"href":"https:\/\/www.p31noticias.com.br\/index.php?rest_route=\/wp\/v2\/posts"}],"about":[{"href":"https:\/\/www.p31noticias.com.br\/index.php?rest_route=\/wp\/v2\/types\/post"}],"author":[{"embeddable":true,"href":"https:\/\/www.p31noticias.com.br\/index.php?rest_route=\/wp\/v2\/users\/18"}],"replies":[{"embeddable":true,"href":"https:\/\/www.p31noticias.com.br\/index.php?rest_route=%2Fwp%2Fv2%2Fcomments&post=18653"}],"version-history":[{"count":0,"href":"https:\/\/www.p31noticias.com.br\/index.php?rest_route=\/wp\/v2\/posts\/18653\/revisions"}],"wp:featuredmedia":[{"embeddable":true,"href":"https:\/\/www.p31noticias.com.br\/index.php?rest_route=\/wp\/v2\/media\/18654"}],"wp:attachment":[{"href":"https:\/\/www.p31noticias.com.br\/index.php?rest_route=%2Fwp%2Fv2%2Fmedia&parent=18653"}],"wp:term":[{"taxonomy":"category","embeddable":true,"href":"https:\/\/www.p31noticias.com.br\/index.php?rest_route=%2Fwp%2Fv2%2Fcategories&post=18653"},{"taxonomy":"post_tag","embeddable":true,"href":"https:\/\/www.p31noticias.com.br\/index.php?rest_route=%2Fwp%2Fv2%2Ftags&post=18653"}],"curies":[{"name":"wp","href":"https:\/\/api.w.org\/{rel}","templated":true}]}}