{"id":18623,"date":"2019-12-11T13:51:25","date_gmt":"2019-12-11T16:51:25","guid":{"rendered":"https:\/\/www.delioandrade.com.br\/?p=18623"},"modified":"2019-12-11T13:51:25","modified_gmt":"2019-12-11T16:51:25","slug":"deivid-lopes-ex-chefe-de-gabinete-de-telma-rufino-pros-depoe-na-pcdf","status":"publish","type":"post","link":"https:\/\/www.p31noticias.com.br\/?p=18623","title":{"rendered":"Deivid Lopes Ex-chefe de gabinete de Telma Rufino (Pros) dep\u00f5e na PCDF"},"content":{"rendered":"<h3>Uma pessoa para l\u00e1 de pol\u00eamica ainda promete dar muita dor de cabe\u00e7a aos integrantes da pol\u00edtica local. Deivid Lopes, ex-chefe de gabinete da ent\u00e3o suplente Telma Rufino (Pros), trabalhou na campanha do distrital Fernando Fernandes (Pros\/foto), onde virou colaborador da Justi\u00e7a e abriu o boca na \u00faltima quinta (5).<\/h3>\n<h3>Documenta\u00e7\u00e3o vasta<\/h3>\n<p>Segundo fontes, o depoimento de Lopes, que inicialmente estava agendado para a ter\u00e7a passada, teria durado de quatro a cinco horas e transitou entre as diferentes vertentes das investiga\u00e7\u00f5es encabe\u00e7ada pela Pol\u00edcia Civil. Tamb\u00e9m est\u00e3o de posse dos investigadores uma vasta quantidade de \u00e1udios e v\u00eddeos, al\u00e9m de uma leva consider\u00e1vel de documentos ainda n\u00e3o totalmente apreciados.<\/p>\n<h3>Avan\u00e7o investigat\u00f3rio<\/h3>\n<p>Uma dela\u00e7\u00e3o premiada tem sido evitada pelo colaborador, mas ainda \u00e9 entendida como poss\u00edvel pelos agentes. At\u00e9 o momento, a Pol\u00edcia Civil e o Minist\u00e9rio P\u00fablico do DF j\u00e1 adiantaram tr\u00eas dos inqu\u00e9ritos existentes contra Fernando Fernandes. A coluna apurou, no entanto, que novas investiga\u00e7\u00f5es contra o ex-delegado podem surgir.<\/p>\n<h3>MEC fora do ar<\/h3>\n<p>As metas do Plano Nacional de Educa\u00e7\u00e3o est\u00e3o em risco de n\u00e3o serem conclu\u00eddas at\u00e9 o prazo final, em 2024. Dados oficiais mostram que a inatividade do Minist\u00e9rio este ano comprometeu os investimentos no ensino nas diferentes esferas escolares. As maiores cr\u00edticas vieram do deputado federal Prof. Israel (PV\/Foto) que preside a Subcomiss\u00e3o Especial de Acompanhamento do PNE.<\/p>\n<div id=\"jorna-443692795\" class=\"jorna-teads\"><\/div>\n<h3>Lamento oficial<\/h3>\n<p>O \u00f3rg\u00e3o est\u00e1 em fase de conclus\u00e3o do diagn\u00f3stico de cada uma das metas e na an\u00e1lise dos status de sua implanta\u00e7\u00e3o at\u00e9 o momento. Uma coisa \u00e9 certa: os n\u00fameros n\u00e3o agradam. \u201cO MEC mostra-se anenc\u00e9falo e inerte, o que prejudica sobretudo as pol\u00edticas de Educa\u00e7\u00e3o de estados e munic\u00edpios\u201d, lamentou Israel.<\/p>\n<h3>Luta contra o Feminic\u00eddio<\/h3>\n<p>Em meio ao surto de feminic\u00eddios que assola a capital, a Secretaria de Seguran\u00e7a P\u00fablica capacitou, em parceria com o TJDFT, 333 funcion\u00e1rios da linha de frente do atendimento \u00e0 comunidade, para melhorar o atendimento \u00e0s mulheres em situa\u00e7\u00e3o de viol\u00eancia. Outros 720 policiais militares participaram de palestras com foco na pol\u00edtica p\u00fablica de enfrentamento \u00e0 viol\u00eancia dom\u00e9stica, com base na Lei Maria da Penha.<\/p>\n<h3>Defesa da pauta<\/h3>\n<p>Defensora da causa, a federal Paula Belmonte (Cidadania) prop\u00f4s que 25% das indeniza\u00e7\u00f5es oriundas de problemas na extra\u00e7\u00e3o de min\u00e9rios sejam destinados a projetos da primeira inf\u00e2ncia. A Compensa\u00e7\u00e3o Financeira pela Explora\u00e7\u00e3o de Recursos Minerais j\u00e1 \u00e9 uma contrapartida paga \u00e0 Uni\u00e3o. No entanto, a parlamentar tem procurado vincular esses recursos.<\/p>\n","protected":false},"excerpt":{"rendered":"<p>Uma pessoa para l\u00e1 de pol\u00eamica ainda promete dar muita dor de cabe\u00e7a aos integrantes da pol\u00edtica local. Deivid Lopes, ex-chefe de gabinete da ent\u00e3o suplente Telma Rufino (Pros), trabalhou na campanha do distrital Fernando Fernandes (Pros\/foto), onde virou colaborador da Justi\u00e7a e abriu o boca na \u00faltima quinta (5). Documenta\u00e7\u00e3o vasta Segundo fontes, o [&hellip;]<\/p>\n","protected":false},"author":18,"featured_media":18624,"comment_status":"open","ping_status":"open","sticky":false,"template":"","format":"standard","meta":{"footnotes":""},"categories":[1],"tags":[],"class_list":{"0":"post-18623","1":"post","2":"type-post","3":"status-publish","4":"format-standard","5":"has-post-thumbnail","7":"category-outros"},"yoast_head":"<!-- This site is optimized with the Yoast SEO Premium plugin v24.5 (Yoast SEO v27.5) - https:\/\/yoast.com\/product\/yoast-seo-premium-wordpress\/ -->\n<title>Deivid Lopes Ex-chefe de gabinete de Telma Rufino (Pros) dep\u00f5e na PCDF - P31<\/title>\n<meta name=\"robots\" content=\"index, follow, max-snippet:-1, max-image-preview:large, max-video-preview:-1\" \/>\n<link rel=\"canonical\" href=\"https:\/\/www.p31noticias.com.br\/?p=18623\" \/>\n<meta property=\"og:locale\" content=\"pt_BR\" \/>\n<meta property=\"og:type\" content=\"article\" \/>\n<meta property=\"og:title\" content=\"Deivid Lopes Ex-chefe de gabinete de Telma Rufino (Pros) dep\u00f5e na PCDF\" \/>\n<meta property=\"og:description\" content=\"Uma pessoa para l\u00e1 de pol\u00eamica ainda promete dar muita dor de cabe\u00e7a aos integrantes da pol\u00edtica local. Deivid Lopes, ex-chefe de gabinete da ent\u00e3o suplente Telma Rufino (Pros), trabalhou na campanha do distrital Fernando Fernandes (Pros\/foto), onde virou colaborador da Justi\u00e7a e abriu o boca na \u00faltima quinta (5). Documenta\u00e7\u00e3o vasta Segundo fontes, o [&hellip;]\" \/>\n<meta property=\"og:url\" content=\"https:\/\/www.p31noticias.com.br\/?p=18623\" \/>\n<meta property=\"og:site_name\" content=\"P31\" \/>\n<meta property=\"article:published_time\" content=\"2019-12-11T16:51:25+00:00\" \/>\n<meta property=\"og:image\" content=\"https:\/\/www.p31noticias.com.br\/wp-content\/uploads\/2019\/12\/10pol7f1path-scaled-e1576083071255.jpg\" \/>\n\t<meta property=\"og:image:width\" content=\"1336\" \/>\n\t<meta property=\"og:image:height\" content=\"972\" \/>\n\t<meta property=\"og:image:type\" content=\"image\/jpeg\" \/>\n<meta name=\"author\" content=\"Reda\u00e7\u00e3o JBN\" \/>\n<meta name=\"twitter:card\" content=\"summary_large_image\" \/>\n<meta name=\"twitter:label1\" content=\"Escrito por\" \/>\n\t<meta name=\"twitter:data1\" content=\"Reda\u00e7\u00e3o JBN\" \/>\n\t<meta name=\"twitter:label2\" content=\"Est. tempo de leitura\" \/>\n\t<meta name=\"twitter:data2\" content=\"2 minutos\" \/>\n<script type=\"application\/ld+json\" class=\"yoast-schema-graph\">{\"@context\":\"https:\\\/\\\/schema.org\",\"@graph\":[{\"@type\":\"Article\",\"@id\":\"https:\\\/\\\/www.p31noticias.com.br\\\/?p=18623#article\",\"isPartOf\":{\"@id\":\"https:\\\/\\\/www.p31noticias.com.br\\\/?p=18623\"},\"author\":{\"name\":\"Reda\u00e7\u00e3o JBN\",\"@id\":\"https:\\\/\\\/www.p31noticias.com.br\\\/#\\\/schema\\\/person\\\/77d6b186c710ac38937c6ec204fdd387\"},\"headline\":\"Deivid Lopes Ex-chefe de gabinete de Telma Rufino (Pros) dep\u00f5e na PCDF\",\"datePublished\":\"2019-12-11T16:51:25+00:00\",\"mainEntityOfPage\":{\"@id\":\"https:\\\/\\\/www.p31noticias.com.br\\\/?p=18623\"},\"wordCount\":468,\"commentCount\":0,\"image\":{\"@id\":\"https:\\\/\\\/www.p31noticias.com.br\\\/?p=18623#primaryimage\"},\"thumbnailUrl\":\"https:\\\/\\\/www.p31noticias.com.br\\\/wp-content\\\/uploads\\\/2019\\\/12\\\/10pol7f1path-scaled-e1576083071255.jpg\",\"articleSection\":[\"Outros\"],\"inLanguage\":\"pt-BR\",\"potentialAction\":[{\"@type\":\"CommentAction\",\"name\":\"Comment\",\"target\":[\"https:\\\/\\\/www.p31noticias.com.br\\\/?p=18623#respond\"]}],\"copyrightYear\":\"2019\",\"copyrightHolder\":{\"@id\":\"https:\\\/\\\/www.p31noticias.com.br\\\/#organization\"}},{\"@type\":\"WebPage\",\"@id\":\"https:\\\/\\\/www.p31noticias.com.br\\\/?p=18623\",\"url\":\"https:\\\/\\\/www.p31noticias.com.br\\\/?p=18623\",\"name\":\"Deivid Lopes Ex-chefe de gabinete de Telma Rufino (Pros) dep\u00f5e na PCDF - P31\",\"isPartOf\":{\"@id\":\"https:\\\/\\\/www.p31noticias.com.br\\\/#website\"},\"primaryImageOfPage\":{\"@id\":\"https:\\\/\\\/www.p31noticias.com.br\\\/?p=18623#primaryimage\"},\"image\":{\"@id\":\"https:\\\/\\\/www.p31noticias.com.br\\\/?p=18623#primaryimage\"},\"thumbnailUrl\":\"https:\\\/\\\/www.p31noticias.com.br\\\/wp-content\\\/uploads\\\/2019\\\/12\\\/10pol7f1path-scaled-e1576083071255.jpg\",\"datePublished\":\"2019-12-11T16:51:25+00:00\",\"author\":{\"@id\":\"https:\\\/\\\/www.p31noticias.com.br\\\/#\\\/schema\\\/person\\\/77d6b186c710ac38937c6ec204fdd387\"},\"breadcrumb\":{\"@id\":\"https:\\\/\\\/www.p31noticias.com.br\\\/?p=18623#breadcrumb\"},\"inLanguage\":\"pt-BR\",\"potentialAction\":[{\"@type\":\"ReadAction\",\"target\":[\"https:\\\/\\\/www.p31noticias.com.br\\\/?p=18623\"]}]},{\"@type\":\"ImageObject\",\"inLanguage\":\"pt-BR\",\"@id\":\"https:\\\/\\\/www.p31noticias.com.br\\\/?p=18623#primaryimage\",\"url\":\"https:\\\/\\\/www.p31noticias.com.br\\\/wp-content\\\/uploads\\\/2019\\\/12\\\/10pol7f1path-scaled-e1576083071255.jpg\",\"contentUrl\":\"https:\\\/\\\/www.p31noticias.com.br\\\/wp-content\\\/uploads\\\/2019\\\/12\\\/10pol7f1path-scaled-e1576083071255.jpg\",\"width\":1336,\"height\":972},{\"@type\":\"BreadcrumbList\",\"@id\":\"https:\\\/\\\/www.p31noticias.com.br\\\/?p=18623#breadcrumb\",\"itemListElement\":[{\"@type\":\"ListItem\",\"position\":1,\"name\":\"In\u00edcio\",\"item\":\"https:\\\/\\\/www.p31noticias.com.br\\\/\"},{\"@type\":\"ListItem\",\"position\":2,\"name\":\"Deivid Lopes Ex-chefe de gabinete de Telma Rufino (Pros) dep\u00f5e na PCDF\"}]},{\"@type\":\"WebSite\",\"@id\":\"https:\\\/\\\/www.p31noticias.com.br\\\/#website\",\"url\":\"https:\\\/\\\/www.p31noticias.com.br\\\/\",\"name\":\"P31\",\"description\":\"NOT\u00cdCIAS\",\"potentialAction\":[{\"@type\":\"SearchAction\",\"target\":{\"@type\":\"EntryPoint\",\"urlTemplate\":\"https:\\\/\\\/www.p31noticias.com.br\\\/?s={search_term_string}\"},\"query-input\":{\"@type\":\"PropertyValueSpecification\",\"valueRequired\":true,\"valueName\":\"search_term_string\"}}],\"inLanguage\":\"pt-BR\"},{\"@type\":\"Person\",\"@id\":\"https:\\\/\\\/www.p31noticias.com.br\\\/#\\\/schema\\\/person\\\/77d6b186c710ac38937c6ec204fdd387\",\"name\":\"Reda\u00e7\u00e3o JBN\",\"image\":{\"@type\":\"ImageObject\",\"inLanguage\":\"pt-BR\",\"@id\":\"https:\\\/\\\/secure.gravatar.com\\\/avatar\\\/10fcdb93211f98cce3d64c0795b0915a9a4a21dc0f279238995a3dbfafcad090?s=96&d=mm&r=g\",\"url\":\"https:\\\/\\\/secure.gravatar.com\\\/avatar\\\/10fcdb93211f98cce3d64c0795b0915a9a4a21dc0f279238995a3dbfafcad090?s=96&d=mm&r=g\",\"contentUrl\":\"https:\\\/\\\/secure.gravatar.com\\\/avatar\\\/10fcdb93211f98cce3d64c0795b0915a9a4a21dc0f279238995a3dbfafcad090?s=96&d=mm&r=g\",\"caption\":\"Reda\u00e7\u00e3o JBN\"},\"sameAs\":[\"https:\\\/\\\/p31noticias.com.br\"],\"url\":\"https:\\\/\\\/www.p31noticias.com.br\\\/?author=18\"}]}<\/script>\n<!-- \/ Yoast SEO Premium plugin. -->","yoast_head_json":{"title":"Deivid Lopes Ex-chefe de gabinete de Telma Rufino (Pros) dep\u00f5e na PCDF - P31","robots":{"index":"index","follow":"follow","max-snippet":"max-snippet:-1","max-image-preview":"max-image-preview:large","max-video-preview":"max-video-preview:-1"},"canonical":"https:\/\/www.p31noticias.com.br\/?p=18623","og_locale":"pt_BR","og_type":"article","og_title":"Deivid Lopes Ex-chefe de gabinete de Telma Rufino (Pros) dep\u00f5e na PCDF","og_description":"Uma pessoa para l\u00e1 de pol\u00eamica ainda promete dar muita dor de cabe\u00e7a aos integrantes da pol\u00edtica local. Deivid Lopes, ex-chefe de gabinete da ent\u00e3o suplente Telma Rufino (Pros), trabalhou na campanha do distrital Fernando Fernandes (Pros\/foto), onde virou colaborador da Justi\u00e7a e abriu o boca na \u00faltima quinta (5). Documenta\u00e7\u00e3o vasta Segundo fontes, o [&hellip;]","og_url":"https:\/\/www.p31noticias.com.br\/?p=18623","og_site_name":"P31","article_published_time":"2019-12-11T16:51:25+00:00","og_image":[{"width":1336,"height":972,"url":"https:\/\/www.p31noticias.com.br\/wp-content\/uploads\/2019\/12\/10pol7f1path-scaled-e1576083071255.jpg","type":"image\/jpeg"}],"author":"Reda\u00e7\u00e3o JBN","twitter_card":"summary_large_image","twitter_misc":{"Escrito por":"Reda\u00e7\u00e3o JBN","Est. tempo de leitura":"2 minutos"},"schema":{"@context":"https:\/\/schema.org","@graph":[{"@type":"Article","@id":"https:\/\/www.p31noticias.com.br\/?p=18623#article","isPartOf":{"@id":"https:\/\/www.p31noticias.com.br\/?p=18623"},"author":{"name":"Reda\u00e7\u00e3o JBN","@id":"https:\/\/www.p31noticias.com.br\/#\/schema\/person\/77d6b186c710ac38937c6ec204fdd387"},"headline":"Deivid Lopes Ex-chefe de gabinete de Telma Rufino (Pros) dep\u00f5e na PCDF","datePublished":"2019-12-11T16:51:25+00:00","mainEntityOfPage":{"@id":"https:\/\/www.p31noticias.com.br\/?p=18623"},"wordCount":468,"commentCount":0,"image":{"@id":"https:\/\/www.p31noticias.com.br\/?p=18623#primaryimage"},"thumbnailUrl":"https:\/\/www.p31noticias.com.br\/wp-content\/uploads\/2019\/12\/10pol7f1path-scaled-e1576083071255.jpg","articleSection":["Outros"],"inLanguage":"pt-BR","potentialAction":[{"@type":"CommentAction","name":"Comment","target":["https:\/\/www.p31noticias.com.br\/?p=18623#respond"]}],"copyrightYear":"2019","copyrightHolder":{"@id":"https:\/\/www.p31noticias.com.br\/#organization"}},{"@type":"WebPage","@id":"https:\/\/www.p31noticias.com.br\/?p=18623","url":"https:\/\/www.p31noticias.com.br\/?p=18623","name":"Deivid Lopes Ex-chefe de gabinete de Telma Rufino (Pros) dep\u00f5e na PCDF - P31","isPartOf":{"@id":"https:\/\/www.p31noticias.com.br\/#website"},"primaryImageOfPage":{"@id":"https:\/\/www.p31noticias.com.br\/?p=18623#primaryimage"},"image":{"@id":"https:\/\/www.p31noticias.com.br\/?p=18623#primaryimage"},"thumbnailUrl":"https:\/\/www.p31noticias.com.br\/wp-content\/uploads\/2019\/12\/10pol7f1path-scaled-e1576083071255.jpg","datePublished":"2019-12-11T16:51:25+00:00","author":{"@id":"https:\/\/www.p31noticias.com.br\/#\/schema\/person\/77d6b186c710ac38937c6ec204fdd387"},"breadcrumb":{"@id":"https:\/\/www.p31noticias.com.br\/?p=18623#breadcrumb"},"inLanguage":"pt-BR","potentialAction":[{"@type":"ReadAction","target":["https:\/\/www.p31noticias.com.br\/?p=18623"]}]},{"@type":"ImageObject","inLanguage":"pt-BR","@id":"https:\/\/www.p31noticias.com.br\/?p=18623#primaryimage","url":"https:\/\/www.p31noticias.com.br\/wp-content\/uploads\/2019\/12\/10pol7f1path-scaled-e1576083071255.jpg","contentUrl":"https:\/\/www.p31noticias.com.br\/wp-content\/uploads\/2019\/12\/10pol7f1path-scaled-e1576083071255.jpg","width":1336,"height":972},{"@type":"BreadcrumbList","@id":"https:\/\/www.p31noticias.com.br\/?p=18623#breadcrumb","itemListElement":[{"@type":"ListItem","position":1,"name":"In\u00edcio","item":"https:\/\/www.p31noticias.com.br\/"},{"@type":"ListItem","position":2,"name":"Deivid Lopes Ex-chefe de gabinete de Telma Rufino (Pros) dep\u00f5e na PCDF"}]},{"@type":"WebSite","@id":"https:\/\/www.p31noticias.com.br\/#website","url":"https:\/\/www.p31noticias.com.br\/","name":"P31","description":"NOT\u00cdCIAS","potentialAction":[{"@type":"SearchAction","target":{"@type":"EntryPoint","urlTemplate":"https:\/\/www.p31noticias.com.br\/?s={search_term_string}"},"query-input":{"@type":"PropertyValueSpecification","valueRequired":true,"valueName":"search_term_string"}}],"inLanguage":"pt-BR"},{"@type":"Person","@id":"https:\/\/www.p31noticias.com.br\/#\/schema\/person\/77d6b186c710ac38937c6ec204fdd387","name":"Reda\u00e7\u00e3o JBN","image":{"@type":"ImageObject","inLanguage":"pt-BR","@id":"https:\/\/secure.gravatar.com\/avatar\/10fcdb93211f98cce3d64c0795b0915a9a4a21dc0f279238995a3dbfafcad090?s=96&d=mm&r=g","url":"https:\/\/secure.gravatar.com\/avatar\/10fcdb93211f98cce3d64c0795b0915a9a4a21dc0f279238995a3dbfafcad090?s=96&d=mm&r=g","contentUrl":"https:\/\/secure.gravatar.com\/avatar\/10fcdb93211f98cce3d64c0795b0915a9a4a21dc0f279238995a3dbfafcad090?s=96&d=mm&r=g","caption":"Reda\u00e7\u00e3o JBN"},"sameAs":["https:\/\/p31noticias.com.br"],"url":"https:\/\/www.p31noticias.com.br\/?author=18"}]}},"amp_enabled":true,"_links":{"self":[{"href":"https:\/\/www.p31noticias.com.br\/index.php?rest_route=\/wp\/v2\/posts\/18623","targetHints":{"allow":["GET"]}}],"collection":[{"href":"https:\/\/www.p31noticias.com.br\/index.php?rest_route=\/wp\/v2\/posts"}],"about":[{"href":"https:\/\/www.p31noticias.com.br\/index.php?rest_route=\/wp\/v2\/types\/post"}],"author":[{"embeddable":true,"href":"https:\/\/www.p31noticias.com.br\/index.php?rest_route=\/wp\/v2\/users\/18"}],"replies":[{"embeddable":true,"href":"https:\/\/www.p31noticias.com.br\/index.php?rest_route=%2Fwp%2Fv2%2Fcomments&post=18623"}],"version-history":[{"count":0,"href":"https:\/\/www.p31noticias.com.br\/index.php?rest_route=\/wp\/v2\/posts\/18623\/revisions"}],"wp:featuredmedia":[{"embeddable":true,"href":"https:\/\/www.p31noticias.com.br\/index.php?rest_route=\/wp\/v2\/media\/18624"}],"wp:attachment":[{"href":"https:\/\/www.p31noticias.com.br\/index.php?rest_route=%2Fwp%2Fv2%2Fmedia&parent=18623"}],"wp:term":[{"taxonomy":"category","embeddable":true,"href":"https:\/\/www.p31noticias.com.br\/index.php?rest_route=%2Fwp%2Fv2%2Fcategories&post=18623"},{"taxonomy":"post_tag","embeddable":true,"href":"https:\/\/www.p31noticias.com.br\/index.php?rest_route=%2Fwp%2Fv2%2Ftags&post=18623"}],"curies":[{"name":"wp","href":"https:\/\/api.w.org\/{rel}","templated":true}]}}