{"id":18618,"date":"2019-12-02T15:29:23","date_gmt":"2019-12-02T18:29:23","guid":{"rendered":"https:\/\/www.delioandrade.com.br\/?p=18618"},"modified":"2019-12-02T15:29:23","modified_gmt":"2019-12-02T18:29:23","slug":"df-plaza-recebe-caravana-de-natal-da-coca-cola","status":"publish","type":"post","link":"https:\/\/www.p31noticias.com.br\/?p=18618","title":{"rendered":"DF Plaza recebe caravana de Natal da Coca-Cola"},"content":{"rendered":"<p style=\"font-weight: 400;\">O DF Plaza Shopping recebe a Caravana de Natal da\u00a0Coca-Cola, no dia 15 de dezembro, a partir das 19h. Na edi\u00e7\u00e3o deste ano, a caravana visita o shopping com oito caminh\u00f5es e 3 carros, onde as pessoas poder\u00e3o interagir com os personagens \u00edcones da Caravana\u00a0Coca-Cola: Papai Noel, \u201cNoeletes\u201d e o divertido Urso Polar, al\u00e9m de luzes, decora\u00e7\u00e3o especial, brincadeiras e um momento l\u00fadico para a crian\u00e7ada.<\/p>\n<p style=\"font-weight: 400;\">Pelo terceiro ano, a Brasal\u00a0Refrigerantes, representante da marca na regi\u00e3o, renova parceria com a Casa Azul Felipe Augusto, uma das 100 Melhores ONGs do Brasil segundo avalia\u00e7\u00e3o do Instituto Doar e da Revista \u00c9poca. A caravana promove a divulga\u00e7\u00e3o do projeto de ado\u00e7\u00e3o de 1200 crian\u00e7as e adolescentes com a compra de kits escolares. As\u00a0novidades sobre a Caravana de Natal\u00a0Coca-Cola\u00a0em Bras\u00edlia podem tamb\u00e9m ser acompanhadas nas redes sociais da @brasalrefrigerantes. As postagens ser\u00e3o acompanhadas pelas hastags #melhorjuntos, #caravanailuminada, #brasalrefrigerantes e #juntosamagiaacontece para facilitar as buscas.<\/p>\n<p style=\"font-weight: 400;\">A programa\u00e7\u00e3o de Natal do DF Plaza inclui ainda o\u00a0<strong>Brinqued\u00e3o Floresta Encantada (R$ 25),\u00a0<\/strong>espa\u00e7o infantil interativo com playground de torre, t\u00faneis na casa de \u00e1rvore, escorregador e piscina de bolinhas, tudo muito decorado com os animais que vieram com Papai Noel para este Natal, na pra\u00e7a central do shopping. Todos os domingos,\u00a0uma programa\u00e7\u00e3o teatral de Natal em dezembro, \u00e0s 15h, no Espa\u00e7o Cultural do mal.<\/p>\n<p style=\"font-weight: 400;\"><strong><u>Servi\u00e7o<\/u><\/strong><\/p>\n<p style=\"font-weight: 400;\"><strong>DF Plaza Shopping<\/strong><br \/>\nEndere\u00e7o: Rua Copa\u00edba, Lote 1 \u2013 \u00c1guas Claras Norte<br \/>\nHor\u00e1rio de funcionamento: segunda a s\u00e1bado, das 10h \u00e0s 22h e domingos e feriados lojas das 14h \u00e0s 20h e alimenta\u00e7\u00e3o das 12h \u00e0s 22h.<\/p>\n<p style=\"font-weight: 400;\">A partir do dia 15\/12, o shopping encerrar\u00e1 as atividades 1 hora mais tarde, \u00e0s 23h.<br \/>\nTelefone: (61) 3451 5750<br \/>\n<a href=\"http:\/\/www.dfplaza.com.br\/\" data-saferedirecturl=\"https:\/\/www.google.com\/url?q=http:\/\/www.dfplaza.com.br\/&amp;source=gmail&amp;ust=1575393541534000&amp;usg=AFQjCNG7obL6XZznrCbg-im2C4bkmzZlHw\">www.dfplaza.com.br<\/a><br \/>\nFacebook:\u00a0<a href=\"http:\/\/facebook.com\/shoppingdfplaza\" data-saferedirecturl=\"https:\/\/www.google.com\/url?q=http:\/\/facebook.com\/shoppingdfplaza&amp;source=gmail&amp;ust=1575393541534000&amp;usg=AFQjCNGjP5o4nAV_URrnSQhohSulDa1xYQ\">facebook.com\/shoppingdfplaza<\/a><br \/>\nInstagram:\u00a0<a href=\"http:\/\/instagram.com\/dfplazashopping\" data-saferedirecturl=\"https:\/\/www.google.com\/url?q=http:\/\/instagram.com\/dfplazashopping&amp;source=gmail&amp;ust=1575393541534000&amp;usg=AFQjCNHW4QY9Pnfj7M1gqGCH4f_buqtc5A\">instagram.com\/dfplazashopping<\/a><\/p>\n","protected":false},"excerpt":{"rendered":"<p>O DF Plaza Shopping recebe a Caravana de Natal da\u00a0Coca-Cola, no dia 15 de dezembro, a partir das 19h. Na edi\u00e7\u00e3o deste ano, a caravana visita o shopping com oito caminh\u00f5es e 3 carros, onde as pessoas poder\u00e3o interagir com os personagens \u00edcones da Caravana\u00a0Coca-Cola: Papai Noel, \u201cNoeletes\u201d e o divertido Urso Polar, al\u00e9m de [&hellip;]<\/p>\n","protected":false},"author":18,"featured_media":18619,"comment_status":"open","ping_status":"open","sticky":false,"template":"","format":"standard","meta":{"footnotes":""},"categories":[1],"tags":[],"class_list":{"0":"post-18618","1":"post","2":"type-post","3":"status-publish","4":"format-standard","5":"has-post-thumbnail","7":"category-outros"},"yoast_head":"<!-- This site is optimized with the Yoast SEO Premium plugin v24.5 (Yoast SEO v27.5) - https:\/\/yoast.com\/product\/yoast-seo-premium-wordpress\/ -->\n<title>DF Plaza recebe caravana de Natal da Coca-Cola - P31<\/title>\n<meta name=\"robots\" content=\"index, follow, max-snippet:-1, max-image-preview:large, max-video-preview:-1\" \/>\n<link rel=\"canonical\" href=\"https:\/\/www.p31noticias.com.br\/?p=18618\" \/>\n<meta property=\"og:locale\" content=\"pt_BR\" \/>\n<meta property=\"og:type\" content=\"article\" \/>\n<meta property=\"og:title\" content=\"DF Plaza recebe caravana de Natal da Coca-Cola\" \/>\n<meta property=\"og:description\" content=\"O DF Plaza Shopping recebe a Caravana de Natal da\u00a0Coca-Cola, no dia 15 de dezembro, a partir das 19h. Na edi\u00e7\u00e3o deste ano, a caravana visita o shopping com oito caminh\u00f5es e 3 carros, onde as pessoas poder\u00e3o interagir com os personagens \u00edcones da Caravana\u00a0Coca-Cola: Papai Noel, \u201cNoeletes\u201d e o divertido Urso Polar, al\u00e9m de [&hellip;]\" \/>\n<meta property=\"og:url\" content=\"https:\/\/www.p31noticias.com.br\/?p=18618\" \/>\n<meta property=\"og:site_name\" content=\"P31\" \/>\n<meta property=\"article:published_time\" content=\"2019-12-02T18:29:23+00:00\" \/>\n<meta property=\"og:image\" content=\"https:\/\/www.p31noticias.com.br\/wp-content\/uploads\/2019\/12\/CARAVANA-DA-COCA-COLA-NO-DF-PLAZA-1024x683.jpg\" \/>\n\t<meta property=\"og:image:width\" content=\"1024\" \/>\n\t<meta property=\"og:image:height\" content=\"683\" \/>\n\t<meta property=\"og:image:type\" content=\"image\/jpeg\" \/>\n<meta name=\"author\" content=\"Reda\u00e7\u00e3o JBN\" \/>\n<meta name=\"twitter:card\" content=\"summary_large_image\" \/>\n<meta name=\"twitter:label1\" content=\"Escrito por\" \/>\n\t<meta name=\"twitter:data1\" content=\"Reda\u00e7\u00e3o JBN\" \/>\n\t<meta name=\"twitter:label2\" content=\"Est. tempo de leitura\" \/>\n\t<meta name=\"twitter:data2\" content=\"2 minutos\" \/>\n<script type=\"application\/ld+json\" class=\"yoast-schema-graph\">{\"@context\":\"https:\\\/\\\/schema.org\",\"@graph\":[{\"@type\":\"Article\",\"@id\":\"https:\\\/\\\/www.p31noticias.com.br\\\/?p=18618#article\",\"isPartOf\":{\"@id\":\"https:\\\/\\\/www.p31noticias.com.br\\\/?p=18618\"},\"author\":{\"name\":\"Reda\u00e7\u00e3o JBN\",\"@id\":\"https:\\\/\\\/www.p31noticias.com.br\\\/#\\\/schema\\\/person\\\/77d6b186c710ac38937c6ec204fdd387\"},\"headline\":\"DF Plaza recebe caravana de Natal da Coca-Cola\",\"datePublished\":\"2019-12-02T18:29:23+00:00\",\"mainEntityOfPage\":{\"@id\":\"https:\\\/\\\/www.p31noticias.com.br\\\/?p=18618\"},\"wordCount\":319,\"commentCount\":0,\"image\":{\"@id\":\"https:\\\/\\\/www.p31noticias.com.br\\\/?p=18618#primaryimage\"},\"thumbnailUrl\":\"https:\\\/\\\/www.p31noticias.com.br\\\/wp-content\\\/uploads\\\/2019\\\/12\\\/CARAVANA-DA-COCA-COLA-NO-DF-PLAZA.jpg\",\"articleSection\":[\"Outros\"],\"inLanguage\":\"pt-BR\",\"potentialAction\":[{\"@type\":\"CommentAction\",\"name\":\"Comment\",\"target\":[\"https:\\\/\\\/www.p31noticias.com.br\\\/?p=18618#respond\"]}],\"copyrightYear\":\"2019\",\"copyrightHolder\":{\"@id\":\"https:\\\/\\\/www.p31noticias.com.br\\\/#organization\"}},{\"@type\":\"WebPage\",\"@id\":\"https:\\\/\\\/www.p31noticias.com.br\\\/?p=18618\",\"url\":\"https:\\\/\\\/www.p31noticias.com.br\\\/?p=18618\",\"name\":\"DF Plaza recebe caravana de Natal da Coca-Cola - P31\",\"isPartOf\":{\"@id\":\"https:\\\/\\\/www.p31noticias.com.br\\\/#website\"},\"primaryImageOfPage\":{\"@id\":\"https:\\\/\\\/www.p31noticias.com.br\\\/?p=18618#primaryimage\"},\"image\":{\"@id\":\"https:\\\/\\\/www.p31noticias.com.br\\\/?p=18618#primaryimage\"},\"thumbnailUrl\":\"https:\\\/\\\/www.p31noticias.com.br\\\/wp-content\\\/uploads\\\/2019\\\/12\\\/CARAVANA-DA-COCA-COLA-NO-DF-PLAZA.jpg\",\"datePublished\":\"2019-12-02T18:29:23+00:00\",\"author\":{\"@id\":\"https:\\\/\\\/www.p31noticias.com.br\\\/#\\\/schema\\\/person\\\/77d6b186c710ac38937c6ec204fdd387\"},\"breadcrumb\":{\"@id\":\"https:\\\/\\\/www.p31noticias.com.br\\\/?p=18618#breadcrumb\"},\"inLanguage\":\"pt-BR\",\"potentialAction\":[{\"@type\":\"ReadAction\",\"target\":[\"https:\\\/\\\/www.p31noticias.com.br\\\/?p=18618\"]}]},{\"@type\":\"ImageObject\",\"inLanguage\":\"pt-BR\",\"@id\":\"https:\\\/\\\/www.p31noticias.com.br\\\/?p=18618#primaryimage\",\"url\":\"https:\\\/\\\/www.p31noticias.com.br\\\/wp-content\\\/uploads\\\/2019\\\/12\\\/CARAVANA-DA-COCA-COLA-NO-DF-PLAZA.jpg\",\"contentUrl\":\"https:\\\/\\\/www.p31noticias.com.br\\\/wp-content\\\/uploads\\\/2019\\\/12\\\/CARAVANA-DA-COCA-COLA-NO-DF-PLAZA.jpg\",\"width\":2048,\"height\":1365},{\"@type\":\"BreadcrumbList\",\"@id\":\"https:\\\/\\\/www.p31noticias.com.br\\\/?p=18618#breadcrumb\",\"itemListElement\":[{\"@type\":\"ListItem\",\"position\":1,\"name\":\"In\u00edcio\",\"item\":\"https:\\\/\\\/www.p31noticias.com.br\\\/\"},{\"@type\":\"ListItem\",\"position\":2,\"name\":\"DF Plaza recebe caravana de Natal da Coca-Cola\"}]},{\"@type\":\"WebSite\",\"@id\":\"https:\\\/\\\/www.p31noticias.com.br\\\/#website\",\"url\":\"https:\\\/\\\/www.p31noticias.com.br\\\/\",\"name\":\"P31\",\"description\":\"NOT\u00cdCIAS\",\"potentialAction\":[{\"@type\":\"SearchAction\",\"target\":{\"@type\":\"EntryPoint\",\"urlTemplate\":\"https:\\\/\\\/www.p31noticias.com.br\\\/?s={search_term_string}\"},\"query-input\":{\"@type\":\"PropertyValueSpecification\",\"valueRequired\":true,\"valueName\":\"search_term_string\"}}],\"inLanguage\":\"pt-BR\"},{\"@type\":\"Person\",\"@id\":\"https:\\\/\\\/www.p31noticias.com.br\\\/#\\\/schema\\\/person\\\/77d6b186c710ac38937c6ec204fdd387\",\"name\":\"Reda\u00e7\u00e3o JBN\",\"image\":{\"@type\":\"ImageObject\",\"inLanguage\":\"pt-BR\",\"@id\":\"https:\\\/\\\/secure.gravatar.com\\\/avatar\\\/10fcdb93211f98cce3d64c0795b0915a9a4a21dc0f279238995a3dbfafcad090?s=96&d=mm&r=g\",\"url\":\"https:\\\/\\\/secure.gravatar.com\\\/avatar\\\/10fcdb93211f98cce3d64c0795b0915a9a4a21dc0f279238995a3dbfafcad090?s=96&d=mm&r=g\",\"contentUrl\":\"https:\\\/\\\/secure.gravatar.com\\\/avatar\\\/10fcdb93211f98cce3d64c0795b0915a9a4a21dc0f279238995a3dbfafcad090?s=96&d=mm&r=g\",\"caption\":\"Reda\u00e7\u00e3o JBN\"},\"sameAs\":[\"https:\\\/\\\/p31noticias.com.br\"],\"url\":\"https:\\\/\\\/www.p31noticias.com.br\\\/?author=18\"}]}<\/script>\n<!-- \/ Yoast SEO Premium plugin. -->","yoast_head_json":{"title":"DF Plaza recebe caravana de Natal da Coca-Cola - P31","robots":{"index":"index","follow":"follow","max-snippet":"max-snippet:-1","max-image-preview":"max-image-preview:large","max-video-preview":"max-video-preview:-1"},"canonical":"https:\/\/www.p31noticias.com.br\/?p=18618","og_locale":"pt_BR","og_type":"article","og_title":"DF Plaza recebe caravana de Natal da Coca-Cola","og_description":"O DF Plaza Shopping recebe a Caravana de Natal da\u00a0Coca-Cola, no dia 15 de dezembro, a partir das 19h. Na edi\u00e7\u00e3o deste ano, a caravana visita o shopping com oito caminh\u00f5es e 3 carros, onde as pessoas poder\u00e3o interagir com os personagens \u00edcones da Caravana\u00a0Coca-Cola: Papai Noel, \u201cNoeletes\u201d e o divertido Urso Polar, al\u00e9m de [&hellip;]","og_url":"https:\/\/www.p31noticias.com.br\/?p=18618","og_site_name":"P31","article_published_time":"2019-12-02T18:29:23+00:00","og_image":[{"width":1024,"height":683,"url":"https:\/\/www.p31noticias.com.br\/wp-content\/uploads\/2019\/12\/CARAVANA-DA-COCA-COLA-NO-DF-PLAZA-1024x683.jpg","type":"image\/jpeg"}],"author":"Reda\u00e7\u00e3o JBN","twitter_card":"summary_large_image","twitter_misc":{"Escrito por":"Reda\u00e7\u00e3o JBN","Est. tempo de leitura":"2 minutos"},"schema":{"@context":"https:\/\/schema.org","@graph":[{"@type":"Article","@id":"https:\/\/www.p31noticias.com.br\/?p=18618#article","isPartOf":{"@id":"https:\/\/www.p31noticias.com.br\/?p=18618"},"author":{"name":"Reda\u00e7\u00e3o JBN","@id":"https:\/\/www.p31noticias.com.br\/#\/schema\/person\/77d6b186c710ac38937c6ec204fdd387"},"headline":"DF Plaza recebe caravana de Natal da Coca-Cola","datePublished":"2019-12-02T18:29:23+00:00","mainEntityOfPage":{"@id":"https:\/\/www.p31noticias.com.br\/?p=18618"},"wordCount":319,"commentCount":0,"image":{"@id":"https:\/\/www.p31noticias.com.br\/?p=18618#primaryimage"},"thumbnailUrl":"https:\/\/www.p31noticias.com.br\/wp-content\/uploads\/2019\/12\/CARAVANA-DA-COCA-COLA-NO-DF-PLAZA.jpg","articleSection":["Outros"],"inLanguage":"pt-BR","potentialAction":[{"@type":"CommentAction","name":"Comment","target":["https:\/\/www.p31noticias.com.br\/?p=18618#respond"]}],"copyrightYear":"2019","copyrightHolder":{"@id":"https:\/\/www.p31noticias.com.br\/#organization"}},{"@type":"WebPage","@id":"https:\/\/www.p31noticias.com.br\/?p=18618","url":"https:\/\/www.p31noticias.com.br\/?p=18618","name":"DF Plaza recebe caravana de Natal da Coca-Cola - P31","isPartOf":{"@id":"https:\/\/www.p31noticias.com.br\/#website"},"primaryImageOfPage":{"@id":"https:\/\/www.p31noticias.com.br\/?p=18618#primaryimage"},"image":{"@id":"https:\/\/www.p31noticias.com.br\/?p=18618#primaryimage"},"thumbnailUrl":"https:\/\/www.p31noticias.com.br\/wp-content\/uploads\/2019\/12\/CARAVANA-DA-COCA-COLA-NO-DF-PLAZA.jpg","datePublished":"2019-12-02T18:29:23+00:00","author":{"@id":"https:\/\/www.p31noticias.com.br\/#\/schema\/person\/77d6b186c710ac38937c6ec204fdd387"},"breadcrumb":{"@id":"https:\/\/www.p31noticias.com.br\/?p=18618#breadcrumb"},"inLanguage":"pt-BR","potentialAction":[{"@type":"ReadAction","target":["https:\/\/www.p31noticias.com.br\/?p=18618"]}]},{"@type":"ImageObject","inLanguage":"pt-BR","@id":"https:\/\/www.p31noticias.com.br\/?p=18618#primaryimage","url":"https:\/\/www.p31noticias.com.br\/wp-content\/uploads\/2019\/12\/CARAVANA-DA-COCA-COLA-NO-DF-PLAZA.jpg","contentUrl":"https:\/\/www.p31noticias.com.br\/wp-content\/uploads\/2019\/12\/CARAVANA-DA-COCA-COLA-NO-DF-PLAZA.jpg","width":2048,"height":1365},{"@type":"BreadcrumbList","@id":"https:\/\/www.p31noticias.com.br\/?p=18618#breadcrumb","itemListElement":[{"@type":"ListItem","position":1,"name":"In\u00edcio","item":"https:\/\/www.p31noticias.com.br\/"},{"@type":"ListItem","position":2,"name":"DF Plaza recebe caravana de Natal da Coca-Cola"}]},{"@type":"WebSite","@id":"https:\/\/www.p31noticias.com.br\/#website","url":"https:\/\/www.p31noticias.com.br\/","name":"P31","description":"NOT\u00cdCIAS","potentialAction":[{"@type":"SearchAction","target":{"@type":"EntryPoint","urlTemplate":"https:\/\/www.p31noticias.com.br\/?s={search_term_string}"},"query-input":{"@type":"PropertyValueSpecification","valueRequired":true,"valueName":"search_term_string"}}],"inLanguage":"pt-BR"},{"@type":"Person","@id":"https:\/\/www.p31noticias.com.br\/#\/schema\/person\/77d6b186c710ac38937c6ec204fdd387","name":"Reda\u00e7\u00e3o JBN","image":{"@type":"ImageObject","inLanguage":"pt-BR","@id":"https:\/\/secure.gravatar.com\/avatar\/10fcdb93211f98cce3d64c0795b0915a9a4a21dc0f279238995a3dbfafcad090?s=96&d=mm&r=g","url":"https:\/\/secure.gravatar.com\/avatar\/10fcdb93211f98cce3d64c0795b0915a9a4a21dc0f279238995a3dbfafcad090?s=96&d=mm&r=g","contentUrl":"https:\/\/secure.gravatar.com\/avatar\/10fcdb93211f98cce3d64c0795b0915a9a4a21dc0f279238995a3dbfafcad090?s=96&d=mm&r=g","caption":"Reda\u00e7\u00e3o JBN"},"sameAs":["https:\/\/p31noticias.com.br"],"url":"https:\/\/www.p31noticias.com.br\/?author=18"}]}},"amp_enabled":true,"_links":{"self":[{"href":"https:\/\/www.p31noticias.com.br\/index.php?rest_route=\/wp\/v2\/posts\/18618","targetHints":{"allow":["GET"]}}],"collection":[{"href":"https:\/\/www.p31noticias.com.br\/index.php?rest_route=\/wp\/v2\/posts"}],"about":[{"href":"https:\/\/www.p31noticias.com.br\/index.php?rest_route=\/wp\/v2\/types\/post"}],"author":[{"embeddable":true,"href":"https:\/\/www.p31noticias.com.br\/index.php?rest_route=\/wp\/v2\/users\/18"}],"replies":[{"embeddable":true,"href":"https:\/\/www.p31noticias.com.br\/index.php?rest_route=%2Fwp%2Fv2%2Fcomments&post=18618"}],"version-history":[{"count":0,"href":"https:\/\/www.p31noticias.com.br\/index.php?rest_route=\/wp\/v2\/posts\/18618\/revisions"}],"wp:featuredmedia":[{"embeddable":true,"href":"https:\/\/www.p31noticias.com.br\/index.php?rest_route=\/wp\/v2\/media\/18619"}],"wp:attachment":[{"href":"https:\/\/www.p31noticias.com.br\/index.php?rest_route=%2Fwp%2Fv2%2Fmedia&parent=18618"}],"wp:term":[{"taxonomy":"category","embeddable":true,"href":"https:\/\/www.p31noticias.com.br\/index.php?rest_route=%2Fwp%2Fv2%2Fcategories&post=18618"},{"taxonomy":"post_tag","embeddable":true,"href":"https:\/\/www.p31noticias.com.br\/index.php?rest_route=%2Fwp%2Fv2%2Ftags&post=18618"}],"curies":[{"name":"wp","href":"https:\/\/api.w.org\/{rel}","templated":true}]}}