{"id":18613,"date":"2019-11-29T15:23:40","date_gmt":"2019-11-29T18:23:40","guid":{"rendered":"https:\/\/www.delioandrade.com.br\/?p=18613"},"modified":"2019-11-29T15:23:40","modified_gmt":"2019-11-29T18:23:40","slug":"mineracao-de-esmeraldas-gera-400-empregos-diretos-em-goias","status":"publish","type":"post","link":"https:\/\/www.p31noticias.com.br\/?p=18613","title":{"rendered":"Minera\u00e7\u00e3o de esmeraldas gera 400 empregos diretos em Goi\u00e1s"},"content":{"rendered":"<p>Um projeto de minera\u00e7\u00e3o no norte de Goi\u00e1s est\u00e1 movimentando a pequena cidade de Campos Verdes (GO). Considerada a capital mundial das esmeraldas, tem um alto potencial mineral e, ap\u00f3s anos abandonada pelos garimpeiros que exploravam as pedras preciosas da superf\u00edcie da regi\u00e3o, recebeu tecnologia de ponta, a\u00e7\u00f5es de desenvolvimento social e local e, agora, abrigar\u00e1 o maior projeto de minera\u00e7\u00e3o e beneficiamento de esmeraldas da Am\u00e9rica Latina.<\/p>\n<p>No total, j\u00e1 s\u00e3o 15 meses de obras na constru\u00e7\u00e3o de um parque tecnol\u00f3gico de lapida\u00e7\u00e3o de pedras preciosas e de uma f\u00e1brica de joias. A \u00e1rea conta com mais de 20 mil metros quadrados para manipula\u00e7\u00e3o das esmeraldas extra\u00eddas.<\/p>\n<p>Ao longo da jornada, aproximadamente 400 empregos diretos foram gerados, com expectativa de cria\u00e7\u00e3o de mais de 1 mil postos de trabalho para a cidade e munic\u00edpios da regi\u00e3o, como Santa Terezinha de Goi\u00e1s, Crix\u00e1s, Pilar de Goi\u00e1s, Itapaci e outros.<\/p>\n<div class=\"OUTBRAIN\" data-src=\"https:\/\/www.metropoles.com\/conteudo-especial\/mineracao-de-esmeraldas-gera-400-empregos-diretos-em-goias\" data-widget-id=\"AR_6\" data-ob-template=\"\u201cmetropoles&quot;\"><\/div>\n<div class=\"m-banner-wrap m-banner-rectangle m-publicity-content-middle\"><\/div>\n<figure id=\"attachment_1108430\" class=\"wp-caption aligncenter m-img-wrap\">\n<p><figure id=\"attachment_1108430\" aria-describedby=\"caption-attachment-1108430\" style=\"width: 600px\" class=\"wp-caption aligncenter m-img-wrap\"><img loading=\"lazy\" decoding=\"async\" class=\"wp-image-1108430 size-full\" src=\"https:\/\/uploads.metropoles.com\/wp-content\/uploads\/2019\/11\/28095327\/Minera%C3%A7%C3%A3o4.jpeg\" sizes=\"auto, (max-width: 600px) 100vw, 600px\" srcset=\"https:\/\/uploads.metropoles.com\/wp-content\/uploads\/2019\/11\/28095327\/Minera%C3%A7%C3%A3o4.jpeg 600w, https:\/\/uploads.metropoles.com\/wp-content\/uploads\/2019\/11\/28095327\/Minera%C3%A7%C3%A3o4-300x200.jpeg 300w, https:\/\/uploads.metropoles.com\/wp-content\/uploads\/2019\/11\/28095327\/Minera%C3%A7%C3%A3o4-128x85.jpeg 128w, https:\/\/uploads.metropoles.com\/wp-content\/uploads\/2019\/11\/28095327\/Minera%C3%A7%C3%A3o4-32x21.jpeg 32w, https:\/\/uploads.metropoles.com\/wp-content\/uploads\/2019\/11\/28095327\/Minera%C3%A7%C3%A3o4-450x300.jpeg 450w, https:\/\/uploads.metropoles.com\/wp-content\/uploads\/2019\/11\/28095327\/Minera%C3%A7%C3%A3o4-120x80.jpeg 120w, https:\/\/uploads.metropoles.com\/wp-content\/uploads\/2019\/11\/28095327\/Minera%C3%A7%C3%A3o4-70x47.jpeg 70w\" alt=\"Divulga\u00e7\u00e3o\" width=\"600\" height=\"400\" data-pin=\"pinIt\" \/><figcaption id=\"caption-attachment-1108430\" class=\"wp-caption-text\">DIVULGA\u00c7\u00c3O<\/figcaption><\/figure><figcaption class=\"wp-caption-text\">A G44 est\u00e1 construindo um parque tecnol\u00f3gico de lapida\u00e7\u00e3o de pedras preciosas<\/figcaption><\/figure>\n<p>Al\u00e9m disso, desde fevereiro de 2019, o Centro de Lapida\u00e7\u00e3o da\u00a0<a href=\"https:\/\/www.g44.com.br\/\" target=\"_blank\" rel=\"nofollow noopener noreferrer\">G44<\/a>\u00a0Minera\u00e7\u00e3o em Campos Verdes (GO) vem habilitando moradores do munic\u00edpio e da regi\u00e3o para o mercado de trabalho \u2013 uma m\u00e3o de obra especializada que est\u00e1 sendo utilizada pela pr\u00f3pria empresa. Ao todo, 41 alunos que receberam gratuitamente o curso de 88 horas de lapidador, executado por meio de uma parceria entre Prefeitura de Campos Verdes e G44, j\u00e1 foram contratados.<\/p>\n<p>\u201cEsses alunos ficam conosco por uma semana em fase de testes. Se aprovados, s\u00e3o enviados para a lapida\u00e7\u00e3o tradicional. Ap\u00f3s um m\u00eas, s\u00e3o contratados pela G44 para o centro de lapida\u00e7\u00e3o da empresa, que atua com maquin\u00e1rio fabricado pela Lapidart, que j\u00e1 tem 18 anos de mercado e usa tecnologia de ponta e totalmente nacional. Nossos equipamentos proporcionam uma r\u00e1pida aprendizagem e, por isso, inserem o aprendiz mais rapidamente no mercado de trabalho\u201d, destaca o diretor da Lapidart, S\u00e9rgio Aspahan, respons\u00e1vel pela forma\u00e7\u00e3o t\u00e9cnica da primeira turma.<\/p>\n<figure id=\"attachment_1108876\" aria-describedby=\"caption-attachment-1108876\" style=\"width: 600px\" class=\"wp-caption aligncenter\"><img loading=\"lazy\" decoding=\"async\" class=\"wp-image-1108876 size-full\" src=\"https:\/\/uploads.metropoles.com\/wp-content\/uploads\/2019\/11\/28140429\/G44-2.jpg\" sizes=\"auto, (max-width: 600px) 100vw, 600px\" srcset=\"https:\/\/uploads.metropoles.com\/wp-content\/uploads\/2019\/11\/28140429\/G44-2.jpg 600w, https:\/\/uploads.metropoles.com\/wp-content\/uploads\/2019\/11\/28140429\/G44-2-300x200.jpg 300w, https:\/\/uploads.metropoles.com\/wp-content\/uploads\/2019\/11\/28140429\/G44-2-128x85.jpg 128w, https:\/\/uploads.metropoles.com\/wp-content\/uploads\/2019\/11\/28140429\/G44-2-32x21.jpg 32w, https:\/\/uploads.metropoles.com\/wp-content\/uploads\/2019\/11\/28140429\/G44-2-450x300.jpg 450w, https:\/\/uploads.metropoles.com\/wp-content\/uploads\/2019\/11\/28140429\/G44-2-120x80.jpg 120w, https:\/\/uploads.metropoles.com\/wp-content\/uploads\/2019\/11\/28140429\/G44-2-70x47.jpg 70w\" alt=\"G44\/Divulga\u00e7\u00e3o\" width=\"600\" height=\"400\" data-pin=\"pinIt\" \/><figcaption id=\"caption-attachment-1108876\" class=\"wp-caption-text\">G44\/Divulga\u00e7\u00e3o<\/figcaption><\/figure>\n<div class=\"OUTBRAIN\" data-src=\"https:\/\/www.metropoles.com\/conteudo-especial\/mineracao-de-esmeraldas-gera-400-empregos-diretos-em-goias\" data-widget-id=\"AR_5\" data-ob-template=\"\u201cmetropoles&quot;\"><\/div>\n<div class=\"m-banner-wrap m-banner-rectangle m-publicity-content-middle\"><\/div>\n<p>Para a realiza\u00e7\u00e3o do curso, a empresa utiliza equipamentos de lapida\u00e7\u00e3o com inova\u00e7\u00f5es tecnol\u00f3gicas, de \u00faltima gera\u00e7\u00e3o, e facilitadores qualificados, com o objetivo de formar, em Campos Verdes, os melhores lapid\u00e1rios de Goi\u00e1s e do Brasil.<\/p>\n<p>O min\u00e9rio tamb\u00e9m \u00e9 muito importante para a constru\u00e7\u00e3o civil. O rejeito produzido da minera\u00e7\u00e3o com o beneficiamento das esmeraldas vira mat\u00e9ria-prima para a fabrica\u00e7\u00e3o de pr\u00e9-moldados utilizados na constru\u00e7\u00e3o de estruturas para empresas, ind\u00fastrias, casas, galp\u00f5es e moradias populares. As sobras do processo de minera\u00e7\u00e3o contribuem para a sustentabilidade ambiental.<\/p>\n<div class=\"m-banner-wrap m-banner-leaderboard m-banner-leaderboard-galery\">\n<div id=\"div-gpt-ad-galeria-horizontal-1\"><\/div>\n<\/div>\n<div class=\"m-carousel-post\">\n<div class=\"m-header-carousel\">\n<div class=\"m-middle-header-carousel\">\n<h6 class=\"m-title-carousel\">Minera\u00e7\u00e3o de esmeraldas gera 400 empregos diretos em Goi\u00e1s<\/h6>\n<div class=\"m-controls-carousel\"><button class=\"m-btn-fullscreen-carousel\">Abrir em Tela Cheia<\/button><\/div>\n<\/div>\n<\/div>\n<div class=\"m-cover-carousel\">\n<div class=\"m-content-cover-carousel\">\n<div class=\"m-wrapper-img-cover-carousel\"><img decoding=\"async\" class=\"m-img-cover-carousel\" src=\"https:\/\/uploads.metropoles.com\/wp-content\/uploads\/2019\/11\/28113110\/G44-esmeralda.jpg\" \/><\/div>\n<div class=\"m-text-capa-carousel\">\n<h6 class=\"m-title-cover-carousel\"><\/h6>\n<\/div>\n<\/div>\n<\/div>\n<div class=\"siema m-siema-single-item rendered\">\n<div>\n<div>\n<div class=\"siema-item\">\n<div class=\"m-image-carousel\"><img decoding=\"async\" src=\"https:\/\/uploads.metropoles.com\/wp-content\/uploads\/2019\/11\/28095402\/Minera%C3%A7%C3%A3o7.jpeg\" data-pin=\"pinIt\" \/><\/div>\n<div class=\"m-subtitle-carousel\">\n<p><span class=\"m-counter-carousel\">3\/3<\/span><\/p>\n<p class=\"m-caption\">A f\u00e1brica ter\u00e1 mais de 20 mil metros quadrados para manipula\u00e7\u00e3o das esmeraldas extra\u00eddas no local<\/p>\n<\/div>\n<\/div>\n<\/div>\n<div>\n<div class=\"siema-item active\">\n<div class=\"m-image-carousel\"><img decoding=\"async\" src=\"https:\/\/uploads.metropoles.com\/wp-content\/uploads\/2019\/11\/28093931\/Minera%C3%A7%C3%A3o1.jpeg\" data-pin=\"pinIt\" \/><\/div>\n<div class=\"m-subtitle-carousel\">\n<p><span class=\"m-counter-carousel\">1\/3<\/span><\/p>\n<p class=\"m-caption\">Desde fevereiro de 2019, o Centro de Lapida\u00e7\u00e3o da G44 vem habilitando moradores da regi\u00e3o com cursos<\/p>\n<\/div>\n<\/div>\n<\/div>\n<div>\n<div class=\"siema-item\">\n<div class=\"m-image-carousel\"><img decoding=\"async\" src=\"https:\/\/uploads.metropoles.com\/wp-content\/uploads\/2019\/11\/28095326\/Minera%C3%A7%C3%A3o2.jpeg\" data-pin=\"pinIt\" \/><\/div>\n<div class=\"m-subtitle-carousel\">\n<p><span class=\"m-counter-carousel\">2\/3<\/span><\/p>\n<p class=\"m-caption\">Ao longo da constru\u00e7\u00e3o do parque e da f\u00e1brica de joias, cerca de 400 empregos diretos foram gerados<\/p>\n<\/div>\n<\/div>\n<\/div>\n<div>\n<div class=\"siema-item\">\n<div class=\"m-image-carousel\"><img decoding=\"async\" src=\"https:\/\/uploads.metropoles.com\/wp-content\/uploads\/2019\/11\/28095402\/Minera%C3%A7%C3%A3o7.jpeg\" data-pin=\"pinIt\" \/><\/div>\n<div class=\"m-subtitle-carousel\">\n<p><span class=\"m-counter-carousel\">3\/3<\/span><\/p>\n<p class=\"m-caption\">A f\u00e1brica ter\u00e1 mais de 20 mil metros quadrados para manipula\u00e7\u00e3o das esmeraldas extra\u00eddas no local<\/p>\n<\/div>\n<\/div>\n<\/div>\n<div>\n<div class=\"siema-item active\">\n<div class=\"m-image-carousel\"><img decoding=\"async\" src=\"https:\/\/uploads.metropoles.com\/wp-content\/uploads\/2019\/11\/28093931\/Minera%C3%A7%C3%A3o1.jpeg\" data-pin=\"pinIt\" \/><\/div>\n<div class=\"m-subtitle-carousel\">\n<p><span class=\"m-counter-carousel\">1\/3<\/span><\/p>\n<p class=\"m-caption\">Desde fevereiro de 2019, o Centro de Lapida\u00e7\u00e3o da G44 vem habilitando moradores da regi\u00e3o com cursos<\/p>\n<\/div>\n<\/div>\n<\/div>\n<\/div>\n<\/div>\n<div class=\"siema-nav loop\"><\/div>\n<\/div>\n<p><strong>G44 Brasil<\/strong><\/p>\n<div class=\"m-banner-wrap m-banner-rectangle m-publicity-content-middle\"><\/div>\n<p>Formada por uma equipe de profissionais e especialistas em diversas \u00e1reas de atua\u00e7\u00e3o, a G44 Brasil S.A. \u00e9 uma holding que faz a gest\u00e3o de outras empresas em diversos segmentos, como exchange de criptomoedas, minera\u00e7\u00e3o de esmeraldas, minera\u00e7\u00e3o de ouro, lapida\u00e7\u00e3o de pedras preciosas, fabrica\u00e7\u00e3o e venda de joias e constru\u00e7\u00e3o civil.<\/p>\n<p>Para o presidente da G44 Brasil S.A, Saleem Ahmed Zaheer, o desenvolvimento s\u00f3 ocorre quando a empresa e a sociedade crescem juntos. Sendo assim, para ele, Campos Verdes tem um potencial enorme para se tornar um dos maiores centros mineradores do mundo.<\/p>\n<p>Al\u00e9m do trabalho da minera\u00e7\u00e3o de esmeraldas, fabrica\u00e7\u00e3o de joias e de engenharia no desenvolvimento dos pr\u00e9-moldados, o grupo atua na minera\u00e7\u00e3o de ouro, em Louren\u00e7o, no distrito da Cidade Cal\u00e7oene (AP) e gerencia uma plataforma digital de compra e venda de Bitcoins. Hoje, conta com aproximadamente 10 mil usu\u00e1rios cadastrados (espalhados por todo o mundo) que utilizam diariamente a plataforma para negocia\u00e7\u00f5es.<\/p>\n<div class=\"m-banner-wrap m-banner-rectangle m-publicity-content-middle\"><\/div>\n<p><strong>G44 Brasil S.A<\/strong><br \/>\n<strong>Site:<\/strong>\u00a0<a href=\"https:\/\/www.g44.com.br\/\" target=\"_blank\" rel=\"nofollow noopener noreferrer\">G44 Brasil<\/a><br \/>\n<strong>Redes sociais:<\/strong>\u00a0<a href=\"https:\/\/www.instagram.com\/g44oficial\/\" target=\"_blank\" rel=\"nofollow noopener noreferrer\">Instagram<\/a>,\u00a0<a href=\"https:\/\/www.facebook.com\/G44Oficial\/\" target=\"_blank\" rel=\"nofollow noopener noreferrer\">Facebook<\/a>,\u00a0<a href=\"https:\/\/twitter.com\/g44oficial\/\" target=\"_blank\" rel=\"nofollow noopener noreferrer\">Twitter<\/a>\u00a0e\u00a0<a href=\"https:\/\/www.youtube.com\/channel\/UCoz3Z3iErDbo1a4TXjtvCcQ\/featured\" target=\"_blank\" rel=\"nofollow noopener noreferrer\">YouTube<\/a><br \/>\n<strong>Endere\u00e7o:<\/strong>\u00a0Taguatinga \u2013 QS 01, rua 210, lote 40 \u2013 Taguatinga Shopping, torre B, 13\u00ba andar<br \/>\n<strong>Telefone:<\/strong>\u00a0(61) 3181-0250<\/p>\n<p class=\"m-img-wrap\"><img loading=\"lazy\" decoding=\"async\" class=\"aligncenter size-full wp-image-1108608\" src=\"https:\/\/uploads.metropoles.com\/wp-content\/uploads\/2019\/11\/28114513\/Banner-G44-anunciante.png\" sizes=\"auto, (max-width: 600px) 100vw, 600px\" srcset=\"https:\/\/uploads.metropoles.com\/wp-content\/uploads\/2019\/11\/28114513\/Banner-G44-anunciante.png 600w, https:\/\/uploads.metropoles.com\/wp-content\/uploads\/2019\/11\/28114513\/Banner-G44-anunciante-300x65.png 300w, https:\/\/uploads.metropoles.com\/wp-content\/uploads\/2019\/11\/28114513\/Banner-G44-anunciante-128x28.png 128w, https:\/\/uploads.metropoles.com\/wp-content\/uploads\/2019\/11\/28114513\/Banner-G44-anunciante-32x7.png 32w\" alt=\"\" width=\"600\" height=\"130\" data-pin=\"pinIt\" \/><\/p>\n","protected":false},"excerpt":{"rendered":"<p>Um projeto de minera\u00e7\u00e3o no norte de Goi\u00e1s est\u00e1 movimentando a pequena cidade de Campos Verdes (GO). Considerada a capital mundial das esmeraldas, tem um alto potencial mineral e, ap\u00f3s anos abandonada pelos garimpeiros que exploravam as pedras preciosas da superf\u00edcie da regi\u00e3o, recebeu tecnologia de ponta, a\u00e7\u00f5es de desenvolvimento social e local e, agora, [&hellip;]<\/p>\n","protected":false},"author":18,"featured_media":18614,"comment_status":"open","ping_status":"open","sticky":false,"template":"","format":"standard","meta":{"footnotes":""},"categories":[68],"tags":[],"class_list":{"0":"post-18613","1":"post","2":"type-post","3":"status-publish","4":"format-standard","5":"has-post-thumbnail","7":"category-brasil"},"yoast_head":"<!-- This site is optimized with the Yoast SEO Premium plugin v24.5 (Yoast SEO v27.5) - https:\/\/yoast.com\/product\/yoast-seo-premium-wordpress\/ -->\n<title>Minera\u00e7\u00e3o de esmeraldas gera 400 empregos diretos em Goi\u00e1s - P31<\/title>\n<meta name=\"robots\" content=\"index, follow, max-snippet:-1, max-image-preview:large, max-video-preview:-1\" \/>\n<link rel=\"canonical\" href=\"https:\/\/www.p31noticias.com.br\/?p=18613\" \/>\n<meta property=\"og:locale\" content=\"pt_BR\" \/>\n<meta property=\"og:type\" content=\"article\" \/>\n<meta property=\"og:title\" content=\"Minera\u00e7\u00e3o de esmeraldas gera 400 empregos diretos em Goi\u00e1s\" \/>\n<meta property=\"og:description\" content=\"Um projeto de minera\u00e7\u00e3o no norte de Goi\u00e1s est\u00e1 movimentando a pequena cidade de Campos Verdes (GO). Considerada a capital mundial das esmeraldas, tem um alto potencial mineral e, ap\u00f3s anos abandonada pelos garimpeiros que exploravam as pedras preciosas da superf\u00edcie da regi\u00e3o, recebeu tecnologia de ponta, a\u00e7\u00f5es de desenvolvimento social e local e, agora, [&hellip;]\" \/>\n<meta property=\"og:url\" content=\"https:\/\/www.p31noticias.com.br\/?p=18613\" \/>\n<meta property=\"og:site_name\" content=\"P31\" \/>\n<meta property=\"article:published_time\" content=\"2019-11-29T18:23:40+00:00\" \/>\n<meta property=\"og:image\" content=\"https:\/\/www.p31noticias.com.br\/wp-content\/uploads\/2019\/11\/Screenshot_5.jpg\" \/>\n\t<meta property=\"og:image:width\" content=\"914\" \/>\n\t<meta property=\"og:image:height\" content=\"592\" \/>\n\t<meta property=\"og:image:type\" content=\"image\/jpeg\" \/>\n<meta name=\"author\" content=\"Reda\u00e7\u00e3o JBN\" \/>\n<meta name=\"twitter:card\" content=\"summary_large_image\" \/>\n<meta name=\"twitter:label1\" content=\"Escrito por\" \/>\n\t<meta name=\"twitter:data1\" content=\"Reda\u00e7\u00e3o JBN\" \/>\n\t<meta name=\"twitter:label2\" content=\"Est. tempo de leitura\" \/>\n\t<meta name=\"twitter:data2\" content=\"4 minutos\" \/>\n<script type=\"application\/ld+json\" class=\"yoast-schema-graph\">{\"@context\":\"https:\\\/\\\/schema.org\",\"@graph\":[{\"@type\":\"Article\",\"@id\":\"https:\\\/\\\/www.p31noticias.com.br\\\/?p=18613#article\",\"isPartOf\":{\"@id\":\"https:\\\/\\\/www.p31noticias.com.br\\\/?p=18613\"},\"author\":{\"name\":\"Reda\u00e7\u00e3o JBN\",\"@id\":\"https:\\\/\\\/www.p31noticias.com.br\\\/#\\\/schema\\\/person\\\/77d6b186c710ac38937c6ec204fdd387\"},\"headline\":\"Minera\u00e7\u00e3o de esmeraldas gera 400 empregos diretos em Goi\u00e1s\",\"datePublished\":\"2019-11-29T18:23:40+00:00\",\"mainEntityOfPage\":{\"@id\":\"https:\\\/\\\/www.p31noticias.com.br\\\/?p=18613\"},\"wordCount\":796,\"commentCount\":0,\"image\":{\"@id\":\"https:\\\/\\\/www.p31noticias.com.br\\\/?p=18613#primaryimage\"},\"thumbnailUrl\":\"https:\\\/\\\/www.p31noticias.com.br\\\/wp-content\\\/uploads\\\/2019\\\/11\\\/Screenshot_5.jpg\",\"articleSection\":[\"Brasil\"],\"inLanguage\":\"pt-BR\",\"potentialAction\":[{\"@type\":\"CommentAction\",\"name\":\"Comment\",\"target\":[\"https:\\\/\\\/www.p31noticias.com.br\\\/?p=18613#respond\"]}],\"copyrightYear\":\"2019\",\"copyrightHolder\":{\"@id\":\"https:\\\/\\\/www.p31noticias.com.br\\\/#organization\"}},{\"@type\":\"WebPage\",\"@id\":\"https:\\\/\\\/www.p31noticias.com.br\\\/?p=18613\",\"url\":\"https:\\\/\\\/www.p31noticias.com.br\\\/?p=18613\",\"name\":\"Minera\u00e7\u00e3o de esmeraldas gera 400 empregos diretos em Goi\u00e1s - P31\",\"isPartOf\":{\"@id\":\"https:\\\/\\\/www.p31noticias.com.br\\\/#website\"},\"primaryImageOfPage\":{\"@id\":\"https:\\\/\\\/www.p31noticias.com.br\\\/?p=18613#primaryimage\"},\"image\":{\"@id\":\"https:\\\/\\\/www.p31noticias.com.br\\\/?p=18613#primaryimage\"},\"thumbnailUrl\":\"https:\\\/\\\/www.p31noticias.com.br\\\/wp-content\\\/uploads\\\/2019\\\/11\\\/Screenshot_5.jpg\",\"datePublished\":\"2019-11-29T18:23:40+00:00\",\"author\":{\"@id\":\"https:\\\/\\\/www.p31noticias.com.br\\\/#\\\/schema\\\/person\\\/77d6b186c710ac38937c6ec204fdd387\"},\"breadcrumb\":{\"@id\":\"https:\\\/\\\/www.p31noticias.com.br\\\/?p=18613#breadcrumb\"},\"inLanguage\":\"pt-BR\",\"potentialAction\":[{\"@type\":\"ReadAction\",\"target\":[\"https:\\\/\\\/www.p31noticias.com.br\\\/?p=18613\"]}]},{\"@type\":\"ImageObject\",\"inLanguage\":\"pt-BR\",\"@id\":\"https:\\\/\\\/www.p31noticias.com.br\\\/?p=18613#primaryimage\",\"url\":\"https:\\\/\\\/www.p31noticias.com.br\\\/wp-content\\\/uploads\\\/2019\\\/11\\\/Screenshot_5.jpg\",\"contentUrl\":\"https:\\\/\\\/www.p31noticias.com.br\\\/wp-content\\\/uploads\\\/2019\\\/11\\\/Screenshot_5.jpg\",\"width\":914,\"height\":592},{\"@type\":\"BreadcrumbList\",\"@id\":\"https:\\\/\\\/www.p31noticias.com.br\\\/?p=18613#breadcrumb\",\"itemListElement\":[{\"@type\":\"ListItem\",\"position\":1,\"name\":\"In\u00edcio\",\"item\":\"https:\\\/\\\/www.p31noticias.com.br\\\/\"},{\"@type\":\"ListItem\",\"position\":2,\"name\":\"Minera\u00e7\u00e3o de esmeraldas gera 400 empregos diretos em Goi\u00e1s\"}]},{\"@type\":\"WebSite\",\"@id\":\"https:\\\/\\\/www.p31noticias.com.br\\\/#website\",\"url\":\"https:\\\/\\\/www.p31noticias.com.br\\\/\",\"name\":\"P31\",\"description\":\"NOT\u00cdCIAS\",\"potentialAction\":[{\"@type\":\"SearchAction\",\"target\":{\"@type\":\"EntryPoint\",\"urlTemplate\":\"https:\\\/\\\/www.p31noticias.com.br\\\/?s={search_term_string}\"},\"query-input\":{\"@type\":\"PropertyValueSpecification\",\"valueRequired\":true,\"valueName\":\"search_term_string\"}}],\"inLanguage\":\"pt-BR\"},{\"@type\":\"Person\",\"@id\":\"https:\\\/\\\/www.p31noticias.com.br\\\/#\\\/schema\\\/person\\\/77d6b186c710ac38937c6ec204fdd387\",\"name\":\"Reda\u00e7\u00e3o JBN\",\"image\":{\"@type\":\"ImageObject\",\"inLanguage\":\"pt-BR\",\"@id\":\"https:\\\/\\\/secure.gravatar.com\\\/avatar\\\/10fcdb93211f98cce3d64c0795b0915a9a4a21dc0f279238995a3dbfafcad090?s=96&d=mm&r=g\",\"url\":\"https:\\\/\\\/secure.gravatar.com\\\/avatar\\\/10fcdb93211f98cce3d64c0795b0915a9a4a21dc0f279238995a3dbfafcad090?s=96&d=mm&r=g\",\"contentUrl\":\"https:\\\/\\\/secure.gravatar.com\\\/avatar\\\/10fcdb93211f98cce3d64c0795b0915a9a4a21dc0f279238995a3dbfafcad090?s=96&d=mm&r=g\",\"caption\":\"Reda\u00e7\u00e3o JBN\"},\"sameAs\":[\"https:\\\/\\\/p31noticias.com.br\"],\"url\":\"https:\\\/\\\/www.p31noticias.com.br\\\/?author=18\"}]}<\/script>\n<!-- \/ Yoast SEO Premium plugin. -->","yoast_head_json":{"title":"Minera\u00e7\u00e3o de esmeraldas gera 400 empregos diretos em Goi\u00e1s - P31","robots":{"index":"index","follow":"follow","max-snippet":"max-snippet:-1","max-image-preview":"max-image-preview:large","max-video-preview":"max-video-preview:-1"},"canonical":"https:\/\/www.p31noticias.com.br\/?p=18613","og_locale":"pt_BR","og_type":"article","og_title":"Minera\u00e7\u00e3o de esmeraldas gera 400 empregos diretos em Goi\u00e1s","og_description":"Um projeto de minera\u00e7\u00e3o no norte de Goi\u00e1s est\u00e1 movimentando a pequena cidade de Campos Verdes (GO). Considerada a capital mundial das esmeraldas, tem um alto potencial mineral e, ap\u00f3s anos abandonada pelos garimpeiros que exploravam as pedras preciosas da superf\u00edcie da regi\u00e3o, recebeu tecnologia de ponta, a\u00e7\u00f5es de desenvolvimento social e local e, agora, [&hellip;]","og_url":"https:\/\/www.p31noticias.com.br\/?p=18613","og_site_name":"P31","article_published_time":"2019-11-29T18:23:40+00:00","og_image":[{"width":914,"height":592,"url":"https:\/\/www.p31noticias.com.br\/wp-content\/uploads\/2019\/11\/Screenshot_5.jpg","type":"image\/jpeg"}],"author":"Reda\u00e7\u00e3o JBN","twitter_card":"summary_large_image","twitter_misc":{"Escrito por":"Reda\u00e7\u00e3o JBN","Est. tempo de leitura":"4 minutos"},"schema":{"@context":"https:\/\/schema.org","@graph":[{"@type":"Article","@id":"https:\/\/www.p31noticias.com.br\/?p=18613#article","isPartOf":{"@id":"https:\/\/www.p31noticias.com.br\/?p=18613"},"author":{"name":"Reda\u00e7\u00e3o JBN","@id":"https:\/\/www.p31noticias.com.br\/#\/schema\/person\/77d6b186c710ac38937c6ec204fdd387"},"headline":"Minera\u00e7\u00e3o de esmeraldas gera 400 empregos diretos em Goi\u00e1s","datePublished":"2019-11-29T18:23:40+00:00","mainEntityOfPage":{"@id":"https:\/\/www.p31noticias.com.br\/?p=18613"},"wordCount":796,"commentCount":0,"image":{"@id":"https:\/\/www.p31noticias.com.br\/?p=18613#primaryimage"},"thumbnailUrl":"https:\/\/www.p31noticias.com.br\/wp-content\/uploads\/2019\/11\/Screenshot_5.jpg","articleSection":["Brasil"],"inLanguage":"pt-BR","potentialAction":[{"@type":"CommentAction","name":"Comment","target":["https:\/\/www.p31noticias.com.br\/?p=18613#respond"]}],"copyrightYear":"2019","copyrightHolder":{"@id":"https:\/\/www.p31noticias.com.br\/#organization"}},{"@type":"WebPage","@id":"https:\/\/www.p31noticias.com.br\/?p=18613","url":"https:\/\/www.p31noticias.com.br\/?p=18613","name":"Minera\u00e7\u00e3o de esmeraldas gera 400 empregos diretos em Goi\u00e1s - P31","isPartOf":{"@id":"https:\/\/www.p31noticias.com.br\/#website"},"primaryImageOfPage":{"@id":"https:\/\/www.p31noticias.com.br\/?p=18613#primaryimage"},"image":{"@id":"https:\/\/www.p31noticias.com.br\/?p=18613#primaryimage"},"thumbnailUrl":"https:\/\/www.p31noticias.com.br\/wp-content\/uploads\/2019\/11\/Screenshot_5.jpg","datePublished":"2019-11-29T18:23:40+00:00","author":{"@id":"https:\/\/www.p31noticias.com.br\/#\/schema\/person\/77d6b186c710ac38937c6ec204fdd387"},"breadcrumb":{"@id":"https:\/\/www.p31noticias.com.br\/?p=18613#breadcrumb"},"inLanguage":"pt-BR","potentialAction":[{"@type":"ReadAction","target":["https:\/\/www.p31noticias.com.br\/?p=18613"]}]},{"@type":"ImageObject","inLanguage":"pt-BR","@id":"https:\/\/www.p31noticias.com.br\/?p=18613#primaryimage","url":"https:\/\/www.p31noticias.com.br\/wp-content\/uploads\/2019\/11\/Screenshot_5.jpg","contentUrl":"https:\/\/www.p31noticias.com.br\/wp-content\/uploads\/2019\/11\/Screenshot_5.jpg","width":914,"height":592},{"@type":"BreadcrumbList","@id":"https:\/\/www.p31noticias.com.br\/?p=18613#breadcrumb","itemListElement":[{"@type":"ListItem","position":1,"name":"In\u00edcio","item":"https:\/\/www.p31noticias.com.br\/"},{"@type":"ListItem","position":2,"name":"Minera\u00e7\u00e3o de esmeraldas gera 400 empregos diretos em Goi\u00e1s"}]},{"@type":"WebSite","@id":"https:\/\/www.p31noticias.com.br\/#website","url":"https:\/\/www.p31noticias.com.br\/","name":"P31","description":"NOT\u00cdCIAS","potentialAction":[{"@type":"SearchAction","target":{"@type":"EntryPoint","urlTemplate":"https:\/\/www.p31noticias.com.br\/?s={search_term_string}"},"query-input":{"@type":"PropertyValueSpecification","valueRequired":true,"valueName":"search_term_string"}}],"inLanguage":"pt-BR"},{"@type":"Person","@id":"https:\/\/www.p31noticias.com.br\/#\/schema\/person\/77d6b186c710ac38937c6ec204fdd387","name":"Reda\u00e7\u00e3o JBN","image":{"@type":"ImageObject","inLanguage":"pt-BR","@id":"https:\/\/secure.gravatar.com\/avatar\/10fcdb93211f98cce3d64c0795b0915a9a4a21dc0f279238995a3dbfafcad090?s=96&d=mm&r=g","url":"https:\/\/secure.gravatar.com\/avatar\/10fcdb93211f98cce3d64c0795b0915a9a4a21dc0f279238995a3dbfafcad090?s=96&d=mm&r=g","contentUrl":"https:\/\/secure.gravatar.com\/avatar\/10fcdb93211f98cce3d64c0795b0915a9a4a21dc0f279238995a3dbfafcad090?s=96&d=mm&r=g","caption":"Reda\u00e7\u00e3o JBN"},"sameAs":["https:\/\/p31noticias.com.br"],"url":"https:\/\/www.p31noticias.com.br\/?author=18"}]}},"amp_enabled":true,"_links":{"self":[{"href":"https:\/\/www.p31noticias.com.br\/index.php?rest_route=\/wp\/v2\/posts\/18613","targetHints":{"allow":["GET"]}}],"collection":[{"href":"https:\/\/www.p31noticias.com.br\/index.php?rest_route=\/wp\/v2\/posts"}],"about":[{"href":"https:\/\/www.p31noticias.com.br\/index.php?rest_route=\/wp\/v2\/types\/post"}],"author":[{"embeddable":true,"href":"https:\/\/www.p31noticias.com.br\/index.php?rest_route=\/wp\/v2\/users\/18"}],"replies":[{"embeddable":true,"href":"https:\/\/www.p31noticias.com.br\/index.php?rest_route=%2Fwp%2Fv2%2Fcomments&post=18613"}],"version-history":[{"count":0,"href":"https:\/\/www.p31noticias.com.br\/index.php?rest_route=\/wp\/v2\/posts\/18613\/revisions"}],"wp:featuredmedia":[{"embeddable":true,"href":"https:\/\/www.p31noticias.com.br\/index.php?rest_route=\/wp\/v2\/media\/18614"}],"wp:attachment":[{"href":"https:\/\/www.p31noticias.com.br\/index.php?rest_route=%2Fwp%2Fv2%2Fmedia&parent=18613"}],"wp:term":[{"taxonomy":"category","embeddable":true,"href":"https:\/\/www.p31noticias.com.br\/index.php?rest_route=%2Fwp%2Fv2%2Fcategories&post=18613"},{"taxonomy":"post_tag","embeddable":true,"href":"https:\/\/www.p31noticias.com.br\/index.php?rest_route=%2Fwp%2Fv2%2Ftags&post=18613"}],"curies":[{"name":"wp","href":"https:\/\/api.w.org\/{rel}","templated":true}]}}