{"id":18589,"date":"2019-11-27T11:49:00","date_gmt":"2019-11-27T14:49:00","guid":{"rendered":"https:\/\/www.delioandrade.com.br\/?p=18589"},"modified":"2019-11-27T11:49:00","modified_gmt":"2019-11-27T14:49:00","slug":"lancamento-da-vert-vivant-em-brasilia","status":"publish","type":"post","link":"https:\/\/www.p31noticias.com.br\/?p=18589","title":{"rendered":"Lan\u00e7amento da Vert Vivant em Bras\u00edlia."},"content":{"rendered":"<p>A Vert Vivant trar\u00e1 para o Brasil um novo conceito em fabrica\u00e7\u00e3o de j\u00f3ias com uso da mais alta tecnologia, o\u00a0que vai garantir requinte e inova\u00e7\u00e3o nesses adere\u00e7os<\/p>\n<p>O mercado de j\u00f3ias \u00e9 bilion\u00e1rio por atrair tanto o p\u00fablico feminino quanto masculino. Por essa raz\u00e3o, esse mercado n\u00e3o para de receber novos investidores, a exemplo da G44 Brasil, que lan\u00e7ou no \u00faltimo dia 22 de novembro seu mais um novo projeto: Vert Vivant &#8211; Do ouro e da esmeralda &#8211; Tecnologia, inova\u00e7\u00e3o e requinte em j\u00f3ias. O evento de apresenta\u00e7\u00e3o da marca aconteceu no Porto Vittoria &#8211; Espa\u00e7o de Eventos, localizado no Setor de Clubes Esportivos Sul, em Bras\u00edlia, e contou com a presen\u00e7a de diretores, investidores e do casal de empres\u00e1rio empreendedor Saleem Ahmed Zaheer e Josy Esbobar, respectivamente presidente e vice-presidente da G44 Brasil.<\/p>\n<p>Assim como todos os outros investimentos da G44, que j\u00e1 atua no ramo de criptomoedas, constru\u00e7\u00e3o civil e minera\u00e7\u00e3o, esse empreendimento sofisticado no mercado de j\u00f3ias j\u00e1 nasce forte e tr\u00e1s para o Brasil um novo conceito em j\u00f3ias, que ser\u00e3o confeccionadas com um designer arrojado e futurista, produzindo artefatos com materiais nobres e da mais alta qualidade, tendo como foco o lan\u00e7amento de belas e ousadas novidades em todo o mercado nacional, com classe, eleg\u00e2ncia e sofistica\u00e7\u00e3o. Cada pe\u00e7a da Vert Vivant ser\u00e1 desenhada para traduzir a riqueza do solo brasileiro, do ouro e da esmeralda com muita qualidade, requinte e liberdade. Sem d\u00favidas ser\u00e3o pequenas obras de arte inspirando beleza e luz.<\/p>\n<p>De acordo com o presidente da G44, Sallem, o evento de apresenta\u00e7\u00e3o de sua mais nova marca no Brasil foi um momento de muito orgulho e afirmou que atuar\u00e1 para que logo essa marca, a Vert Vivant,chegue a todos os estados brasileiros. \u201cFoi uma noite memor\u00e1vel e ficamos felizes com a aceita\u00e7\u00e3o de nossos colaboradores. Antes de fazer esse investimento, fizemos pesquisas e vimos que o mercado de j\u00f3ias tem muito espa\u00e7o para se trabalhar. Logo vamos expandir nossos neg\u00f3cios, nesse setor, para v\u00e1rias capitais do Brasil\u201d, afirmou Sallem.<\/p>\n<p>Da mesma forma, a vice-presidente da empresa Josy Escobar tamb\u00e9m celebrou o sucesso do evento. \u201cNossa marca foi bem recebida pelas mais de 800 pessoas presentes na festa de lan\u00e7amento. Nossa proposta \u00e9 trazer para o Pa\u00eds um novo modo de trabalhar na confec\u00e7\u00e3o, produ\u00e7\u00e3o e vendas de j\u00f3ias. Quero agradecer a todos que colaboraram para a realiza\u00e7\u00e3o desse evento. Produziremos pe\u00e7as com qualidade e muito requinte\u201d, afirma Josy. \u00c9 importante ressaltar, que a marca de j\u00f3ias da G44 foi t\u00e3o aprovada, que alguns clientes presentes em seu lan\u00e7amento j\u00e1 compraram alguns modelos ali apresentados. A empresa com certeza ser\u00e1 destaque nesse ramo, aqui no Brasil.<\/p>\n<p>A G44 est\u00e1 instalada no Brasil h\u00e1 2 anos e vem se consolidando no mercado com diversas inova\u00e7\u00f5es em neg\u00f3cios, especialmente no setor mineral, em Campos Verdes, principalmente, onde j\u00e1 est\u00e1 sendo constru\u00edda sua futura f\u00e1brica de j\u00f3ias e lapida\u00e7\u00e3o emum amplo complexo que abrigar\u00e1 oficinas de confec\u00e7\u00e3o de j\u00f3ias, que sem d\u00edvida ser\u00e1 um dos maiores da Am\u00e9rica Latina, ou quem sabe do mundo.<\/p>\n","protected":false},"excerpt":{"rendered":"<p>A Vert Vivant trar\u00e1 para o Brasil um novo conceito em fabrica\u00e7\u00e3o de j\u00f3ias com uso da mais alta tecnologia, o\u00a0que vai garantir requinte e inova\u00e7\u00e3o nesses adere\u00e7os O mercado de j\u00f3ias \u00e9 bilion\u00e1rio por atrair tanto o p\u00fablico feminino quanto masculino. Por essa raz\u00e3o, esse mercado n\u00e3o para de receber novos investidores, a exemplo [&hellip;]<\/p>\n","protected":false},"author":18,"featured_media":18590,"comment_status":"open","ping_status":"open","sticky":false,"template":"","format":"gallery","meta":{"footnotes":""},"categories":[1],"tags":[397],"class_list":{"0":"post-18589","1":"post","2":"type-post","3":"status-publish","4":"format-gallery","5":"has-post-thumbnail","7":"category-outros","8":"tag-vert-vivant","9":"post_format-post-format-gallery"},"yoast_head":"<!-- This site is optimized with the Yoast SEO Premium plugin v24.5 (Yoast SEO v27.5) - https:\/\/yoast.com\/product\/yoast-seo-premium-wordpress\/ -->\n<title>Lan\u00e7amento da Vert Vivant em Bras\u00edlia. - P31<\/title>\n<meta name=\"robots\" content=\"index, follow, max-snippet:-1, max-image-preview:large, max-video-preview:-1\" \/>\n<link rel=\"canonical\" href=\"https:\/\/www.p31noticias.com.br\/?p=18589\" \/>\n<meta property=\"og:locale\" content=\"pt_BR\" \/>\n<meta property=\"og:type\" content=\"article\" \/>\n<meta property=\"og:title\" content=\"Lan\u00e7amento da Vert Vivant em Bras\u00edlia.\" \/>\n<meta property=\"og:description\" content=\"A Vert Vivant trar\u00e1 para o Brasil um novo conceito em fabrica\u00e7\u00e3o de j\u00f3ias com uso da mais alta tecnologia, o\u00a0que vai garantir requinte e inova\u00e7\u00e3o nesses adere\u00e7os O mercado de j\u00f3ias \u00e9 bilion\u00e1rio por atrair tanto o p\u00fablico feminino quanto masculino. Por essa raz\u00e3o, esse mercado n\u00e3o para de receber novos investidores, a exemplo [&hellip;]\" \/>\n<meta property=\"og:url\" content=\"https:\/\/www.p31noticias.com.br\/?p=18589\" \/>\n<meta property=\"og:site_name\" content=\"P31\" \/>\n<meta property=\"article:published_time\" content=\"2019-11-27T14:49:00+00:00\" \/>\n<meta property=\"og:image\" content=\"https:\/\/www.p31noticias.com.br\/wp-content\/uploads\/2019\/11\/76695145_602039003705543_142382782952243200_n.jpg\" \/>\n\t<meta property=\"og:image:width\" content=\"960\" \/>\n\t<meta property=\"og:image:height\" content=\"640\" \/>\n\t<meta property=\"og:image:type\" content=\"image\/jpeg\" \/>\n<meta name=\"author\" content=\"Reda\u00e7\u00e3o JBN\" \/>\n<meta name=\"twitter:card\" content=\"summary_large_image\" \/>\n<meta name=\"twitter:label1\" content=\"Escrito por\" \/>\n\t<meta name=\"twitter:data1\" content=\"Reda\u00e7\u00e3o JBN\" \/>\n\t<meta name=\"twitter:label2\" content=\"Est. tempo de leitura\" \/>\n\t<meta name=\"twitter:data2\" content=\"3 minutos\" \/>\n<script type=\"application\/ld+json\" class=\"yoast-schema-graph\">{\"@context\":\"https:\\\/\\\/schema.org\",\"@graph\":[{\"@type\":\"Article\",\"@id\":\"https:\\\/\\\/www.p31noticias.com.br\\\/?p=18589#article\",\"isPartOf\":{\"@id\":\"https:\\\/\\\/www.p31noticias.com.br\\\/?p=18589\"},\"author\":{\"name\":\"Reda\u00e7\u00e3o JBN\",\"@id\":\"https:\\\/\\\/www.p31noticias.com.br\\\/#\\\/schema\\\/person\\\/77d6b186c710ac38937c6ec204fdd387\"},\"headline\":\"Lan\u00e7amento da Vert Vivant em Bras\u00edlia.\",\"datePublished\":\"2019-11-27T14:49:00+00:00\",\"mainEntityOfPage\":{\"@id\":\"https:\\\/\\\/www.p31noticias.com.br\\\/?p=18589\"},\"wordCount\":571,\"commentCount\":0,\"image\":{\"@id\":\"https:\\\/\\\/www.p31noticias.com.br\\\/?p=18589#primaryimage\"},\"thumbnailUrl\":\"https:\\\/\\\/www.p31noticias.com.br\\\/wp-content\\\/uploads\\\/2019\\\/11\\\/76695145_602039003705543_142382782952243200_n.jpg\",\"keywords\":[\"vert vivant\"],\"articleSection\":[\"Outros\"],\"inLanguage\":\"pt-BR\",\"potentialAction\":[{\"@type\":\"CommentAction\",\"name\":\"Comment\",\"target\":[\"https:\\\/\\\/www.p31noticias.com.br\\\/?p=18589#respond\"]}],\"copyrightYear\":\"2019\",\"copyrightHolder\":{\"@id\":\"https:\\\/\\\/www.p31noticias.com.br\\\/#organization\"}},{\"@type\":\"WebPage\",\"@id\":\"https:\\\/\\\/www.p31noticias.com.br\\\/?p=18589\",\"url\":\"https:\\\/\\\/www.p31noticias.com.br\\\/?p=18589\",\"name\":\"Lan\u00e7amento da Vert Vivant em Bras\u00edlia. - P31\",\"isPartOf\":{\"@id\":\"https:\\\/\\\/www.p31noticias.com.br\\\/#website\"},\"primaryImageOfPage\":{\"@id\":\"https:\\\/\\\/www.p31noticias.com.br\\\/?p=18589#primaryimage\"},\"image\":{\"@id\":\"https:\\\/\\\/www.p31noticias.com.br\\\/?p=18589#primaryimage\"},\"thumbnailUrl\":\"https:\\\/\\\/www.p31noticias.com.br\\\/wp-content\\\/uploads\\\/2019\\\/11\\\/76695145_602039003705543_142382782952243200_n.jpg\",\"datePublished\":\"2019-11-27T14:49:00+00:00\",\"author\":{\"@id\":\"https:\\\/\\\/www.p31noticias.com.br\\\/#\\\/schema\\\/person\\\/77d6b186c710ac38937c6ec204fdd387\"},\"breadcrumb\":{\"@id\":\"https:\\\/\\\/www.p31noticias.com.br\\\/?p=18589#breadcrumb\"},\"inLanguage\":\"pt-BR\",\"potentialAction\":[{\"@type\":\"ReadAction\",\"target\":[\"https:\\\/\\\/www.p31noticias.com.br\\\/?p=18589\"]}]},{\"@type\":\"ImageObject\",\"inLanguage\":\"pt-BR\",\"@id\":\"https:\\\/\\\/www.p31noticias.com.br\\\/?p=18589#primaryimage\",\"url\":\"https:\\\/\\\/www.p31noticias.com.br\\\/wp-content\\\/uploads\\\/2019\\\/11\\\/76695145_602039003705543_142382782952243200_n.jpg\",\"contentUrl\":\"https:\\\/\\\/www.p31noticias.com.br\\\/wp-content\\\/uploads\\\/2019\\\/11\\\/76695145_602039003705543_142382782952243200_n.jpg\",\"width\":960,\"height\":640},{\"@type\":\"BreadcrumbList\",\"@id\":\"https:\\\/\\\/www.p31noticias.com.br\\\/?p=18589#breadcrumb\",\"itemListElement\":[{\"@type\":\"ListItem\",\"position\":1,\"name\":\"In\u00edcio\",\"item\":\"https:\\\/\\\/www.p31noticias.com.br\\\/\"},{\"@type\":\"ListItem\",\"position\":2,\"name\":\"Lan\u00e7amento da Vert Vivant em Bras\u00edlia.\"}]},{\"@type\":\"WebSite\",\"@id\":\"https:\\\/\\\/www.p31noticias.com.br\\\/#website\",\"url\":\"https:\\\/\\\/www.p31noticias.com.br\\\/\",\"name\":\"P31\",\"description\":\"NOT\u00cdCIAS\",\"potentialAction\":[{\"@type\":\"SearchAction\",\"target\":{\"@type\":\"EntryPoint\",\"urlTemplate\":\"https:\\\/\\\/www.p31noticias.com.br\\\/?s={search_term_string}\"},\"query-input\":{\"@type\":\"PropertyValueSpecification\",\"valueRequired\":true,\"valueName\":\"search_term_string\"}}],\"inLanguage\":\"pt-BR\"},{\"@type\":\"Person\",\"@id\":\"https:\\\/\\\/www.p31noticias.com.br\\\/#\\\/schema\\\/person\\\/77d6b186c710ac38937c6ec204fdd387\",\"name\":\"Reda\u00e7\u00e3o JBN\",\"image\":{\"@type\":\"ImageObject\",\"inLanguage\":\"pt-BR\",\"@id\":\"https:\\\/\\\/secure.gravatar.com\\\/avatar\\\/10fcdb93211f98cce3d64c0795b0915a9a4a21dc0f279238995a3dbfafcad090?s=96&d=mm&r=g\",\"url\":\"https:\\\/\\\/secure.gravatar.com\\\/avatar\\\/10fcdb93211f98cce3d64c0795b0915a9a4a21dc0f279238995a3dbfafcad090?s=96&d=mm&r=g\",\"contentUrl\":\"https:\\\/\\\/secure.gravatar.com\\\/avatar\\\/10fcdb93211f98cce3d64c0795b0915a9a4a21dc0f279238995a3dbfafcad090?s=96&d=mm&r=g\",\"caption\":\"Reda\u00e7\u00e3o JBN\"},\"sameAs\":[\"https:\\\/\\\/p31noticias.com.br\"],\"url\":\"https:\\\/\\\/www.p31noticias.com.br\\\/?author=18\"}]}<\/script>\n<!-- \/ Yoast SEO Premium plugin. -->","yoast_head_json":{"title":"Lan\u00e7amento da Vert Vivant em Bras\u00edlia. - P31","robots":{"index":"index","follow":"follow","max-snippet":"max-snippet:-1","max-image-preview":"max-image-preview:large","max-video-preview":"max-video-preview:-1"},"canonical":"https:\/\/www.p31noticias.com.br\/?p=18589","og_locale":"pt_BR","og_type":"article","og_title":"Lan\u00e7amento da Vert Vivant em Bras\u00edlia.","og_description":"A Vert Vivant trar\u00e1 para o Brasil um novo conceito em fabrica\u00e7\u00e3o de j\u00f3ias com uso da mais alta tecnologia, o\u00a0que vai garantir requinte e inova\u00e7\u00e3o nesses adere\u00e7os O mercado de j\u00f3ias \u00e9 bilion\u00e1rio por atrair tanto o p\u00fablico feminino quanto masculino. Por essa raz\u00e3o, esse mercado n\u00e3o para de receber novos investidores, a exemplo [&hellip;]","og_url":"https:\/\/www.p31noticias.com.br\/?p=18589","og_site_name":"P31","article_published_time":"2019-11-27T14:49:00+00:00","og_image":[{"width":960,"height":640,"url":"https:\/\/www.p31noticias.com.br\/wp-content\/uploads\/2019\/11\/76695145_602039003705543_142382782952243200_n.jpg","type":"image\/jpeg"}],"author":"Reda\u00e7\u00e3o JBN","twitter_card":"summary_large_image","twitter_misc":{"Escrito por":"Reda\u00e7\u00e3o JBN","Est. tempo de leitura":"3 minutos"},"schema":{"@context":"https:\/\/schema.org","@graph":[{"@type":"Article","@id":"https:\/\/www.p31noticias.com.br\/?p=18589#article","isPartOf":{"@id":"https:\/\/www.p31noticias.com.br\/?p=18589"},"author":{"name":"Reda\u00e7\u00e3o JBN","@id":"https:\/\/www.p31noticias.com.br\/#\/schema\/person\/77d6b186c710ac38937c6ec204fdd387"},"headline":"Lan\u00e7amento da Vert Vivant em Bras\u00edlia.","datePublished":"2019-11-27T14:49:00+00:00","mainEntityOfPage":{"@id":"https:\/\/www.p31noticias.com.br\/?p=18589"},"wordCount":571,"commentCount":0,"image":{"@id":"https:\/\/www.p31noticias.com.br\/?p=18589#primaryimage"},"thumbnailUrl":"https:\/\/www.p31noticias.com.br\/wp-content\/uploads\/2019\/11\/76695145_602039003705543_142382782952243200_n.jpg","keywords":["vert vivant"],"articleSection":["Outros"],"inLanguage":"pt-BR","potentialAction":[{"@type":"CommentAction","name":"Comment","target":["https:\/\/www.p31noticias.com.br\/?p=18589#respond"]}],"copyrightYear":"2019","copyrightHolder":{"@id":"https:\/\/www.p31noticias.com.br\/#organization"}},{"@type":"WebPage","@id":"https:\/\/www.p31noticias.com.br\/?p=18589","url":"https:\/\/www.p31noticias.com.br\/?p=18589","name":"Lan\u00e7amento da Vert Vivant em Bras\u00edlia. - P31","isPartOf":{"@id":"https:\/\/www.p31noticias.com.br\/#website"},"primaryImageOfPage":{"@id":"https:\/\/www.p31noticias.com.br\/?p=18589#primaryimage"},"image":{"@id":"https:\/\/www.p31noticias.com.br\/?p=18589#primaryimage"},"thumbnailUrl":"https:\/\/www.p31noticias.com.br\/wp-content\/uploads\/2019\/11\/76695145_602039003705543_142382782952243200_n.jpg","datePublished":"2019-11-27T14:49:00+00:00","author":{"@id":"https:\/\/www.p31noticias.com.br\/#\/schema\/person\/77d6b186c710ac38937c6ec204fdd387"},"breadcrumb":{"@id":"https:\/\/www.p31noticias.com.br\/?p=18589#breadcrumb"},"inLanguage":"pt-BR","potentialAction":[{"@type":"ReadAction","target":["https:\/\/www.p31noticias.com.br\/?p=18589"]}]},{"@type":"ImageObject","inLanguage":"pt-BR","@id":"https:\/\/www.p31noticias.com.br\/?p=18589#primaryimage","url":"https:\/\/www.p31noticias.com.br\/wp-content\/uploads\/2019\/11\/76695145_602039003705543_142382782952243200_n.jpg","contentUrl":"https:\/\/www.p31noticias.com.br\/wp-content\/uploads\/2019\/11\/76695145_602039003705543_142382782952243200_n.jpg","width":960,"height":640},{"@type":"BreadcrumbList","@id":"https:\/\/www.p31noticias.com.br\/?p=18589#breadcrumb","itemListElement":[{"@type":"ListItem","position":1,"name":"In\u00edcio","item":"https:\/\/www.p31noticias.com.br\/"},{"@type":"ListItem","position":2,"name":"Lan\u00e7amento da Vert Vivant em Bras\u00edlia."}]},{"@type":"WebSite","@id":"https:\/\/www.p31noticias.com.br\/#website","url":"https:\/\/www.p31noticias.com.br\/","name":"P31","description":"NOT\u00cdCIAS","potentialAction":[{"@type":"SearchAction","target":{"@type":"EntryPoint","urlTemplate":"https:\/\/www.p31noticias.com.br\/?s={search_term_string}"},"query-input":{"@type":"PropertyValueSpecification","valueRequired":true,"valueName":"search_term_string"}}],"inLanguage":"pt-BR"},{"@type":"Person","@id":"https:\/\/www.p31noticias.com.br\/#\/schema\/person\/77d6b186c710ac38937c6ec204fdd387","name":"Reda\u00e7\u00e3o JBN","image":{"@type":"ImageObject","inLanguage":"pt-BR","@id":"https:\/\/secure.gravatar.com\/avatar\/10fcdb93211f98cce3d64c0795b0915a9a4a21dc0f279238995a3dbfafcad090?s=96&d=mm&r=g","url":"https:\/\/secure.gravatar.com\/avatar\/10fcdb93211f98cce3d64c0795b0915a9a4a21dc0f279238995a3dbfafcad090?s=96&d=mm&r=g","contentUrl":"https:\/\/secure.gravatar.com\/avatar\/10fcdb93211f98cce3d64c0795b0915a9a4a21dc0f279238995a3dbfafcad090?s=96&d=mm&r=g","caption":"Reda\u00e7\u00e3o JBN"},"sameAs":["https:\/\/p31noticias.com.br"],"url":"https:\/\/www.p31noticias.com.br\/?author=18"}]}},"amp_enabled":true,"_links":{"self":[{"href":"https:\/\/www.p31noticias.com.br\/index.php?rest_route=\/wp\/v2\/posts\/18589","targetHints":{"allow":["GET"]}}],"collection":[{"href":"https:\/\/www.p31noticias.com.br\/index.php?rest_route=\/wp\/v2\/posts"}],"about":[{"href":"https:\/\/www.p31noticias.com.br\/index.php?rest_route=\/wp\/v2\/types\/post"}],"author":[{"embeddable":true,"href":"https:\/\/www.p31noticias.com.br\/index.php?rest_route=\/wp\/v2\/users\/18"}],"replies":[{"embeddable":true,"href":"https:\/\/www.p31noticias.com.br\/index.php?rest_route=%2Fwp%2Fv2%2Fcomments&post=18589"}],"version-history":[{"count":0,"href":"https:\/\/www.p31noticias.com.br\/index.php?rest_route=\/wp\/v2\/posts\/18589\/revisions"}],"wp:featuredmedia":[{"embeddable":true,"href":"https:\/\/www.p31noticias.com.br\/index.php?rest_route=\/wp\/v2\/media\/18590"}],"wp:attachment":[{"href":"https:\/\/www.p31noticias.com.br\/index.php?rest_route=%2Fwp%2Fv2%2Fmedia&parent=18589"}],"wp:term":[{"taxonomy":"category","embeddable":true,"href":"https:\/\/www.p31noticias.com.br\/index.php?rest_route=%2Fwp%2Fv2%2Fcategories&post=18589"},{"taxonomy":"post_tag","embeddable":true,"href":"https:\/\/www.p31noticias.com.br\/index.php?rest_route=%2Fwp%2Fv2%2Ftags&post=18589"}],"curies":[{"name":"wp","href":"https:\/\/api.w.org\/{rel}","templated":true}]}}