{"id":18565,"date":"2019-11-20T16:25:00","date_gmt":"2019-11-20T18:25:00","guid":{"rendered":"https:\/\/www.delioandrade.com.br\/?p=18565"},"modified":"2019-11-20T16:25:00","modified_gmt":"2019-11-20T18:25:00","slug":"df-legal-comeca-atendimento-no-lago-norte-e-ceilandia","status":"publish","type":"post","link":"https:\/\/www.p31noticias.com.br\/?p=18565","title":{"rendered":"DF LEGAL come\u00e7a atendimento no Lago Norte e Ceil\u00e2ndia"},"content":{"rendered":"<p class=\"has-drop-cap\">DF Legal tem por objetivo a prote\u00e7\u00e3o da ordem urban\u00edstica do Distrito Federal, a Secretaria DF Legal vai investir na descentraliza\u00e7\u00e3o de seus servi\u00e7os de forma a melhor atender ao cidad\u00e3o. Nos dias 19 e 21 de novembro, \u00e0s 10h, ser\u00e3o inaugurados dois N\u00facleos de Atendimento ao Cidad\u00e3o no Lago Norte e na Ceil\u00e2ndia, respectivamente. Os postos v\u00e3o funcionar das 8h \u00e0s 18h, dentro das administra\u00e7\u00f5es regionais.<\/p>\n<p>O objetivo \u00e9 ter N\u00facleos de Atendimento ao Cidad\u00e3o em todas as regi\u00f5es administrativas, al\u00e9m da sede que fica no\u00a0<a href=\"https:\/\/www.google.com\/maps\/search\/SIA+(Trecho+3,+1545?entry=gmail&amp;source=g\" target=\"_blank\" rel=\"noreferrer noopener\">SIA (Trecho 3, 1545<\/a>). Atualmente existem n\u00facleos nas administra\u00e7\u00f5es de Bras\u00edlia, Sobradinho, Gama e Taguatinga.<\/p>\n<p><strong>O que os n\u00facleos oferecem ao cidad\u00e3o:<\/strong><\/p>\n<ul>\n<li>C\u00f3pia e vistas aos processos administrativos;<\/li>\n<li>Lan\u00e7amento de taxas e pre\u00e7os p\u00fablicos;<\/li>\n<li>Emiss\u00e3o de nada consta;<\/li>\n<li>Emiss\u00e3o de boletos de compet\u00eancia do\u00a0DF Legal;<\/li>\n<li>Requerimento de pedidos de revis\u00e3o, suspens\u00e3o e de isen\u00e7\u00e3o de cobran\u00e7a de taxas\u00a0\u2013 Taxa de Execu\u00e7\u00e3o de Obras (TEO) e Taxa de Fiscaliza\u00e7\u00e3o de Estabelecimento (TFE);<\/li>\n<li>Revis\u00e3o e suspens\u00e3o de lan\u00e7amento de pre\u00e7o p\u00fablico;<\/li>\n<li>Comprova\u00e7\u00e3o de pagamentos e restitui\u00e7\u00e3o de valores;<\/li>\n<li>Parcelamento dos cr\u00e9ditos n\u00e3o inscritos em d\u00edvida ativa e n\u00e3o ajuizados;<\/li>\n<li>Alterar endere\u00e7o e metragem de TFE\/TEO;;<\/li>\n<li>Recebimento de impugna\u00e7\u00f5es, manifesta\u00e7\u00f5es de inconformidade e recursos volunt\u00e1rios, referentes aos autos expedidos pela DF Legal;<\/li>\n<li>Requerimentos diversos;<\/li>\n<li>Solicita\u00e7\u00e3o de cobran\u00e7a de TFE\/TEO devido a encerramento de atividade econ\u00f4mica ou t\u00e9rmino da obra;<\/li>\n<li>Solicita\u00e7\u00e3o de retirada de d\u00e9bitos inscritos na d\u00edvida ativa;<\/li>\n<li>Solicita\u00e7\u00e3o de prescri\u00e7\u00e3o de d\u00e9bitos tribut\u00e1rios e n\u00e3o tribut\u00e1rios.<\/li>\n<\/ul>\n<p><strong>Ouvidoria presencial<\/strong><\/p>\n<p>O \u00fanico servi\u00e7o que os n\u00facleo de atendimento n\u00e3o possuem \u00e9 a Ouvidoria Presencial. A sede da Secretaria DF Legal possui um N\u00facleo de Atendimento da Ouvidoria Presencial, que atende das 8h \u00e0s 18h, no\u00a0<a href=\"https:\/\/www.google.com\/maps\/search\/SIA+Trecho+3+1545?entry=gmail&amp;source=g\" target=\"_blank\" rel=\"noreferrer noopener\">SIA Trecho 3 1545<\/a>.<\/p>\n<p>Tamb\u00e9m \u00e9 poss\u00edvel realizar den\u00fancias\/elogios via 162 ou pelo site da ouvidoria:\u00a0<a href=\"http:\/\/www.ouvidoria.df.gov.br\/canais-de-atendimento-2\/\" target=\"_blank\" rel=\"noreferrer noopener\">http:\/\/www.ouvidoria.df.gov.br\/canais-de-atendimento-2\/<\/a><\/p>\n<p><em>* Com informa\u00e7\u00f5es da Secretaria DF Legal<\/em><\/p>\n","protected":false},"excerpt":{"rendered":"<p>DF Legal tem por objetivo a prote\u00e7\u00e3o da ordem urban\u00edstica do Distrito Federal, a Secretaria DF Legal vai investir na descentraliza\u00e7\u00e3o de seus servi\u00e7os de forma a melhor atender ao cidad\u00e3o. Nos dias 19 e 21 de novembro, \u00e0s 10h, ser\u00e3o inaugurados dois N\u00facleos de Atendimento ao Cidad\u00e3o no Lago Norte e na Ceil\u00e2ndia, respectivamente. [&hellip;]<\/p>\n","protected":false},"author":18,"featured_media":18566,"comment_status":"open","ping_status":"open","sticky":false,"template":"","format":"standard","meta":{"footnotes":""},"categories":[57],"tags":[394,35],"class_list":{"0":"post-18565","1":"post","2":"type-post","3":"status-publish","4":"format-standard","5":"has-post-thumbnail","7":"category-politica","8":"tag-df-legal","9":"tag-gdf"},"yoast_head":"<!-- This site is optimized with the Yoast SEO Premium plugin v24.5 (Yoast SEO v27.5) - https:\/\/yoast.com\/product\/yoast-seo-premium-wordpress\/ -->\n<title>DF LEGAL come\u00e7a atendimento no Lago Norte e Ceil\u00e2ndia - P31<\/title>\n<meta name=\"description\" content=\"DF Legal tem por objetivo a prote\u00e7\u00e3o da ordem urban\u00edstica do Distrito Federal, a Secretaria DF Legal vai investir na descentraliza\u00e7\u00e3o de seus\" \/>\n<meta name=\"robots\" content=\"index, follow, max-snippet:-1, max-image-preview:large, max-video-preview:-1\" \/>\n<link rel=\"canonical\" href=\"https:\/\/www.p31noticias.com.br\/?p=18565\" \/>\n<meta property=\"og:locale\" content=\"pt_BR\" \/>\n<meta property=\"og:type\" content=\"article\" \/>\n<meta property=\"og:title\" content=\"DF LEGAL come\u00e7a atendimento no Lago Norte e Ceil\u00e2ndia\" \/>\n<meta property=\"og:description\" content=\"DF Legal tem por objetivo a prote\u00e7\u00e3o da ordem urban\u00edstica do Distrito Federal, a Secretaria DF Legal vai investir na descentraliza\u00e7\u00e3o de seus\" \/>\n<meta property=\"og:url\" content=\"https:\/\/www.p31noticias.com.br\/?p=18565\" \/>\n<meta property=\"og:site_name\" content=\"P31\" \/>\n<meta property=\"article:published_time\" content=\"2019-11-20T18:25:00+00:00\" \/>\n<meta property=\"og:image\" content=\"https:\/\/www.p31noticias.com.br\/wp-content\/uploads\/2019\/11\/7A78A60C-E80E-48F2-ADEF-B20DB70FCDFE.jpeg\" \/>\n\t<meta property=\"og:image:width\" content=\"1032\" \/>\n\t<meta property=\"og:image:height\" content=\"581\" \/>\n\t<meta property=\"og:image:type\" content=\"image\/jpeg\" \/>\n<meta name=\"author\" content=\"Reda\u00e7\u00e3o JBN\" \/>\n<meta name=\"twitter:card\" content=\"summary_large_image\" \/>\n<meta name=\"twitter:label1\" content=\"Escrito por\" \/>\n\t<meta name=\"twitter:data1\" content=\"Reda\u00e7\u00e3o JBN\" \/>\n\t<meta name=\"twitter:label2\" content=\"Est. tempo de leitura\" \/>\n\t<meta name=\"twitter:data2\" content=\"2 minutos\" \/>\n<script type=\"application\/ld+json\" class=\"yoast-schema-graph\">{\"@context\":\"https:\\\/\\\/schema.org\",\"@graph\":[{\"@type\":\"Article\",\"@id\":\"https:\\\/\\\/www.p31noticias.com.br\\\/?p=18565#article\",\"isPartOf\":{\"@id\":\"https:\\\/\\\/www.p31noticias.com.br\\\/?p=18565\"},\"author\":{\"name\":\"Reda\u00e7\u00e3o JBN\",\"@id\":\"https:\\\/\\\/www.p31noticias.com.br\\\/#\\\/schema\\\/person\\\/77d6b186c710ac38937c6ec204fdd387\"},\"headline\":\"DF LEGAL come\u00e7a atendimento no Lago Norte e Ceil\u00e2ndia\",\"datePublished\":\"2019-11-20T18:25:00+00:00\",\"mainEntityOfPage\":{\"@id\":\"https:\\\/\\\/www.p31noticias.com.br\\\/?p=18565\"},\"wordCount\":381,\"commentCount\":0,\"image\":{\"@id\":\"https:\\\/\\\/www.p31noticias.com.br\\\/?p=18565#primaryimage\"},\"thumbnailUrl\":\"https:\\\/\\\/www.p31noticias.com.br\\\/wp-content\\\/uploads\\\/2019\\\/11\\\/7A78A60C-E80E-48F2-ADEF-B20DB70FCDFE.jpeg\",\"keywords\":[\"DF Legal\",\"gdf\"],\"articleSection\":[\"Pol\u00edtica\"],\"inLanguage\":\"pt-BR\",\"potentialAction\":[{\"@type\":\"CommentAction\",\"name\":\"Comment\",\"target\":[\"https:\\\/\\\/www.p31noticias.com.br\\\/?p=18565#respond\"]}],\"copyrightYear\":\"2019\",\"copyrightHolder\":{\"@id\":\"https:\\\/\\\/www.p31noticias.com.br\\\/#organization\"}},{\"@type\":\"WebPage\",\"@id\":\"https:\\\/\\\/www.p31noticias.com.br\\\/?p=18565\",\"url\":\"https:\\\/\\\/www.p31noticias.com.br\\\/?p=18565\",\"name\":\"DF LEGAL come\u00e7a atendimento no Lago Norte e Ceil\u00e2ndia - P31\",\"isPartOf\":{\"@id\":\"https:\\\/\\\/www.p31noticias.com.br\\\/#website\"},\"primaryImageOfPage\":{\"@id\":\"https:\\\/\\\/www.p31noticias.com.br\\\/?p=18565#primaryimage\"},\"image\":{\"@id\":\"https:\\\/\\\/www.p31noticias.com.br\\\/?p=18565#primaryimage\"},\"thumbnailUrl\":\"https:\\\/\\\/www.p31noticias.com.br\\\/wp-content\\\/uploads\\\/2019\\\/11\\\/7A78A60C-E80E-48F2-ADEF-B20DB70FCDFE.jpeg\",\"datePublished\":\"2019-11-20T18:25:00+00:00\",\"author\":{\"@id\":\"https:\\\/\\\/www.p31noticias.com.br\\\/#\\\/schema\\\/person\\\/77d6b186c710ac38937c6ec204fdd387\"},\"description\":\"DF Legal tem por objetivo a prote\u00e7\u00e3o da ordem urban\u00edstica do Distrito Federal, a Secretaria DF Legal vai investir na descentraliza\u00e7\u00e3o de seus\",\"breadcrumb\":{\"@id\":\"https:\\\/\\\/www.p31noticias.com.br\\\/?p=18565#breadcrumb\"},\"inLanguage\":\"pt-BR\",\"potentialAction\":[{\"@type\":\"ReadAction\",\"target\":[\"https:\\\/\\\/www.p31noticias.com.br\\\/?p=18565\"]}]},{\"@type\":\"ImageObject\",\"inLanguage\":\"pt-BR\",\"@id\":\"https:\\\/\\\/www.p31noticias.com.br\\\/?p=18565#primaryimage\",\"url\":\"https:\\\/\\\/www.p31noticias.com.br\\\/wp-content\\\/uploads\\\/2019\\\/11\\\/7A78A60C-E80E-48F2-ADEF-B20DB70FCDFE.jpeg\",\"contentUrl\":\"https:\\\/\\\/www.p31noticias.com.br\\\/wp-content\\\/uploads\\\/2019\\\/11\\\/7A78A60C-E80E-48F2-ADEF-B20DB70FCDFE.jpeg\",\"width\":1032,\"height\":581,\"caption\":\"DF Legal\"},{\"@type\":\"BreadcrumbList\",\"@id\":\"https:\\\/\\\/www.p31noticias.com.br\\\/?p=18565#breadcrumb\",\"itemListElement\":[{\"@type\":\"ListItem\",\"position\":1,\"name\":\"In\u00edcio\",\"item\":\"https:\\\/\\\/www.p31noticias.com.br\\\/\"},{\"@type\":\"ListItem\",\"position\":2,\"name\":\"DF LEGAL come\u00e7a atendimento no Lago Norte e Ceil\u00e2ndia\"}]},{\"@type\":\"WebSite\",\"@id\":\"https:\\\/\\\/www.p31noticias.com.br\\\/#website\",\"url\":\"https:\\\/\\\/www.p31noticias.com.br\\\/\",\"name\":\"P31\",\"description\":\"NOT\u00cdCIAS\",\"potentialAction\":[{\"@type\":\"SearchAction\",\"target\":{\"@type\":\"EntryPoint\",\"urlTemplate\":\"https:\\\/\\\/www.p31noticias.com.br\\\/?s={search_term_string}\"},\"query-input\":{\"@type\":\"PropertyValueSpecification\",\"valueRequired\":true,\"valueName\":\"search_term_string\"}}],\"inLanguage\":\"pt-BR\"},{\"@type\":\"Person\",\"@id\":\"https:\\\/\\\/www.p31noticias.com.br\\\/#\\\/schema\\\/person\\\/77d6b186c710ac38937c6ec204fdd387\",\"name\":\"Reda\u00e7\u00e3o JBN\",\"image\":{\"@type\":\"ImageObject\",\"inLanguage\":\"pt-BR\",\"@id\":\"https:\\\/\\\/secure.gravatar.com\\\/avatar\\\/10fcdb93211f98cce3d64c0795b0915a9a4a21dc0f279238995a3dbfafcad090?s=96&d=mm&r=g\",\"url\":\"https:\\\/\\\/secure.gravatar.com\\\/avatar\\\/10fcdb93211f98cce3d64c0795b0915a9a4a21dc0f279238995a3dbfafcad090?s=96&d=mm&r=g\",\"contentUrl\":\"https:\\\/\\\/secure.gravatar.com\\\/avatar\\\/10fcdb93211f98cce3d64c0795b0915a9a4a21dc0f279238995a3dbfafcad090?s=96&d=mm&r=g\",\"caption\":\"Reda\u00e7\u00e3o JBN\"},\"sameAs\":[\"https:\\\/\\\/p31noticias.com.br\"],\"url\":\"https:\\\/\\\/www.p31noticias.com.br\\\/?author=18\"}]}<\/script>\n<!-- \/ Yoast SEO Premium plugin. -->","yoast_head_json":{"title":"DF LEGAL come\u00e7a atendimento no Lago Norte e Ceil\u00e2ndia - P31","description":"DF Legal tem por objetivo a prote\u00e7\u00e3o da ordem urban\u00edstica do Distrito Federal, a Secretaria DF Legal vai investir na descentraliza\u00e7\u00e3o de seus","robots":{"index":"index","follow":"follow","max-snippet":"max-snippet:-1","max-image-preview":"max-image-preview:large","max-video-preview":"max-video-preview:-1"},"canonical":"https:\/\/www.p31noticias.com.br\/?p=18565","og_locale":"pt_BR","og_type":"article","og_title":"DF LEGAL come\u00e7a atendimento no Lago Norte e Ceil\u00e2ndia","og_description":"DF Legal tem por objetivo a prote\u00e7\u00e3o da ordem urban\u00edstica do Distrito Federal, a Secretaria DF Legal vai investir na descentraliza\u00e7\u00e3o de seus","og_url":"https:\/\/www.p31noticias.com.br\/?p=18565","og_site_name":"P31","article_published_time":"2019-11-20T18:25:00+00:00","og_image":[{"width":1032,"height":581,"url":"https:\/\/www.p31noticias.com.br\/wp-content\/uploads\/2019\/11\/7A78A60C-E80E-48F2-ADEF-B20DB70FCDFE.jpeg","type":"image\/jpeg"}],"author":"Reda\u00e7\u00e3o JBN","twitter_card":"summary_large_image","twitter_misc":{"Escrito por":"Reda\u00e7\u00e3o JBN","Est. tempo de leitura":"2 minutos"},"schema":{"@context":"https:\/\/schema.org","@graph":[{"@type":"Article","@id":"https:\/\/www.p31noticias.com.br\/?p=18565#article","isPartOf":{"@id":"https:\/\/www.p31noticias.com.br\/?p=18565"},"author":{"name":"Reda\u00e7\u00e3o JBN","@id":"https:\/\/www.p31noticias.com.br\/#\/schema\/person\/77d6b186c710ac38937c6ec204fdd387"},"headline":"DF LEGAL come\u00e7a atendimento no Lago Norte e Ceil\u00e2ndia","datePublished":"2019-11-20T18:25:00+00:00","mainEntityOfPage":{"@id":"https:\/\/www.p31noticias.com.br\/?p=18565"},"wordCount":381,"commentCount":0,"image":{"@id":"https:\/\/www.p31noticias.com.br\/?p=18565#primaryimage"},"thumbnailUrl":"https:\/\/www.p31noticias.com.br\/wp-content\/uploads\/2019\/11\/7A78A60C-E80E-48F2-ADEF-B20DB70FCDFE.jpeg","keywords":["DF Legal","gdf"],"articleSection":["Pol\u00edtica"],"inLanguage":"pt-BR","potentialAction":[{"@type":"CommentAction","name":"Comment","target":["https:\/\/www.p31noticias.com.br\/?p=18565#respond"]}],"copyrightYear":"2019","copyrightHolder":{"@id":"https:\/\/www.p31noticias.com.br\/#organization"}},{"@type":"WebPage","@id":"https:\/\/www.p31noticias.com.br\/?p=18565","url":"https:\/\/www.p31noticias.com.br\/?p=18565","name":"DF LEGAL come\u00e7a atendimento no Lago Norte e Ceil\u00e2ndia - P31","isPartOf":{"@id":"https:\/\/www.p31noticias.com.br\/#website"},"primaryImageOfPage":{"@id":"https:\/\/www.p31noticias.com.br\/?p=18565#primaryimage"},"image":{"@id":"https:\/\/www.p31noticias.com.br\/?p=18565#primaryimage"},"thumbnailUrl":"https:\/\/www.p31noticias.com.br\/wp-content\/uploads\/2019\/11\/7A78A60C-E80E-48F2-ADEF-B20DB70FCDFE.jpeg","datePublished":"2019-11-20T18:25:00+00:00","author":{"@id":"https:\/\/www.p31noticias.com.br\/#\/schema\/person\/77d6b186c710ac38937c6ec204fdd387"},"description":"DF Legal tem por objetivo a prote\u00e7\u00e3o da ordem urban\u00edstica do Distrito Federal, a Secretaria DF Legal vai investir na descentraliza\u00e7\u00e3o de seus","breadcrumb":{"@id":"https:\/\/www.p31noticias.com.br\/?p=18565#breadcrumb"},"inLanguage":"pt-BR","potentialAction":[{"@type":"ReadAction","target":["https:\/\/www.p31noticias.com.br\/?p=18565"]}]},{"@type":"ImageObject","inLanguage":"pt-BR","@id":"https:\/\/www.p31noticias.com.br\/?p=18565#primaryimage","url":"https:\/\/www.p31noticias.com.br\/wp-content\/uploads\/2019\/11\/7A78A60C-E80E-48F2-ADEF-B20DB70FCDFE.jpeg","contentUrl":"https:\/\/www.p31noticias.com.br\/wp-content\/uploads\/2019\/11\/7A78A60C-E80E-48F2-ADEF-B20DB70FCDFE.jpeg","width":1032,"height":581,"caption":"DF Legal"},{"@type":"BreadcrumbList","@id":"https:\/\/www.p31noticias.com.br\/?p=18565#breadcrumb","itemListElement":[{"@type":"ListItem","position":1,"name":"In\u00edcio","item":"https:\/\/www.p31noticias.com.br\/"},{"@type":"ListItem","position":2,"name":"DF LEGAL come\u00e7a atendimento no Lago Norte e Ceil\u00e2ndia"}]},{"@type":"WebSite","@id":"https:\/\/www.p31noticias.com.br\/#website","url":"https:\/\/www.p31noticias.com.br\/","name":"P31","description":"NOT\u00cdCIAS","potentialAction":[{"@type":"SearchAction","target":{"@type":"EntryPoint","urlTemplate":"https:\/\/www.p31noticias.com.br\/?s={search_term_string}"},"query-input":{"@type":"PropertyValueSpecification","valueRequired":true,"valueName":"search_term_string"}}],"inLanguage":"pt-BR"},{"@type":"Person","@id":"https:\/\/www.p31noticias.com.br\/#\/schema\/person\/77d6b186c710ac38937c6ec204fdd387","name":"Reda\u00e7\u00e3o JBN","image":{"@type":"ImageObject","inLanguage":"pt-BR","@id":"https:\/\/secure.gravatar.com\/avatar\/10fcdb93211f98cce3d64c0795b0915a9a4a21dc0f279238995a3dbfafcad090?s=96&d=mm&r=g","url":"https:\/\/secure.gravatar.com\/avatar\/10fcdb93211f98cce3d64c0795b0915a9a4a21dc0f279238995a3dbfafcad090?s=96&d=mm&r=g","contentUrl":"https:\/\/secure.gravatar.com\/avatar\/10fcdb93211f98cce3d64c0795b0915a9a4a21dc0f279238995a3dbfafcad090?s=96&d=mm&r=g","caption":"Reda\u00e7\u00e3o JBN"},"sameAs":["https:\/\/p31noticias.com.br"],"url":"https:\/\/www.p31noticias.com.br\/?author=18"}]}},"amp_enabled":true,"_links":{"self":[{"href":"https:\/\/www.p31noticias.com.br\/index.php?rest_route=\/wp\/v2\/posts\/18565","targetHints":{"allow":["GET"]}}],"collection":[{"href":"https:\/\/www.p31noticias.com.br\/index.php?rest_route=\/wp\/v2\/posts"}],"about":[{"href":"https:\/\/www.p31noticias.com.br\/index.php?rest_route=\/wp\/v2\/types\/post"}],"author":[{"embeddable":true,"href":"https:\/\/www.p31noticias.com.br\/index.php?rest_route=\/wp\/v2\/users\/18"}],"replies":[{"embeddable":true,"href":"https:\/\/www.p31noticias.com.br\/index.php?rest_route=%2Fwp%2Fv2%2Fcomments&post=18565"}],"version-history":[{"count":0,"href":"https:\/\/www.p31noticias.com.br\/index.php?rest_route=\/wp\/v2\/posts\/18565\/revisions"}],"wp:featuredmedia":[{"embeddable":true,"href":"https:\/\/www.p31noticias.com.br\/index.php?rest_route=\/wp\/v2\/media\/18566"}],"wp:attachment":[{"href":"https:\/\/www.p31noticias.com.br\/index.php?rest_route=%2Fwp%2Fv2%2Fmedia&parent=18565"}],"wp:term":[{"taxonomy":"category","embeddable":true,"href":"https:\/\/www.p31noticias.com.br\/index.php?rest_route=%2Fwp%2Fv2%2Fcategories&post=18565"},{"taxonomy":"post_tag","embeddable":true,"href":"https:\/\/www.p31noticias.com.br\/index.php?rest_route=%2Fwp%2Fv2%2Ftags&post=18565"}],"curies":[{"name":"wp","href":"https:\/\/api.w.org\/{rel}","templated":true}]}}