{"id":18561,"date":"2019-11-18T18:13:03","date_gmt":"2019-11-18T20:13:03","guid":{"rendered":"https:\/\/www.delioandrade.com.br\/?p=18561"},"modified":"2019-11-18T18:13:03","modified_gmt":"2019-11-18T20:13:03","slug":"terceirizados-param-e-acompanhantes-limpam-hospital-no-df","status":"publish","type":"post","link":"https:\/\/www.p31noticias.com.br\/?p=18561","title":{"rendered":"Terceirizados param e acompanhantes limpam hospital no DF"},"content":{"rendered":"<p>Terceirizados &#8211; V\u00e1rias unidades de sa\u00fade da <a href=\"http:\/\/www.saude.df.gov.br\/\" target=\"_blank\" rel=\"nofollow noopener noreferrer\">rede p\u00fablica<\/a> do Distrito Federal sofrem com a falta de Terceirizados\u00a0da limpeza. A categoria decretou\u00a0greve\u00a0na \u00faltima ter\u00e7a-feira (12\/11\/2019), por atrasos no pagamento dos sal\u00e1rios. Sem previs\u00e3o para a volta dos servi\u00e7os, acompanhantes se mobilizam para garantir salubridade aos usu\u00e1rios.<\/p>\n<p>Uma paciente do\u00a0Hospital de Brazl\u00e2ndia\u00a0(HRB) fez um v\u00eddeo mostrando mulheres com rodos nas m\u00e3os, puxando a \u00e1gua nos corredores da unidade. Este n\u00e3o \u00e9 o \u00fanico local que sofre com a falta de trabalhadores dos servi\u00e7os gerais. A greve dos funcion\u00e1rios da empresa Ipanema tamb\u00e9m afeta os hospitais de Taguatinga (HRT), Samambaia (HRS) e o Materno e Infantil de Bras\u00edlia (<a href=\"http:\/\/www.saude.df.gov.br\/hmib\/\" target=\"_blank\" rel=\"nofollow noopener noreferrer\">HMIB<\/a>).<\/p>\n<p><iframe loading=\"lazy\" src=\"https:\/\/www.youtube.com\/embed\/4K4EkQlGPw0?feature=oembed\" width=\"500\" height=\"375\" frameborder=\"0\" allowfullscreen=\"allowfullscreen\" data-mce-fragment=\"1\"><\/iframe><\/p>\n<div id=\"outbrain_widget_0\" class=\"OUTBRAIN\" data-src=\"https:\/\/www.metropoles.com\/distrito-federal\/saude-df\/video-funcionarios-param-e-acompanhantes-limpam-hospital-no-df\" data-widget-id=\"AR_6\" data-ob-template=\"\u201cmetropoles&quot;\" data-ob-mark=\"true\" data-browser=\"chrome\" data-os=\"win32\" data-dynload=\"\" data-idx=\"0\">\n<div class=\"ob_box_cont AR_6\"><\/div>\n<\/div>\n<p>A falta de pagamento dos sal\u00e1rios dos Terceirizados n\u00e3o se restringe aos <a href=\"http:\/\/www.sindiservico.org.br\/\" target=\"_blank\" rel=\"nofollow noopener noreferrer\">terceirizados<\/a> da limpeza. Os vigilantes do mesmo grupo, que atuam em unidades de sa\u00fade em todo o DF, alegam atrasos e a categoria deve parar a partir das 19h desta segunda-feira (18\/11\/2019). \u201cPedimos que o GDF tome provid\u00eancias em rela\u00e7\u00e3o a essa empresa que vem constantemente atrasando os sal\u00e1rios dos Terceirizados e alegam falta de repasse\u201d, diz o secret\u00e1rio de imprensa do Sindicato dos Vigilantes do DF (<a href=\"https:\/\/sindesvdf.com.br\/news\/\" target=\"_blank\" rel=\"nofollow noopener noreferrer\">Sindesv<\/a>-DF), Gilmar Rodrigues.<\/p>\n<h5>Mais unidades<\/h5>\n<p>A amplia\u00e7\u00e3o da greve deve atingir hospitais e outras unidades de Brazl\u00e2ndia, Ceil\u00e2ndia, Taguatinga, Samambaia, Guar\u00e1, Sobradinho e Planaltina, al\u00e9m do HMIB.<\/p>\n<p>A Secretaria de Sa\u00fade afirmou, em nota oficial, efetuar o pagamento \u00e0s empresas prestadoras de servi\u00e7os ao GDF dentro do prazo estipulado no contrato, com repasse dos valores at\u00e9 90 dias ap\u00f3s a presta\u00e7\u00e3o do servi\u00e7o. Disse, ainda, ter notificado a empresa pelo n\u00e3o cumprimento do contrato e que \u201cest\u00e1 tomando todas as medidas necess\u00e1rias para que a situa\u00e7\u00e3o se normalize o mais breve poss\u00edvel\u201d.<\/p>\n","protected":false},"excerpt":{"rendered":"<p>Terceirizados &#8211; V\u00e1rias unidades de sa\u00fade da rede p\u00fablica do Distrito Federal sofrem com a falta de Terceirizados\u00a0da limpeza. A categoria decretou\u00a0greve\u00a0na \u00faltima ter\u00e7a-feira (12\/11\/2019), por atrasos no pagamento dos sal\u00e1rios. Sem previs\u00e3o para a volta dos servi\u00e7os, acompanhantes se mobilizam para garantir salubridade aos usu\u00e1rios. Uma paciente do\u00a0Hospital de Brazl\u00e2ndia\u00a0(HRB) fez um v\u00eddeo mostrando [&hellip;]<\/p>\n","protected":false},"author":18,"featured_media":18564,"comment_status":"open","ping_status":"open","sticky":false,"template":"","format":"standard","meta":{"footnotes":""},"categories":[21,57],"tags":[35,23,392,393],"class_list":{"0":"post-18561","1":"post","2":"type-post","3":"status-publish","4":"format-standard","5":"has-post-thumbnail","7":"category-brasilia","8":"category-politica","9":"tag-gdf","10":"tag-ibaneis-rocha","11":"tag-secretaria-de-educacao-do-distrito-federal","12":"tag-terceirizados"},"yoast_head":"<!-- This site is optimized with the Yoast SEO Premium plugin v24.5 (Yoast SEO v27.5) - https:\/\/yoast.com\/product\/yoast-seo-premium-wordpress\/ -->\n<title>Terceirizados param e acompanhantes limpam hospital no DF - P31<\/title>\n<meta name=\"description\" content=\"Terceirizados - V\u00e1rias unidades de sa\u00fade da rede p\u00fablica do Distrito Federal sofrem com a falta de Terceirizados\u00a0da limpeza. A categoria\" \/>\n<meta name=\"robots\" content=\"index, follow, max-snippet:-1, max-image-preview:large, max-video-preview:-1\" \/>\n<link rel=\"canonical\" href=\"https:\/\/www.p31noticias.com.br\/?p=18561\" \/>\n<meta property=\"og:locale\" content=\"pt_BR\" \/>\n<meta property=\"og:type\" content=\"article\" \/>\n<meta property=\"og:title\" content=\"Terceirizados param e acompanhantes limpam hospital no DF\" \/>\n<meta property=\"og:description\" content=\"Terceirizados - V\u00e1rias unidades de sa\u00fade da rede p\u00fablica do Distrito Federal sofrem com a falta de Terceirizados\u00a0da limpeza. A categoria\" \/>\n<meta property=\"og:url\" content=\"https:\/\/www.p31noticias.com.br\/?p=18561\" \/>\n<meta property=\"og:site_name\" content=\"P31\" \/>\n<meta property=\"article:published_time\" content=\"2019-11-18T20:13:03+00:00\" \/>\n<meta property=\"og:image\" content=\"https:\/\/www.p31noticias.com.br\/wp-content\/uploads\/2019\/11\/arton21344.jpg\" \/>\n\t<meta property=\"og:image:width\" content=\"1140\" \/>\n\t<meta property=\"og:image:height\" content=\"642\" \/>\n\t<meta property=\"og:image:type\" content=\"image\/jpeg\" \/>\n<meta name=\"author\" content=\"Reda\u00e7\u00e3o JBN\" \/>\n<meta name=\"twitter:card\" content=\"summary_large_image\" \/>\n<meta name=\"twitter:label1\" content=\"Escrito por\" \/>\n\t<meta name=\"twitter:data1\" content=\"Reda\u00e7\u00e3o JBN\" \/>\n\t<meta name=\"twitter:label2\" content=\"Est. tempo de leitura\" \/>\n\t<meta name=\"twitter:data2\" content=\"2 minutos\" \/>\n<script type=\"application\/ld+json\" class=\"yoast-schema-graph\">{\"@context\":\"https:\\\/\\\/schema.org\",\"@graph\":[{\"@type\":\"Article\",\"@id\":\"https:\\\/\\\/www.p31noticias.com.br\\\/?p=18561#article\",\"isPartOf\":{\"@id\":\"https:\\\/\\\/www.p31noticias.com.br\\\/?p=18561\"},\"author\":{\"name\":\"Reda\u00e7\u00e3o JBN\",\"@id\":\"https:\\\/\\\/www.p31noticias.com.br\\\/#\\\/schema\\\/person\\\/77d6b186c710ac38937c6ec204fdd387\"},\"headline\":\"Terceirizados param e acompanhantes limpam hospital no DF\",\"datePublished\":\"2019-11-18T20:13:03+00:00\",\"mainEntityOfPage\":{\"@id\":\"https:\\\/\\\/www.p31noticias.com.br\\\/?p=18561\"},\"wordCount\":323,\"commentCount\":0,\"image\":{\"@id\":\"https:\\\/\\\/www.p31noticias.com.br\\\/?p=18561#primaryimage\"},\"thumbnailUrl\":\"https:\\\/\\\/www.p31noticias.com.br\\\/wp-content\\\/uploads\\\/2019\\\/11\\\/arton21344.jpg\",\"keywords\":[\"gdf\",\"Ibaneis Rocha\",\"Secretaria de Educa\u00e7\u00e3o do Distrito Federal\",\"Terceirizados\"],\"articleSection\":[\"Bras\u00edlia\",\"Pol\u00edtica\"],\"inLanguage\":\"pt-BR\",\"potentialAction\":[{\"@type\":\"CommentAction\",\"name\":\"Comment\",\"target\":[\"https:\\\/\\\/www.p31noticias.com.br\\\/?p=18561#respond\"]}],\"copyrightYear\":\"2019\",\"copyrightHolder\":{\"@id\":\"https:\\\/\\\/www.p31noticias.com.br\\\/#organization\"}},{\"@type\":\"WebPage\",\"@id\":\"https:\\\/\\\/www.p31noticias.com.br\\\/?p=18561\",\"url\":\"https:\\\/\\\/www.p31noticias.com.br\\\/?p=18561\",\"name\":\"Terceirizados param e acompanhantes limpam hospital no DF - P31\",\"isPartOf\":{\"@id\":\"https:\\\/\\\/www.p31noticias.com.br\\\/#website\"},\"primaryImageOfPage\":{\"@id\":\"https:\\\/\\\/www.p31noticias.com.br\\\/?p=18561#primaryimage\"},\"image\":{\"@id\":\"https:\\\/\\\/www.p31noticias.com.br\\\/?p=18561#primaryimage\"},\"thumbnailUrl\":\"https:\\\/\\\/www.p31noticias.com.br\\\/wp-content\\\/uploads\\\/2019\\\/11\\\/arton21344.jpg\",\"datePublished\":\"2019-11-18T20:13:03+00:00\",\"author\":{\"@id\":\"https:\\\/\\\/www.p31noticias.com.br\\\/#\\\/schema\\\/person\\\/77d6b186c710ac38937c6ec204fdd387\"},\"description\":\"Terceirizados - V\u00e1rias unidades de sa\u00fade da rede p\u00fablica do Distrito Federal sofrem com a falta de Terceirizados\u00a0da limpeza. A categoria\",\"breadcrumb\":{\"@id\":\"https:\\\/\\\/www.p31noticias.com.br\\\/?p=18561#breadcrumb\"},\"inLanguage\":\"pt-BR\",\"potentialAction\":[{\"@type\":\"ReadAction\",\"target\":[\"https:\\\/\\\/www.p31noticias.com.br\\\/?p=18561\"]}]},{\"@type\":\"ImageObject\",\"inLanguage\":\"pt-BR\",\"@id\":\"https:\\\/\\\/www.p31noticias.com.br\\\/?p=18561#primaryimage\",\"url\":\"https:\\\/\\\/www.p31noticias.com.br\\\/wp-content\\\/uploads\\\/2019\\\/11\\\/arton21344.jpg\",\"contentUrl\":\"https:\\\/\\\/www.p31noticias.com.br\\\/wp-content\\\/uploads\\\/2019\\\/11\\\/arton21344.jpg\",\"width\":1140,\"height\":642,\"caption\":\"terceirizados df\"},{\"@type\":\"BreadcrumbList\",\"@id\":\"https:\\\/\\\/www.p31noticias.com.br\\\/?p=18561#breadcrumb\",\"itemListElement\":[{\"@type\":\"ListItem\",\"position\":1,\"name\":\"In\u00edcio\",\"item\":\"https:\\\/\\\/www.p31noticias.com.br\\\/\"},{\"@type\":\"ListItem\",\"position\":2,\"name\":\"Terceirizados param e acompanhantes limpam hospital no DF\"}]},{\"@type\":\"WebSite\",\"@id\":\"https:\\\/\\\/www.p31noticias.com.br\\\/#website\",\"url\":\"https:\\\/\\\/www.p31noticias.com.br\\\/\",\"name\":\"P31\",\"description\":\"NOT\u00cdCIAS\",\"potentialAction\":[{\"@type\":\"SearchAction\",\"target\":{\"@type\":\"EntryPoint\",\"urlTemplate\":\"https:\\\/\\\/www.p31noticias.com.br\\\/?s={search_term_string}\"},\"query-input\":{\"@type\":\"PropertyValueSpecification\",\"valueRequired\":true,\"valueName\":\"search_term_string\"}}],\"inLanguage\":\"pt-BR\"},{\"@type\":\"Person\",\"@id\":\"https:\\\/\\\/www.p31noticias.com.br\\\/#\\\/schema\\\/person\\\/77d6b186c710ac38937c6ec204fdd387\",\"name\":\"Reda\u00e7\u00e3o JBN\",\"image\":{\"@type\":\"ImageObject\",\"inLanguage\":\"pt-BR\",\"@id\":\"https:\\\/\\\/secure.gravatar.com\\\/avatar\\\/10fcdb93211f98cce3d64c0795b0915a9a4a21dc0f279238995a3dbfafcad090?s=96&d=mm&r=g\",\"url\":\"https:\\\/\\\/secure.gravatar.com\\\/avatar\\\/10fcdb93211f98cce3d64c0795b0915a9a4a21dc0f279238995a3dbfafcad090?s=96&d=mm&r=g\",\"contentUrl\":\"https:\\\/\\\/secure.gravatar.com\\\/avatar\\\/10fcdb93211f98cce3d64c0795b0915a9a4a21dc0f279238995a3dbfafcad090?s=96&d=mm&r=g\",\"caption\":\"Reda\u00e7\u00e3o JBN\"},\"sameAs\":[\"https:\\\/\\\/p31noticias.com.br\"],\"url\":\"https:\\\/\\\/www.p31noticias.com.br\\\/?author=18\"}]}<\/script>\n<!-- \/ Yoast SEO Premium plugin. -->","yoast_head_json":{"title":"Terceirizados param e acompanhantes limpam hospital no DF - P31","description":"Terceirizados - V\u00e1rias unidades de sa\u00fade da rede p\u00fablica do Distrito Federal sofrem com a falta de Terceirizados\u00a0da limpeza. A categoria","robots":{"index":"index","follow":"follow","max-snippet":"max-snippet:-1","max-image-preview":"max-image-preview:large","max-video-preview":"max-video-preview:-1"},"canonical":"https:\/\/www.p31noticias.com.br\/?p=18561","og_locale":"pt_BR","og_type":"article","og_title":"Terceirizados param e acompanhantes limpam hospital no DF","og_description":"Terceirizados - V\u00e1rias unidades de sa\u00fade da rede p\u00fablica do Distrito Federal sofrem com a falta de Terceirizados\u00a0da limpeza. A categoria","og_url":"https:\/\/www.p31noticias.com.br\/?p=18561","og_site_name":"P31","article_published_time":"2019-11-18T20:13:03+00:00","og_image":[{"width":1140,"height":642,"url":"https:\/\/www.p31noticias.com.br\/wp-content\/uploads\/2019\/11\/arton21344.jpg","type":"image\/jpeg"}],"author":"Reda\u00e7\u00e3o JBN","twitter_card":"summary_large_image","twitter_misc":{"Escrito por":"Reda\u00e7\u00e3o JBN","Est. tempo de leitura":"2 minutos"},"schema":{"@context":"https:\/\/schema.org","@graph":[{"@type":"Article","@id":"https:\/\/www.p31noticias.com.br\/?p=18561#article","isPartOf":{"@id":"https:\/\/www.p31noticias.com.br\/?p=18561"},"author":{"name":"Reda\u00e7\u00e3o JBN","@id":"https:\/\/www.p31noticias.com.br\/#\/schema\/person\/77d6b186c710ac38937c6ec204fdd387"},"headline":"Terceirizados param e acompanhantes limpam hospital no DF","datePublished":"2019-11-18T20:13:03+00:00","mainEntityOfPage":{"@id":"https:\/\/www.p31noticias.com.br\/?p=18561"},"wordCount":323,"commentCount":0,"image":{"@id":"https:\/\/www.p31noticias.com.br\/?p=18561#primaryimage"},"thumbnailUrl":"https:\/\/www.p31noticias.com.br\/wp-content\/uploads\/2019\/11\/arton21344.jpg","keywords":["gdf","Ibaneis Rocha","Secretaria de Educa\u00e7\u00e3o do Distrito Federal","Terceirizados"],"articleSection":["Bras\u00edlia","Pol\u00edtica"],"inLanguage":"pt-BR","potentialAction":[{"@type":"CommentAction","name":"Comment","target":["https:\/\/www.p31noticias.com.br\/?p=18561#respond"]}],"copyrightYear":"2019","copyrightHolder":{"@id":"https:\/\/www.p31noticias.com.br\/#organization"}},{"@type":"WebPage","@id":"https:\/\/www.p31noticias.com.br\/?p=18561","url":"https:\/\/www.p31noticias.com.br\/?p=18561","name":"Terceirizados param e acompanhantes limpam hospital no DF - P31","isPartOf":{"@id":"https:\/\/www.p31noticias.com.br\/#website"},"primaryImageOfPage":{"@id":"https:\/\/www.p31noticias.com.br\/?p=18561#primaryimage"},"image":{"@id":"https:\/\/www.p31noticias.com.br\/?p=18561#primaryimage"},"thumbnailUrl":"https:\/\/www.p31noticias.com.br\/wp-content\/uploads\/2019\/11\/arton21344.jpg","datePublished":"2019-11-18T20:13:03+00:00","author":{"@id":"https:\/\/www.p31noticias.com.br\/#\/schema\/person\/77d6b186c710ac38937c6ec204fdd387"},"description":"Terceirizados - V\u00e1rias unidades de sa\u00fade da rede p\u00fablica do Distrito Federal sofrem com a falta de Terceirizados\u00a0da limpeza. A categoria","breadcrumb":{"@id":"https:\/\/www.p31noticias.com.br\/?p=18561#breadcrumb"},"inLanguage":"pt-BR","potentialAction":[{"@type":"ReadAction","target":["https:\/\/www.p31noticias.com.br\/?p=18561"]}]},{"@type":"ImageObject","inLanguage":"pt-BR","@id":"https:\/\/www.p31noticias.com.br\/?p=18561#primaryimage","url":"https:\/\/www.p31noticias.com.br\/wp-content\/uploads\/2019\/11\/arton21344.jpg","contentUrl":"https:\/\/www.p31noticias.com.br\/wp-content\/uploads\/2019\/11\/arton21344.jpg","width":1140,"height":642,"caption":"terceirizados df"},{"@type":"BreadcrumbList","@id":"https:\/\/www.p31noticias.com.br\/?p=18561#breadcrumb","itemListElement":[{"@type":"ListItem","position":1,"name":"In\u00edcio","item":"https:\/\/www.p31noticias.com.br\/"},{"@type":"ListItem","position":2,"name":"Terceirizados param e acompanhantes limpam hospital no DF"}]},{"@type":"WebSite","@id":"https:\/\/www.p31noticias.com.br\/#website","url":"https:\/\/www.p31noticias.com.br\/","name":"P31","description":"NOT\u00cdCIAS","potentialAction":[{"@type":"SearchAction","target":{"@type":"EntryPoint","urlTemplate":"https:\/\/www.p31noticias.com.br\/?s={search_term_string}"},"query-input":{"@type":"PropertyValueSpecification","valueRequired":true,"valueName":"search_term_string"}}],"inLanguage":"pt-BR"},{"@type":"Person","@id":"https:\/\/www.p31noticias.com.br\/#\/schema\/person\/77d6b186c710ac38937c6ec204fdd387","name":"Reda\u00e7\u00e3o JBN","image":{"@type":"ImageObject","inLanguage":"pt-BR","@id":"https:\/\/secure.gravatar.com\/avatar\/10fcdb93211f98cce3d64c0795b0915a9a4a21dc0f279238995a3dbfafcad090?s=96&d=mm&r=g","url":"https:\/\/secure.gravatar.com\/avatar\/10fcdb93211f98cce3d64c0795b0915a9a4a21dc0f279238995a3dbfafcad090?s=96&d=mm&r=g","contentUrl":"https:\/\/secure.gravatar.com\/avatar\/10fcdb93211f98cce3d64c0795b0915a9a4a21dc0f279238995a3dbfafcad090?s=96&d=mm&r=g","caption":"Reda\u00e7\u00e3o JBN"},"sameAs":["https:\/\/p31noticias.com.br"],"url":"https:\/\/www.p31noticias.com.br\/?author=18"}]}},"amp_enabled":true,"_links":{"self":[{"href":"https:\/\/www.p31noticias.com.br\/index.php?rest_route=\/wp\/v2\/posts\/18561","targetHints":{"allow":["GET"]}}],"collection":[{"href":"https:\/\/www.p31noticias.com.br\/index.php?rest_route=\/wp\/v2\/posts"}],"about":[{"href":"https:\/\/www.p31noticias.com.br\/index.php?rest_route=\/wp\/v2\/types\/post"}],"author":[{"embeddable":true,"href":"https:\/\/www.p31noticias.com.br\/index.php?rest_route=\/wp\/v2\/users\/18"}],"replies":[{"embeddable":true,"href":"https:\/\/www.p31noticias.com.br\/index.php?rest_route=%2Fwp%2Fv2%2Fcomments&post=18561"}],"version-history":[{"count":0,"href":"https:\/\/www.p31noticias.com.br\/index.php?rest_route=\/wp\/v2\/posts\/18561\/revisions"}],"wp:featuredmedia":[{"embeddable":true,"href":"https:\/\/www.p31noticias.com.br\/index.php?rest_route=\/wp\/v2\/media\/18564"}],"wp:attachment":[{"href":"https:\/\/www.p31noticias.com.br\/index.php?rest_route=%2Fwp%2Fv2%2Fmedia&parent=18561"}],"wp:term":[{"taxonomy":"category","embeddable":true,"href":"https:\/\/www.p31noticias.com.br\/index.php?rest_route=%2Fwp%2Fv2%2Fcategories&post=18561"},{"taxonomy":"post_tag","embeddable":true,"href":"https:\/\/www.p31noticias.com.br\/index.php?rest_route=%2Fwp%2Fv2%2Ftags&post=18561"}],"curies":[{"name":"wp","href":"https:\/\/api.w.org\/{rel}","templated":true}]}}