{"id":18553,"date":"2019-11-14T13:33:05","date_gmt":"2019-11-14T15:33:05","guid":{"rendered":"https:\/\/www.delioandrade.com.br\/?p=18553"},"modified":"2019-11-14T13:33:05","modified_gmt":"2019-11-14T15:33:05","slug":"telma-rufino-e-a-primeira-administradora-de-arniqueira","status":"publish","type":"post","link":"https:\/\/www.p31noticias.com.br\/?p=18553","title":{"rendered":"Telma Rufino \u00e9 a PRIMEIRA administradora de Arniqueira"},"content":{"rendered":"<p style=\"padding-left: 40px;\">Conforme publicou em primeira m\u00e3o nesta coluna e agora oficializado\u00a0 pela edi\u00e7\u00e3o suplementar\u00a0do DODF de 13 de novembro, a deputada distrital , Telma Rufino \u00e9 a Primeira\u00a0 Administradora Regional da\u00a0 33\u00aa\u00a0 regi\u00e3o administrativa de Arniqueira.<\/p>\n<div><\/div>\n<div>Confira a Publica\u00e7\u00e3o<a href=\"https:\/\/www.delioandrade.com.br\/wp-content\/uploads\/2019\/11\/12-28-26-20191114143919.jpg\"><img loading=\"lazy\" decoding=\"async\" class=\"alignnone size-full wp-image-18554\" src=\"https:\/\/www.delioandrade.com.br\/wp-content\/uploads\/2019\/11\/12-28-26-20191114143919.jpg\" alt=\"\" width=\"610\" height=\"458\" srcset=\"https:\/\/www.p31noticias.com.br\/wp-content\/uploads\/2019\/11\/12-28-26-20191114143919.jpg 610w, https:\/\/www.p31noticias.com.br\/wp-content\/uploads\/2019\/11\/12-28-26-20191114143919-300x225.jpg 300w, https:\/\/www.p31noticias.com.br\/wp-content\/uploads\/2019\/11\/12-28-26-20191114143919-559x420.jpg 559w, https:\/\/www.p31noticias.com.br\/wp-content\/uploads\/2019\/11\/12-28-26-20191114143919-80x60.jpg 80w, https:\/\/www.p31noticias.com.br\/wp-content\/uploads\/2019\/11\/12-28-26-20191114143919-265x198.jpg 265w\" sizes=\"auto, (max-width: 610px) 100vw, 610px\" \/><\/a><\/div>\n","protected":false},"excerpt":{"rendered":"<p>Conforme publicou em primeira m\u00e3o nesta coluna e agora oficializado\u00a0 pela edi\u00e7\u00e3o suplementar\u00a0do DODF de 13 de novembro, a deputada distrital , Telma Rufino \u00e9 a Primeira\u00a0 Administradora Regional da\u00a0 33\u00aa\u00a0 regi\u00e3o administrativa de Arniqueira. Confira a Publica\u00e7\u00e3o<\/p>\n","protected":false},"author":18,"featured_media":17928,"comment_status":"open","ping_status":"open","sticky":false,"template":"","format":"standard","meta":{"footnotes":""},"categories":[1],"tags":[],"class_list":{"0":"post-18553","1":"post","2":"type-post","3":"status-publish","4":"format-standard","5":"has-post-thumbnail","7":"category-outros"},"yoast_head":"<!-- This site is optimized with the Yoast SEO Premium plugin v24.5 (Yoast SEO v27.5) - https:\/\/yoast.com\/product\/yoast-seo-premium-wordpress\/ -->\n<title>Telma Rufino \u00e9 a PRIMEIRA administradora de Arniqueira - P31<\/title>\n<meta name=\"robots\" content=\"index, follow, max-snippet:-1, max-image-preview:large, max-video-preview:-1\" \/>\n<link rel=\"canonical\" href=\"https:\/\/www.p31noticias.com.br\/?p=18553\" \/>\n<meta property=\"og:locale\" content=\"pt_BR\" \/>\n<meta property=\"og:type\" content=\"article\" \/>\n<meta property=\"og:title\" content=\"Telma Rufino \u00e9 a PRIMEIRA administradora de Arniqueira\" \/>\n<meta property=\"og:description\" content=\"Conforme publicou em primeira m\u00e3o nesta coluna e agora oficializado\u00a0 pela edi\u00e7\u00e3o suplementar\u00a0do DODF de 13 de novembro, a deputada distrital , Telma Rufino \u00e9 a Primeira\u00a0 Administradora Regional da\u00a0 33\u00aa\u00a0 regi\u00e3o administrativa de Arniqueira. Confira a Publica\u00e7\u00e3o\" \/>\n<meta property=\"og:url\" content=\"https:\/\/www.p31noticias.com.br\/?p=18553\" \/>\n<meta property=\"og:site_name\" content=\"P31\" \/>\n<meta property=\"article:published_time\" content=\"2019-11-14T15:33:05+00:00\" \/>\n<meta property=\"og:image\" content=\"https:\/\/www.p31noticias.com.br\/wp-content\/uploads\/2019\/05\/images.jpeg\" \/>\n\t<meta property=\"og:image:width\" content=\"660\" \/>\n\t<meta property=\"og:image:height\" content=\"330\" \/>\n\t<meta property=\"og:image:type\" content=\"image\/jpeg\" \/>\n<meta name=\"author\" content=\"Reda\u00e7\u00e3o JBN\" \/>\n<meta name=\"twitter:card\" content=\"summary_large_image\" \/>\n<meta name=\"twitter:label1\" content=\"Escrito por\" \/>\n\t<meta name=\"twitter:data1\" content=\"Reda\u00e7\u00e3o JBN\" \/>\n<script type=\"application\/ld+json\" class=\"yoast-schema-graph\">{\"@context\":\"https:\\\/\\\/schema.org\",\"@graph\":[{\"@type\":\"Article\",\"@id\":\"https:\\\/\\\/www.p31noticias.com.br\\\/?p=18553#article\",\"isPartOf\":{\"@id\":\"https:\\\/\\\/www.p31noticias.com.br\\\/?p=18553\"},\"author\":{\"name\":\"Reda\u00e7\u00e3o JBN\",\"@id\":\"https:\\\/\\\/www.p31noticias.com.br\\\/#\\\/schema\\\/person\\\/77d6b186c710ac38937c6ec204fdd387\"},\"headline\":\"Telma Rufino \u00e9 a PRIMEIRA administradora de Arniqueira\",\"datePublished\":\"2019-11-14T15:33:05+00:00\",\"mainEntityOfPage\":{\"@id\":\"https:\\\/\\\/www.p31noticias.com.br\\\/?p=18553\"},\"wordCount\":46,\"commentCount\":0,\"image\":{\"@id\":\"https:\\\/\\\/www.p31noticias.com.br\\\/?p=18553#primaryimage\"},\"thumbnailUrl\":\"https:\\\/\\\/www.p31noticias.com.br\\\/wp-content\\\/uploads\\\/2019\\\/05\\\/images.jpeg\",\"articleSection\":[\"Outros\"],\"inLanguage\":\"pt-BR\",\"potentialAction\":[{\"@type\":\"CommentAction\",\"name\":\"Comment\",\"target\":[\"https:\\\/\\\/www.p31noticias.com.br\\\/?p=18553#respond\"]}],\"copyrightYear\":\"2019\",\"copyrightHolder\":{\"@id\":\"https:\\\/\\\/www.p31noticias.com.br\\\/#organization\"}},{\"@type\":\"WebPage\",\"@id\":\"https:\\\/\\\/www.p31noticias.com.br\\\/?p=18553\",\"url\":\"https:\\\/\\\/www.p31noticias.com.br\\\/?p=18553\",\"name\":\"Telma Rufino \u00e9 a PRIMEIRA administradora de Arniqueira - P31\",\"isPartOf\":{\"@id\":\"https:\\\/\\\/www.p31noticias.com.br\\\/#website\"},\"primaryImageOfPage\":{\"@id\":\"https:\\\/\\\/www.p31noticias.com.br\\\/?p=18553#primaryimage\"},\"image\":{\"@id\":\"https:\\\/\\\/www.p31noticias.com.br\\\/?p=18553#primaryimage\"},\"thumbnailUrl\":\"https:\\\/\\\/www.p31noticias.com.br\\\/wp-content\\\/uploads\\\/2019\\\/05\\\/images.jpeg\",\"datePublished\":\"2019-11-14T15:33:05+00:00\",\"author\":{\"@id\":\"https:\\\/\\\/www.p31noticias.com.br\\\/#\\\/schema\\\/person\\\/77d6b186c710ac38937c6ec204fdd387\"},\"breadcrumb\":{\"@id\":\"https:\\\/\\\/www.p31noticias.com.br\\\/?p=18553#breadcrumb\"},\"inLanguage\":\"pt-BR\",\"potentialAction\":[{\"@type\":\"ReadAction\",\"target\":[\"https:\\\/\\\/www.p31noticias.com.br\\\/?p=18553\"]}]},{\"@type\":\"ImageObject\",\"inLanguage\":\"pt-BR\",\"@id\":\"https:\\\/\\\/www.p31noticias.com.br\\\/?p=18553#primaryimage\",\"url\":\"https:\\\/\\\/www.p31noticias.com.br\\\/wp-content\\\/uploads\\\/2019\\\/05\\\/images.jpeg\",\"contentUrl\":\"https:\\\/\\\/www.p31noticias.com.br\\\/wp-content\\\/uploads\\\/2019\\\/05\\\/images.jpeg\",\"width\":660,\"height\":330},{\"@type\":\"BreadcrumbList\",\"@id\":\"https:\\\/\\\/www.p31noticias.com.br\\\/?p=18553#breadcrumb\",\"itemListElement\":[{\"@type\":\"ListItem\",\"position\":1,\"name\":\"In\u00edcio\",\"item\":\"https:\\\/\\\/www.p31noticias.com.br\\\/\"},{\"@type\":\"ListItem\",\"position\":2,\"name\":\"Telma Rufino \u00e9 a PRIMEIRA administradora de Arniqueira\"}]},{\"@type\":\"WebSite\",\"@id\":\"https:\\\/\\\/www.p31noticias.com.br\\\/#website\",\"url\":\"https:\\\/\\\/www.p31noticias.com.br\\\/\",\"name\":\"P31\",\"description\":\"NOT\u00cdCIAS\",\"potentialAction\":[{\"@type\":\"SearchAction\",\"target\":{\"@type\":\"EntryPoint\",\"urlTemplate\":\"https:\\\/\\\/www.p31noticias.com.br\\\/?s={search_term_string}\"},\"query-input\":{\"@type\":\"PropertyValueSpecification\",\"valueRequired\":true,\"valueName\":\"search_term_string\"}}],\"inLanguage\":\"pt-BR\"},{\"@type\":\"Person\",\"@id\":\"https:\\\/\\\/www.p31noticias.com.br\\\/#\\\/schema\\\/person\\\/77d6b186c710ac38937c6ec204fdd387\",\"name\":\"Reda\u00e7\u00e3o JBN\",\"image\":{\"@type\":\"ImageObject\",\"inLanguage\":\"pt-BR\",\"@id\":\"https:\\\/\\\/secure.gravatar.com\\\/avatar\\\/10fcdb93211f98cce3d64c0795b0915a9a4a21dc0f279238995a3dbfafcad090?s=96&d=mm&r=g\",\"url\":\"https:\\\/\\\/secure.gravatar.com\\\/avatar\\\/10fcdb93211f98cce3d64c0795b0915a9a4a21dc0f279238995a3dbfafcad090?s=96&d=mm&r=g\",\"contentUrl\":\"https:\\\/\\\/secure.gravatar.com\\\/avatar\\\/10fcdb93211f98cce3d64c0795b0915a9a4a21dc0f279238995a3dbfafcad090?s=96&d=mm&r=g\",\"caption\":\"Reda\u00e7\u00e3o JBN\"},\"sameAs\":[\"https:\\\/\\\/p31noticias.com.br\"],\"url\":\"https:\\\/\\\/www.p31noticias.com.br\\\/?author=18\"}]}<\/script>\n<!-- \/ Yoast SEO Premium plugin. -->","yoast_head_json":{"title":"Telma Rufino \u00e9 a PRIMEIRA administradora de Arniqueira - P31","robots":{"index":"index","follow":"follow","max-snippet":"max-snippet:-1","max-image-preview":"max-image-preview:large","max-video-preview":"max-video-preview:-1"},"canonical":"https:\/\/www.p31noticias.com.br\/?p=18553","og_locale":"pt_BR","og_type":"article","og_title":"Telma Rufino \u00e9 a PRIMEIRA administradora de Arniqueira","og_description":"Conforme publicou em primeira m\u00e3o nesta coluna e agora oficializado\u00a0 pela edi\u00e7\u00e3o suplementar\u00a0do DODF de 13 de novembro, a deputada distrital , Telma Rufino \u00e9 a Primeira\u00a0 Administradora Regional da\u00a0 33\u00aa\u00a0 regi\u00e3o administrativa de Arniqueira. Confira a Publica\u00e7\u00e3o","og_url":"https:\/\/www.p31noticias.com.br\/?p=18553","og_site_name":"P31","article_published_time":"2019-11-14T15:33:05+00:00","og_image":[{"width":660,"height":330,"url":"https:\/\/www.p31noticias.com.br\/wp-content\/uploads\/2019\/05\/images.jpeg","type":"image\/jpeg"}],"author":"Reda\u00e7\u00e3o JBN","twitter_card":"summary_large_image","twitter_misc":{"Escrito por":"Reda\u00e7\u00e3o JBN"},"schema":{"@context":"https:\/\/schema.org","@graph":[{"@type":"Article","@id":"https:\/\/www.p31noticias.com.br\/?p=18553#article","isPartOf":{"@id":"https:\/\/www.p31noticias.com.br\/?p=18553"},"author":{"name":"Reda\u00e7\u00e3o JBN","@id":"https:\/\/www.p31noticias.com.br\/#\/schema\/person\/77d6b186c710ac38937c6ec204fdd387"},"headline":"Telma Rufino \u00e9 a PRIMEIRA administradora de Arniqueira","datePublished":"2019-11-14T15:33:05+00:00","mainEntityOfPage":{"@id":"https:\/\/www.p31noticias.com.br\/?p=18553"},"wordCount":46,"commentCount":0,"image":{"@id":"https:\/\/www.p31noticias.com.br\/?p=18553#primaryimage"},"thumbnailUrl":"https:\/\/www.p31noticias.com.br\/wp-content\/uploads\/2019\/05\/images.jpeg","articleSection":["Outros"],"inLanguage":"pt-BR","potentialAction":[{"@type":"CommentAction","name":"Comment","target":["https:\/\/www.p31noticias.com.br\/?p=18553#respond"]}],"copyrightYear":"2019","copyrightHolder":{"@id":"https:\/\/www.p31noticias.com.br\/#organization"}},{"@type":"WebPage","@id":"https:\/\/www.p31noticias.com.br\/?p=18553","url":"https:\/\/www.p31noticias.com.br\/?p=18553","name":"Telma Rufino \u00e9 a PRIMEIRA administradora de Arniqueira - P31","isPartOf":{"@id":"https:\/\/www.p31noticias.com.br\/#website"},"primaryImageOfPage":{"@id":"https:\/\/www.p31noticias.com.br\/?p=18553#primaryimage"},"image":{"@id":"https:\/\/www.p31noticias.com.br\/?p=18553#primaryimage"},"thumbnailUrl":"https:\/\/www.p31noticias.com.br\/wp-content\/uploads\/2019\/05\/images.jpeg","datePublished":"2019-11-14T15:33:05+00:00","author":{"@id":"https:\/\/www.p31noticias.com.br\/#\/schema\/person\/77d6b186c710ac38937c6ec204fdd387"},"breadcrumb":{"@id":"https:\/\/www.p31noticias.com.br\/?p=18553#breadcrumb"},"inLanguage":"pt-BR","potentialAction":[{"@type":"ReadAction","target":["https:\/\/www.p31noticias.com.br\/?p=18553"]}]},{"@type":"ImageObject","inLanguage":"pt-BR","@id":"https:\/\/www.p31noticias.com.br\/?p=18553#primaryimage","url":"https:\/\/www.p31noticias.com.br\/wp-content\/uploads\/2019\/05\/images.jpeg","contentUrl":"https:\/\/www.p31noticias.com.br\/wp-content\/uploads\/2019\/05\/images.jpeg","width":660,"height":330},{"@type":"BreadcrumbList","@id":"https:\/\/www.p31noticias.com.br\/?p=18553#breadcrumb","itemListElement":[{"@type":"ListItem","position":1,"name":"In\u00edcio","item":"https:\/\/www.p31noticias.com.br\/"},{"@type":"ListItem","position":2,"name":"Telma Rufino \u00e9 a PRIMEIRA administradora de Arniqueira"}]},{"@type":"WebSite","@id":"https:\/\/www.p31noticias.com.br\/#website","url":"https:\/\/www.p31noticias.com.br\/","name":"P31","description":"NOT\u00cdCIAS","potentialAction":[{"@type":"SearchAction","target":{"@type":"EntryPoint","urlTemplate":"https:\/\/www.p31noticias.com.br\/?s={search_term_string}"},"query-input":{"@type":"PropertyValueSpecification","valueRequired":true,"valueName":"search_term_string"}}],"inLanguage":"pt-BR"},{"@type":"Person","@id":"https:\/\/www.p31noticias.com.br\/#\/schema\/person\/77d6b186c710ac38937c6ec204fdd387","name":"Reda\u00e7\u00e3o JBN","image":{"@type":"ImageObject","inLanguage":"pt-BR","@id":"https:\/\/secure.gravatar.com\/avatar\/10fcdb93211f98cce3d64c0795b0915a9a4a21dc0f279238995a3dbfafcad090?s=96&d=mm&r=g","url":"https:\/\/secure.gravatar.com\/avatar\/10fcdb93211f98cce3d64c0795b0915a9a4a21dc0f279238995a3dbfafcad090?s=96&d=mm&r=g","contentUrl":"https:\/\/secure.gravatar.com\/avatar\/10fcdb93211f98cce3d64c0795b0915a9a4a21dc0f279238995a3dbfafcad090?s=96&d=mm&r=g","caption":"Reda\u00e7\u00e3o JBN"},"sameAs":["https:\/\/p31noticias.com.br"],"url":"https:\/\/www.p31noticias.com.br\/?author=18"}]}},"amp_enabled":true,"_links":{"self":[{"href":"https:\/\/www.p31noticias.com.br\/index.php?rest_route=\/wp\/v2\/posts\/18553","targetHints":{"allow":["GET"]}}],"collection":[{"href":"https:\/\/www.p31noticias.com.br\/index.php?rest_route=\/wp\/v2\/posts"}],"about":[{"href":"https:\/\/www.p31noticias.com.br\/index.php?rest_route=\/wp\/v2\/types\/post"}],"author":[{"embeddable":true,"href":"https:\/\/www.p31noticias.com.br\/index.php?rest_route=\/wp\/v2\/users\/18"}],"replies":[{"embeddable":true,"href":"https:\/\/www.p31noticias.com.br\/index.php?rest_route=%2Fwp%2Fv2%2Fcomments&post=18553"}],"version-history":[{"count":0,"href":"https:\/\/www.p31noticias.com.br\/index.php?rest_route=\/wp\/v2\/posts\/18553\/revisions"}],"wp:featuredmedia":[{"embeddable":true,"href":"https:\/\/www.p31noticias.com.br\/index.php?rest_route=\/wp\/v2\/media\/17928"}],"wp:attachment":[{"href":"https:\/\/www.p31noticias.com.br\/index.php?rest_route=%2Fwp%2Fv2%2Fmedia&parent=18553"}],"wp:term":[{"taxonomy":"category","embeddable":true,"href":"https:\/\/www.p31noticias.com.br\/index.php?rest_route=%2Fwp%2Fv2%2Fcategories&post=18553"},{"taxonomy":"post_tag","embeddable":true,"href":"https:\/\/www.p31noticias.com.br\/index.php?rest_route=%2Fwp%2Fv2%2Ftags&post=18553"}],"curies":[{"name":"wp","href":"https:\/\/api.w.org\/{rel}","templated":true}]}}