{"id":18547,"date":"2019-11-12T16:35:34","date_gmt":"2019-11-12T18:35:34","guid":{"rendered":"https:\/\/www.delioandrade.com.br\/?p=18547"},"modified":"2019-11-12T16:35:34","modified_gmt":"2019-11-12T18:35:34","slug":"iprev-bloqueia-5-mil-aposentadorias-no-df","status":"publish","type":"post","link":"https:\/\/www.p31noticias.com.br\/?p=18547","title":{"rendered":"Iprev bloqueia 5 mil aposentadorias no DF"},"content":{"rendered":"<p>Pelo menos 5 mil\u00a0aposentadorias\u00a0e pens\u00f5es foram bloqueados da folha em 2019 pelo Instituto de Previd\u00eancia dos Servidores P\u00fablicos do Distrito Federal (<a href=\"http:\/\/www.iprev.df.gov.br\/\" target=\"_blank\" rel=\"nofollow noopener noreferrer\">Iprev<\/a>). O balan\u00e7o foi divulgado nessa segunda-feira (11\/11\/2019). Os benefici\u00e1rios, at\u00e9 ent\u00e3o, recebiam o recurso mensal, mas entraram na mira do \u00f3rg\u00e3o ap\u00f3s suspeitas de irregularidades.<\/p>\n<p>O n\u00famero faz parte do relat\u00f3rio final apresentado pelo \u00f3rg\u00e3o ap\u00f3s completar o\u00a0Recadastramento\u00a0Anual de Servidores P\u00fablicos Ativos,\u00a0Inativos e Pensionistas\u00a0do Distrito Federal, convocado pelo Governo do Distrito Federal (GDF) com o objetivo de passar um pente-fino no sistema de remunera\u00e7\u00e3o dos benefici\u00e1rios da capital. O recenseamento \u00e9 obrigat\u00f3rio desde janeiro.<\/p>\n<p>Os cortes representam mais de 10% do total de servidores recadastrados, segundo o \u00f3rg\u00e3o respons\u00e1vel pelo pagamento dos aposentados e inativos. No total, 46.029 benefici\u00e1rios atenderam ao chamado do Pal\u00e1cio do Buriti e comprovaram a legalidade dos repasses mensais.<\/p>\n<blockquote><p>No caso do servidor que n\u00e3o compareceu e n\u00e3o justificou a aus\u00eancia no prazo de 90 dias, o pagamento \u00e9 automaticamente suspenso. Ap\u00f3s seis meses, os benef\u00edcios s\u00e3o cancelados definitivamente. Quem recebeu dinheiro irregular ter\u00e1 de devolver aos cofres p\u00fablicos. Ser\u00e3o abertos processos administrativos individualizados.<\/p><\/blockquote>\n<div class=\"m-news-list-content m-related-news\">\n<h5>MAIS SOBRE O ASSUNTO<\/h5>\n<\/div>\n<p>A fim de saber quem retirou indevidamente aposentadorias de falecidos e por quanto tempo isso foi feito, o Iprev-DF vai pedir microfilmagens dos bancos onde foram realizados saques, como as do Banco de Bras\u00edlia (<a href=\"https:\/\/portal.brb.com.br\/para-voce\/\" target=\"_blank\" rel=\"nofollow noopener noreferrer\">BRB<\/a>).<\/p>\n<p>A partir das senhas digitadas nos caixas eletr\u00f4nicos, ser\u00e3o pedidas as fotos dos benefici\u00e1rios para posterior an\u00e1lise da Pol\u00edcia Civil. \u201cForam v\u00e1rios atos que criamos e outros implementamos para chegar a esses n\u00fameros. Iniciamos tamb\u00e9m o pente-fino, que \u00e9 a an\u00e1lise de benef\u00edcio de aposentados por invalidez ou por decis\u00e3o judicial, e estamos vendo caso a caso se h\u00e1 legitimidade nos repasses\u201d, disse \u00e0 coluna Ney Ferraz, presidente do instituto.<\/p>\n<blockquote><p>Os casos ser\u00e3o encaminhados ao Minist\u00e9rio P\u00fablico do Distrito Federal e Territ\u00f3rios (<a href=\"http:\/\/www.mpdft.mp.br\/portal\/\" target=\"_blank\" rel=\"nofollow noopener noreferrer\">MPDFT<\/a>) com o pedido de apura\u00e7\u00e3o sobre conduta criminal. \u201cAinda n\u00e3o conseguimos quantificar quanto retornar\u00e1 aos cofres do Iprev com essa a\u00e7\u00e3o, mas n\u00e3o vamos permitir mais esse tipo de preju\u00edzo\u201d, ressaltou Ney Ferraz.<\/p><\/blockquote>\n<p>Ainda de acordo com o presidente do instituto, \u201cquem n\u00e3o pagar o que sacou indevidamente pode, ainda, no momento de se aposentar, ter o benef\u00edcio confiscado pelo Iprev-DF a t\u00edtulo de quita\u00e7\u00e3o de d\u00edvida\u201d. Esse processo deve ser iniciado at\u00e9 o final de 2019.<\/p>\n<p>Com as atualiza\u00e7\u00f5es de dados, o Iprev alcan\u00e7ou economia de R$ 319 milh\u00f5es em 2019. Al\u00e9m disso, os cortes conseguiram reduzir o d\u00e9ficit financeiro deste ano em cerca de 70% do valor projetado, segundo o mesmo relat\u00f3rio divulgado pelo instituto.<\/p>\n<div class=\"m-banner-wrap m-banner-rectangle m-publicity-content-middle\">\n<div id=\"div-gpt-ad-colunas-blogs-quadrado-4\" class=\"ad-quadrado\" data-google-query-id=\"CNey-c-k5eUCFbrJ4wcdomMBuQ\">\n<div id=\"google_ads_iframe_\/123935210\/colunas-blogs-quadrado-4_0__container__\"><\/div>\n<\/div>\n<\/div>\n<p>O n\u00famero corresponde a uma economia de R$ 2 bilh\u00f5es. A partir de 2020, obrigatoriamente, todos os servidores inativos ou pensionistas ter\u00e3o de fazer a chamada \u201cprova de vida\u201d e comparecer, anualmente, a uma ag\u00eancia do Iprev ou mesmo do BRB no m\u00eas de anivers\u00e1rio para atualiza\u00e7\u00e3o de dados.<\/p>\n<h6><strong>Ativos<\/strong><\/h6>\n<p>A Secretaria de Economia do DF iniciou, em agosto, o recadastramento dos servidores da ativa. Concursados e comissionados precisam atualizar os dados. A segunda etapa come\u00e7ou no dia 15 de outubro de 2019, para os funcion\u00e1rios lotados nos \u00f3rg\u00e3os da administra\u00e7\u00e3o direta, funda\u00e7\u00f5es p\u00fablicas e autarquias atualizarem seus dados no\u00a0<u><a href=\"https:\/\/sistemas.df.gov.br\/recadastramento\/\" target=\"_blank\" rel=\"nofollow noopener noreferrer\">Sistema de Recadastramento, Complementa\u00e7\u00e3o e Atualiza\u00e7\u00e3o de Dados (Recad)<\/a><\/u>\u00a0at\u00e9 o dia 14 de dezembro.<\/p>\n<p>Durante as quatro etapas do processo, s\u00e3o esperados que mais de 110 mil servidores ativos acessem ao sistema e preencham suas informa\u00e7\u00f5es atuais.<\/p>\n<p>Recentemente, a pasta divulgou balan\u00e7o parcial dos n\u00fameros do recadastramento dos funcion\u00e1rios de\u00a0empresas p\u00fablicas. Pelo menos 665 empregados de estatais do GDF correm o risco de ter o sal\u00e1rio bloqueado nos pr\u00f3ximos contracheques. O n\u00famero representa quase 14% do total de trabalhadores das empresas p\u00fablicas do Pal\u00e1cio do Buriti.<\/p>\n<p>De acordo com a pasta, o quadro desses \u00f3rg\u00e3os totaliza 4.754 pessoas. Desse total, 517 n\u00e3o acessaram o sistema para o recadastramento e outras 148 chegaram a entrar na plataforma, mas n\u00e3o finalizaram o preenchimento dos dados.<\/p>\n","protected":false},"excerpt":{"rendered":"<p>Pelo menos 5 mil\u00a0aposentadorias\u00a0e pens\u00f5es foram bloqueados da folha em 2019 pelo Instituto de Previd\u00eancia dos Servidores P\u00fablicos do Distrito Federal (Iprev). O balan\u00e7o foi divulgado nessa segunda-feira (11\/11\/2019). Os benefici\u00e1rios, at\u00e9 ent\u00e3o, recebiam o recurso mensal, mas entraram na mira do \u00f3rg\u00e3o ap\u00f3s suspeitas de irregularidades. O n\u00famero faz parte do relat\u00f3rio final apresentado [&hellip;]<\/p>\n","protected":false},"author":18,"featured_media":18548,"comment_status":"open","ping_status":"open","sticky":false,"template":"","format":"standard","meta":{"footnotes":""},"categories":[21],"tags":[386,35,385],"class_list":{"0":"post-18547","1":"post","2":"type-post","3":"status-publish","4":"format-standard","5":"has-post-thumbnail","7":"category-brasilia","8":"tag-aposentadorias","9":"tag-gdf","10":"tag-iprev"},"yoast_head":"<!-- This site is optimized with the Yoast SEO Premium plugin v24.5 (Yoast SEO v27.5) - https:\/\/yoast.com\/product\/yoast-seo-premium-wordpress\/ -->\n<title>Iprev bloqueia 5 mil aposentadorias no DF - P31<\/title>\n<meta name=\"description\" content=\"Pelo menos 5 mil\u00a0aposentadorias\u00a0e pens\u00f5es foram bloqueados da folha em 2019 pelo Instituto de Previd\u00eancia dos Servidores P\u00fablicos do Distrito\" \/>\n<meta name=\"robots\" content=\"index, follow, max-snippet:-1, max-image-preview:large, max-video-preview:-1\" \/>\n<link rel=\"canonical\" href=\"https:\/\/www.p31noticias.com.br\/?p=18547\" \/>\n<meta property=\"og:locale\" content=\"pt_BR\" \/>\n<meta property=\"og:type\" content=\"article\" \/>\n<meta property=\"og:title\" content=\"Iprev bloqueia 5 mil aposentadorias no DF\" \/>\n<meta property=\"og:description\" content=\"Pelo menos 5 mil\u00a0aposentadorias\u00a0e pens\u00f5es foram bloqueados da folha em 2019 pelo Instituto de Previd\u00eancia dos Servidores P\u00fablicos do Distrito\" \/>\n<meta property=\"og:url\" content=\"https:\/\/www.p31noticias.com.br\/?p=18547\" \/>\n<meta property=\"og:site_name\" content=\"P31\" \/>\n<meta property=\"article:published_time\" content=\"2019-11-12T18:35:34+00:00\" \/>\n<meta property=\"og:image\" content=\"https:\/\/www.p31noticias.com.br\/wp-content\/uploads\/2019\/11\/1569958150.jpg\" \/>\n\t<meta property=\"og:image:width\" content=\"872\" \/>\n\t<meta property=\"og:image:height\" content=\"580\" \/>\n\t<meta property=\"og:image:type\" content=\"image\/jpeg\" \/>\n<meta name=\"author\" content=\"Reda\u00e7\u00e3o JBN\" \/>\n<meta name=\"twitter:card\" content=\"summary_large_image\" \/>\n<meta name=\"twitter:label1\" content=\"Escrito por\" \/>\n\t<meta name=\"twitter:data1\" content=\"Reda\u00e7\u00e3o JBN\" \/>\n\t<meta name=\"twitter:label2\" content=\"Est. tempo de leitura\" \/>\n\t<meta name=\"twitter:data2\" content=\"4 minutos\" \/>\n<script type=\"application\/ld+json\" class=\"yoast-schema-graph\">{\"@context\":\"https:\\\/\\\/schema.org\",\"@graph\":[{\"@type\":\"Article\",\"@id\":\"https:\\\/\\\/www.p31noticias.com.br\\\/?p=18547#article\",\"isPartOf\":{\"@id\":\"https:\\\/\\\/www.p31noticias.com.br\\\/?p=18547\"},\"author\":{\"name\":\"Reda\u00e7\u00e3o JBN\",\"@id\":\"https:\\\/\\\/www.p31noticias.com.br\\\/#\\\/schema\\\/person\\\/77d6b186c710ac38937c6ec204fdd387\"},\"headline\":\"Iprev bloqueia 5 mil aposentadorias no DF\",\"datePublished\":\"2019-11-12T18:35:34+00:00\",\"mainEntityOfPage\":{\"@id\":\"https:\\\/\\\/www.p31noticias.com.br\\\/?p=18547\"},\"wordCount\":720,\"commentCount\":0,\"image\":{\"@id\":\"https:\\\/\\\/www.p31noticias.com.br\\\/?p=18547#primaryimage\"},\"thumbnailUrl\":\"https:\\\/\\\/www.p31noticias.com.br\\\/wp-content\\\/uploads\\\/2019\\\/11\\\/1569958150.jpg\",\"keywords\":[\"aposentadorias\",\"gdf\",\"iprev\"],\"articleSection\":[\"Bras\u00edlia\"],\"inLanguage\":\"pt-BR\",\"potentialAction\":[{\"@type\":\"CommentAction\",\"name\":\"Comment\",\"target\":[\"https:\\\/\\\/www.p31noticias.com.br\\\/?p=18547#respond\"]}],\"copyrightYear\":\"2019\",\"copyrightHolder\":{\"@id\":\"https:\\\/\\\/www.p31noticias.com.br\\\/#organization\"}},{\"@type\":\"WebPage\",\"@id\":\"https:\\\/\\\/www.p31noticias.com.br\\\/?p=18547\",\"url\":\"https:\\\/\\\/www.p31noticias.com.br\\\/?p=18547\",\"name\":\"Iprev bloqueia 5 mil aposentadorias no DF - P31\",\"isPartOf\":{\"@id\":\"https:\\\/\\\/www.p31noticias.com.br\\\/#website\"},\"primaryImageOfPage\":{\"@id\":\"https:\\\/\\\/www.p31noticias.com.br\\\/?p=18547#primaryimage\"},\"image\":{\"@id\":\"https:\\\/\\\/www.p31noticias.com.br\\\/?p=18547#primaryimage\"},\"thumbnailUrl\":\"https:\\\/\\\/www.p31noticias.com.br\\\/wp-content\\\/uploads\\\/2019\\\/11\\\/1569958150.jpg\",\"datePublished\":\"2019-11-12T18:35:34+00:00\",\"author\":{\"@id\":\"https:\\\/\\\/www.p31noticias.com.br\\\/#\\\/schema\\\/person\\\/77d6b186c710ac38937c6ec204fdd387\"},\"description\":\"Pelo menos 5 mil\u00a0aposentadorias\u00a0e pens\u00f5es foram bloqueados da folha em 2019 pelo Instituto de Previd\u00eancia dos Servidores P\u00fablicos do Distrito\",\"breadcrumb\":{\"@id\":\"https:\\\/\\\/www.p31noticias.com.br\\\/?p=18547#breadcrumb\"},\"inLanguage\":\"pt-BR\",\"potentialAction\":[{\"@type\":\"ReadAction\",\"target\":[\"https:\\\/\\\/www.p31noticias.com.br\\\/?p=18547\"]}]},{\"@type\":\"ImageObject\",\"inLanguage\":\"pt-BR\",\"@id\":\"https:\\\/\\\/www.p31noticias.com.br\\\/?p=18547#primaryimage\",\"url\":\"https:\\\/\\\/www.p31noticias.com.br\\\/wp-content\\\/uploads\\\/2019\\\/11\\\/1569958150.jpg\",\"contentUrl\":\"https:\\\/\\\/www.p31noticias.com.br\\\/wp-content\\\/uploads\\\/2019\\\/11\\\/1569958150.jpg\",\"width\":872,\"height\":580,\"caption\":\"aposentadorias iprev\"},{\"@type\":\"BreadcrumbList\",\"@id\":\"https:\\\/\\\/www.p31noticias.com.br\\\/?p=18547#breadcrumb\",\"itemListElement\":[{\"@type\":\"ListItem\",\"position\":1,\"name\":\"In\u00edcio\",\"item\":\"https:\\\/\\\/www.p31noticias.com.br\\\/\"},{\"@type\":\"ListItem\",\"position\":2,\"name\":\"Iprev bloqueia 5 mil aposentadorias no DF\"}]},{\"@type\":\"WebSite\",\"@id\":\"https:\\\/\\\/www.p31noticias.com.br\\\/#website\",\"url\":\"https:\\\/\\\/www.p31noticias.com.br\\\/\",\"name\":\"P31\",\"description\":\"NOT\u00cdCIAS\",\"potentialAction\":[{\"@type\":\"SearchAction\",\"target\":{\"@type\":\"EntryPoint\",\"urlTemplate\":\"https:\\\/\\\/www.p31noticias.com.br\\\/?s={search_term_string}\"},\"query-input\":{\"@type\":\"PropertyValueSpecification\",\"valueRequired\":true,\"valueName\":\"search_term_string\"}}],\"inLanguage\":\"pt-BR\"},{\"@type\":\"Person\",\"@id\":\"https:\\\/\\\/www.p31noticias.com.br\\\/#\\\/schema\\\/person\\\/77d6b186c710ac38937c6ec204fdd387\",\"name\":\"Reda\u00e7\u00e3o JBN\",\"image\":{\"@type\":\"ImageObject\",\"inLanguage\":\"pt-BR\",\"@id\":\"https:\\\/\\\/secure.gravatar.com\\\/avatar\\\/10fcdb93211f98cce3d64c0795b0915a9a4a21dc0f279238995a3dbfafcad090?s=96&d=mm&r=g\",\"url\":\"https:\\\/\\\/secure.gravatar.com\\\/avatar\\\/10fcdb93211f98cce3d64c0795b0915a9a4a21dc0f279238995a3dbfafcad090?s=96&d=mm&r=g\",\"contentUrl\":\"https:\\\/\\\/secure.gravatar.com\\\/avatar\\\/10fcdb93211f98cce3d64c0795b0915a9a4a21dc0f279238995a3dbfafcad090?s=96&d=mm&r=g\",\"caption\":\"Reda\u00e7\u00e3o JBN\"},\"sameAs\":[\"https:\\\/\\\/p31noticias.com.br\"],\"url\":\"https:\\\/\\\/www.p31noticias.com.br\\\/?author=18\"}]}<\/script>\n<!-- \/ Yoast SEO Premium plugin. -->","yoast_head_json":{"title":"Iprev bloqueia 5 mil aposentadorias no DF - P31","description":"Pelo menos 5 mil\u00a0aposentadorias\u00a0e pens\u00f5es foram bloqueados da folha em 2019 pelo Instituto de Previd\u00eancia dos Servidores P\u00fablicos do Distrito","robots":{"index":"index","follow":"follow","max-snippet":"max-snippet:-1","max-image-preview":"max-image-preview:large","max-video-preview":"max-video-preview:-1"},"canonical":"https:\/\/www.p31noticias.com.br\/?p=18547","og_locale":"pt_BR","og_type":"article","og_title":"Iprev bloqueia 5 mil aposentadorias no DF","og_description":"Pelo menos 5 mil\u00a0aposentadorias\u00a0e pens\u00f5es foram bloqueados da folha em 2019 pelo Instituto de Previd\u00eancia dos Servidores P\u00fablicos do Distrito","og_url":"https:\/\/www.p31noticias.com.br\/?p=18547","og_site_name":"P31","article_published_time":"2019-11-12T18:35:34+00:00","og_image":[{"width":872,"height":580,"url":"https:\/\/www.p31noticias.com.br\/wp-content\/uploads\/2019\/11\/1569958150.jpg","type":"image\/jpeg"}],"author":"Reda\u00e7\u00e3o JBN","twitter_card":"summary_large_image","twitter_misc":{"Escrito por":"Reda\u00e7\u00e3o JBN","Est. tempo de leitura":"4 minutos"},"schema":{"@context":"https:\/\/schema.org","@graph":[{"@type":"Article","@id":"https:\/\/www.p31noticias.com.br\/?p=18547#article","isPartOf":{"@id":"https:\/\/www.p31noticias.com.br\/?p=18547"},"author":{"name":"Reda\u00e7\u00e3o JBN","@id":"https:\/\/www.p31noticias.com.br\/#\/schema\/person\/77d6b186c710ac38937c6ec204fdd387"},"headline":"Iprev bloqueia 5 mil aposentadorias no DF","datePublished":"2019-11-12T18:35:34+00:00","mainEntityOfPage":{"@id":"https:\/\/www.p31noticias.com.br\/?p=18547"},"wordCount":720,"commentCount":0,"image":{"@id":"https:\/\/www.p31noticias.com.br\/?p=18547#primaryimage"},"thumbnailUrl":"https:\/\/www.p31noticias.com.br\/wp-content\/uploads\/2019\/11\/1569958150.jpg","keywords":["aposentadorias","gdf","iprev"],"articleSection":["Bras\u00edlia"],"inLanguage":"pt-BR","potentialAction":[{"@type":"CommentAction","name":"Comment","target":["https:\/\/www.p31noticias.com.br\/?p=18547#respond"]}],"copyrightYear":"2019","copyrightHolder":{"@id":"https:\/\/www.p31noticias.com.br\/#organization"}},{"@type":"WebPage","@id":"https:\/\/www.p31noticias.com.br\/?p=18547","url":"https:\/\/www.p31noticias.com.br\/?p=18547","name":"Iprev bloqueia 5 mil aposentadorias no DF - P31","isPartOf":{"@id":"https:\/\/www.p31noticias.com.br\/#website"},"primaryImageOfPage":{"@id":"https:\/\/www.p31noticias.com.br\/?p=18547#primaryimage"},"image":{"@id":"https:\/\/www.p31noticias.com.br\/?p=18547#primaryimage"},"thumbnailUrl":"https:\/\/www.p31noticias.com.br\/wp-content\/uploads\/2019\/11\/1569958150.jpg","datePublished":"2019-11-12T18:35:34+00:00","author":{"@id":"https:\/\/www.p31noticias.com.br\/#\/schema\/person\/77d6b186c710ac38937c6ec204fdd387"},"description":"Pelo menos 5 mil\u00a0aposentadorias\u00a0e pens\u00f5es foram bloqueados da folha em 2019 pelo Instituto de Previd\u00eancia dos Servidores P\u00fablicos do Distrito","breadcrumb":{"@id":"https:\/\/www.p31noticias.com.br\/?p=18547#breadcrumb"},"inLanguage":"pt-BR","potentialAction":[{"@type":"ReadAction","target":["https:\/\/www.p31noticias.com.br\/?p=18547"]}]},{"@type":"ImageObject","inLanguage":"pt-BR","@id":"https:\/\/www.p31noticias.com.br\/?p=18547#primaryimage","url":"https:\/\/www.p31noticias.com.br\/wp-content\/uploads\/2019\/11\/1569958150.jpg","contentUrl":"https:\/\/www.p31noticias.com.br\/wp-content\/uploads\/2019\/11\/1569958150.jpg","width":872,"height":580,"caption":"aposentadorias iprev"},{"@type":"BreadcrumbList","@id":"https:\/\/www.p31noticias.com.br\/?p=18547#breadcrumb","itemListElement":[{"@type":"ListItem","position":1,"name":"In\u00edcio","item":"https:\/\/www.p31noticias.com.br\/"},{"@type":"ListItem","position":2,"name":"Iprev bloqueia 5 mil aposentadorias no DF"}]},{"@type":"WebSite","@id":"https:\/\/www.p31noticias.com.br\/#website","url":"https:\/\/www.p31noticias.com.br\/","name":"P31","description":"NOT\u00cdCIAS","potentialAction":[{"@type":"SearchAction","target":{"@type":"EntryPoint","urlTemplate":"https:\/\/www.p31noticias.com.br\/?s={search_term_string}"},"query-input":{"@type":"PropertyValueSpecification","valueRequired":true,"valueName":"search_term_string"}}],"inLanguage":"pt-BR"},{"@type":"Person","@id":"https:\/\/www.p31noticias.com.br\/#\/schema\/person\/77d6b186c710ac38937c6ec204fdd387","name":"Reda\u00e7\u00e3o JBN","image":{"@type":"ImageObject","inLanguage":"pt-BR","@id":"https:\/\/secure.gravatar.com\/avatar\/10fcdb93211f98cce3d64c0795b0915a9a4a21dc0f279238995a3dbfafcad090?s=96&d=mm&r=g","url":"https:\/\/secure.gravatar.com\/avatar\/10fcdb93211f98cce3d64c0795b0915a9a4a21dc0f279238995a3dbfafcad090?s=96&d=mm&r=g","contentUrl":"https:\/\/secure.gravatar.com\/avatar\/10fcdb93211f98cce3d64c0795b0915a9a4a21dc0f279238995a3dbfafcad090?s=96&d=mm&r=g","caption":"Reda\u00e7\u00e3o JBN"},"sameAs":["https:\/\/p31noticias.com.br"],"url":"https:\/\/www.p31noticias.com.br\/?author=18"}]}},"amp_enabled":true,"_links":{"self":[{"href":"https:\/\/www.p31noticias.com.br\/index.php?rest_route=\/wp\/v2\/posts\/18547","targetHints":{"allow":["GET"]}}],"collection":[{"href":"https:\/\/www.p31noticias.com.br\/index.php?rest_route=\/wp\/v2\/posts"}],"about":[{"href":"https:\/\/www.p31noticias.com.br\/index.php?rest_route=\/wp\/v2\/types\/post"}],"author":[{"embeddable":true,"href":"https:\/\/www.p31noticias.com.br\/index.php?rest_route=\/wp\/v2\/users\/18"}],"replies":[{"embeddable":true,"href":"https:\/\/www.p31noticias.com.br\/index.php?rest_route=%2Fwp%2Fv2%2Fcomments&post=18547"}],"version-history":[{"count":0,"href":"https:\/\/www.p31noticias.com.br\/index.php?rest_route=\/wp\/v2\/posts\/18547\/revisions"}],"wp:featuredmedia":[{"embeddable":true,"href":"https:\/\/www.p31noticias.com.br\/index.php?rest_route=\/wp\/v2\/media\/18548"}],"wp:attachment":[{"href":"https:\/\/www.p31noticias.com.br\/index.php?rest_route=%2Fwp%2Fv2%2Fmedia&parent=18547"}],"wp:term":[{"taxonomy":"category","embeddable":true,"href":"https:\/\/www.p31noticias.com.br\/index.php?rest_route=%2Fwp%2Fv2%2Fcategories&post=18547"},{"taxonomy":"post_tag","embeddable":true,"href":"https:\/\/www.p31noticias.com.br\/index.php?rest_route=%2Fwp%2Fv2%2Ftags&post=18547"}],"curies":[{"name":"wp","href":"https:\/\/api.w.org\/{rel}","templated":true}]}}