{"id":18544,"date":"2019-11-12T16:13:33","date_gmt":"2019-11-12T18:13:33","guid":{"rendered":"https:\/\/www.delioandrade.com.br\/?p=18544"},"modified":"2019-11-12T16:13:33","modified_gmt":"2019-11-12T18:13:33","slug":"linhas-de-onibus-do-entorno-vao-usar-corredor-do-brt-sul","status":"publish","type":"post","link":"https:\/\/www.p31noticias.com.br\/?p=18544","title":{"rendered":"Linhas de \u00f4nibus do Entorno v\u00e3o usar corredor do BRT Sul"},"content":{"rendered":"<div class=\"m-head-single\">\n<h2 class=\"m-resume-single\"><span style=\"color: #333333; font-size: 15px;\">Quinze linhas de \u00f4nibus que atendem aos munic\u00edpios do Entorno Sul v\u00e3o passar a operar pelo corredor exclusivo do BRT, a partir do dia 18. Ao todo, ser\u00e3o 22 hor\u00e1rios no pico da manh\u00e3 (sentido GO-DF) e 27 no da tarde (sentido DF-GO), totalizando 49.<\/span><\/h2>\n<\/div>\n<div>\n<p>A medida, que \u00e9 uma iniciativa da Secretaria de Transporte e Mobilidade (<a href=\"http:\/\/www.dftrans.df.gov.br\/\" target=\"_blank\" rel=\"nofollow noopener noreferrer\">Semob<\/a>) em parceria com a Ag\u00eancia Nacional de Transportes Terrestres (<a href=\"http:\/\/www.antt.gov.br\/\" target=\"_blank\" rel=\"nofollow noopener noreferrer\">ANTT<\/a>), beneficia os passageiros das cidades de Valpara\u00edso de Goi\u00e1s, Cidade Ocidental e C\u00e9u Azul.<\/p>\n<p>A opera\u00e7\u00e3o das linhas do semiurbano ocorrer\u00e1 a partir do acesso da Esta\u00e7\u00e3o Santos Dumont, na altura de Santa Maria, terminando no viaduto Camargo Correa, na DF 002 (Eix\u00e3o). Nesse trecho, as linhas semiurbanas v\u00e3o operar sem fazer paradas intermedi\u00e1rias, uma vez que o embarque ou o desembarque de passageiros poder\u00e1 ocorrer somente antes da entrada ou ap\u00f3s a sa\u00edda do corredor exclusivo do BRT.<\/p>\n<div id=\"outbrain_widget_0\" class=\"OUTBRAIN\" data-src=\"https:\/\/www.metropoles.com\/distrito-federal\/transporte-df\/quinze-linhas-de-onibus-do-entorno-vao-usar-corredor-do-brt-sul\" data-widget-id=\"AR_6\" data-ob-template=\"\u201cmetropoles&quot;\" data-ob-mark=\"true\" data-browser=\"chrome\" data-os=\"win32\" data-dynload=\"\" data-idx=\"0\">\n<div class=\"ob_box_cont AR_6\"><\/div>\n<\/div>\n<div class=\"m-news-list-content m-related-news\">\n<article class=\"m-feed m-feed-small\"><a href=\"https:\/\/www.metropoles.com\/distrito-federal\/entorno\/passagens-de-onibus-para-o-entorno-do-df-ja-estao-mais-caras\"><picture><source class=\"\" srcset=\"https:\/\/uploads.metropoles.com\/wp-content\/uploads\/2017\/08\/28080244\/greve2.jpg\" media=\"(max-width: 767px)\" data-srcset=\"https:\/\/uploads.metropoles.com\/wp-content\/uploads\/2017\/08\/28080244\/greve2.jpg\" data-was-processed=\"true\" \/><img decoding=\"async\" class=\"loaded\" src=\"https:\/\/uploads.metropoles.com\/wp-content\/uploads\/2017\/08\/28080244\/greve2.jpg\" alt=\"Michael Melo\/Metr\u00f3poles\" data-src=\"https:\/\/uploads.metropoles.com\/wp-content\/uploads\/2017\/08\/28080244\/greve2.jpg\" data-was-processed=\"true\" \/><\/picture><\/a><\/p>\n<div class=\"m-box-text\">\n<h6 class=\"m-title\">\u00d4nibus do Entorno voltam para Rodovi\u00e1ria do Plano Piloto<\/h6>\n<\/div>\n<\/article>\n<\/div>\n<p>A medida, cuja previs\u00e3o \u00e9 trazer economia de 15 minutos no sentido GO-DF e 30 minutos no sentido inverso \u2013, beneficiar\u00e1 tamb\u00e9m os motoristas dos demais ve\u00edculos, tendo em vista que parte dos \u00f4nibus que operam essas linhas semiurbanas deixar\u00e3o de circular pelas faixas compartilhadas.<\/p>\n<p>Somente poder\u00e3o transitar nas faixas do BRT Sul ve\u00edculos previamente autorizados pela ANTT e pelo Governo do Distrito Federal. Os que n\u00e3o tiverem autoriza\u00e7\u00e3o sofrer\u00e3o penalidades previstas na legisla\u00e7\u00e3o vigente.<\/p>\n<p>A opera\u00e7\u00e3o dever\u00e1 obedecer todos os procedimentos aplicados aos ve\u00edculos que j\u00e1 operam no BRT Sul, ressaltando o limite de velocidade m\u00e1xima de 60 quil\u00f4metros km\/h ao longo das faixas exclusivas do BRT e de 30 km\/h nos pontos de ultrapassagem que se localizam ao longo das esta\u00e7\u00f5es do BRT.<\/p>\n<h6>Passageiros do BRT<\/h6>\n<p>Para os passageiros que utilizam o BRT Sul nada muda. A autoriza\u00e7\u00e3o para operacionaliza\u00e7\u00e3o de linhas expressas ou semiexpressas do transporte rodovi\u00e1rio interestadual semiurbano de passageiros n\u00e3o vai impactar a opera\u00e7\u00e3o, tendo em vista que o n\u00famero de viagens \u00e9 compat\u00edvel com a infraestrutura atual do servi\u00e7o, e o projeto vi\u00e1rio do sistema j\u00e1 previa a demanda dos munic\u00edpios do Entorno.<\/p>\n<p>O corredor do BRT Sul \u00e9 o primeiro que foi implantado no DF. Inaugurado em junho de 2014, se consolidou como um importante corredor de transporte p\u00fablico, ligando as regi\u00f5es administrativas de Gama e de Santa Maria ao Plano Piloto, transportando cerca de 95 mil passageiros diariamente.<\/p>\n<\/div>\n","protected":false},"excerpt":{"rendered":"<p>Quinze linhas de \u00f4nibus que atendem aos munic\u00edpios do Entorno Sul v\u00e3o passar a operar pelo corredor exclusivo do BRT, a partir do dia 18. Ao todo, ser\u00e3o 22 hor\u00e1rios no pico da manh\u00e3 (sentido GO-DF) e 27 no da tarde (sentido DF-GO), totalizando 49. A medida, que \u00e9 uma iniciativa da Secretaria de Transporte [&hellip;]<\/p>\n","protected":false},"author":18,"featured_media":18545,"comment_status":"open","ping_status":"open","sticky":false,"template":"","format":"standard","meta":{"footnotes":""},"categories":[21],"tags":[384,35,383],"class_list":{"0":"post-18544","1":"post","2":"type-post","3":"status-publish","4":"format-standard","5":"has-post-thumbnail","7":"category-brasilia","8":"tag-brt","9":"tag-gdf","10":"tag-linhas-de-onibus"},"yoast_head":"<!-- This site is optimized with the Yoast SEO Premium plugin v24.5 (Yoast SEO v27.5) - https:\/\/yoast.com\/product\/yoast-seo-premium-wordpress\/ -->\n<title>Linhas de \u00f4nibus do Entorno v\u00e3o usar corredor do BRT Sul - P31<\/title>\n<meta name=\"description\" content=\"Quinze linhas de \u00f4nibus que atendem aos munic\u00edpios do Entorno Sul v\u00e3o passar a operar pelo corredor exclusivo do BRT, a partir do dia 18.\" \/>\n<meta name=\"robots\" content=\"index, follow, max-snippet:-1, max-image-preview:large, max-video-preview:-1\" \/>\n<link rel=\"canonical\" href=\"https:\/\/www.p31noticias.com.br\/?p=18544\" \/>\n<meta property=\"og:locale\" content=\"pt_BR\" \/>\n<meta property=\"og:type\" content=\"article\" \/>\n<meta property=\"og:title\" content=\"Linhas de \u00f4nibus do Entorno v\u00e3o usar corredor do BRT Sul\" \/>\n<meta property=\"og:description\" content=\"Quinze linhas de \u00f4nibus que atendem aos munic\u00edpios do Entorno Sul v\u00e3o passar a operar pelo corredor exclusivo do BRT, a partir do dia 18.\" \/>\n<meta property=\"og:url\" content=\"https:\/\/www.p31noticias.com.br\/?p=18544\" \/>\n<meta property=\"og:site_name\" content=\"P31\" \/>\n<meta property=\"article:published_time\" content=\"2019-11-12T18:13:33+00:00\" \/>\n<meta property=\"og:image\" content=\"https:\/\/www.p31noticias.com.br\/wp-content\/uploads\/2019\/11\/nibus-brt-sul-brasilia-df.jpg\" \/>\n\t<meta property=\"og:image:width\" content=\"950\" \/>\n\t<meta property=\"og:image:height\" content=\"534\" \/>\n\t<meta property=\"og:image:type\" content=\"image\/jpeg\" \/>\n<meta name=\"author\" content=\"Reda\u00e7\u00e3o JBN\" \/>\n<meta name=\"twitter:card\" content=\"summary_large_image\" \/>\n<meta name=\"twitter:label1\" content=\"Escrito por\" \/>\n\t<meta name=\"twitter:data1\" content=\"Reda\u00e7\u00e3o JBN\" \/>\n\t<meta name=\"twitter:label2\" content=\"Est. tempo de leitura\" \/>\n\t<meta name=\"twitter:data2\" content=\"2 minutos\" \/>\n<script type=\"application\/ld+json\" class=\"yoast-schema-graph\">{\"@context\":\"https:\\\/\\\/schema.org\",\"@graph\":[{\"@type\":\"Article\",\"@id\":\"https:\\\/\\\/www.p31noticias.com.br\\\/?p=18544#article\",\"isPartOf\":{\"@id\":\"https:\\\/\\\/www.p31noticias.com.br\\\/?p=18544\"},\"author\":{\"name\":\"Reda\u00e7\u00e3o JBN\",\"@id\":\"https:\\\/\\\/www.p31noticias.com.br\\\/#\\\/schema\\\/person\\\/77d6b186c710ac38937c6ec204fdd387\"},\"headline\":\"Linhas de \u00f4nibus do Entorno v\u00e3o usar corredor do BRT Sul\",\"datePublished\":\"2019-11-12T18:13:33+00:00\",\"mainEntityOfPage\":{\"@id\":\"https:\\\/\\\/www.p31noticias.com.br\\\/?p=18544\"},\"wordCount\":433,\"commentCount\":0,\"image\":{\"@id\":\"https:\\\/\\\/www.p31noticias.com.br\\\/?p=18544#primaryimage\"},\"thumbnailUrl\":\"https:\\\/\\\/www.p31noticias.com.br\\\/wp-content\\\/uploads\\\/2019\\\/11\\\/nibus-brt-sul-brasilia-df.jpg\",\"keywords\":[\"brt\",\"gdf\",\"linhas de \u00f4nibus\"],\"articleSection\":[\"Bras\u00edlia\"],\"inLanguage\":\"pt-BR\",\"potentialAction\":[{\"@type\":\"CommentAction\",\"name\":\"Comment\",\"target\":[\"https:\\\/\\\/www.p31noticias.com.br\\\/?p=18544#respond\"]}],\"copyrightYear\":\"2019\",\"copyrightHolder\":{\"@id\":\"https:\\\/\\\/www.p31noticias.com.br\\\/#organization\"}},{\"@type\":\"WebPage\",\"@id\":\"https:\\\/\\\/www.p31noticias.com.br\\\/?p=18544\",\"url\":\"https:\\\/\\\/www.p31noticias.com.br\\\/?p=18544\",\"name\":\"Linhas de \u00f4nibus do Entorno v\u00e3o usar corredor do BRT Sul - P31\",\"isPartOf\":{\"@id\":\"https:\\\/\\\/www.p31noticias.com.br\\\/#website\"},\"primaryImageOfPage\":{\"@id\":\"https:\\\/\\\/www.p31noticias.com.br\\\/?p=18544#primaryimage\"},\"image\":{\"@id\":\"https:\\\/\\\/www.p31noticias.com.br\\\/?p=18544#primaryimage\"},\"thumbnailUrl\":\"https:\\\/\\\/www.p31noticias.com.br\\\/wp-content\\\/uploads\\\/2019\\\/11\\\/nibus-brt-sul-brasilia-df.jpg\",\"datePublished\":\"2019-11-12T18:13:33+00:00\",\"author\":{\"@id\":\"https:\\\/\\\/www.p31noticias.com.br\\\/#\\\/schema\\\/person\\\/77d6b186c710ac38937c6ec204fdd387\"},\"description\":\"Quinze linhas de \u00f4nibus que atendem aos munic\u00edpios do Entorno Sul v\u00e3o passar a operar pelo corredor exclusivo do BRT, a partir do dia 18.\",\"breadcrumb\":{\"@id\":\"https:\\\/\\\/www.p31noticias.com.br\\\/?p=18544#breadcrumb\"},\"inLanguage\":\"pt-BR\",\"potentialAction\":[{\"@type\":\"ReadAction\",\"target\":[\"https:\\\/\\\/www.p31noticias.com.br\\\/?p=18544\"]}]},{\"@type\":\"ImageObject\",\"inLanguage\":\"pt-BR\",\"@id\":\"https:\\\/\\\/www.p31noticias.com.br\\\/?p=18544#primaryimage\",\"url\":\"https:\\\/\\\/www.p31noticias.com.br\\\/wp-content\\\/uploads\\\/2019\\\/11\\\/nibus-brt-sul-brasilia-df.jpg\",\"contentUrl\":\"https:\\\/\\\/www.p31noticias.com.br\\\/wp-content\\\/uploads\\\/2019\\\/11\\\/nibus-brt-sul-brasilia-df.jpg\",\"width\":950,\"height\":534,\"caption\":\"linhas de \u00f4nibus\"},{\"@type\":\"BreadcrumbList\",\"@id\":\"https:\\\/\\\/www.p31noticias.com.br\\\/?p=18544#breadcrumb\",\"itemListElement\":[{\"@type\":\"ListItem\",\"position\":1,\"name\":\"In\u00edcio\",\"item\":\"https:\\\/\\\/www.p31noticias.com.br\\\/\"},{\"@type\":\"ListItem\",\"position\":2,\"name\":\"Linhas de \u00f4nibus do Entorno v\u00e3o usar corredor do BRT Sul\"}]},{\"@type\":\"WebSite\",\"@id\":\"https:\\\/\\\/www.p31noticias.com.br\\\/#website\",\"url\":\"https:\\\/\\\/www.p31noticias.com.br\\\/\",\"name\":\"P31\",\"description\":\"NOT\u00cdCIAS\",\"potentialAction\":[{\"@type\":\"SearchAction\",\"target\":{\"@type\":\"EntryPoint\",\"urlTemplate\":\"https:\\\/\\\/www.p31noticias.com.br\\\/?s={search_term_string}\"},\"query-input\":{\"@type\":\"PropertyValueSpecification\",\"valueRequired\":true,\"valueName\":\"search_term_string\"}}],\"inLanguage\":\"pt-BR\"},{\"@type\":\"Person\",\"@id\":\"https:\\\/\\\/www.p31noticias.com.br\\\/#\\\/schema\\\/person\\\/77d6b186c710ac38937c6ec204fdd387\",\"name\":\"Reda\u00e7\u00e3o JBN\",\"image\":{\"@type\":\"ImageObject\",\"inLanguage\":\"pt-BR\",\"@id\":\"https:\\\/\\\/secure.gravatar.com\\\/avatar\\\/10fcdb93211f98cce3d64c0795b0915a9a4a21dc0f279238995a3dbfafcad090?s=96&d=mm&r=g\",\"url\":\"https:\\\/\\\/secure.gravatar.com\\\/avatar\\\/10fcdb93211f98cce3d64c0795b0915a9a4a21dc0f279238995a3dbfafcad090?s=96&d=mm&r=g\",\"contentUrl\":\"https:\\\/\\\/secure.gravatar.com\\\/avatar\\\/10fcdb93211f98cce3d64c0795b0915a9a4a21dc0f279238995a3dbfafcad090?s=96&d=mm&r=g\",\"caption\":\"Reda\u00e7\u00e3o JBN\"},\"sameAs\":[\"https:\\\/\\\/p31noticias.com.br\"],\"url\":\"https:\\\/\\\/www.p31noticias.com.br\\\/?author=18\"}]}<\/script>\n<!-- \/ Yoast SEO Premium plugin. -->","yoast_head_json":{"title":"Linhas de \u00f4nibus do Entorno v\u00e3o usar corredor do BRT Sul - P31","description":"Quinze linhas de \u00f4nibus que atendem aos munic\u00edpios do Entorno Sul v\u00e3o passar a operar pelo corredor exclusivo do BRT, a partir do dia 18.","robots":{"index":"index","follow":"follow","max-snippet":"max-snippet:-1","max-image-preview":"max-image-preview:large","max-video-preview":"max-video-preview:-1"},"canonical":"https:\/\/www.p31noticias.com.br\/?p=18544","og_locale":"pt_BR","og_type":"article","og_title":"Linhas de \u00f4nibus do Entorno v\u00e3o usar corredor do BRT Sul","og_description":"Quinze linhas de \u00f4nibus que atendem aos munic\u00edpios do Entorno Sul v\u00e3o passar a operar pelo corredor exclusivo do BRT, a partir do dia 18.","og_url":"https:\/\/www.p31noticias.com.br\/?p=18544","og_site_name":"P31","article_published_time":"2019-11-12T18:13:33+00:00","og_image":[{"width":950,"height":534,"url":"https:\/\/www.p31noticias.com.br\/wp-content\/uploads\/2019\/11\/nibus-brt-sul-brasilia-df.jpg","type":"image\/jpeg"}],"author":"Reda\u00e7\u00e3o JBN","twitter_card":"summary_large_image","twitter_misc":{"Escrito por":"Reda\u00e7\u00e3o JBN","Est. tempo de leitura":"2 minutos"},"schema":{"@context":"https:\/\/schema.org","@graph":[{"@type":"Article","@id":"https:\/\/www.p31noticias.com.br\/?p=18544#article","isPartOf":{"@id":"https:\/\/www.p31noticias.com.br\/?p=18544"},"author":{"name":"Reda\u00e7\u00e3o JBN","@id":"https:\/\/www.p31noticias.com.br\/#\/schema\/person\/77d6b186c710ac38937c6ec204fdd387"},"headline":"Linhas de \u00f4nibus do Entorno v\u00e3o usar corredor do BRT Sul","datePublished":"2019-11-12T18:13:33+00:00","mainEntityOfPage":{"@id":"https:\/\/www.p31noticias.com.br\/?p=18544"},"wordCount":433,"commentCount":0,"image":{"@id":"https:\/\/www.p31noticias.com.br\/?p=18544#primaryimage"},"thumbnailUrl":"https:\/\/www.p31noticias.com.br\/wp-content\/uploads\/2019\/11\/nibus-brt-sul-brasilia-df.jpg","keywords":["brt","gdf","linhas de \u00f4nibus"],"articleSection":["Bras\u00edlia"],"inLanguage":"pt-BR","potentialAction":[{"@type":"CommentAction","name":"Comment","target":["https:\/\/www.p31noticias.com.br\/?p=18544#respond"]}],"copyrightYear":"2019","copyrightHolder":{"@id":"https:\/\/www.p31noticias.com.br\/#organization"}},{"@type":"WebPage","@id":"https:\/\/www.p31noticias.com.br\/?p=18544","url":"https:\/\/www.p31noticias.com.br\/?p=18544","name":"Linhas de \u00f4nibus do Entorno v\u00e3o usar corredor do BRT Sul - P31","isPartOf":{"@id":"https:\/\/www.p31noticias.com.br\/#website"},"primaryImageOfPage":{"@id":"https:\/\/www.p31noticias.com.br\/?p=18544#primaryimage"},"image":{"@id":"https:\/\/www.p31noticias.com.br\/?p=18544#primaryimage"},"thumbnailUrl":"https:\/\/www.p31noticias.com.br\/wp-content\/uploads\/2019\/11\/nibus-brt-sul-brasilia-df.jpg","datePublished":"2019-11-12T18:13:33+00:00","author":{"@id":"https:\/\/www.p31noticias.com.br\/#\/schema\/person\/77d6b186c710ac38937c6ec204fdd387"},"description":"Quinze linhas de \u00f4nibus que atendem aos munic\u00edpios do Entorno Sul v\u00e3o passar a operar pelo corredor exclusivo do BRT, a partir do dia 18.","breadcrumb":{"@id":"https:\/\/www.p31noticias.com.br\/?p=18544#breadcrumb"},"inLanguage":"pt-BR","potentialAction":[{"@type":"ReadAction","target":["https:\/\/www.p31noticias.com.br\/?p=18544"]}]},{"@type":"ImageObject","inLanguage":"pt-BR","@id":"https:\/\/www.p31noticias.com.br\/?p=18544#primaryimage","url":"https:\/\/www.p31noticias.com.br\/wp-content\/uploads\/2019\/11\/nibus-brt-sul-brasilia-df.jpg","contentUrl":"https:\/\/www.p31noticias.com.br\/wp-content\/uploads\/2019\/11\/nibus-brt-sul-brasilia-df.jpg","width":950,"height":534,"caption":"linhas de \u00f4nibus"},{"@type":"BreadcrumbList","@id":"https:\/\/www.p31noticias.com.br\/?p=18544#breadcrumb","itemListElement":[{"@type":"ListItem","position":1,"name":"In\u00edcio","item":"https:\/\/www.p31noticias.com.br\/"},{"@type":"ListItem","position":2,"name":"Linhas de \u00f4nibus do Entorno v\u00e3o usar corredor do BRT Sul"}]},{"@type":"WebSite","@id":"https:\/\/www.p31noticias.com.br\/#website","url":"https:\/\/www.p31noticias.com.br\/","name":"P31","description":"NOT\u00cdCIAS","potentialAction":[{"@type":"SearchAction","target":{"@type":"EntryPoint","urlTemplate":"https:\/\/www.p31noticias.com.br\/?s={search_term_string}"},"query-input":{"@type":"PropertyValueSpecification","valueRequired":true,"valueName":"search_term_string"}}],"inLanguage":"pt-BR"},{"@type":"Person","@id":"https:\/\/www.p31noticias.com.br\/#\/schema\/person\/77d6b186c710ac38937c6ec204fdd387","name":"Reda\u00e7\u00e3o JBN","image":{"@type":"ImageObject","inLanguage":"pt-BR","@id":"https:\/\/secure.gravatar.com\/avatar\/10fcdb93211f98cce3d64c0795b0915a9a4a21dc0f279238995a3dbfafcad090?s=96&d=mm&r=g","url":"https:\/\/secure.gravatar.com\/avatar\/10fcdb93211f98cce3d64c0795b0915a9a4a21dc0f279238995a3dbfafcad090?s=96&d=mm&r=g","contentUrl":"https:\/\/secure.gravatar.com\/avatar\/10fcdb93211f98cce3d64c0795b0915a9a4a21dc0f279238995a3dbfafcad090?s=96&d=mm&r=g","caption":"Reda\u00e7\u00e3o JBN"},"sameAs":["https:\/\/p31noticias.com.br"],"url":"https:\/\/www.p31noticias.com.br\/?author=18"}]}},"amp_enabled":true,"_links":{"self":[{"href":"https:\/\/www.p31noticias.com.br\/index.php?rest_route=\/wp\/v2\/posts\/18544","targetHints":{"allow":["GET"]}}],"collection":[{"href":"https:\/\/www.p31noticias.com.br\/index.php?rest_route=\/wp\/v2\/posts"}],"about":[{"href":"https:\/\/www.p31noticias.com.br\/index.php?rest_route=\/wp\/v2\/types\/post"}],"author":[{"embeddable":true,"href":"https:\/\/www.p31noticias.com.br\/index.php?rest_route=\/wp\/v2\/users\/18"}],"replies":[{"embeddable":true,"href":"https:\/\/www.p31noticias.com.br\/index.php?rest_route=%2Fwp%2Fv2%2Fcomments&post=18544"}],"version-history":[{"count":0,"href":"https:\/\/www.p31noticias.com.br\/index.php?rest_route=\/wp\/v2\/posts\/18544\/revisions"}],"wp:featuredmedia":[{"embeddable":true,"href":"https:\/\/www.p31noticias.com.br\/index.php?rest_route=\/wp\/v2\/media\/18545"}],"wp:attachment":[{"href":"https:\/\/www.p31noticias.com.br\/index.php?rest_route=%2Fwp%2Fv2%2Fmedia&parent=18544"}],"wp:term":[{"taxonomy":"category","embeddable":true,"href":"https:\/\/www.p31noticias.com.br\/index.php?rest_route=%2Fwp%2Fv2%2Fcategories&post=18544"},{"taxonomy":"post_tag","embeddable":true,"href":"https:\/\/www.p31noticias.com.br\/index.php?rest_route=%2Fwp%2Fv2%2Ftags&post=18544"}],"curies":[{"name":"wp","href":"https:\/\/api.w.org\/{rel}","templated":true}]}}