{"id":18539,"date":"2019-11-11T16:52:56","date_gmt":"2019-11-11T18:52:56","guid":{"rendered":"https:\/\/www.delioandrade.com.br\/?p=18539"},"modified":"2019-11-11T16:52:56","modified_gmt":"2019-11-11T18:52:56","slug":"receita-federal-ameaca-17-mil-empresas-por-dividas-no-df","status":"publish","type":"post","link":"https:\/\/www.p31noticias.com.br\/?p=18539","title":{"rendered":"Receita Federal amea\u00e7a 17 mil empresas por d\u00edvidas no DF"},"content":{"rendered":"<p>Receita Federal\u00a0decidiu mirar em 17.304 microempresas e empresas de pequeno porte do Distrito Federal que optaram pelo sistema\u00a0<a href=\"http:\/\/www8.receita.fazenda.gov.br\/SimplesNacional\/\" target=\"_blank\" rel=\"nofollow noopener noreferrer\">Simples Nacional<\/a>\u00a0e mant\u00eam d\u00edvidas com o Fisco nacional. A inadimpl\u00eancia registrada pelo \u00f3rg\u00e3o amea\u00e7a retirar o regime espec\u00edfico de tributa\u00e7\u00e3o, o que pode gerar uma s\u00e9rie de transtornos para os propriet\u00e1rios e s\u00f3cios. H\u00e1 risco tamb\u00e9m de\u00a0cancelamento de CNPJs.<\/p>\n<p>De acordo com a Receita, h\u00e1 quase R$ 505 milh\u00f5es em d\u00e9bitos empresariais apenas no DF. No Brasil, s\u00e3o 738.605 devedores, que respondem por d\u00edvidas no total de R$ 21,5 bilh\u00f5es.<\/p>\n<p>As companhias foram notificadas ainda em setembro sobre as pend\u00eancias federais e tiveram at\u00e9 30 dias para impugnar ou regularizar a inadimpl\u00eancia. As san\u00e7\u00f5es passam a valer a partir de 1\u00ba de janeiro de 2020. A mudan\u00e7a do\u00a0regime tribut\u00e1rio\u00a0implica em problemas \u2013 como a perda de benef\u00edcios fiscais, inclusive.<\/p>\n<div id=\"outbrain_widget_0\" class=\"OUTBRAIN\" data-src=\"https:\/\/www.metropoles.com\/colunas-blogs\/janela-indiscreta\/df-receita-ameaca-17-mil-empresas-por-dividas-de-r-500-milhoes\" data-widget-id=\"AR_6\" data-ob-template=\"\u201cmetropoles&quot;\" data-ob-mark=\"true\" data-browser=\"chrome\" data-os=\"win32\" data-dynload=\"\" data-idx=\"0\">\n<div class=\"ob_box_cont AR_6\"><\/div>\n<\/div>\n<p>Segundo a Receita Federal, os empregadores que regularizarem a totalidade de seus d\u00e9bitos dentro desse prazo \u201cter\u00e3o a exclus\u00e3o do Simples Nacional automaticamente tornada sem efeito\u201d. Na pr\u00e1tica, o contribuinte continuar\u00e1 nesse regime especial e n\u00e3o precisa comparecer \u00e0s unidades da Receita para adotar algum procedimento.<\/p>\n<p>Uma das principais diferen\u00e7as com a mudan\u00e7a ser\u00e1 sentida no bolso dos inadimplentes. Com a altera\u00e7\u00e3o do regime, a folha de pagamento pesa mais nos rendimentos da empresa, e a contribui\u00e7\u00e3o previdenci\u00e1ria tamb\u00e9m aumenta para quem possui quantidade razo\u00e1vel de empregados. H\u00e1 ainda a perda da vantagem de se pagar todos os impostos em um \u00fanico boleto. Al\u00e9m disso, a burocracia aumenta consideravelmente.<\/p>\n<div class=\"m-news-list-content m-related-news\">\n<article class=\"m-feed m-feed-small\">\n<div class=\"m-box-text\">\n<h6 class=\"m-title\">Devedores contumazes da Uni\u00e3o poder\u00e3o ter CNPJ cancelado<\/h6>\n<\/div>\n<\/article>\n<\/div>\n<h6>Varreduras<\/h6>\n<p>Constantemente, a Receita Federal realiza varreduras no cadastro das empresas para se certificar sobre o enquadramento de cada CNPJ com o Simples Nacional. As exclus\u00f5es s\u00e3o realizadas apenas ap\u00f3s constata\u00e7\u00f5es de d\u00edvidas ou irregularidades. Antes da decis\u00e3o final, o \u00f3rg\u00e3o comunica sobre o risco de exclus\u00e3o. O conte\u00fado do Termo Exclus\u00e3o pode ser acessado pelo Portal do Simples Nacional ou pelo\u00a0<a href=\"http:\/\/www8.receita.fazenda.gov.br\/SimplesNacional\/\" target=\"_blank\" rel=\"nofollow noopener noreferrer\">atendimento virtual<\/a>\u00a0do \u00f3rg\u00e3o.<\/p>\n<div id=\"outbrain_widget_1\" class=\"OUTBRAIN\" data-src=\"https:\/\/www.metropoles.com\/colunas-blogs\/janela-indiscreta\/df-receita-ameaca-17-mil-empresas-por-dividas-de-r-500-milhoes\" data-widget-id=\"AR_5\" data-ob-template=\"\u201cmetropoles&quot;\" data-ob-mark=\"true\" data-browser=\"chrome\" data-os=\"win32\" data-dynload=\"\" data-idx=\"1\">\n<div class=\"ob-widget ob-strip-layout AR_5\" data-dynamic-truncate=\"true\"><\/div>\n<\/div>\n<p>\u201cDessa forma, as microempresas (ME) e empresas de pequeno porte (EPP) devem ficar atentas para n\u00e3o serem exclu\u00eddas de of\u00edcio do regime por motivo de inadimpl\u00eancia. A contar da data de ci\u00eancia do Termo de Exclus\u00e3o, o contribuinte ter\u00e1 um prazo de 30 dias para impugnar ou regularizar seus d\u00e9bitos. A regulariza\u00e7\u00e3o pode se dar por pagamento \u00e0 vista, parcelamento ou compensa\u00e7\u00e3o\u201d, explica a Receita Federal.<\/p>\n<p>A Federa\u00e7\u00e3o do Com\u00e9rcio do Distrito Federal (Fecom\u00e9rcio-DF) explicou que a melhor op\u00e7\u00e3o sempre \u00e9 a quita\u00e7\u00e3o das d\u00edvidas pendentes com \u00f3rg\u00e3os p\u00fablicos Receita Federal. A\u00a0entidade afirmou que, \u201cnormalmente, a maioria das pend\u00eancias \u00e9 de empresas optantes pelo Simples que, a princ\u00edpio, para n\u00e3o perderem os benef\u00edcios da modalidade, t\u00eam de regularizar a sua situa\u00e7\u00e3o fiscal. O recolhimento do Simples no DF corresponde a cerca de R$ 30 milh\u00f5es por m\u00eas\u201d, explicou a entidade.<\/p>\n<p>A federa\u00e7\u00e3o adiantou manter a C\u00e2mara de Tributa\u00e7\u00e3o e Finan\u00e7as P\u00fablicas Receita Federal a fim de orientar e assessorar os empres\u00e1rios sobre quest\u00f5es tribut\u00e1rias, al\u00e9m de ajudar no entendimento das pend\u00eancias.<\/p>\n<h6><strong>Simples Nacional<\/strong><\/h6>\n<p>N\u00e3o \u00e9 toda empresa que pode fazer a op\u00e7\u00e3o por esse regime de tributa\u00e7\u00e3o. Normalmente, em raz\u00e3o de suas vantagens, o Simples sempre \u00e9 preferido, mas h\u00e1 uma limita\u00e7\u00e3o de atividades que \u00e9 fruto de uma combina\u00e7\u00e3o de uma s\u00e9rie de fatores. Al\u00e9m da pr\u00f3pria atividade em si ter de estar inserida em algum dos anexos vigentes, \u00e9 necess\u00e1rio verificar algumas outras situa\u00e7\u00f5es.<\/p>\n<p>Entre as principais vantagens est\u00e1 a conhecida simplifica\u00e7\u00e3o na apura\u00e7\u00e3o dos valores. Esse resultado \u00e9 de acordo com a receita bruta (faturamento) das empresas nos \u00faltimos 12 meses. Outra quest\u00e3o \u00e9 o recolhimento de impostos por meio de uma \u00fanica guia, chamada Documento de Arrecada\u00e7\u00e3o do Simples Nacional (DAS).<\/p>\n<p>De acordo com as regras atuais, o limite para faturamento de empresas do Simples \u00e9 de at\u00e9 R$ 4,8 milh\u00f5es por ano, divididos pelos 12 meses. No caso de quem obt\u00e9m CNPJ no meio do ano, nesses moldes, ter\u00e1 apenas R$ 2,4 milh\u00f5es para faturar no decorrer dos seis meses, o que equivale a R$ 400 mil por m\u00eas.<\/p>\n<p class=\"m-img-wrap\"><span class=\"m-credit\">REPRODU\u00c7\u00c3O \/ RECEITA FEDERAL<\/span><img loading=\"lazy\" decoding=\"async\" class=\"aligncenter size-full wp-image-1087923\" src=\"https:\/\/uploads.metropoles.com\/wp-content\/uploads\/2019\/11\/07203551\/Receita1.jpg\" sizes=\"auto, (max-width: 404px) 100vw, 404px\" srcset=\"https:\/\/uploads.metropoles.com\/wp-content\/uploads\/2019\/11\/07203551\/Receita1.jpg 404w, https:\/\/uploads.metropoles.com\/wp-content\/uploads\/2019\/11\/07203551\/Receita1-200x300.jpg 200w, https:\/\/uploads.metropoles.com\/wp-content\/uploads\/2019\/11\/07203551\/Receita1-85x128.jpg 85w, https:\/\/uploads.metropoles.com\/wp-content\/uploads\/2019\/11\/07203551\/Receita1-21x32.jpg 21w\" alt=\"Reprodu\u00e7\u00e3o \/ Receita Federal\" width=\"404\" height=\"606\" data-pin=\"pinIt\" \/><\/p>\n","protected":false},"excerpt":{"rendered":"<p>Receita Federal\u00a0decidiu mirar em 17.304 microempresas e empresas de pequeno porte do Distrito Federal que optaram pelo sistema\u00a0Simples Nacional\u00a0e mant\u00eam d\u00edvidas com o Fisco nacional. A inadimpl\u00eancia registrada pelo \u00f3rg\u00e3o amea\u00e7a retirar o regime espec\u00edfico de tributa\u00e7\u00e3o, o que pode gerar uma s\u00e9rie de transtornos para os propriet\u00e1rios e s\u00f3cios. H\u00e1 risco tamb\u00e9m de\u00a0cancelamento de [&hellip;]<\/p>\n","protected":false},"author":18,"featured_media":18540,"comment_status":"open","ping_status":"open","sticky":false,"template":"","format":"standard","meta":{"footnotes":""},"categories":[21],"tags":[382,381,379,378,380],"class_list":{"0":"post-18539","1":"post","2":"type-post","3":"status-publish","4":"format-standard","5":"has-post-thumbnail","7":"category-brasilia","8":"tag-impostos","9":"tag-inadimplencia","10":"tag-microempresas","11":"tag-receita-federal","12":"tag-simples-nacional"},"yoast_head":"<!-- This site is optimized with the Yoast SEO Premium plugin v24.5 (Yoast SEO v27.5) - https:\/\/yoast.com\/product\/yoast-seo-premium-wordpress\/ -->\n<title>Receita Federal amea\u00e7a 17 mil empresas por d\u00edvidas no DF - P31<\/title>\n<meta name=\"description\" content=\"Receita Federal\u00a0decidiu mirar em 17.304 microempresas e empresas de pequeno porte do Distrito Federal que optaram pelo sistema\u00a0Simples\" \/>\n<meta name=\"robots\" content=\"index, follow, max-snippet:-1, max-image-preview:large, max-video-preview:-1\" \/>\n<link rel=\"canonical\" href=\"https:\/\/www.p31noticias.com.br\/?p=18539\" \/>\n<meta property=\"og:locale\" content=\"pt_BR\" \/>\n<meta property=\"og:type\" content=\"article\" \/>\n<meta property=\"og:title\" content=\"Receita Federal amea\u00e7a 17 mil empresas por d\u00edvidas no DF\" \/>\n<meta property=\"og:description\" content=\"Receita Federal\u00a0decidiu mirar em 17.304 microempresas e empresas de pequeno porte do Distrito Federal que optaram pelo sistema\u00a0Simples\" \/>\n<meta property=\"og:url\" content=\"https:\/\/www.p31noticias.com.br\/?p=18539\" \/>\n<meta property=\"og:site_name\" content=\"P31\" \/>\n<meta property=\"article:published_time\" content=\"2019-11-11T18:52:56+00:00\" \/>\n<meta property=\"og:image\" content=\"https:\/\/www.p31noticias.com.br\/wp-content\/uploads\/2019\/11\/x47074964_BRASILBRASILIABSB01-03-2016IMPOSTO-DE-RENDA-Receita-comeca-a-receber-declara.jpg.pagespeed.ic_.2vlT-4IPNc.jpg\" \/>\n\t<meta property=\"og:image:width\" content=\"1086\" \/>\n\t<meta property=\"og:image:height\" content=\"652\" \/>\n\t<meta property=\"og:image:type\" content=\"image\/jpeg\" \/>\n<meta name=\"author\" content=\"Reda\u00e7\u00e3o JBN\" \/>\n<meta name=\"twitter:card\" content=\"summary_large_image\" \/>\n<meta name=\"twitter:label1\" content=\"Escrito por\" \/>\n\t<meta name=\"twitter:data1\" content=\"Reda\u00e7\u00e3o JBN\" \/>\n\t<meta name=\"twitter:label2\" content=\"Est. tempo de leitura\" \/>\n\t<meta name=\"twitter:data2\" content=\"4 minutos\" \/>\n<script type=\"application\/ld+json\" class=\"yoast-schema-graph\">{\"@context\":\"https:\\\/\\\/schema.org\",\"@graph\":[{\"@type\":\"Article\",\"@id\":\"https:\\\/\\\/www.p31noticias.com.br\\\/?p=18539#article\",\"isPartOf\":{\"@id\":\"https:\\\/\\\/www.p31noticias.com.br\\\/?p=18539\"},\"author\":{\"name\":\"Reda\u00e7\u00e3o JBN\",\"@id\":\"https:\\\/\\\/www.p31noticias.com.br\\\/#\\\/schema\\\/person\\\/77d6b186c710ac38937c6ec204fdd387\"},\"headline\":\"Receita Federal amea\u00e7a 17 mil empresas por d\u00edvidas no DF\",\"datePublished\":\"2019-11-11T18:52:56+00:00\",\"mainEntityOfPage\":{\"@id\":\"https:\\\/\\\/www.p31noticias.com.br\\\/?p=18539\"},\"wordCount\":762,\"commentCount\":0,\"image\":{\"@id\":\"https:\\\/\\\/www.p31noticias.com.br\\\/?p=18539#primaryimage\"},\"thumbnailUrl\":\"https:\\\/\\\/www.p31noticias.com.br\\\/wp-content\\\/uploads\\\/2019\\\/11\\\/x47074964_BRASILBRASILIABSB01-03-2016IMPOSTO-DE-RENDA-Receita-comeca-a-receber-declara.jpg.pagespeed.ic_.2vlT-4IPNc.jpg\",\"keywords\":[\"impostos\",\"inadimplencia\",\"microempresas\",\"Receita Federal\",\"simples nacional\"],\"articleSection\":[\"Bras\u00edlia\"],\"inLanguage\":\"pt-BR\",\"potentialAction\":[{\"@type\":\"CommentAction\",\"name\":\"Comment\",\"target\":[\"https:\\\/\\\/www.p31noticias.com.br\\\/?p=18539#respond\"]}],\"copyrightYear\":\"2019\",\"copyrightHolder\":{\"@id\":\"https:\\\/\\\/www.p31noticias.com.br\\\/#organization\"}},{\"@type\":\"WebPage\",\"@id\":\"https:\\\/\\\/www.p31noticias.com.br\\\/?p=18539\",\"url\":\"https:\\\/\\\/www.p31noticias.com.br\\\/?p=18539\",\"name\":\"Receita Federal amea\u00e7a 17 mil empresas por d\u00edvidas no DF - P31\",\"isPartOf\":{\"@id\":\"https:\\\/\\\/www.p31noticias.com.br\\\/#website\"},\"primaryImageOfPage\":{\"@id\":\"https:\\\/\\\/www.p31noticias.com.br\\\/?p=18539#primaryimage\"},\"image\":{\"@id\":\"https:\\\/\\\/www.p31noticias.com.br\\\/?p=18539#primaryimage\"},\"thumbnailUrl\":\"https:\\\/\\\/www.p31noticias.com.br\\\/wp-content\\\/uploads\\\/2019\\\/11\\\/x47074964_BRASILBRASILIABSB01-03-2016IMPOSTO-DE-RENDA-Receita-comeca-a-receber-declara.jpg.pagespeed.ic_.2vlT-4IPNc.jpg\",\"datePublished\":\"2019-11-11T18:52:56+00:00\",\"author\":{\"@id\":\"https:\\\/\\\/www.p31noticias.com.br\\\/#\\\/schema\\\/person\\\/77d6b186c710ac38937c6ec204fdd387\"},\"description\":\"Receita Federal\u00a0decidiu mirar em 17.304 microempresas e empresas de pequeno porte do Distrito Federal que optaram pelo sistema\u00a0Simples\",\"breadcrumb\":{\"@id\":\"https:\\\/\\\/www.p31noticias.com.br\\\/?p=18539#breadcrumb\"},\"inLanguage\":\"pt-BR\",\"potentialAction\":[{\"@type\":\"ReadAction\",\"target\":[\"https:\\\/\\\/www.p31noticias.com.br\\\/?p=18539\"]}]},{\"@type\":\"ImageObject\",\"inLanguage\":\"pt-BR\",\"@id\":\"https:\\\/\\\/www.p31noticias.com.br\\\/?p=18539#primaryimage\",\"url\":\"https:\\\/\\\/www.p31noticias.com.br\\\/wp-content\\\/uploads\\\/2019\\\/11\\\/x47074964_BRASILBRASILIABSB01-03-2016IMPOSTO-DE-RENDA-Receita-comeca-a-receber-declara.jpg.pagespeed.ic_.2vlT-4IPNc.jpg\",\"contentUrl\":\"https:\\\/\\\/www.p31noticias.com.br\\\/wp-content\\\/uploads\\\/2019\\\/11\\\/x47074964_BRASILBRASILIABSB01-03-2016IMPOSTO-DE-RENDA-Receita-comeca-a-receber-declara.jpg.pagespeed.ic_.2vlT-4IPNc.jpg\",\"width\":1086,\"height\":652,\"caption\":\"receita federal\"},{\"@type\":\"BreadcrumbList\",\"@id\":\"https:\\\/\\\/www.p31noticias.com.br\\\/?p=18539#breadcrumb\",\"itemListElement\":[{\"@type\":\"ListItem\",\"position\":1,\"name\":\"In\u00edcio\",\"item\":\"https:\\\/\\\/www.p31noticias.com.br\\\/\"},{\"@type\":\"ListItem\",\"position\":2,\"name\":\"Receita Federal amea\u00e7a 17 mil empresas por d\u00edvidas no DF\"}]},{\"@type\":\"WebSite\",\"@id\":\"https:\\\/\\\/www.p31noticias.com.br\\\/#website\",\"url\":\"https:\\\/\\\/www.p31noticias.com.br\\\/\",\"name\":\"P31\",\"description\":\"NOT\u00cdCIAS\",\"potentialAction\":[{\"@type\":\"SearchAction\",\"target\":{\"@type\":\"EntryPoint\",\"urlTemplate\":\"https:\\\/\\\/www.p31noticias.com.br\\\/?s={search_term_string}\"},\"query-input\":{\"@type\":\"PropertyValueSpecification\",\"valueRequired\":true,\"valueName\":\"search_term_string\"}}],\"inLanguage\":\"pt-BR\"},{\"@type\":\"Person\",\"@id\":\"https:\\\/\\\/www.p31noticias.com.br\\\/#\\\/schema\\\/person\\\/77d6b186c710ac38937c6ec204fdd387\",\"name\":\"Reda\u00e7\u00e3o JBN\",\"image\":{\"@type\":\"ImageObject\",\"inLanguage\":\"pt-BR\",\"@id\":\"https:\\\/\\\/secure.gravatar.com\\\/avatar\\\/10fcdb93211f98cce3d64c0795b0915a9a4a21dc0f279238995a3dbfafcad090?s=96&d=mm&r=g\",\"url\":\"https:\\\/\\\/secure.gravatar.com\\\/avatar\\\/10fcdb93211f98cce3d64c0795b0915a9a4a21dc0f279238995a3dbfafcad090?s=96&d=mm&r=g\",\"contentUrl\":\"https:\\\/\\\/secure.gravatar.com\\\/avatar\\\/10fcdb93211f98cce3d64c0795b0915a9a4a21dc0f279238995a3dbfafcad090?s=96&d=mm&r=g\",\"caption\":\"Reda\u00e7\u00e3o JBN\"},\"sameAs\":[\"https:\\\/\\\/p31noticias.com.br\"],\"url\":\"https:\\\/\\\/www.p31noticias.com.br\\\/?author=18\"}]}<\/script>\n<!-- \/ Yoast SEO Premium plugin. -->","yoast_head_json":{"title":"Receita Federal amea\u00e7a 17 mil empresas por d\u00edvidas no DF - P31","description":"Receita Federal\u00a0decidiu mirar em 17.304 microempresas e empresas de pequeno porte do Distrito Federal que optaram pelo sistema\u00a0Simples","robots":{"index":"index","follow":"follow","max-snippet":"max-snippet:-1","max-image-preview":"max-image-preview:large","max-video-preview":"max-video-preview:-1"},"canonical":"https:\/\/www.p31noticias.com.br\/?p=18539","og_locale":"pt_BR","og_type":"article","og_title":"Receita Federal amea\u00e7a 17 mil empresas por d\u00edvidas no DF","og_description":"Receita Federal\u00a0decidiu mirar em 17.304 microempresas e empresas de pequeno porte do Distrito Federal que optaram pelo sistema\u00a0Simples","og_url":"https:\/\/www.p31noticias.com.br\/?p=18539","og_site_name":"P31","article_published_time":"2019-11-11T18:52:56+00:00","og_image":[{"width":1086,"height":652,"url":"https:\/\/www.p31noticias.com.br\/wp-content\/uploads\/2019\/11\/x47074964_BRASILBRASILIABSB01-03-2016IMPOSTO-DE-RENDA-Receita-comeca-a-receber-declara.jpg.pagespeed.ic_.2vlT-4IPNc.jpg","type":"image\/jpeg"}],"author":"Reda\u00e7\u00e3o JBN","twitter_card":"summary_large_image","twitter_misc":{"Escrito por":"Reda\u00e7\u00e3o JBN","Est. tempo de leitura":"4 minutos"},"schema":{"@context":"https:\/\/schema.org","@graph":[{"@type":"Article","@id":"https:\/\/www.p31noticias.com.br\/?p=18539#article","isPartOf":{"@id":"https:\/\/www.p31noticias.com.br\/?p=18539"},"author":{"name":"Reda\u00e7\u00e3o JBN","@id":"https:\/\/www.p31noticias.com.br\/#\/schema\/person\/77d6b186c710ac38937c6ec204fdd387"},"headline":"Receita Federal amea\u00e7a 17 mil empresas por d\u00edvidas no DF","datePublished":"2019-11-11T18:52:56+00:00","mainEntityOfPage":{"@id":"https:\/\/www.p31noticias.com.br\/?p=18539"},"wordCount":762,"commentCount":0,"image":{"@id":"https:\/\/www.p31noticias.com.br\/?p=18539#primaryimage"},"thumbnailUrl":"https:\/\/www.p31noticias.com.br\/wp-content\/uploads\/2019\/11\/x47074964_BRASILBRASILIABSB01-03-2016IMPOSTO-DE-RENDA-Receita-comeca-a-receber-declara.jpg.pagespeed.ic_.2vlT-4IPNc.jpg","keywords":["impostos","inadimplencia","microempresas","Receita Federal","simples nacional"],"articleSection":["Bras\u00edlia"],"inLanguage":"pt-BR","potentialAction":[{"@type":"CommentAction","name":"Comment","target":["https:\/\/www.p31noticias.com.br\/?p=18539#respond"]}],"copyrightYear":"2019","copyrightHolder":{"@id":"https:\/\/www.p31noticias.com.br\/#organization"}},{"@type":"WebPage","@id":"https:\/\/www.p31noticias.com.br\/?p=18539","url":"https:\/\/www.p31noticias.com.br\/?p=18539","name":"Receita Federal amea\u00e7a 17 mil empresas por d\u00edvidas no DF - P31","isPartOf":{"@id":"https:\/\/www.p31noticias.com.br\/#website"},"primaryImageOfPage":{"@id":"https:\/\/www.p31noticias.com.br\/?p=18539#primaryimage"},"image":{"@id":"https:\/\/www.p31noticias.com.br\/?p=18539#primaryimage"},"thumbnailUrl":"https:\/\/www.p31noticias.com.br\/wp-content\/uploads\/2019\/11\/x47074964_BRASILBRASILIABSB01-03-2016IMPOSTO-DE-RENDA-Receita-comeca-a-receber-declara.jpg.pagespeed.ic_.2vlT-4IPNc.jpg","datePublished":"2019-11-11T18:52:56+00:00","author":{"@id":"https:\/\/www.p31noticias.com.br\/#\/schema\/person\/77d6b186c710ac38937c6ec204fdd387"},"description":"Receita Federal\u00a0decidiu mirar em 17.304 microempresas e empresas de pequeno porte do Distrito Federal que optaram pelo sistema\u00a0Simples","breadcrumb":{"@id":"https:\/\/www.p31noticias.com.br\/?p=18539#breadcrumb"},"inLanguage":"pt-BR","potentialAction":[{"@type":"ReadAction","target":["https:\/\/www.p31noticias.com.br\/?p=18539"]}]},{"@type":"ImageObject","inLanguage":"pt-BR","@id":"https:\/\/www.p31noticias.com.br\/?p=18539#primaryimage","url":"https:\/\/www.p31noticias.com.br\/wp-content\/uploads\/2019\/11\/x47074964_BRASILBRASILIABSB01-03-2016IMPOSTO-DE-RENDA-Receita-comeca-a-receber-declara.jpg.pagespeed.ic_.2vlT-4IPNc.jpg","contentUrl":"https:\/\/www.p31noticias.com.br\/wp-content\/uploads\/2019\/11\/x47074964_BRASILBRASILIABSB01-03-2016IMPOSTO-DE-RENDA-Receita-comeca-a-receber-declara.jpg.pagespeed.ic_.2vlT-4IPNc.jpg","width":1086,"height":652,"caption":"receita federal"},{"@type":"BreadcrumbList","@id":"https:\/\/www.p31noticias.com.br\/?p=18539#breadcrumb","itemListElement":[{"@type":"ListItem","position":1,"name":"In\u00edcio","item":"https:\/\/www.p31noticias.com.br\/"},{"@type":"ListItem","position":2,"name":"Receita Federal amea\u00e7a 17 mil empresas por d\u00edvidas no DF"}]},{"@type":"WebSite","@id":"https:\/\/www.p31noticias.com.br\/#website","url":"https:\/\/www.p31noticias.com.br\/","name":"P31","description":"NOT\u00cdCIAS","potentialAction":[{"@type":"SearchAction","target":{"@type":"EntryPoint","urlTemplate":"https:\/\/www.p31noticias.com.br\/?s={search_term_string}"},"query-input":{"@type":"PropertyValueSpecification","valueRequired":true,"valueName":"search_term_string"}}],"inLanguage":"pt-BR"},{"@type":"Person","@id":"https:\/\/www.p31noticias.com.br\/#\/schema\/person\/77d6b186c710ac38937c6ec204fdd387","name":"Reda\u00e7\u00e3o JBN","image":{"@type":"ImageObject","inLanguage":"pt-BR","@id":"https:\/\/secure.gravatar.com\/avatar\/10fcdb93211f98cce3d64c0795b0915a9a4a21dc0f279238995a3dbfafcad090?s=96&d=mm&r=g","url":"https:\/\/secure.gravatar.com\/avatar\/10fcdb93211f98cce3d64c0795b0915a9a4a21dc0f279238995a3dbfafcad090?s=96&d=mm&r=g","contentUrl":"https:\/\/secure.gravatar.com\/avatar\/10fcdb93211f98cce3d64c0795b0915a9a4a21dc0f279238995a3dbfafcad090?s=96&d=mm&r=g","caption":"Reda\u00e7\u00e3o JBN"},"sameAs":["https:\/\/p31noticias.com.br"],"url":"https:\/\/www.p31noticias.com.br\/?author=18"}]}},"amp_enabled":true,"_links":{"self":[{"href":"https:\/\/www.p31noticias.com.br\/index.php?rest_route=\/wp\/v2\/posts\/18539","targetHints":{"allow":["GET"]}}],"collection":[{"href":"https:\/\/www.p31noticias.com.br\/index.php?rest_route=\/wp\/v2\/posts"}],"about":[{"href":"https:\/\/www.p31noticias.com.br\/index.php?rest_route=\/wp\/v2\/types\/post"}],"author":[{"embeddable":true,"href":"https:\/\/www.p31noticias.com.br\/index.php?rest_route=\/wp\/v2\/users\/18"}],"replies":[{"embeddable":true,"href":"https:\/\/www.p31noticias.com.br\/index.php?rest_route=%2Fwp%2Fv2%2Fcomments&post=18539"}],"version-history":[{"count":0,"href":"https:\/\/www.p31noticias.com.br\/index.php?rest_route=\/wp\/v2\/posts\/18539\/revisions"}],"wp:featuredmedia":[{"embeddable":true,"href":"https:\/\/www.p31noticias.com.br\/index.php?rest_route=\/wp\/v2\/media\/18540"}],"wp:attachment":[{"href":"https:\/\/www.p31noticias.com.br\/index.php?rest_route=%2Fwp%2Fv2%2Fmedia&parent=18539"}],"wp:term":[{"taxonomy":"category","embeddable":true,"href":"https:\/\/www.p31noticias.com.br\/index.php?rest_route=%2Fwp%2Fv2%2Fcategories&post=18539"},{"taxonomy":"post_tag","embeddable":true,"href":"https:\/\/www.p31noticias.com.br\/index.php?rest_route=%2Fwp%2Fv2%2Ftags&post=18539"}],"curies":[{"name":"wp","href":"https:\/\/api.w.org\/{rel}","templated":true}]}}