{"id":18529,"date":"2019-11-08T12:27:03","date_gmt":"2019-11-08T14:27:03","guid":{"rendered":"https:\/\/www.delioandrade.com.br\/?p=18529"},"modified":"2019-11-08T12:27:03","modified_gmt":"2019-11-08T14:27:03","slug":"joao-cardoso-aliado-ou-adversario","status":"publish","type":"post","link":"https:\/\/www.p31noticias.com.br\/?p=18529","title":{"rendered":"Jo\u00e3o Cardoso: aliado ou advers\u00e1rio?"},"content":{"rendered":"<p>O c\u00edrculo mais pr\u00f3ximo do governador Ibaneis Rocha (MDB) est\u00e1 de orelha em p\u00e9 com uma atitude do deputado Jo\u00e3o Cardoso (AVANTE). O distrital t\u00eam atuado para que seu grupo passe a dominar o SINDAFIS, sindicato que representa os auditores fiscais de atividades urbanas do DF, carreira da qual Jo\u00e3o faz parte. O problema est\u00e1 na escolha do parlamentar.<\/p>\n<p>Para disputar as elei\u00e7\u00f5es do SINDAFIS, Jo\u00e3o Cardoso conta com um grupo liderado por Dimas J\u00fanior, seu aliado de campanha. S\u00f3 que Dimas n\u00e3o pede segredo quando o assunto \u00e9 seu rep\u00fadio a Ibaneis. N\u00e3o s\u00e3o raros os discursos e postagens contra o governador divulgados e proferidos por Dimas em meio aos membros da carreira. Da\u00ed a desconfian\u00e7a do grupo mais pr\u00f3ximo a Ibaneis.<\/p>\n<p><img loading=\"lazy\" decoding=\"async\" class=\"alignnone size-medium wp-image-255668\" src=\"https:\/\/donnysilva.com.br\/wp-content\/uploads\/2019\/11\/PHOTO-2019-11-08-06-41-35-173x300.jpg\" sizes=\"auto, (max-width: 173px) 100vw, 173px\" srcset=\"https:\/\/donnysilva.com.br\/wp-content\/uploads\/2019\/11\/PHOTO-2019-11-08-06-41-35-173x300.jpg 173w, https:\/\/donnysilva.com.br\/wp-content\/uploads\/2019\/11\/PHOTO-2019-11-08-06-41-35.jpg 592w, https:\/\/donnysilva.com.br\/wp-content\/uploads\/2019\/11\/PHOTO-2019-11-08-06-41-35-243x420.jpg 243w, https:\/\/donnysilva.com.br\/wp-content\/uploads\/2019\/11\/PHOTO-2019-11-08-06-41-35-486x840.jpg 486w\" alt=\"\" width=\"173\" height=\"300\" \/><\/p>\n<p>Jo\u00e3o Cardoso tamb\u00e9m n\u00e3o figura entre os deputados mais chegados ao Buriti. Um dos epis\u00f3dios em que essa dist\u00e2ncia fica evidenciada foi a mensagem enviada pelo governador a um de seus colaboradores depois de o Distrital, at\u00e9 ent\u00e3o considerado da base, ter votado contra a orienta\u00e7\u00e3o do governo. \u201cS\u00f3 me diga o que fazer depois com o Jo\u00e3o Cardoso\u201d, afirmou o governador. O flagra da conversa e o assunto foram noticiados com exclusividade pelo portal Metr\u00f3poles.<\/p>\n<p>O SINDAFIS \u00e9 estrategicamente um dos sindicatos mais importantes do DF pela \u00e1rea de atua\u00e7\u00e3o complexa dos auditores. Al\u00e9m disso, a hist\u00f3ria recente mostra o quanto ter inimigos a frente de sindicatos pode ser prejudicial a quem comanda o Buriti. Um exemplo claro foi a guerra travada entre o ex-govenador Rodrigo Rollemberg e Marli Rodrigues, presidente do SINDSA\u00daDE. Marli teve mais destaque no embate com o Buriti do que alguns distritais de oposi\u00e7\u00e3o. Estes s\u00e3o alguns dos motivos que fizeram com que a disputa entrasse no radar governista.<\/p>\n<p>Auditores ouvidos pela reportagem acreditam que os planos do distrital s\u00e3o maiores e que o motivo da investida est\u00e1 na derrubada do atual comando do DF Legal e da Vigil\u00e2ncia Sanit\u00e1ria e pela indica\u00e7\u00e3o de pessoas ligadas a Jo\u00e3o Cardoso para os cargos. O que se sabe \u00e9 que a luta pelo poder est\u00e1 a todo vapor do Distrito Federal.<\/p>\n","protected":false},"excerpt":{"rendered":"<p>O c\u00edrculo mais pr\u00f3ximo do governador Ibaneis Rocha (MDB) est\u00e1 de orelha em p\u00e9 com uma atitude do deputado Jo\u00e3o Cardoso (AVANTE). O distrital t\u00eam atuado para que seu grupo passe a dominar o SINDAFIS, sindicato que representa os auditores fiscais de atividades urbanas do DF, carreira da qual Jo\u00e3o faz parte. O problema est\u00e1 [&hellip;]<\/p>\n","protected":false},"author":18,"featured_media":18530,"comment_status":"open","ping_status":"open","sticky":false,"template":"","format":"standard","meta":{"footnotes":""},"categories":[57],"tags":[],"class_list":{"0":"post-18529","1":"post","2":"type-post","3":"status-publish","4":"format-standard","5":"has-post-thumbnail","7":"category-politica"},"yoast_head":"<!-- This site is optimized with the Yoast SEO Premium plugin v24.5 (Yoast SEO v27.5) - https:\/\/yoast.com\/product\/yoast-seo-premium-wordpress\/ -->\n<title>Jo\u00e3o Cardoso: aliado ou advers\u00e1rio? - P31<\/title>\n<meta name=\"robots\" content=\"index, follow, max-snippet:-1, max-image-preview:large, max-video-preview:-1\" \/>\n<link rel=\"canonical\" href=\"https:\/\/www.p31noticias.com.br\/?p=18529\" \/>\n<meta property=\"og:locale\" content=\"pt_BR\" \/>\n<meta property=\"og:type\" content=\"article\" \/>\n<meta property=\"og:title\" content=\"Jo\u00e3o Cardoso: aliado ou advers\u00e1rio?\" \/>\n<meta property=\"og:description\" content=\"O c\u00edrculo mais pr\u00f3ximo do governador Ibaneis Rocha (MDB) est\u00e1 de orelha em p\u00e9 com uma atitude do deputado Jo\u00e3o Cardoso (AVANTE). O distrital t\u00eam atuado para que seu grupo passe a dominar o SINDAFIS, sindicato que representa os auditores fiscais de atividades urbanas do DF, carreira da qual Jo\u00e3o faz parte. O problema est\u00e1 [&hellip;]\" \/>\n<meta property=\"og:url\" content=\"https:\/\/www.p31noticias.com.br\/?p=18529\" \/>\n<meta property=\"og:site_name\" content=\"P31\" \/>\n<meta property=\"article:published_time\" content=\"2019-11-08T14:27:03+00:00\" \/>\n<meta property=\"og:image\" content=\"https:\/\/www.p31noticias.com.br\/wp-content\/uploads\/2019\/11\/PHOTO-2019-11-08-06-41-34-696x435-1.jpg\" \/>\n\t<meta property=\"og:image:width\" content=\"696\" \/>\n\t<meta property=\"og:image:height\" content=\"435\" \/>\n\t<meta property=\"og:image:type\" content=\"image\/jpeg\" \/>\n<meta name=\"author\" content=\"Reda\u00e7\u00e3o JBN\" \/>\n<meta name=\"twitter:card\" content=\"summary_large_image\" \/>\n<meta name=\"twitter:label1\" content=\"Escrito por\" \/>\n\t<meta name=\"twitter:data1\" content=\"Reda\u00e7\u00e3o JBN\" \/>\n\t<meta name=\"twitter:label2\" content=\"Est. tempo de leitura\" \/>\n\t<meta name=\"twitter:data2\" content=\"2 minutos\" \/>\n<script type=\"application\/ld+json\" class=\"yoast-schema-graph\">{\"@context\":\"https:\\\/\\\/schema.org\",\"@graph\":[{\"@type\":\"Article\",\"@id\":\"https:\\\/\\\/www.p31noticias.com.br\\\/?p=18529#article\",\"isPartOf\":{\"@id\":\"https:\\\/\\\/www.p31noticias.com.br\\\/?p=18529\"},\"author\":{\"name\":\"Reda\u00e7\u00e3o JBN\",\"@id\":\"https:\\\/\\\/www.p31noticias.com.br\\\/#\\\/schema\\\/person\\\/77d6b186c710ac38937c6ec204fdd387\"},\"headline\":\"Jo\u00e3o Cardoso: aliado ou advers\u00e1rio?\",\"datePublished\":\"2019-11-08T14:27:03+00:00\",\"mainEntityOfPage\":{\"@id\":\"https:\\\/\\\/www.p31noticias.com.br\\\/?p=18529\"},\"wordCount\":385,\"commentCount\":0,\"image\":{\"@id\":\"https:\\\/\\\/www.p31noticias.com.br\\\/?p=18529#primaryimage\"},\"thumbnailUrl\":\"https:\\\/\\\/www.p31noticias.com.br\\\/wp-content\\\/uploads\\\/2019\\\/11\\\/PHOTO-2019-11-08-06-41-34-696x435-1.jpg\",\"articleSection\":[\"Pol\u00edtica\"],\"inLanguage\":\"pt-BR\",\"potentialAction\":[{\"@type\":\"CommentAction\",\"name\":\"Comment\",\"target\":[\"https:\\\/\\\/www.p31noticias.com.br\\\/?p=18529#respond\"]}],\"copyrightYear\":\"2019\",\"copyrightHolder\":{\"@id\":\"https:\\\/\\\/www.p31noticias.com.br\\\/#organization\"}},{\"@type\":\"WebPage\",\"@id\":\"https:\\\/\\\/www.p31noticias.com.br\\\/?p=18529\",\"url\":\"https:\\\/\\\/www.p31noticias.com.br\\\/?p=18529\",\"name\":\"Jo\u00e3o Cardoso: aliado ou advers\u00e1rio? - P31\",\"isPartOf\":{\"@id\":\"https:\\\/\\\/www.p31noticias.com.br\\\/#website\"},\"primaryImageOfPage\":{\"@id\":\"https:\\\/\\\/www.p31noticias.com.br\\\/?p=18529#primaryimage\"},\"image\":{\"@id\":\"https:\\\/\\\/www.p31noticias.com.br\\\/?p=18529#primaryimage\"},\"thumbnailUrl\":\"https:\\\/\\\/www.p31noticias.com.br\\\/wp-content\\\/uploads\\\/2019\\\/11\\\/PHOTO-2019-11-08-06-41-34-696x435-1.jpg\",\"datePublished\":\"2019-11-08T14:27:03+00:00\",\"author\":{\"@id\":\"https:\\\/\\\/www.p31noticias.com.br\\\/#\\\/schema\\\/person\\\/77d6b186c710ac38937c6ec204fdd387\"},\"breadcrumb\":{\"@id\":\"https:\\\/\\\/www.p31noticias.com.br\\\/?p=18529#breadcrumb\"},\"inLanguage\":\"pt-BR\",\"potentialAction\":[{\"@type\":\"ReadAction\",\"target\":[\"https:\\\/\\\/www.p31noticias.com.br\\\/?p=18529\"]}]},{\"@type\":\"ImageObject\",\"inLanguage\":\"pt-BR\",\"@id\":\"https:\\\/\\\/www.p31noticias.com.br\\\/?p=18529#primaryimage\",\"url\":\"https:\\\/\\\/www.p31noticias.com.br\\\/wp-content\\\/uploads\\\/2019\\\/11\\\/PHOTO-2019-11-08-06-41-34-696x435-1.jpg\",\"contentUrl\":\"https:\\\/\\\/www.p31noticias.com.br\\\/wp-content\\\/uploads\\\/2019\\\/11\\\/PHOTO-2019-11-08-06-41-34-696x435-1.jpg\",\"width\":696,\"height\":435},{\"@type\":\"BreadcrumbList\",\"@id\":\"https:\\\/\\\/www.p31noticias.com.br\\\/?p=18529#breadcrumb\",\"itemListElement\":[{\"@type\":\"ListItem\",\"position\":1,\"name\":\"In\u00edcio\",\"item\":\"https:\\\/\\\/www.p31noticias.com.br\\\/\"},{\"@type\":\"ListItem\",\"position\":2,\"name\":\"Jo\u00e3o Cardoso: aliado ou advers\u00e1rio?\"}]},{\"@type\":\"WebSite\",\"@id\":\"https:\\\/\\\/www.p31noticias.com.br\\\/#website\",\"url\":\"https:\\\/\\\/www.p31noticias.com.br\\\/\",\"name\":\"P31\",\"description\":\"NOT\u00cdCIAS\",\"potentialAction\":[{\"@type\":\"SearchAction\",\"target\":{\"@type\":\"EntryPoint\",\"urlTemplate\":\"https:\\\/\\\/www.p31noticias.com.br\\\/?s={search_term_string}\"},\"query-input\":{\"@type\":\"PropertyValueSpecification\",\"valueRequired\":true,\"valueName\":\"search_term_string\"}}],\"inLanguage\":\"pt-BR\"},{\"@type\":\"Person\",\"@id\":\"https:\\\/\\\/www.p31noticias.com.br\\\/#\\\/schema\\\/person\\\/77d6b186c710ac38937c6ec204fdd387\",\"name\":\"Reda\u00e7\u00e3o JBN\",\"image\":{\"@type\":\"ImageObject\",\"inLanguage\":\"pt-BR\",\"@id\":\"https:\\\/\\\/secure.gravatar.com\\\/avatar\\\/10fcdb93211f98cce3d64c0795b0915a9a4a21dc0f279238995a3dbfafcad090?s=96&d=mm&r=g\",\"url\":\"https:\\\/\\\/secure.gravatar.com\\\/avatar\\\/10fcdb93211f98cce3d64c0795b0915a9a4a21dc0f279238995a3dbfafcad090?s=96&d=mm&r=g\",\"contentUrl\":\"https:\\\/\\\/secure.gravatar.com\\\/avatar\\\/10fcdb93211f98cce3d64c0795b0915a9a4a21dc0f279238995a3dbfafcad090?s=96&d=mm&r=g\",\"caption\":\"Reda\u00e7\u00e3o JBN\"},\"sameAs\":[\"https:\\\/\\\/p31noticias.com.br\"],\"url\":\"https:\\\/\\\/www.p31noticias.com.br\\\/?author=18\"}]}<\/script>\n<!-- \/ Yoast SEO Premium plugin. -->","yoast_head_json":{"title":"Jo\u00e3o Cardoso: aliado ou advers\u00e1rio? - P31","robots":{"index":"index","follow":"follow","max-snippet":"max-snippet:-1","max-image-preview":"max-image-preview:large","max-video-preview":"max-video-preview:-1"},"canonical":"https:\/\/www.p31noticias.com.br\/?p=18529","og_locale":"pt_BR","og_type":"article","og_title":"Jo\u00e3o Cardoso: aliado ou advers\u00e1rio?","og_description":"O c\u00edrculo mais pr\u00f3ximo do governador Ibaneis Rocha (MDB) est\u00e1 de orelha em p\u00e9 com uma atitude do deputado Jo\u00e3o Cardoso (AVANTE). O distrital t\u00eam atuado para que seu grupo passe a dominar o SINDAFIS, sindicato que representa os auditores fiscais de atividades urbanas do DF, carreira da qual Jo\u00e3o faz parte. O problema est\u00e1 [&hellip;]","og_url":"https:\/\/www.p31noticias.com.br\/?p=18529","og_site_name":"P31","article_published_time":"2019-11-08T14:27:03+00:00","og_image":[{"width":696,"height":435,"url":"https:\/\/www.p31noticias.com.br\/wp-content\/uploads\/2019\/11\/PHOTO-2019-11-08-06-41-34-696x435-1.jpg","type":"image\/jpeg"}],"author":"Reda\u00e7\u00e3o JBN","twitter_card":"summary_large_image","twitter_misc":{"Escrito por":"Reda\u00e7\u00e3o JBN","Est. tempo de leitura":"2 minutos"},"schema":{"@context":"https:\/\/schema.org","@graph":[{"@type":"Article","@id":"https:\/\/www.p31noticias.com.br\/?p=18529#article","isPartOf":{"@id":"https:\/\/www.p31noticias.com.br\/?p=18529"},"author":{"name":"Reda\u00e7\u00e3o JBN","@id":"https:\/\/www.p31noticias.com.br\/#\/schema\/person\/77d6b186c710ac38937c6ec204fdd387"},"headline":"Jo\u00e3o Cardoso: aliado ou advers\u00e1rio?","datePublished":"2019-11-08T14:27:03+00:00","mainEntityOfPage":{"@id":"https:\/\/www.p31noticias.com.br\/?p=18529"},"wordCount":385,"commentCount":0,"image":{"@id":"https:\/\/www.p31noticias.com.br\/?p=18529#primaryimage"},"thumbnailUrl":"https:\/\/www.p31noticias.com.br\/wp-content\/uploads\/2019\/11\/PHOTO-2019-11-08-06-41-34-696x435-1.jpg","articleSection":["Pol\u00edtica"],"inLanguage":"pt-BR","potentialAction":[{"@type":"CommentAction","name":"Comment","target":["https:\/\/www.p31noticias.com.br\/?p=18529#respond"]}],"copyrightYear":"2019","copyrightHolder":{"@id":"https:\/\/www.p31noticias.com.br\/#organization"}},{"@type":"WebPage","@id":"https:\/\/www.p31noticias.com.br\/?p=18529","url":"https:\/\/www.p31noticias.com.br\/?p=18529","name":"Jo\u00e3o Cardoso: aliado ou advers\u00e1rio? - P31","isPartOf":{"@id":"https:\/\/www.p31noticias.com.br\/#website"},"primaryImageOfPage":{"@id":"https:\/\/www.p31noticias.com.br\/?p=18529#primaryimage"},"image":{"@id":"https:\/\/www.p31noticias.com.br\/?p=18529#primaryimage"},"thumbnailUrl":"https:\/\/www.p31noticias.com.br\/wp-content\/uploads\/2019\/11\/PHOTO-2019-11-08-06-41-34-696x435-1.jpg","datePublished":"2019-11-08T14:27:03+00:00","author":{"@id":"https:\/\/www.p31noticias.com.br\/#\/schema\/person\/77d6b186c710ac38937c6ec204fdd387"},"breadcrumb":{"@id":"https:\/\/www.p31noticias.com.br\/?p=18529#breadcrumb"},"inLanguage":"pt-BR","potentialAction":[{"@type":"ReadAction","target":["https:\/\/www.p31noticias.com.br\/?p=18529"]}]},{"@type":"ImageObject","inLanguage":"pt-BR","@id":"https:\/\/www.p31noticias.com.br\/?p=18529#primaryimage","url":"https:\/\/www.p31noticias.com.br\/wp-content\/uploads\/2019\/11\/PHOTO-2019-11-08-06-41-34-696x435-1.jpg","contentUrl":"https:\/\/www.p31noticias.com.br\/wp-content\/uploads\/2019\/11\/PHOTO-2019-11-08-06-41-34-696x435-1.jpg","width":696,"height":435},{"@type":"BreadcrumbList","@id":"https:\/\/www.p31noticias.com.br\/?p=18529#breadcrumb","itemListElement":[{"@type":"ListItem","position":1,"name":"In\u00edcio","item":"https:\/\/www.p31noticias.com.br\/"},{"@type":"ListItem","position":2,"name":"Jo\u00e3o Cardoso: aliado ou advers\u00e1rio?"}]},{"@type":"WebSite","@id":"https:\/\/www.p31noticias.com.br\/#website","url":"https:\/\/www.p31noticias.com.br\/","name":"P31","description":"NOT\u00cdCIAS","potentialAction":[{"@type":"SearchAction","target":{"@type":"EntryPoint","urlTemplate":"https:\/\/www.p31noticias.com.br\/?s={search_term_string}"},"query-input":{"@type":"PropertyValueSpecification","valueRequired":true,"valueName":"search_term_string"}}],"inLanguage":"pt-BR"},{"@type":"Person","@id":"https:\/\/www.p31noticias.com.br\/#\/schema\/person\/77d6b186c710ac38937c6ec204fdd387","name":"Reda\u00e7\u00e3o JBN","image":{"@type":"ImageObject","inLanguage":"pt-BR","@id":"https:\/\/secure.gravatar.com\/avatar\/10fcdb93211f98cce3d64c0795b0915a9a4a21dc0f279238995a3dbfafcad090?s=96&d=mm&r=g","url":"https:\/\/secure.gravatar.com\/avatar\/10fcdb93211f98cce3d64c0795b0915a9a4a21dc0f279238995a3dbfafcad090?s=96&d=mm&r=g","contentUrl":"https:\/\/secure.gravatar.com\/avatar\/10fcdb93211f98cce3d64c0795b0915a9a4a21dc0f279238995a3dbfafcad090?s=96&d=mm&r=g","caption":"Reda\u00e7\u00e3o JBN"},"sameAs":["https:\/\/p31noticias.com.br"],"url":"https:\/\/www.p31noticias.com.br\/?author=18"}]}},"amp_enabled":true,"_links":{"self":[{"href":"https:\/\/www.p31noticias.com.br\/index.php?rest_route=\/wp\/v2\/posts\/18529","targetHints":{"allow":["GET"]}}],"collection":[{"href":"https:\/\/www.p31noticias.com.br\/index.php?rest_route=\/wp\/v2\/posts"}],"about":[{"href":"https:\/\/www.p31noticias.com.br\/index.php?rest_route=\/wp\/v2\/types\/post"}],"author":[{"embeddable":true,"href":"https:\/\/www.p31noticias.com.br\/index.php?rest_route=\/wp\/v2\/users\/18"}],"replies":[{"embeddable":true,"href":"https:\/\/www.p31noticias.com.br\/index.php?rest_route=%2Fwp%2Fv2%2Fcomments&post=18529"}],"version-history":[{"count":0,"href":"https:\/\/www.p31noticias.com.br\/index.php?rest_route=\/wp\/v2\/posts\/18529\/revisions"}],"wp:featuredmedia":[{"embeddable":true,"href":"https:\/\/www.p31noticias.com.br\/index.php?rest_route=\/wp\/v2\/media\/18530"}],"wp:attachment":[{"href":"https:\/\/www.p31noticias.com.br\/index.php?rest_route=%2Fwp%2Fv2%2Fmedia&parent=18529"}],"wp:term":[{"taxonomy":"category","embeddable":true,"href":"https:\/\/www.p31noticias.com.br\/index.php?rest_route=%2Fwp%2Fv2%2Fcategories&post=18529"},{"taxonomy":"post_tag","embeddable":true,"href":"https:\/\/www.p31noticias.com.br\/index.php?rest_route=%2Fwp%2Fv2%2Ftags&post=18529"}],"curies":[{"name":"wp","href":"https:\/\/api.w.org\/{rel}","templated":true}]}}