{"id":18500,"date":"2019-10-27T15:05:02","date_gmt":"2019-10-27T18:05:02","guid":{"rendered":"https:\/\/www.delioandrade.com.br\/?p=18500"},"modified":"2019-10-27T15:05:02","modified_gmt":"2019-10-27T18:05:02","slug":"facebook-comeca-a-testar-aba-com-noticias-e-reportagens-nos-eua","status":"publish","type":"post","link":"https:\/\/www.p31noticias.com.br\/?p=18500","title":{"rendered":"Facebook come\u00e7a a testar aba com not\u00edcias e reportagens nos EUA"},"content":{"rendered":"<div class=\"mc-column content-text active-extra-styles \" data-block-type=\"unstyled\" data-block-weight=\"42\" data-block-id=\"2\">\n<p class=\"content-text__container \" data-track-category=\"Link no Texto\" data-track-links=\"\">O\u00a0Facebook\u00a0anunciou nesta sexta-feira (25) o in\u00edcio de uma nova parte da rede social, chamada de &#8220;aba de not\u00edcias&#8221;, que vai trazer artigos, reportagens e textos de grandes jornais e portais. A novidade, por enquanto, est\u00e1 valendo s\u00f3 nos Estados Unidos.<\/p>\n<\/div>\n<div class=\"wall protected-content\">\n<div class=\"mc-column content-text active-extra-styles \" data-block-type=\"unstyled\" data-block-weight=\"38\" data-block-id=\"3\">\n<p class=\"content-text__container \" data-track-category=\"Link no Texto\" data-track-links=\"\">De acordo com a empresa, a iniciativa \u00e9 resultado de conversas que a plataforma teve com organiza\u00e7\u00f5es de m\u00eddia para saber o que eles gostariam de incluir, como as hist\u00f3rias deveriam ser apresentadas e quais m\u00e9tricas seriam disponibilizadas.<\/p>\n<\/div>\n<div class=\"mc-column content-text active-extra-styles \" data-block-type=\"unstyled\" data-block-weight=\"13\" data-block-id=\"4\">\n<p class=\"content-text__container \" data-track-category=\"Link no Texto\" data-track-links=\"\">A partir disso, a aba de not\u00edcias conta com 5 pontos chave:<\/p>\n<\/div>\n<div class=\"mc-column content-text active-extra-styles\" data-block-type=\"raw\" data-block-weight=\"95\" data-block-id=\"5\">\n<ul class=\"content-unordered-list\">\n<li><strong>Hist\u00f3rias do dia:\u00a0<\/strong>escolhidas por um time de jornalistas, mostrando as principais not\u00edcias do momento.<\/li>\n<li><strong>Personaliza\u00e7\u00e3o:\u00a0<\/strong>baseado nas not\u00edcias que o usu\u00e1rio l\u00ea, compartilha e nos ve\u00edculos que segue, a aba vai mostrar uma cole\u00e7\u00e3o de not\u00edcias que passaram despercebidas, mas que seriam de interesse.<\/li>\n<li><strong>Se\u00e7\u00f5es:\u00a0<\/strong>a nova aba vai contar com se\u00e7\u00f5es de neg\u00f3cios, entretenimento, sa\u00fade, esportes, ci\u00eancia e tecnologia.<\/li>\n<li><strong>Assinaturas:\u00a0<\/strong>ser\u00e1 poss\u00edvel ligar os servi\u00e7os pagos de not\u00edcias ao Facebook para ter acesso mais r\u00e1pido a artigos.<\/li>\n<li><strong>Controles:\u00a0<\/strong>o Facebook vai permitir esconder artigos, t\u00f3picos e publica\u00e7\u00f5es que o usu\u00e1rio n\u00e3o quiser ver.<\/li>\n<\/ul>\n<\/div>\n<div class=\"content-ads content-ads--reveal\" data-block-type=\"ads\" data-block-id=\"6\"><\/div>\n<div class=\"mc-column content-text active-extra-styles \" data-block-type=\"unstyled\" data-block-weight=\"36\" data-block-id=\"7\">\n<p class=\"content-text__container \" data-track-category=\"Link no Texto\" data-track-links=\"\">A iniciativa trar\u00e1 ainda not\u00edcias de ve\u00edculos que fazem jornalismo local, em tempo real e especializado. O n\u00famero de ve\u00edculos que est\u00e3o participando n\u00e3o foi divulgado e o Facebook afirma que novas publica\u00e7\u00f5es s\u00e3o adicionadas periodicamente.<\/p>\n<\/div>\n<div class=\"mc-column content-text active-extra-styles \" data-block-type=\"unstyled\" data-block-weight=\"24\" data-block-id=\"8\">\n<p class=\"content-text__container \" data-track-category=\"Link no Texto\" data-track-links=\"\">Como algumas das not\u00edcias ser\u00e3o selecionadas por intelig\u00eancia artificial, o Facebook anunciou uma equipe de curadores que ir\u00e1 selecionar reportagens independentes e originais.<\/p>\n<\/div>\n<div data-track-category=\"multicontent\" data-track-action=\"ultimo chunk conteudo\" data-track-noninteraction=\"false\" data-track-scroll=\"view\">\n<div class=\"mc-column content-text active-extra-styles \" data-block-type=\"unstyled\" data-block-weight=\"34\" data-block-id=\"9\">\n<p class=\"content-text__container \" data-track-category=\"Link no Texto\" data-track-links=\"\">Segundo a rede social, esse time ter\u00e1 independ\u00eancia, seguindo um conjunto de linhas editoriais disponibilizadas publicamente pela empresa \u2014 uma maneira de tentar evitar acusa\u00e7\u00f5es de vi\u00e9s na escolha das not\u00edcias que ser\u00e3o apresentadas.<\/p>\n<\/div>\n<\/div>\n<\/div>\n","protected":false},"excerpt":{"rendered":"<p>O\u00a0Facebook\u00a0anunciou nesta sexta-feira (25) o in\u00edcio de uma nova parte da rede social, chamada de &#8220;aba de not\u00edcias&#8221;, que vai trazer artigos, reportagens e textos de grandes jornais e portais. A novidade, por enquanto, est\u00e1 valendo s\u00f3 nos Estados Unidos. De acordo com a empresa, a iniciativa \u00e9 resultado de conversas que a plataforma teve [&hellip;]<\/p>\n","protected":false},"author":18,"featured_media":18501,"comment_status":"open","ping_status":"open","sticky":false,"template":"","format":"standard","meta":{"footnotes":""},"categories":[1],"tags":[],"class_list":{"0":"post-18500","1":"post","2":"type-post","3":"status-publish","4":"format-standard","5":"has-post-thumbnail","7":"category-outros"},"yoast_head":"<!-- This site is optimized with the Yoast SEO Premium plugin v24.5 (Yoast SEO v27.5) - https:\/\/yoast.com\/product\/yoast-seo-premium-wordpress\/ -->\n<title>Facebook come\u00e7a a testar aba com not\u00edcias e reportagens nos EUA - P31<\/title>\n<meta name=\"robots\" content=\"index, follow, max-snippet:-1, max-image-preview:large, max-video-preview:-1\" \/>\n<link rel=\"canonical\" href=\"https:\/\/www.p31noticias.com.br\/?p=18500\" \/>\n<meta property=\"og:locale\" content=\"pt_BR\" \/>\n<meta property=\"og:type\" content=\"article\" \/>\n<meta property=\"og:title\" content=\"Facebook come\u00e7a a testar aba com not\u00edcias e reportagens nos EUA\" \/>\n<meta property=\"og:description\" content=\"O\u00a0Facebook\u00a0anunciou nesta sexta-feira (25) o in\u00edcio de uma nova parte da rede social, chamada de &#8220;aba de not\u00edcias&#8221;, que vai trazer artigos, reportagens e textos de grandes jornais e portais. A novidade, por enquanto, est\u00e1 valendo s\u00f3 nos Estados Unidos. De acordo com a empresa, a iniciativa \u00e9 resultado de conversas que a plataforma teve [&hellip;]\" \/>\n<meta property=\"og:url\" content=\"https:\/\/www.p31noticias.com.br\/?p=18500\" \/>\n<meta property=\"og:site_name\" content=\"P31\" \/>\n<meta property=\"article:published_time\" content=\"2019-10-27T18:05:02+00:00\" \/>\n<meta property=\"og:image\" content=\"https:\/\/www.p31noticias.com.br\/wp-content\/uploads\/2019\/10\/facebook-stickers-reuters-stephen-lam.jpg\" \/>\n\t<meta property=\"og:image:width\" content=\"1600\" \/>\n\t<meta property=\"og:image:height\" content=\"1067\" \/>\n\t<meta property=\"og:image:type\" content=\"image\/jpeg\" \/>\n<meta name=\"author\" content=\"Reda\u00e7\u00e3o JBN\" \/>\n<meta name=\"twitter:card\" content=\"summary_large_image\" \/>\n<meta name=\"twitter:label1\" content=\"Escrito por\" \/>\n\t<meta name=\"twitter:data1\" content=\"Reda\u00e7\u00e3o JBN\" \/>\n\t<meta name=\"twitter:label2\" content=\"Est. tempo de leitura\" \/>\n\t<meta name=\"twitter:data2\" content=\"2 minutos\" \/>\n<script type=\"application\/ld+json\" class=\"yoast-schema-graph\">{\"@context\":\"https:\\\/\\\/schema.org\",\"@graph\":[{\"@type\":\"Article\",\"@id\":\"https:\\\/\\\/www.p31noticias.com.br\\\/?p=18500#article\",\"isPartOf\":{\"@id\":\"https:\\\/\\\/www.p31noticias.com.br\\\/?p=18500\"},\"author\":{\"name\":\"Reda\u00e7\u00e3o JBN\",\"@id\":\"https:\\\/\\\/www.p31noticias.com.br\\\/#\\\/schema\\\/person\\\/77d6b186c710ac38937c6ec204fdd387\"},\"headline\":\"Facebook come\u00e7a a testar aba com not\u00edcias e reportagens nos EUA\",\"datePublished\":\"2019-10-27T18:05:02+00:00\",\"mainEntityOfPage\":{\"@id\":\"https:\\\/\\\/www.p31noticias.com.br\\\/?p=18500\"},\"wordCount\":333,\"commentCount\":0,\"image\":{\"@id\":\"https:\\\/\\\/www.p31noticias.com.br\\\/?p=18500#primaryimage\"},\"thumbnailUrl\":\"https:\\\/\\\/www.p31noticias.com.br\\\/wp-content\\\/uploads\\\/2019\\\/10\\\/facebook-stickers-reuters-stephen-lam.jpg\",\"articleSection\":[\"Outros\"],\"inLanguage\":\"pt-BR\",\"potentialAction\":[{\"@type\":\"CommentAction\",\"name\":\"Comment\",\"target\":[\"https:\\\/\\\/www.p31noticias.com.br\\\/?p=18500#respond\"]}],\"copyrightYear\":\"2019\",\"copyrightHolder\":{\"@id\":\"https:\\\/\\\/www.p31noticias.com.br\\\/#organization\"}},{\"@type\":\"WebPage\",\"@id\":\"https:\\\/\\\/www.p31noticias.com.br\\\/?p=18500\",\"url\":\"https:\\\/\\\/www.p31noticias.com.br\\\/?p=18500\",\"name\":\"Facebook come\u00e7a a testar aba com not\u00edcias e reportagens nos EUA - P31\",\"isPartOf\":{\"@id\":\"https:\\\/\\\/www.p31noticias.com.br\\\/#website\"},\"primaryImageOfPage\":{\"@id\":\"https:\\\/\\\/www.p31noticias.com.br\\\/?p=18500#primaryimage\"},\"image\":{\"@id\":\"https:\\\/\\\/www.p31noticias.com.br\\\/?p=18500#primaryimage\"},\"thumbnailUrl\":\"https:\\\/\\\/www.p31noticias.com.br\\\/wp-content\\\/uploads\\\/2019\\\/10\\\/facebook-stickers-reuters-stephen-lam.jpg\",\"datePublished\":\"2019-10-27T18:05:02+00:00\",\"author\":{\"@id\":\"https:\\\/\\\/www.p31noticias.com.br\\\/#\\\/schema\\\/person\\\/77d6b186c710ac38937c6ec204fdd387\"},\"breadcrumb\":{\"@id\":\"https:\\\/\\\/www.p31noticias.com.br\\\/?p=18500#breadcrumb\"},\"inLanguage\":\"pt-BR\",\"potentialAction\":[{\"@type\":\"ReadAction\",\"target\":[\"https:\\\/\\\/www.p31noticias.com.br\\\/?p=18500\"]}]},{\"@type\":\"ImageObject\",\"inLanguage\":\"pt-BR\",\"@id\":\"https:\\\/\\\/www.p31noticias.com.br\\\/?p=18500#primaryimage\",\"url\":\"https:\\\/\\\/www.p31noticias.com.br\\\/wp-content\\\/uploads\\\/2019\\\/10\\\/facebook-stickers-reuters-stephen-lam.jpg\",\"contentUrl\":\"https:\\\/\\\/www.p31noticias.com.br\\\/wp-content\\\/uploads\\\/2019\\\/10\\\/facebook-stickers-reuters-stephen-lam.jpg\",\"width\":1600,\"height\":1067},{\"@type\":\"BreadcrumbList\",\"@id\":\"https:\\\/\\\/www.p31noticias.com.br\\\/?p=18500#breadcrumb\",\"itemListElement\":[{\"@type\":\"ListItem\",\"position\":1,\"name\":\"In\u00edcio\",\"item\":\"https:\\\/\\\/www.p31noticias.com.br\\\/\"},{\"@type\":\"ListItem\",\"position\":2,\"name\":\"Facebook come\u00e7a a testar aba com not\u00edcias e reportagens nos EUA\"}]},{\"@type\":\"WebSite\",\"@id\":\"https:\\\/\\\/www.p31noticias.com.br\\\/#website\",\"url\":\"https:\\\/\\\/www.p31noticias.com.br\\\/\",\"name\":\"P31\",\"description\":\"NOT\u00cdCIAS\",\"potentialAction\":[{\"@type\":\"SearchAction\",\"target\":{\"@type\":\"EntryPoint\",\"urlTemplate\":\"https:\\\/\\\/www.p31noticias.com.br\\\/?s={search_term_string}\"},\"query-input\":{\"@type\":\"PropertyValueSpecification\",\"valueRequired\":true,\"valueName\":\"search_term_string\"}}],\"inLanguage\":\"pt-BR\"},{\"@type\":\"Person\",\"@id\":\"https:\\\/\\\/www.p31noticias.com.br\\\/#\\\/schema\\\/person\\\/77d6b186c710ac38937c6ec204fdd387\",\"name\":\"Reda\u00e7\u00e3o JBN\",\"image\":{\"@type\":\"ImageObject\",\"inLanguage\":\"pt-BR\",\"@id\":\"https:\\\/\\\/secure.gravatar.com\\\/avatar\\\/10fcdb93211f98cce3d64c0795b0915a9a4a21dc0f279238995a3dbfafcad090?s=96&d=mm&r=g\",\"url\":\"https:\\\/\\\/secure.gravatar.com\\\/avatar\\\/10fcdb93211f98cce3d64c0795b0915a9a4a21dc0f279238995a3dbfafcad090?s=96&d=mm&r=g\",\"contentUrl\":\"https:\\\/\\\/secure.gravatar.com\\\/avatar\\\/10fcdb93211f98cce3d64c0795b0915a9a4a21dc0f279238995a3dbfafcad090?s=96&d=mm&r=g\",\"caption\":\"Reda\u00e7\u00e3o JBN\"},\"sameAs\":[\"https:\\\/\\\/p31noticias.com.br\"],\"url\":\"https:\\\/\\\/www.p31noticias.com.br\\\/?author=18\"}]}<\/script>\n<!-- \/ Yoast SEO Premium plugin. -->","yoast_head_json":{"title":"Facebook come\u00e7a a testar aba com not\u00edcias e reportagens nos EUA - P31","robots":{"index":"index","follow":"follow","max-snippet":"max-snippet:-1","max-image-preview":"max-image-preview:large","max-video-preview":"max-video-preview:-1"},"canonical":"https:\/\/www.p31noticias.com.br\/?p=18500","og_locale":"pt_BR","og_type":"article","og_title":"Facebook come\u00e7a a testar aba com not\u00edcias e reportagens nos EUA","og_description":"O\u00a0Facebook\u00a0anunciou nesta sexta-feira (25) o in\u00edcio de uma nova parte da rede social, chamada de &#8220;aba de not\u00edcias&#8221;, que vai trazer artigos, reportagens e textos de grandes jornais e portais. A novidade, por enquanto, est\u00e1 valendo s\u00f3 nos Estados Unidos. De acordo com a empresa, a iniciativa \u00e9 resultado de conversas que a plataforma teve [&hellip;]","og_url":"https:\/\/www.p31noticias.com.br\/?p=18500","og_site_name":"P31","article_published_time":"2019-10-27T18:05:02+00:00","og_image":[{"width":1600,"height":1067,"url":"https:\/\/www.p31noticias.com.br\/wp-content\/uploads\/2019\/10\/facebook-stickers-reuters-stephen-lam.jpg","type":"image\/jpeg"}],"author":"Reda\u00e7\u00e3o JBN","twitter_card":"summary_large_image","twitter_misc":{"Escrito por":"Reda\u00e7\u00e3o JBN","Est. tempo de leitura":"2 minutos"},"schema":{"@context":"https:\/\/schema.org","@graph":[{"@type":"Article","@id":"https:\/\/www.p31noticias.com.br\/?p=18500#article","isPartOf":{"@id":"https:\/\/www.p31noticias.com.br\/?p=18500"},"author":{"name":"Reda\u00e7\u00e3o JBN","@id":"https:\/\/www.p31noticias.com.br\/#\/schema\/person\/77d6b186c710ac38937c6ec204fdd387"},"headline":"Facebook come\u00e7a a testar aba com not\u00edcias e reportagens nos EUA","datePublished":"2019-10-27T18:05:02+00:00","mainEntityOfPage":{"@id":"https:\/\/www.p31noticias.com.br\/?p=18500"},"wordCount":333,"commentCount":0,"image":{"@id":"https:\/\/www.p31noticias.com.br\/?p=18500#primaryimage"},"thumbnailUrl":"https:\/\/www.p31noticias.com.br\/wp-content\/uploads\/2019\/10\/facebook-stickers-reuters-stephen-lam.jpg","articleSection":["Outros"],"inLanguage":"pt-BR","potentialAction":[{"@type":"CommentAction","name":"Comment","target":["https:\/\/www.p31noticias.com.br\/?p=18500#respond"]}],"copyrightYear":"2019","copyrightHolder":{"@id":"https:\/\/www.p31noticias.com.br\/#organization"}},{"@type":"WebPage","@id":"https:\/\/www.p31noticias.com.br\/?p=18500","url":"https:\/\/www.p31noticias.com.br\/?p=18500","name":"Facebook come\u00e7a a testar aba com not\u00edcias e reportagens nos EUA - P31","isPartOf":{"@id":"https:\/\/www.p31noticias.com.br\/#website"},"primaryImageOfPage":{"@id":"https:\/\/www.p31noticias.com.br\/?p=18500#primaryimage"},"image":{"@id":"https:\/\/www.p31noticias.com.br\/?p=18500#primaryimage"},"thumbnailUrl":"https:\/\/www.p31noticias.com.br\/wp-content\/uploads\/2019\/10\/facebook-stickers-reuters-stephen-lam.jpg","datePublished":"2019-10-27T18:05:02+00:00","author":{"@id":"https:\/\/www.p31noticias.com.br\/#\/schema\/person\/77d6b186c710ac38937c6ec204fdd387"},"breadcrumb":{"@id":"https:\/\/www.p31noticias.com.br\/?p=18500#breadcrumb"},"inLanguage":"pt-BR","potentialAction":[{"@type":"ReadAction","target":["https:\/\/www.p31noticias.com.br\/?p=18500"]}]},{"@type":"ImageObject","inLanguage":"pt-BR","@id":"https:\/\/www.p31noticias.com.br\/?p=18500#primaryimage","url":"https:\/\/www.p31noticias.com.br\/wp-content\/uploads\/2019\/10\/facebook-stickers-reuters-stephen-lam.jpg","contentUrl":"https:\/\/www.p31noticias.com.br\/wp-content\/uploads\/2019\/10\/facebook-stickers-reuters-stephen-lam.jpg","width":1600,"height":1067},{"@type":"BreadcrumbList","@id":"https:\/\/www.p31noticias.com.br\/?p=18500#breadcrumb","itemListElement":[{"@type":"ListItem","position":1,"name":"In\u00edcio","item":"https:\/\/www.p31noticias.com.br\/"},{"@type":"ListItem","position":2,"name":"Facebook come\u00e7a a testar aba com not\u00edcias e reportagens nos EUA"}]},{"@type":"WebSite","@id":"https:\/\/www.p31noticias.com.br\/#website","url":"https:\/\/www.p31noticias.com.br\/","name":"P31","description":"NOT\u00cdCIAS","potentialAction":[{"@type":"SearchAction","target":{"@type":"EntryPoint","urlTemplate":"https:\/\/www.p31noticias.com.br\/?s={search_term_string}"},"query-input":{"@type":"PropertyValueSpecification","valueRequired":true,"valueName":"search_term_string"}}],"inLanguage":"pt-BR"},{"@type":"Person","@id":"https:\/\/www.p31noticias.com.br\/#\/schema\/person\/77d6b186c710ac38937c6ec204fdd387","name":"Reda\u00e7\u00e3o JBN","image":{"@type":"ImageObject","inLanguage":"pt-BR","@id":"https:\/\/secure.gravatar.com\/avatar\/10fcdb93211f98cce3d64c0795b0915a9a4a21dc0f279238995a3dbfafcad090?s=96&d=mm&r=g","url":"https:\/\/secure.gravatar.com\/avatar\/10fcdb93211f98cce3d64c0795b0915a9a4a21dc0f279238995a3dbfafcad090?s=96&d=mm&r=g","contentUrl":"https:\/\/secure.gravatar.com\/avatar\/10fcdb93211f98cce3d64c0795b0915a9a4a21dc0f279238995a3dbfafcad090?s=96&d=mm&r=g","caption":"Reda\u00e7\u00e3o JBN"},"sameAs":["https:\/\/p31noticias.com.br"],"url":"https:\/\/www.p31noticias.com.br\/?author=18"}]}},"amp_enabled":true,"_links":{"self":[{"href":"https:\/\/www.p31noticias.com.br\/index.php?rest_route=\/wp\/v2\/posts\/18500","targetHints":{"allow":["GET"]}}],"collection":[{"href":"https:\/\/www.p31noticias.com.br\/index.php?rest_route=\/wp\/v2\/posts"}],"about":[{"href":"https:\/\/www.p31noticias.com.br\/index.php?rest_route=\/wp\/v2\/types\/post"}],"author":[{"embeddable":true,"href":"https:\/\/www.p31noticias.com.br\/index.php?rest_route=\/wp\/v2\/users\/18"}],"replies":[{"embeddable":true,"href":"https:\/\/www.p31noticias.com.br\/index.php?rest_route=%2Fwp%2Fv2%2Fcomments&post=18500"}],"version-history":[{"count":0,"href":"https:\/\/www.p31noticias.com.br\/index.php?rest_route=\/wp\/v2\/posts\/18500\/revisions"}],"wp:featuredmedia":[{"embeddable":true,"href":"https:\/\/www.p31noticias.com.br\/index.php?rest_route=\/wp\/v2\/media\/18501"}],"wp:attachment":[{"href":"https:\/\/www.p31noticias.com.br\/index.php?rest_route=%2Fwp%2Fv2%2Fmedia&parent=18500"}],"wp:term":[{"taxonomy":"category","embeddable":true,"href":"https:\/\/www.p31noticias.com.br\/index.php?rest_route=%2Fwp%2Fv2%2Fcategories&post=18500"},{"taxonomy":"post_tag","embeddable":true,"href":"https:\/\/www.p31noticias.com.br\/index.php?rest_route=%2Fwp%2Fv2%2Ftags&post=18500"}],"curies":[{"name":"wp","href":"https:\/\/api.w.org\/{rel}","templated":true}]}}