{"id":18478,"date":"2019-10-17T15:47:11","date_gmt":"2019-10-17T18:47:11","guid":{"rendered":"https:\/\/www.delioandrade.com.br\/?p=18478"},"modified":"2019-10-17T15:47:11","modified_gmt":"2019-10-17T18:47:11","slug":"mais-de-mil-pessoas-prestigiam-evento-e-ibaneis-e-jaqueline-silva-anunciam-pacote-de-obras-em-santa-maria","status":"publish","type":"post","link":"https:\/\/www.p31noticias.com.br\/?p=18478","title":{"rendered":"Mais De Mil Pessoas Prestigiam Evento E Ibaneis E Jaqueline Silva Anunciam Pacote De Obras Em Santa Maria"},"content":{"rendered":"<p><span class=\"Linkify\">No Distrito Federal, a visita do governador Ibaneis Rocha (MDB) \u00a0hoje a Santa Maria foi muito importante e especial para os moradores da cidade. Ibaneis e a deputada distrital Jaqueline Silva (PTB) anunciaram um pacote com 25 obras importantes que melhorar\u00e3o a vida das pessoas em Santa Maria.<\/span><\/p>\n<p><span class=\"Linkify\">Mais de mil pessoas compareceram ao evento ocorrido na manh\u00e3 desta quinta-feira (17) em Santa Maria. O governador Ibaneis foi ovacionado pela popula\u00e7\u00e3o, assim como Jaqueline, deputada eleita pela cidade, que em 10 meses de mandato j\u00e1 mostra servi\u00e7o em prol da cidade.<\/span><\/p>\n<p>Ibaneis viveu hoje os dias do rorizismo, ao ser aplaudido e abra\u00e7ado pela popula\u00e7\u00e3o. E Jaqueline Silva mostrou for\u00e7a pol\u00edtica com o governador, ao promover um evento que deixou Ibaneis feliz e emocionado \u00a0com a recep\u00e7\u00e3o e organiza\u00e7\u00e3o do evento.<\/p>\n<p>Segundo informa\u00e7\u00f5es, Ibaneis pensa convidar Jaqueline Silva para comandar a Secretaria de Trabalho. Afinal de contas, a mulher trabalha muito pela gera\u00e7\u00e3o de emprego e renda no DF.<\/p>\n<p><iframe id=\"instagram-embed-0\" class=\"instagram-media instagram-media-rendered\" src=\"https:\/\/www.instagram.com\/tv\/B3uTvKqB4eL\/embed\/captioned\/?cr=1&amp;v=12&amp;wp=640&amp;rd=http%3A%2F%2Fdonnysilva.com.br&amp;rp=%2Fmais-de-mil-pessoas-prestigiam-evento-e-ibaneis-e-jaqueline-silva-anunciam-pacote-de-obras-em-santa-maria%2F#%7B%22ci%22%3A0%2C%22os%22%3A1092.8600000042934%2C%22ls%22%3A957.8750000073342%2C%22le%22%3A958.9850000047591%7D\" height=\"1128\" frameborder=\"0\" scrolling=\"no\" allowfullscreen=\"allowfullscreen\" data-instgrm-payload-id=\"instagram-media-payload-0\" data-mce-fragment=\"1\"><\/iframe><\/p>\n","protected":false},"excerpt":{"rendered":"<p>No Distrito Federal, a visita do governador Ibaneis Rocha (MDB) \u00a0hoje a Santa Maria foi muito importante e especial para os moradores da cidade. Ibaneis e a deputada distrital Jaqueline Silva (PTB) anunciaram um pacote com 25 obras importantes que melhorar\u00e3o a vida das pessoas em Santa Maria. Mais de mil pessoas compareceram ao evento [&hellip;]<\/p>\n","protected":false},"author":18,"featured_media":18479,"comment_status":"open","ping_status":"open","sticky":false,"template":"","format":"standard","meta":{"footnotes":""},"categories":[57],"tags":[],"class_list":{"0":"post-18478","1":"post","2":"type-post","3":"status-publish","4":"format-standard","5":"has-post-thumbnail","7":"category-politica"},"yoast_head":"<!-- This site is optimized with the Yoast SEO Premium plugin v24.5 (Yoast SEO v27.5) - https:\/\/yoast.com\/product\/yoast-seo-premium-wordpress\/ -->\n<title>Mais De Mil Pessoas Prestigiam Evento E Ibaneis E Jaqueline Silva Anunciam Pacote De Obras Em Santa Maria - P31<\/title>\n<meta name=\"robots\" content=\"index, follow, max-snippet:-1, max-image-preview:large, max-video-preview:-1\" \/>\n<link rel=\"canonical\" href=\"https:\/\/www.p31noticias.com.br\/?p=18478\" \/>\n<meta property=\"og:locale\" content=\"pt_BR\" \/>\n<meta property=\"og:type\" content=\"article\" \/>\n<meta property=\"og:title\" content=\"Mais De Mil Pessoas Prestigiam Evento E Ibaneis E Jaqueline Silva Anunciam Pacote De Obras Em Santa Maria\" \/>\n<meta property=\"og:description\" content=\"No Distrito Federal, a visita do governador Ibaneis Rocha (MDB) \u00a0hoje a Santa Maria foi muito importante e especial para os moradores da cidade. Ibaneis e a deputada distrital Jaqueline Silva (PTB) anunciaram um pacote com 25 obras importantes que melhorar\u00e3o a vida das pessoas em Santa Maria. Mais de mil pessoas compareceram ao evento [&hellip;]\" \/>\n<meta property=\"og:url\" content=\"https:\/\/www.p31noticias.com.br\/?p=18478\" \/>\n<meta property=\"og:site_name\" content=\"P31\" \/>\n<meta property=\"article:published_time\" content=\"2019-10-17T18:47:11+00:00\" \/>\n<meta property=\"og:image\" content=\"https:\/\/www.p31noticias.com.br\/wp-content\/uploads\/2019\/10\/PHOTO-2019-10-17-14-15-06.jpg\" \/>\n\t<meta property=\"og:image:width\" content=\"523\" \/>\n\t<meta property=\"og:image:height\" content=\"399\" \/>\n\t<meta property=\"og:image:type\" content=\"image\/jpeg\" \/>\n<meta name=\"author\" content=\"Reda\u00e7\u00e3o JBN\" \/>\n<meta name=\"twitter:card\" content=\"summary_large_image\" \/>\n<meta name=\"twitter:label1\" content=\"Escrito por\" \/>\n\t<meta name=\"twitter:data1\" content=\"Reda\u00e7\u00e3o JBN\" \/>\n\t<meta name=\"twitter:label2\" content=\"Est. tempo de leitura\" \/>\n\t<meta name=\"twitter:data2\" content=\"1 minuto\" \/>\n<script type=\"application\/ld+json\" class=\"yoast-schema-graph\">{\"@context\":\"https:\\\/\\\/schema.org\",\"@graph\":[{\"@type\":\"Article\",\"@id\":\"https:\\\/\\\/www.p31noticias.com.br\\\/?p=18478#article\",\"isPartOf\":{\"@id\":\"https:\\\/\\\/www.p31noticias.com.br\\\/?p=18478\"},\"author\":{\"name\":\"Reda\u00e7\u00e3o JBN\",\"@id\":\"https:\\\/\\\/www.p31noticias.com.br\\\/#\\\/schema\\\/person\\\/77d6b186c710ac38937c6ec204fdd387\"},\"headline\":\"Mais De Mil Pessoas Prestigiam Evento E Ibaneis E Jaqueline Silva Anunciam Pacote De Obras Em Santa Maria\",\"datePublished\":\"2019-10-17T18:47:11+00:00\",\"mainEntityOfPage\":{\"@id\":\"https:\\\/\\\/www.p31noticias.com.br\\\/?p=18478\"},\"wordCount\":185,\"commentCount\":0,\"image\":{\"@id\":\"https:\\\/\\\/www.p31noticias.com.br\\\/?p=18478#primaryimage\"},\"thumbnailUrl\":\"https:\\\/\\\/www.p31noticias.com.br\\\/wp-content\\\/uploads\\\/2019\\\/10\\\/PHOTO-2019-10-17-14-15-06.jpg\",\"articleSection\":[\"Pol\u00edtica\"],\"inLanguage\":\"pt-BR\",\"potentialAction\":[{\"@type\":\"CommentAction\",\"name\":\"Comment\",\"target\":[\"https:\\\/\\\/www.p31noticias.com.br\\\/?p=18478#respond\"]}],\"copyrightYear\":\"2019\",\"copyrightHolder\":{\"@id\":\"https:\\\/\\\/www.p31noticias.com.br\\\/#organization\"}},{\"@type\":\"WebPage\",\"@id\":\"https:\\\/\\\/www.p31noticias.com.br\\\/?p=18478\",\"url\":\"https:\\\/\\\/www.p31noticias.com.br\\\/?p=18478\",\"name\":\"Mais De Mil Pessoas Prestigiam Evento E Ibaneis E Jaqueline Silva Anunciam Pacote De Obras Em Santa Maria - P31\",\"isPartOf\":{\"@id\":\"https:\\\/\\\/www.p31noticias.com.br\\\/#website\"},\"primaryImageOfPage\":{\"@id\":\"https:\\\/\\\/www.p31noticias.com.br\\\/?p=18478#primaryimage\"},\"image\":{\"@id\":\"https:\\\/\\\/www.p31noticias.com.br\\\/?p=18478#primaryimage\"},\"thumbnailUrl\":\"https:\\\/\\\/www.p31noticias.com.br\\\/wp-content\\\/uploads\\\/2019\\\/10\\\/PHOTO-2019-10-17-14-15-06.jpg\",\"datePublished\":\"2019-10-17T18:47:11+00:00\",\"author\":{\"@id\":\"https:\\\/\\\/www.p31noticias.com.br\\\/#\\\/schema\\\/person\\\/77d6b186c710ac38937c6ec204fdd387\"},\"breadcrumb\":{\"@id\":\"https:\\\/\\\/www.p31noticias.com.br\\\/?p=18478#breadcrumb\"},\"inLanguage\":\"pt-BR\",\"potentialAction\":[{\"@type\":\"ReadAction\",\"target\":[\"https:\\\/\\\/www.p31noticias.com.br\\\/?p=18478\"]}]},{\"@type\":\"ImageObject\",\"inLanguage\":\"pt-BR\",\"@id\":\"https:\\\/\\\/www.p31noticias.com.br\\\/?p=18478#primaryimage\",\"url\":\"https:\\\/\\\/www.p31noticias.com.br\\\/wp-content\\\/uploads\\\/2019\\\/10\\\/PHOTO-2019-10-17-14-15-06.jpg\",\"contentUrl\":\"https:\\\/\\\/www.p31noticias.com.br\\\/wp-content\\\/uploads\\\/2019\\\/10\\\/PHOTO-2019-10-17-14-15-06.jpg\",\"width\":523,\"height\":399},{\"@type\":\"BreadcrumbList\",\"@id\":\"https:\\\/\\\/www.p31noticias.com.br\\\/?p=18478#breadcrumb\",\"itemListElement\":[{\"@type\":\"ListItem\",\"position\":1,\"name\":\"In\u00edcio\",\"item\":\"https:\\\/\\\/www.p31noticias.com.br\\\/\"},{\"@type\":\"ListItem\",\"position\":2,\"name\":\"Mais De Mil Pessoas Prestigiam Evento E Ibaneis E Jaqueline Silva Anunciam Pacote De Obras Em Santa Maria\"}]},{\"@type\":\"WebSite\",\"@id\":\"https:\\\/\\\/www.p31noticias.com.br\\\/#website\",\"url\":\"https:\\\/\\\/www.p31noticias.com.br\\\/\",\"name\":\"P31\",\"description\":\"NOT\u00cdCIAS\",\"potentialAction\":[{\"@type\":\"SearchAction\",\"target\":{\"@type\":\"EntryPoint\",\"urlTemplate\":\"https:\\\/\\\/www.p31noticias.com.br\\\/?s={search_term_string}\"},\"query-input\":{\"@type\":\"PropertyValueSpecification\",\"valueRequired\":true,\"valueName\":\"search_term_string\"}}],\"inLanguage\":\"pt-BR\"},{\"@type\":\"Person\",\"@id\":\"https:\\\/\\\/www.p31noticias.com.br\\\/#\\\/schema\\\/person\\\/77d6b186c710ac38937c6ec204fdd387\",\"name\":\"Reda\u00e7\u00e3o JBN\",\"image\":{\"@type\":\"ImageObject\",\"inLanguage\":\"pt-BR\",\"@id\":\"https:\\\/\\\/secure.gravatar.com\\\/avatar\\\/10fcdb93211f98cce3d64c0795b0915a9a4a21dc0f279238995a3dbfafcad090?s=96&d=mm&r=g\",\"url\":\"https:\\\/\\\/secure.gravatar.com\\\/avatar\\\/10fcdb93211f98cce3d64c0795b0915a9a4a21dc0f279238995a3dbfafcad090?s=96&d=mm&r=g\",\"contentUrl\":\"https:\\\/\\\/secure.gravatar.com\\\/avatar\\\/10fcdb93211f98cce3d64c0795b0915a9a4a21dc0f279238995a3dbfafcad090?s=96&d=mm&r=g\",\"caption\":\"Reda\u00e7\u00e3o JBN\"},\"sameAs\":[\"https:\\\/\\\/p31noticias.com.br\"],\"url\":\"https:\\\/\\\/www.p31noticias.com.br\\\/?author=18\"}]}<\/script>\n<!-- \/ Yoast SEO Premium plugin. -->","yoast_head_json":{"title":"Mais De Mil Pessoas Prestigiam Evento E Ibaneis E Jaqueline Silva Anunciam Pacote De Obras Em Santa Maria - P31","robots":{"index":"index","follow":"follow","max-snippet":"max-snippet:-1","max-image-preview":"max-image-preview:large","max-video-preview":"max-video-preview:-1"},"canonical":"https:\/\/www.p31noticias.com.br\/?p=18478","og_locale":"pt_BR","og_type":"article","og_title":"Mais De Mil Pessoas Prestigiam Evento E Ibaneis E Jaqueline Silva Anunciam Pacote De Obras Em Santa Maria","og_description":"No Distrito Federal, a visita do governador Ibaneis Rocha (MDB) \u00a0hoje a Santa Maria foi muito importante e especial para os moradores da cidade. Ibaneis e a deputada distrital Jaqueline Silva (PTB) anunciaram um pacote com 25 obras importantes que melhorar\u00e3o a vida das pessoas em Santa Maria. Mais de mil pessoas compareceram ao evento [&hellip;]","og_url":"https:\/\/www.p31noticias.com.br\/?p=18478","og_site_name":"P31","article_published_time":"2019-10-17T18:47:11+00:00","og_image":[{"width":523,"height":399,"url":"https:\/\/www.p31noticias.com.br\/wp-content\/uploads\/2019\/10\/PHOTO-2019-10-17-14-15-06.jpg","type":"image\/jpeg"}],"author":"Reda\u00e7\u00e3o JBN","twitter_card":"summary_large_image","twitter_misc":{"Escrito por":"Reda\u00e7\u00e3o JBN","Est. tempo de leitura":"1 minuto"},"schema":{"@context":"https:\/\/schema.org","@graph":[{"@type":"Article","@id":"https:\/\/www.p31noticias.com.br\/?p=18478#article","isPartOf":{"@id":"https:\/\/www.p31noticias.com.br\/?p=18478"},"author":{"name":"Reda\u00e7\u00e3o JBN","@id":"https:\/\/www.p31noticias.com.br\/#\/schema\/person\/77d6b186c710ac38937c6ec204fdd387"},"headline":"Mais De Mil Pessoas Prestigiam Evento E Ibaneis E Jaqueline Silva Anunciam Pacote De Obras Em Santa Maria","datePublished":"2019-10-17T18:47:11+00:00","mainEntityOfPage":{"@id":"https:\/\/www.p31noticias.com.br\/?p=18478"},"wordCount":185,"commentCount":0,"image":{"@id":"https:\/\/www.p31noticias.com.br\/?p=18478#primaryimage"},"thumbnailUrl":"https:\/\/www.p31noticias.com.br\/wp-content\/uploads\/2019\/10\/PHOTO-2019-10-17-14-15-06.jpg","articleSection":["Pol\u00edtica"],"inLanguage":"pt-BR","potentialAction":[{"@type":"CommentAction","name":"Comment","target":["https:\/\/www.p31noticias.com.br\/?p=18478#respond"]}],"copyrightYear":"2019","copyrightHolder":{"@id":"https:\/\/www.p31noticias.com.br\/#organization"}},{"@type":"WebPage","@id":"https:\/\/www.p31noticias.com.br\/?p=18478","url":"https:\/\/www.p31noticias.com.br\/?p=18478","name":"Mais De Mil Pessoas Prestigiam Evento E Ibaneis E Jaqueline Silva Anunciam Pacote De Obras Em Santa Maria - P31","isPartOf":{"@id":"https:\/\/www.p31noticias.com.br\/#website"},"primaryImageOfPage":{"@id":"https:\/\/www.p31noticias.com.br\/?p=18478#primaryimage"},"image":{"@id":"https:\/\/www.p31noticias.com.br\/?p=18478#primaryimage"},"thumbnailUrl":"https:\/\/www.p31noticias.com.br\/wp-content\/uploads\/2019\/10\/PHOTO-2019-10-17-14-15-06.jpg","datePublished":"2019-10-17T18:47:11+00:00","author":{"@id":"https:\/\/www.p31noticias.com.br\/#\/schema\/person\/77d6b186c710ac38937c6ec204fdd387"},"breadcrumb":{"@id":"https:\/\/www.p31noticias.com.br\/?p=18478#breadcrumb"},"inLanguage":"pt-BR","potentialAction":[{"@type":"ReadAction","target":["https:\/\/www.p31noticias.com.br\/?p=18478"]}]},{"@type":"ImageObject","inLanguage":"pt-BR","@id":"https:\/\/www.p31noticias.com.br\/?p=18478#primaryimage","url":"https:\/\/www.p31noticias.com.br\/wp-content\/uploads\/2019\/10\/PHOTO-2019-10-17-14-15-06.jpg","contentUrl":"https:\/\/www.p31noticias.com.br\/wp-content\/uploads\/2019\/10\/PHOTO-2019-10-17-14-15-06.jpg","width":523,"height":399},{"@type":"BreadcrumbList","@id":"https:\/\/www.p31noticias.com.br\/?p=18478#breadcrumb","itemListElement":[{"@type":"ListItem","position":1,"name":"In\u00edcio","item":"https:\/\/www.p31noticias.com.br\/"},{"@type":"ListItem","position":2,"name":"Mais De Mil Pessoas Prestigiam Evento E Ibaneis E Jaqueline Silva Anunciam Pacote De Obras Em Santa Maria"}]},{"@type":"WebSite","@id":"https:\/\/www.p31noticias.com.br\/#website","url":"https:\/\/www.p31noticias.com.br\/","name":"P31","description":"NOT\u00cdCIAS","potentialAction":[{"@type":"SearchAction","target":{"@type":"EntryPoint","urlTemplate":"https:\/\/www.p31noticias.com.br\/?s={search_term_string}"},"query-input":{"@type":"PropertyValueSpecification","valueRequired":true,"valueName":"search_term_string"}}],"inLanguage":"pt-BR"},{"@type":"Person","@id":"https:\/\/www.p31noticias.com.br\/#\/schema\/person\/77d6b186c710ac38937c6ec204fdd387","name":"Reda\u00e7\u00e3o JBN","image":{"@type":"ImageObject","inLanguage":"pt-BR","@id":"https:\/\/secure.gravatar.com\/avatar\/10fcdb93211f98cce3d64c0795b0915a9a4a21dc0f279238995a3dbfafcad090?s=96&d=mm&r=g","url":"https:\/\/secure.gravatar.com\/avatar\/10fcdb93211f98cce3d64c0795b0915a9a4a21dc0f279238995a3dbfafcad090?s=96&d=mm&r=g","contentUrl":"https:\/\/secure.gravatar.com\/avatar\/10fcdb93211f98cce3d64c0795b0915a9a4a21dc0f279238995a3dbfafcad090?s=96&d=mm&r=g","caption":"Reda\u00e7\u00e3o JBN"},"sameAs":["https:\/\/p31noticias.com.br"],"url":"https:\/\/www.p31noticias.com.br\/?author=18"}]}},"amp_enabled":true,"_links":{"self":[{"href":"https:\/\/www.p31noticias.com.br\/index.php?rest_route=\/wp\/v2\/posts\/18478","targetHints":{"allow":["GET"]}}],"collection":[{"href":"https:\/\/www.p31noticias.com.br\/index.php?rest_route=\/wp\/v2\/posts"}],"about":[{"href":"https:\/\/www.p31noticias.com.br\/index.php?rest_route=\/wp\/v2\/types\/post"}],"author":[{"embeddable":true,"href":"https:\/\/www.p31noticias.com.br\/index.php?rest_route=\/wp\/v2\/users\/18"}],"replies":[{"embeddable":true,"href":"https:\/\/www.p31noticias.com.br\/index.php?rest_route=%2Fwp%2Fv2%2Fcomments&post=18478"}],"version-history":[{"count":0,"href":"https:\/\/www.p31noticias.com.br\/index.php?rest_route=\/wp\/v2\/posts\/18478\/revisions"}],"wp:featuredmedia":[{"embeddable":true,"href":"https:\/\/www.p31noticias.com.br\/index.php?rest_route=\/wp\/v2\/media\/18479"}],"wp:attachment":[{"href":"https:\/\/www.p31noticias.com.br\/index.php?rest_route=%2Fwp%2Fv2%2Fmedia&parent=18478"}],"wp:term":[{"taxonomy":"category","embeddable":true,"href":"https:\/\/www.p31noticias.com.br\/index.php?rest_route=%2Fwp%2Fv2%2Fcategories&post=18478"},{"taxonomy":"post_tag","embeddable":true,"href":"https:\/\/www.p31noticias.com.br\/index.php?rest_route=%2Fwp%2Fv2%2Ftags&post=18478"}],"curies":[{"name":"wp","href":"https:\/\/api.w.org\/{rel}","templated":true}]}}