{"id":18446,"date":"2019-09-29T11:56:43","date_gmt":"2019-09-29T14:56:43","guid":{"rendered":"https:\/\/www.delioandrade.com.br\/?p=18446"},"modified":"2019-09-29T11:56:43","modified_gmt":"2019-09-29T14:56:43","slug":"eduardo-pedrosa-promete-nao-apresentar-mais-projetos-perda-de-tempo","status":"publish","type":"post","link":"https:\/\/www.p31noticias.com.br\/?p=18446","title":{"rendered":"Eduardo Pedrosa promete n\u00e3o apresentar mais projetos \u201cperda de tempo\u201d"},"content":{"rendered":"<p>Eduardo Pedrosa do Distrito Federal usou as redes sociais para prometer \u201cnunca mais apresentar\u201d um \u00fanico projeto classificado por ele como \u201cperda de tempo\u201d. O distrital Eduardo Pedrosa (PTC)\u00a0afirmou em sua conta pessoal do\u00a0Twitter, neste s\u00e1bado (28\/09\/2019), que a decis\u00e3o se refere \u00e0s mat\u00e9rias como as que mudam nome de ruas, pra\u00e7as e que incluem datas comemorativas no calend\u00e1rio oficial da regi\u00e3o. Ele chegou a reconhecer ter apresentado duas propostas com fins parecidos. Entretanto, n\u00e3o far\u00e1 novamente.<\/p>\n<p>\u201cA\u00ed vai um pol\u00edtico e fica perdendo tempo discutindo nome de rua, apresentando projeto para criar dia do n\u00e3o-sei-o-que, data comemorativa. Sinceramente, cheguei a apresentar 2 projetos nesse sentido, mas eu fa\u00e7o um compromisso, de nunca mais apresentar, um \u00fanico projeto desse perfil\u201d, desabafou Pedrosa.<\/p>\n<p>Na sequ\u00eancia, o pol\u00edtico argumentou que h\u00e1 \u201cgente procurando atendimento em hospital, lutando pela vida, tem gente procurando emprego para alimentar seus filhos, tem gente com medo de perder um familiar ou a vida para inseguran\u00e7a, enfim, tudo \u00e9 importante\u201d como pautas realmente importantes para um legislador. \u201c\u201cN\u00e3o h\u00e1 mal nenhum em mudar de opini\u00e3o. Contanto que seja para melhor\u201d, parafraseou ele a conhecida declara\u00e7\u00e3o de Winston Churchill.<\/p>\n<p><strong>Esperamos que sim deputado, seja exemplo para os seus pares. Trabalhe pela popula\u00e7\u00e3o e para a popula\u00e7\u00e3o.<\/strong><\/p>\n<p><span class=\"m-credit\">TWITTER<\/span><img loading=\"lazy\" decoding=\"async\" class=\"size-full wp-image-1048065\" src=\"https:\/\/uploads.metropoles.com\/wp-content\/uploads\/2019\/09\/28170852\/Eduardo-Pedrosa1.jpg\" sizes=\"auto, (max-width: 655px) 100vw, 655px\" srcset=\"https:\/\/uploads.metropoles.com\/wp-content\/uploads\/2019\/09\/28170852\/Eduardo-Pedrosa1.jpg 655w, https:\/\/uploads.metropoles.com\/wp-content\/uploads\/2019\/09\/28170852\/Eduardo-Pedrosa1-300x239.jpg 300w, https:\/\/uploads.metropoles.com\/wp-content\/uploads\/2019\/09\/28170852\/Eduardo-Pedrosa1-128x102.jpg 128w, https:\/\/uploads.metropoles.com\/wp-content\/uploads\/2019\/09\/28170852\/Eduardo-Pedrosa1-32x25.jpg 32w\" alt=\"Reprodu\u00e7\u00e3o \/ Twitter\" width=\"655\" height=\"521\" data-pin=\"pinIt\" \/><\/p>\n<p>Distrital desabafa sobre propostas in\u00fateis enquanto popula\u00e7\u00e3o est\u00e1 carente de servi\u00e7os p\u00fablicos de qualidade<\/p>\n<p>&nbsp;<\/p>\n<p>Eleito deputado distrital com 12,8 mil votos pelo PTC, Eduardo Pedrosa ter\u00e1 que dividir o tempo entre os trabalhos parlamentares e a presta\u00e7\u00e3o de servi\u00e7os \u00e0 comunidade. O jovem de 28 anos foi condenado em 2015 a dois anos de deten\u00e7\u00e3o por homic\u00eddio culposo na dire\u00e7\u00e3o de ve\u00edculo automotor. A pena foi convertida em outras restritivas de direito.<\/p>\n<p>Sobrinho de Eliana Pedrosa (Pros), ele foi considerado culpado pelo acidente que matou a estudante da UnB La\u00eds Pimenta, 21 anos, em 2011. Eduardo sa\u00eda de uma festa e, segundo a pol\u00edcia, dirigia a uma velocidade de, no m\u00ednimo, 125km\/h em uma noite chuvosa. Ele se recusou a fazer o teste do baf\u00f4metro.<\/p>\n","protected":false},"excerpt":{"rendered":"<p>Eduardo Pedrosa do Distrito Federal usou as redes sociais para prometer \u201cnunca mais apresentar\u201d um \u00fanico projeto classificado por ele como \u201cperda de tempo\u201d. O distrital Eduardo Pedrosa (PTC)\u00a0afirmou em sua conta pessoal do\u00a0Twitter, neste s\u00e1bado (28\/09\/2019), que a decis\u00e3o se refere \u00e0s mat\u00e9rias como as que mudam nome de ruas, pra\u00e7as e que incluem [&hellip;]<\/p>\n","protected":false},"author":18,"featured_media":18447,"comment_status":"open","ping_status":"open","sticky":false,"template":"","format":"standard","meta":{"footnotes":""},"categories":[57],"tags":[101,80,265,227],"class_list":{"0":"post-18446","1":"post","2":"type-post","3":"status-publish","4":"format-standard","5":"has-post-thumbnail","7":"category-politica","8":"tag-camara-distrital","9":"tag-cldf","10":"tag-eduardo-pedrosa","11":"tag-telma-rufino"},"yoast_head":"<!-- This site is optimized with the Yoast SEO Premium plugin v24.5 (Yoast SEO v27.5) - https:\/\/yoast.com\/product\/yoast-seo-premium-wordpress\/ -->\n<title>Eduardo Pedrosa promete n\u00e3o apresentar mais projetos \u201cperda de tempo\u201d - P31<\/title>\n<meta name=\"robots\" content=\"index, follow, max-snippet:-1, max-image-preview:large, max-video-preview:-1\" \/>\n<link rel=\"canonical\" href=\"https:\/\/www.p31noticias.com.br\/?p=18446\" \/>\n<meta property=\"og:locale\" content=\"pt_BR\" \/>\n<meta property=\"og:type\" content=\"article\" \/>\n<meta property=\"og:title\" content=\"Eduardo Pedrosa promete n\u00e3o apresentar mais projetos \u201cperda de tempo\u201d\" \/>\n<meta property=\"og:description\" content=\"Eduardo Pedrosa do Distrito Federal usou as redes sociais para prometer \u201cnunca mais apresentar\u201d um \u00fanico projeto classificado por ele como \u201cperda de tempo\u201d. O distrital Eduardo Pedrosa (PTC)\u00a0afirmou em sua conta pessoal do\u00a0Twitter, neste s\u00e1bado (28\/09\/2019), que a decis\u00e3o se refere \u00e0s mat\u00e9rias como as que mudam nome de ruas, pra\u00e7as e que incluem [&hellip;]\" \/>\n<meta property=\"og:url\" content=\"https:\/\/www.p31noticias.com.br\/?p=18446\" \/>\n<meta property=\"og:site_name\" content=\"P31\" \/>\n<meta property=\"article:published_time\" content=\"2019-09-29T14:56:43+00:00\" \/>\n<meta property=\"og:image\" content=\"https:\/\/www.p31noticias.com.br\/wp-content\/uploads\/2019\/09\/Eduardo-Pedrosa-apresenta-proposta-que-exige-dados-ambientais-no-DF-RADAR-DF-660x330-2.jpg\" \/>\n\t<meta property=\"og:image:width\" content=\"660\" \/>\n\t<meta property=\"og:image:height\" content=\"330\" \/>\n\t<meta property=\"og:image:type\" content=\"image\/jpeg\" \/>\n<meta name=\"author\" content=\"Reda\u00e7\u00e3o JBN\" \/>\n<meta name=\"twitter:card\" content=\"summary_large_image\" \/>\n<meta name=\"twitter:label1\" content=\"Escrito por\" \/>\n\t<meta name=\"twitter:data1\" content=\"Reda\u00e7\u00e3o JBN\" \/>\n\t<meta name=\"twitter:label2\" content=\"Est. tempo de leitura\" \/>\n\t<meta name=\"twitter:data2\" content=\"2 minutos\" \/>\n<script type=\"application\/ld+json\" class=\"yoast-schema-graph\">{\"@context\":\"https:\\\/\\\/schema.org\",\"@graph\":[{\"@type\":\"Article\",\"@id\":\"https:\\\/\\\/www.p31noticias.com.br\\\/?p=18446#article\",\"isPartOf\":{\"@id\":\"https:\\\/\\\/www.p31noticias.com.br\\\/?p=18446\"},\"author\":{\"name\":\"Reda\u00e7\u00e3o JBN\",\"@id\":\"https:\\\/\\\/www.p31noticias.com.br\\\/#\\\/schema\\\/person\\\/77d6b186c710ac38937c6ec204fdd387\"},\"headline\":\"Eduardo Pedrosa promete n\u00e3o apresentar mais projetos \u201cperda de tempo\u201d\",\"datePublished\":\"2019-09-29T14:56:43+00:00\",\"mainEntityOfPage\":{\"@id\":\"https:\\\/\\\/www.p31noticias.com.br\\\/?p=18446\"},\"wordCount\":372,\"commentCount\":0,\"image\":{\"@id\":\"https:\\\/\\\/www.p31noticias.com.br\\\/?p=18446#primaryimage\"},\"thumbnailUrl\":\"https:\\\/\\\/www.p31noticias.com.br\\\/wp-content\\\/uploads\\\/2019\\\/09\\\/Eduardo-Pedrosa-apresenta-proposta-que-exige-dados-ambientais-no-DF-RADAR-DF-660x330-2.jpg\",\"keywords\":[\"camara distrital\",\"CLDF\",\"eduardo pedrosa\",\"Telma Rufino\"],\"articleSection\":[\"Pol\u00edtica\"],\"inLanguage\":\"pt-BR\",\"potentialAction\":[{\"@type\":\"CommentAction\",\"name\":\"Comment\",\"target\":[\"https:\\\/\\\/www.p31noticias.com.br\\\/?p=18446#respond\"]}],\"copyrightYear\":\"2019\",\"copyrightHolder\":{\"@id\":\"https:\\\/\\\/www.p31noticias.com.br\\\/#organization\"}},{\"@type\":\"WebPage\",\"@id\":\"https:\\\/\\\/www.p31noticias.com.br\\\/?p=18446\",\"url\":\"https:\\\/\\\/www.p31noticias.com.br\\\/?p=18446\",\"name\":\"Eduardo Pedrosa promete n\u00e3o apresentar mais projetos \u201cperda de tempo\u201d - P31\",\"isPartOf\":{\"@id\":\"https:\\\/\\\/www.p31noticias.com.br\\\/#website\"},\"primaryImageOfPage\":{\"@id\":\"https:\\\/\\\/www.p31noticias.com.br\\\/?p=18446#primaryimage\"},\"image\":{\"@id\":\"https:\\\/\\\/www.p31noticias.com.br\\\/?p=18446#primaryimage\"},\"thumbnailUrl\":\"https:\\\/\\\/www.p31noticias.com.br\\\/wp-content\\\/uploads\\\/2019\\\/09\\\/Eduardo-Pedrosa-apresenta-proposta-que-exige-dados-ambientais-no-DF-RADAR-DF-660x330-2.jpg\",\"datePublished\":\"2019-09-29T14:56:43+00:00\",\"author\":{\"@id\":\"https:\\\/\\\/www.p31noticias.com.br\\\/#\\\/schema\\\/person\\\/77d6b186c710ac38937c6ec204fdd387\"},\"breadcrumb\":{\"@id\":\"https:\\\/\\\/www.p31noticias.com.br\\\/?p=18446#breadcrumb\"},\"inLanguage\":\"pt-BR\",\"potentialAction\":[{\"@type\":\"ReadAction\",\"target\":[\"https:\\\/\\\/www.p31noticias.com.br\\\/?p=18446\"]}]},{\"@type\":\"ImageObject\",\"inLanguage\":\"pt-BR\",\"@id\":\"https:\\\/\\\/www.p31noticias.com.br\\\/?p=18446#primaryimage\",\"url\":\"https:\\\/\\\/www.p31noticias.com.br\\\/wp-content\\\/uploads\\\/2019\\\/09\\\/Eduardo-Pedrosa-apresenta-proposta-que-exige-dados-ambientais-no-DF-RADAR-DF-660x330-2.jpg\",\"contentUrl\":\"https:\\\/\\\/www.p31noticias.com.br\\\/wp-content\\\/uploads\\\/2019\\\/09\\\/Eduardo-Pedrosa-apresenta-proposta-que-exige-dados-ambientais-no-DF-RADAR-DF-660x330-2.jpg\",\"width\":660,\"height\":330},{\"@type\":\"BreadcrumbList\",\"@id\":\"https:\\\/\\\/www.p31noticias.com.br\\\/?p=18446#breadcrumb\",\"itemListElement\":[{\"@type\":\"ListItem\",\"position\":1,\"name\":\"In\u00edcio\",\"item\":\"https:\\\/\\\/www.p31noticias.com.br\\\/\"},{\"@type\":\"ListItem\",\"position\":2,\"name\":\"Eduardo Pedrosa promete n\u00e3o apresentar mais projetos \u201cperda de tempo\u201d\"}]},{\"@type\":\"WebSite\",\"@id\":\"https:\\\/\\\/www.p31noticias.com.br\\\/#website\",\"url\":\"https:\\\/\\\/www.p31noticias.com.br\\\/\",\"name\":\"P31\",\"description\":\"NOT\u00cdCIAS\",\"potentialAction\":[{\"@type\":\"SearchAction\",\"target\":{\"@type\":\"EntryPoint\",\"urlTemplate\":\"https:\\\/\\\/www.p31noticias.com.br\\\/?s={search_term_string}\"},\"query-input\":{\"@type\":\"PropertyValueSpecification\",\"valueRequired\":true,\"valueName\":\"search_term_string\"}}],\"inLanguage\":\"pt-BR\"},{\"@type\":\"Person\",\"@id\":\"https:\\\/\\\/www.p31noticias.com.br\\\/#\\\/schema\\\/person\\\/77d6b186c710ac38937c6ec204fdd387\",\"name\":\"Reda\u00e7\u00e3o JBN\",\"image\":{\"@type\":\"ImageObject\",\"inLanguage\":\"pt-BR\",\"@id\":\"https:\\\/\\\/secure.gravatar.com\\\/avatar\\\/10fcdb93211f98cce3d64c0795b0915a9a4a21dc0f279238995a3dbfafcad090?s=96&d=mm&r=g\",\"url\":\"https:\\\/\\\/secure.gravatar.com\\\/avatar\\\/10fcdb93211f98cce3d64c0795b0915a9a4a21dc0f279238995a3dbfafcad090?s=96&d=mm&r=g\",\"contentUrl\":\"https:\\\/\\\/secure.gravatar.com\\\/avatar\\\/10fcdb93211f98cce3d64c0795b0915a9a4a21dc0f279238995a3dbfafcad090?s=96&d=mm&r=g\",\"caption\":\"Reda\u00e7\u00e3o JBN\"},\"sameAs\":[\"https:\\\/\\\/p31noticias.com.br\"],\"url\":\"https:\\\/\\\/www.p31noticias.com.br\\\/?author=18\"}]}<\/script>\n<!-- \/ Yoast SEO Premium plugin. -->","yoast_head_json":{"title":"Eduardo Pedrosa promete n\u00e3o apresentar mais projetos \u201cperda de tempo\u201d - P31","robots":{"index":"index","follow":"follow","max-snippet":"max-snippet:-1","max-image-preview":"max-image-preview:large","max-video-preview":"max-video-preview:-1"},"canonical":"https:\/\/www.p31noticias.com.br\/?p=18446","og_locale":"pt_BR","og_type":"article","og_title":"Eduardo Pedrosa promete n\u00e3o apresentar mais projetos \u201cperda de tempo\u201d","og_description":"Eduardo Pedrosa do Distrito Federal usou as redes sociais para prometer \u201cnunca mais apresentar\u201d um \u00fanico projeto classificado por ele como \u201cperda de tempo\u201d. O distrital Eduardo Pedrosa (PTC)\u00a0afirmou em sua conta pessoal do\u00a0Twitter, neste s\u00e1bado (28\/09\/2019), que a decis\u00e3o se refere \u00e0s mat\u00e9rias como as que mudam nome de ruas, pra\u00e7as e que incluem [&hellip;]","og_url":"https:\/\/www.p31noticias.com.br\/?p=18446","og_site_name":"P31","article_published_time":"2019-09-29T14:56:43+00:00","og_image":[{"width":660,"height":330,"url":"https:\/\/www.p31noticias.com.br\/wp-content\/uploads\/2019\/09\/Eduardo-Pedrosa-apresenta-proposta-que-exige-dados-ambientais-no-DF-RADAR-DF-660x330-2.jpg","type":"image\/jpeg"}],"author":"Reda\u00e7\u00e3o JBN","twitter_card":"summary_large_image","twitter_misc":{"Escrito por":"Reda\u00e7\u00e3o JBN","Est. tempo de leitura":"2 minutos"},"schema":{"@context":"https:\/\/schema.org","@graph":[{"@type":"Article","@id":"https:\/\/www.p31noticias.com.br\/?p=18446#article","isPartOf":{"@id":"https:\/\/www.p31noticias.com.br\/?p=18446"},"author":{"name":"Reda\u00e7\u00e3o JBN","@id":"https:\/\/www.p31noticias.com.br\/#\/schema\/person\/77d6b186c710ac38937c6ec204fdd387"},"headline":"Eduardo Pedrosa promete n\u00e3o apresentar mais projetos \u201cperda de tempo\u201d","datePublished":"2019-09-29T14:56:43+00:00","mainEntityOfPage":{"@id":"https:\/\/www.p31noticias.com.br\/?p=18446"},"wordCount":372,"commentCount":0,"image":{"@id":"https:\/\/www.p31noticias.com.br\/?p=18446#primaryimage"},"thumbnailUrl":"https:\/\/www.p31noticias.com.br\/wp-content\/uploads\/2019\/09\/Eduardo-Pedrosa-apresenta-proposta-que-exige-dados-ambientais-no-DF-RADAR-DF-660x330-2.jpg","keywords":["camara distrital","CLDF","eduardo pedrosa","Telma Rufino"],"articleSection":["Pol\u00edtica"],"inLanguage":"pt-BR","potentialAction":[{"@type":"CommentAction","name":"Comment","target":["https:\/\/www.p31noticias.com.br\/?p=18446#respond"]}],"copyrightYear":"2019","copyrightHolder":{"@id":"https:\/\/www.p31noticias.com.br\/#organization"}},{"@type":"WebPage","@id":"https:\/\/www.p31noticias.com.br\/?p=18446","url":"https:\/\/www.p31noticias.com.br\/?p=18446","name":"Eduardo Pedrosa promete n\u00e3o apresentar mais projetos \u201cperda de tempo\u201d - P31","isPartOf":{"@id":"https:\/\/www.p31noticias.com.br\/#website"},"primaryImageOfPage":{"@id":"https:\/\/www.p31noticias.com.br\/?p=18446#primaryimage"},"image":{"@id":"https:\/\/www.p31noticias.com.br\/?p=18446#primaryimage"},"thumbnailUrl":"https:\/\/www.p31noticias.com.br\/wp-content\/uploads\/2019\/09\/Eduardo-Pedrosa-apresenta-proposta-que-exige-dados-ambientais-no-DF-RADAR-DF-660x330-2.jpg","datePublished":"2019-09-29T14:56:43+00:00","author":{"@id":"https:\/\/www.p31noticias.com.br\/#\/schema\/person\/77d6b186c710ac38937c6ec204fdd387"},"breadcrumb":{"@id":"https:\/\/www.p31noticias.com.br\/?p=18446#breadcrumb"},"inLanguage":"pt-BR","potentialAction":[{"@type":"ReadAction","target":["https:\/\/www.p31noticias.com.br\/?p=18446"]}]},{"@type":"ImageObject","inLanguage":"pt-BR","@id":"https:\/\/www.p31noticias.com.br\/?p=18446#primaryimage","url":"https:\/\/www.p31noticias.com.br\/wp-content\/uploads\/2019\/09\/Eduardo-Pedrosa-apresenta-proposta-que-exige-dados-ambientais-no-DF-RADAR-DF-660x330-2.jpg","contentUrl":"https:\/\/www.p31noticias.com.br\/wp-content\/uploads\/2019\/09\/Eduardo-Pedrosa-apresenta-proposta-que-exige-dados-ambientais-no-DF-RADAR-DF-660x330-2.jpg","width":660,"height":330},{"@type":"BreadcrumbList","@id":"https:\/\/www.p31noticias.com.br\/?p=18446#breadcrumb","itemListElement":[{"@type":"ListItem","position":1,"name":"In\u00edcio","item":"https:\/\/www.p31noticias.com.br\/"},{"@type":"ListItem","position":2,"name":"Eduardo Pedrosa promete n\u00e3o apresentar mais projetos \u201cperda de tempo\u201d"}]},{"@type":"WebSite","@id":"https:\/\/www.p31noticias.com.br\/#website","url":"https:\/\/www.p31noticias.com.br\/","name":"P31","description":"NOT\u00cdCIAS","potentialAction":[{"@type":"SearchAction","target":{"@type":"EntryPoint","urlTemplate":"https:\/\/www.p31noticias.com.br\/?s={search_term_string}"},"query-input":{"@type":"PropertyValueSpecification","valueRequired":true,"valueName":"search_term_string"}}],"inLanguage":"pt-BR"},{"@type":"Person","@id":"https:\/\/www.p31noticias.com.br\/#\/schema\/person\/77d6b186c710ac38937c6ec204fdd387","name":"Reda\u00e7\u00e3o JBN","image":{"@type":"ImageObject","inLanguage":"pt-BR","@id":"https:\/\/secure.gravatar.com\/avatar\/10fcdb93211f98cce3d64c0795b0915a9a4a21dc0f279238995a3dbfafcad090?s=96&d=mm&r=g","url":"https:\/\/secure.gravatar.com\/avatar\/10fcdb93211f98cce3d64c0795b0915a9a4a21dc0f279238995a3dbfafcad090?s=96&d=mm&r=g","contentUrl":"https:\/\/secure.gravatar.com\/avatar\/10fcdb93211f98cce3d64c0795b0915a9a4a21dc0f279238995a3dbfafcad090?s=96&d=mm&r=g","caption":"Reda\u00e7\u00e3o JBN"},"sameAs":["https:\/\/p31noticias.com.br"],"url":"https:\/\/www.p31noticias.com.br\/?author=18"}]}},"amp_enabled":true,"_links":{"self":[{"href":"https:\/\/www.p31noticias.com.br\/index.php?rest_route=\/wp\/v2\/posts\/18446","targetHints":{"allow":["GET"]}}],"collection":[{"href":"https:\/\/www.p31noticias.com.br\/index.php?rest_route=\/wp\/v2\/posts"}],"about":[{"href":"https:\/\/www.p31noticias.com.br\/index.php?rest_route=\/wp\/v2\/types\/post"}],"author":[{"embeddable":true,"href":"https:\/\/www.p31noticias.com.br\/index.php?rest_route=\/wp\/v2\/users\/18"}],"replies":[{"embeddable":true,"href":"https:\/\/www.p31noticias.com.br\/index.php?rest_route=%2Fwp%2Fv2%2Fcomments&post=18446"}],"version-history":[{"count":0,"href":"https:\/\/www.p31noticias.com.br\/index.php?rest_route=\/wp\/v2\/posts\/18446\/revisions"}],"wp:featuredmedia":[{"embeddable":true,"href":"https:\/\/www.p31noticias.com.br\/index.php?rest_route=\/wp\/v2\/media\/18447"}],"wp:attachment":[{"href":"https:\/\/www.p31noticias.com.br\/index.php?rest_route=%2Fwp%2Fv2%2Fmedia&parent=18446"}],"wp:term":[{"taxonomy":"category","embeddable":true,"href":"https:\/\/www.p31noticias.com.br\/index.php?rest_route=%2Fwp%2Fv2%2Fcategories&post=18446"},{"taxonomy":"post_tag","embeddable":true,"href":"https:\/\/www.p31noticias.com.br\/index.php?rest_route=%2Fwp%2Fv2%2Ftags&post=18446"}],"curies":[{"name":"wp","href":"https:\/\/api.w.org\/{rel}","templated":true}]}}