{"id":18441,"date":"2019-09-26T09:47:42","date_gmt":"2019-09-26T12:47:42","guid":{"rendered":"https:\/\/www.delioandrade.com.br\/?p=18441"},"modified":"2019-09-26T09:47:42","modified_gmt":"2019-09-26T12:47:42","slug":"fundacao-carlos-chagas-e-vetada-de-fazer-concursos-no-df-sem-licitacao","status":"publish","type":"post","link":"https:\/\/www.p31noticias.com.br\/?p=18441","title":{"rendered":"Funda\u00e7\u00e3o Carlos Chagas \u00e9 vetada de fazer concursos no DF sem licita\u00e7\u00e3o"},"content":{"rendered":"<p>A Funda\u00e7\u00e3o Carlos Chagas (FCC) est\u00e1 impedida de contratar com o\u00a0governo\u00a0do Distrito Federal mediante dispensa de licita\u00e7\u00e3o. Decis\u00e3o do Tribunal de Contas do DF (TCDF) aponta que a institui\u00e7\u00e3o organizadora de concursos p\u00fablicos est\u00e1 \u201cfora do requisito de inquestion\u00e1vel reputa\u00e7\u00e3o \u00e9tico-profissional\u201d, exigido na Lei n\u00ba 8.666\/93 para a realiza\u00e7\u00e3o de certames de forma direta.<\/p>\n<p>A FCC figura como r\u00e9 por ser controladora indireta da Terra Limpa, empresa denunciada por supostas fraudes imobili\u00e1rias. O Processo n\u00ba 092687-77.2017.8.26.0100, protocolado em 2017, corre na 2\u00aa Vara C\u00edvel do Foro Central de S\u00e3o Paulo.<\/p>\n<p>As irregularidades foram apontadas em representa\u00e7\u00e3o do Minist\u00e9rio P\u00fablico de Contas (MPC), com admissibilidade aceita no plen\u00e1rio do\u00a0TCDF. O voto do relator da mat\u00e9ria, conselheiro Manoel Andrade, exp\u00f5e que a investiga\u00e7\u00e3o \u00e9 suficiente para proibir a contrata\u00e7\u00e3o direta com a administra\u00e7\u00e3o distrital.<\/p>\n<p>A Corte de Contas considerou que o \u201cconjunto de ind\u00edcios e a exist\u00eancia dos processos judiciais em que a FCC aparece, ora no polo passivo, ora como autora, em que se discutem a ocorr\u00eancia de pr\u00e1ticas anti\u00e9ticas e de gest\u00e3o temer\u00e1ria no seio da Funda\u00e7\u00e3o, s\u00e3o suficientes para configurar razo\u00e1vel grau de incerteza que faz suscitar d\u00favidas incompat\u00edveis com o atributo essencial da inquestion\u00e1vel reputa\u00e7\u00e3o \u00e9tico-profissional para contratar de forma direta com o poder p\u00fablico\u201d, diz um trecho do processo.<\/p>\n<p>Ainda segundo a a\u00e7\u00e3o, a FCC tamb\u00e9m \u00e9 investigada por investimentos duvidosos feitos em 2013. A an\u00e1lise \u00e9 pelo uso de cerca de R$ 650 milh\u00f5es de cr\u00e9ditos de empresas em dificuldade financeira e em fundos de investimento geridos pela Diamond Mountain (DMI Investimentos e Gest\u00e3o de Recursos Ltda).<\/p>\n<p>Assim, o MPC considerou que \u201ca situa\u00e7\u00e3o (dos investimentos) envolve muito al\u00e9m do que ser ou n\u00e3o legalmente permitido. \u00c9 que, sendo confirmado o comportamento anti\u00e9tico da funda\u00e7\u00e3o em suas atividades operacionais e de mercado, a conclus\u00e3o l\u00f3gica \u00e9 de que, al\u00e9m de ferir a condi\u00e7\u00e3o estabelecida pelo art. 24, XIII, da Lei n\u00ba 8.666\/1993, ela viola a isonomia do procedimento de contrata\u00e7\u00e3o direta\u201d, diz a representa\u00e7\u00e3o assinada pelo procurador Marcos Felipe Pinheiro Lima.<\/p>\n<div class=\"m-banner-wrap m-banner-rectangle m-publicity-content-middle\">\n<div id=\"div-gpt-ad-distrito-federal-quadrado-3\" class=\"ad-quadrado\" data-google-query-id=\"CIvd4rnB7uQCFUluwQodeosA6g\">\n<div id=\"google_ads_iframe_\/123935210\/distrito-federal-quadrado-3_0__container__\"><\/div>\n<\/div>\n<\/div>\n<p class=\"m-img-wrap\"><span class=\"m-credit\">REPRODU\u00c7\u00c3O<\/span><img loading=\"lazy\" decoding=\"async\" class=\"aligncenter size-full wp-image-1045363\" src=\"https:\/\/uploads.metropoles.com\/wp-content\/uploads\/2019\/09\/25214108\/Representacao-Carlos-Chagas.jpg\" sizes=\"auto, (max-width: 600px) 100vw, 600px\" srcset=\"https:\/\/uploads.metropoles.com\/wp-content\/uploads\/2019\/09\/25214108\/Representacao-Carlos-Chagas.jpg 600w, https:\/\/uploads.metropoles.com\/wp-content\/uploads\/2019\/09\/25214108\/Representacao-Carlos-Chagas-212x300.jpg 212w, https:\/\/uploads.metropoles.com\/wp-content\/uploads\/2019\/09\/25214108\/Representacao-Carlos-Chagas-90x128.jpg 90w, https:\/\/uploads.metropoles.com\/wp-content\/uploads\/2019\/09\/25214108\/Representacao-Carlos-Chagas-23x32.jpg 23w\" alt=\"Reprodu\u00e7\u00e3o\" width=\"600\" height=\"849\" data-pin=\"pinIt\" \/><\/p>\n<h6>Concursos<\/h6>\n<p>A FCC \u00e9 uma das maiores empresas realizadoras de concursos do pa\u00eds. No site da organizadora, constam 47 sele\u00e7\u00f5es em curso, entre as realizadas e as com provas futuras. Entre elas, est\u00e1 o certame da C\u00e2mara Legislativa para cargos de n\u00edveis m\u00e9dio e superior.<\/p>\n<p>A decis\u00e3o do Tribunal de Contas, publicada nessa segunda-feira (23\/09\/2019), n\u00e3o atinge nenhum desses concursos. Ela vale para os pr\u00f3ximos certames a serem realizados pela administra\u00e7\u00e3o p\u00fablica local. Cabe ressaltar que a veda\u00e7\u00e3o visa futuras sele\u00e7\u00f5es contratadas com dispensa de licita\u00e7\u00e3o. Para preg\u00f5es e licita\u00e7\u00f5es, a FCC est\u00e1 apta a participar.<\/p>\n<div class=\"m-banner-wrap m-banner-rectangle m-publicity-content-middle\">\n<div id=\"div-gpt-ad-distrito-federal-quadrado-4\" class=\"ad-quadrado\" data-google-query-id=\"CIzd4rnB7uQCFUluwQodeosA6g\"><\/div>\n<\/div>\n","protected":false},"excerpt":{"rendered":"<p>A Funda\u00e7\u00e3o Carlos Chagas (FCC) est\u00e1 impedida de contratar com o\u00a0governo\u00a0do Distrito Federal mediante dispensa de licita\u00e7\u00e3o. Decis\u00e3o do Tribunal de Contas do DF (TCDF) aponta que a institui\u00e7\u00e3o organizadora de concursos p\u00fablicos est\u00e1 \u201cfora do requisito de inquestion\u00e1vel reputa\u00e7\u00e3o \u00e9tico-profissional\u201d, exigido na Lei n\u00ba 8.666\/93 para a realiza\u00e7\u00e3o de certames de forma direta. A [&hellip;]<\/p>\n","protected":false},"author":18,"featured_media":18442,"comment_status":"open","ping_status":"open","sticky":false,"template":"","format":"standard","meta":{"footnotes":""},"categories":[1],"tags":[],"class_list":{"0":"post-18441","1":"post","2":"type-post","3":"status-publish","4":"format-standard","5":"has-post-thumbnail","7":"category-outros"},"yoast_head":"<!-- This site is optimized with the Yoast SEO Premium plugin v24.5 (Yoast SEO v27.5) - https:\/\/yoast.com\/product\/yoast-seo-premium-wordpress\/ -->\n<title>Funda\u00e7\u00e3o Carlos Chagas \u00e9 vetada de fazer concursos no DF sem licita\u00e7\u00e3o - P31<\/title>\n<meta name=\"robots\" content=\"index, follow, max-snippet:-1, max-image-preview:large, max-video-preview:-1\" \/>\n<link rel=\"canonical\" href=\"https:\/\/www.p31noticias.com.br\/?p=18441\" \/>\n<meta property=\"og:locale\" content=\"pt_BR\" \/>\n<meta property=\"og:type\" content=\"article\" \/>\n<meta property=\"og:title\" content=\"Funda\u00e7\u00e3o Carlos Chagas \u00e9 vetada de fazer concursos no DF sem licita\u00e7\u00e3o\" \/>\n<meta property=\"og:description\" content=\"A Funda\u00e7\u00e3o Carlos Chagas (FCC) est\u00e1 impedida de contratar com o\u00a0governo\u00a0do Distrito Federal mediante dispensa de licita\u00e7\u00e3o. Decis\u00e3o do Tribunal de Contas do DF (TCDF) aponta que a institui\u00e7\u00e3o organizadora de concursos p\u00fablicos est\u00e1 \u201cfora do requisito de inquestion\u00e1vel reputa\u00e7\u00e3o \u00e9tico-profissional\u201d, exigido na Lei n\u00ba 8.666\/93 para a realiza\u00e7\u00e3o de certames de forma direta. A [&hellip;]\" \/>\n<meta property=\"og:url\" content=\"https:\/\/www.p31noticias.com.br\/?p=18441\" \/>\n<meta property=\"og:site_name\" content=\"P31\" \/>\n<meta property=\"article:published_time\" content=\"2019-09-26T12:47:42+00:00\" \/>\n<meta property=\"og:image\" content=\"https:\/\/www.p31noticias.com.br\/wp-content\/uploads\/2019\/09\/Concursos-960x537-1.jpg\" \/>\n\t<meta property=\"og:image:width\" content=\"960\" \/>\n\t<meta property=\"og:image:height\" content=\"537\" \/>\n\t<meta property=\"og:image:type\" content=\"image\/jpeg\" \/>\n<meta name=\"author\" content=\"Reda\u00e7\u00e3o JBN\" \/>\n<meta name=\"twitter:card\" content=\"summary_large_image\" \/>\n<meta name=\"twitter:label1\" content=\"Escrito por\" \/>\n\t<meta name=\"twitter:data1\" content=\"Reda\u00e7\u00e3o JBN\" \/>\n\t<meta name=\"twitter:label2\" content=\"Est. tempo de leitura\" \/>\n\t<meta name=\"twitter:data2\" content=\"2 minutos\" \/>\n<script type=\"application\/ld+json\" class=\"yoast-schema-graph\">{\"@context\":\"https:\\\/\\\/schema.org\",\"@graph\":[{\"@type\":\"Article\",\"@id\":\"https:\\\/\\\/www.p31noticias.com.br\\\/?p=18441#article\",\"isPartOf\":{\"@id\":\"https:\\\/\\\/www.p31noticias.com.br\\\/?p=18441\"},\"author\":{\"name\":\"Reda\u00e7\u00e3o JBN\",\"@id\":\"https:\\\/\\\/www.p31noticias.com.br\\\/#\\\/schema\\\/person\\\/77d6b186c710ac38937c6ec204fdd387\"},\"headline\":\"Funda\u00e7\u00e3o Carlos Chagas \u00e9 vetada de fazer concursos no DF sem licita\u00e7\u00e3o\",\"datePublished\":\"2019-09-26T12:47:42+00:00\",\"mainEntityOfPage\":{\"@id\":\"https:\\\/\\\/www.p31noticias.com.br\\\/?p=18441\"},\"wordCount\":501,\"commentCount\":0,\"image\":{\"@id\":\"https:\\\/\\\/www.p31noticias.com.br\\\/?p=18441#primaryimage\"},\"thumbnailUrl\":\"https:\\\/\\\/www.p31noticias.com.br\\\/wp-content\\\/uploads\\\/2019\\\/09\\\/Concursos-960x537-1.jpg\",\"articleSection\":[\"Outros\"],\"inLanguage\":\"pt-BR\",\"potentialAction\":[{\"@type\":\"CommentAction\",\"name\":\"Comment\",\"target\":[\"https:\\\/\\\/www.p31noticias.com.br\\\/?p=18441#respond\"]}],\"copyrightYear\":\"2019\",\"copyrightHolder\":{\"@id\":\"https:\\\/\\\/www.p31noticias.com.br\\\/#organization\"}},{\"@type\":\"WebPage\",\"@id\":\"https:\\\/\\\/www.p31noticias.com.br\\\/?p=18441\",\"url\":\"https:\\\/\\\/www.p31noticias.com.br\\\/?p=18441\",\"name\":\"Funda\u00e7\u00e3o Carlos Chagas \u00e9 vetada de fazer concursos no DF sem licita\u00e7\u00e3o - P31\",\"isPartOf\":{\"@id\":\"https:\\\/\\\/www.p31noticias.com.br\\\/#website\"},\"primaryImageOfPage\":{\"@id\":\"https:\\\/\\\/www.p31noticias.com.br\\\/?p=18441#primaryimage\"},\"image\":{\"@id\":\"https:\\\/\\\/www.p31noticias.com.br\\\/?p=18441#primaryimage\"},\"thumbnailUrl\":\"https:\\\/\\\/www.p31noticias.com.br\\\/wp-content\\\/uploads\\\/2019\\\/09\\\/Concursos-960x537-1.jpg\",\"datePublished\":\"2019-09-26T12:47:42+00:00\",\"author\":{\"@id\":\"https:\\\/\\\/www.p31noticias.com.br\\\/#\\\/schema\\\/person\\\/77d6b186c710ac38937c6ec204fdd387\"},\"breadcrumb\":{\"@id\":\"https:\\\/\\\/www.p31noticias.com.br\\\/?p=18441#breadcrumb\"},\"inLanguage\":\"pt-BR\",\"potentialAction\":[{\"@type\":\"ReadAction\",\"target\":[\"https:\\\/\\\/www.p31noticias.com.br\\\/?p=18441\"]}]},{\"@type\":\"ImageObject\",\"inLanguage\":\"pt-BR\",\"@id\":\"https:\\\/\\\/www.p31noticias.com.br\\\/?p=18441#primaryimage\",\"url\":\"https:\\\/\\\/www.p31noticias.com.br\\\/wp-content\\\/uploads\\\/2019\\\/09\\\/Concursos-960x537-1.jpg\",\"contentUrl\":\"https:\\\/\\\/www.p31noticias.com.br\\\/wp-content\\\/uploads\\\/2019\\\/09\\\/Concursos-960x537-1.jpg\",\"width\":960,\"height\":537},{\"@type\":\"BreadcrumbList\",\"@id\":\"https:\\\/\\\/www.p31noticias.com.br\\\/?p=18441#breadcrumb\",\"itemListElement\":[{\"@type\":\"ListItem\",\"position\":1,\"name\":\"In\u00edcio\",\"item\":\"https:\\\/\\\/www.p31noticias.com.br\\\/\"},{\"@type\":\"ListItem\",\"position\":2,\"name\":\"Funda\u00e7\u00e3o Carlos Chagas \u00e9 vetada de fazer concursos no DF sem licita\u00e7\u00e3o\"}]},{\"@type\":\"WebSite\",\"@id\":\"https:\\\/\\\/www.p31noticias.com.br\\\/#website\",\"url\":\"https:\\\/\\\/www.p31noticias.com.br\\\/\",\"name\":\"P31\",\"description\":\"NOT\u00cdCIAS\",\"potentialAction\":[{\"@type\":\"SearchAction\",\"target\":{\"@type\":\"EntryPoint\",\"urlTemplate\":\"https:\\\/\\\/www.p31noticias.com.br\\\/?s={search_term_string}\"},\"query-input\":{\"@type\":\"PropertyValueSpecification\",\"valueRequired\":true,\"valueName\":\"search_term_string\"}}],\"inLanguage\":\"pt-BR\"},{\"@type\":\"Person\",\"@id\":\"https:\\\/\\\/www.p31noticias.com.br\\\/#\\\/schema\\\/person\\\/77d6b186c710ac38937c6ec204fdd387\",\"name\":\"Reda\u00e7\u00e3o JBN\",\"image\":{\"@type\":\"ImageObject\",\"inLanguage\":\"pt-BR\",\"@id\":\"https:\\\/\\\/secure.gravatar.com\\\/avatar\\\/10fcdb93211f98cce3d64c0795b0915a9a4a21dc0f279238995a3dbfafcad090?s=96&d=mm&r=g\",\"url\":\"https:\\\/\\\/secure.gravatar.com\\\/avatar\\\/10fcdb93211f98cce3d64c0795b0915a9a4a21dc0f279238995a3dbfafcad090?s=96&d=mm&r=g\",\"contentUrl\":\"https:\\\/\\\/secure.gravatar.com\\\/avatar\\\/10fcdb93211f98cce3d64c0795b0915a9a4a21dc0f279238995a3dbfafcad090?s=96&d=mm&r=g\",\"caption\":\"Reda\u00e7\u00e3o JBN\"},\"sameAs\":[\"https:\\\/\\\/p31noticias.com.br\"],\"url\":\"https:\\\/\\\/www.p31noticias.com.br\\\/?author=18\"}]}<\/script>\n<!-- \/ Yoast SEO Premium plugin. -->","yoast_head_json":{"title":"Funda\u00e7\u00e3o Carlos Chagas \u00e9 vetada de fazer concursos no DF sem licita\u00e7\u00e3o - P31","robots":{"index":"index","follow":"follow","max-snippet":"max-snippet:-1","max-image-preview":"max-image-preview:large","max-video-preview":"max-video-preview:-1"},"canonical":"https:\/\/www.p31noticias.com.br\/?p=18441","og_locale":"pt_BR","og_type":"article","og_title":"Funda\u00e7\u00e3o Carlos Chagas \u00e9 vetada de fazer concursos no DF sem licita\u00e7\u00e3o","og_description":"A Funda\u00e7\u00e3o Carlos Chagas (FCC) est\u00e1 impedida de contratar com o\u00a0governo\u00a0do Distrito Federal mediante dispensa de licita\u00e7\u00e3o. Decis\u00e3o do Tribunal de Contas do DF (TCDF) aponta que a institui\u00e7\u00e3o organizadora de concursos p\u00fablicos est\u00e1 \u201cfora do requisito de inquestion\u00e1vel reputa\u00e7\u00e3o \u00e9tico-profissional\u201d, exigido na Lei n\u00ba 8.666\/93 para a realiza\u00e7\u00e3o de certames de forma direta. A [&hellip;]","og_url":"https:\/\/www.p31noticias.com.br\/?p=18441","og_site_name":"P31","article_published_time":"2019-09-26T12:47:42+00:00","og_image":[{"width":960,"height":537,"url":"https:\/\/www.p31noticias.com.br\/wp-content\/uploads\/2019\/09\/Concursos-960x537-1.jpg","type":"image\/jpeg"}],"author":"Reda\u00e7\u00e3o JBN","twitter_card":"summary_large_image","twitter_misc":{"Escrito por":"Reda\u00e7\u00e3o JBN","Est. tempo de leitura":"2 minutos"},"schema":{"@context":"https:\/\/schema.org","@graph":[{"@type":"Article","@id":"https:\/\/www.p31noticias.com.br\/?p=18441#article","isPartOf":{"@id":"https:\/\/www.p31noticias.com.br\/?p=18441"},"author":{"name":"Reda\u00e7\u00e3o JBN","@id":"https:\/\/www.p31noticias.com.br\/#\/schema\/person\/77d6b186c710ac38937c6ec204fdd387"},"headline":"Funda\u00e7\u00e3o Carlos Chagas \u00e9 vetada de fazer concursos no DF sem licita\u00e7\u00e3o","datePublished":"2019-09-26T12:47:42+00:00","mainEntityOfPage":{"@id":"https:\/\/www.p31noticias.com.br\/?p=18441"},"wordCount":501,"commentCount":0,"image":{"@id":"https:\/\/www.p31noticias.com.br\/?p=18441#primaryimage"},"thumbnailUrl":"https:\/\/www.p31noticias.com.br\/wp-content\/uploads\/2019\/09\/Concursos-960x537-1.jpg","articleSection":["Outros"],"inLanguage":"pt-BR","potentialAction":[{"@type":"CommentAction","name":"Comment","target":["https:\/\/www.p31noticias.com.br\/?p=18441#respond"]}],"copyrightYear":"2019","copyrightHolder":{"@id":"https:\/\/www.p31noticias.com.br\/#organization"}},{"@type":"WebPage","@id":"https:\/\/www.p31noticias.com.br\/?p=18441","url":"https:\/\/www.p31noticias.com.br\/?p=18441","name":"Funda\u00e7\u00e3o Carlos Chagas \u00e9 vetada de fazer concursos no DF sem licita\u00e7\u00e3o - P31","isPartOf":{"@id":"https:\/\/www.p31noticias.com.br\/#website"},"primaryImageOfPage":{"@id":"https:\/\/www.p31noticias.com.br\/?p=18441#primaryimage"},"image":{"@id":"https:\/\/www.p31noticias.com.br\/?p=18441#primaryimage"},"thumbnailUrl":"https:\/\/www.p31noticias.com.br\/wp-content\/uploads\/2019\/09\/Concursos-960x537-1.jpg","datePublished":"2019-09-26T12:47:42+00:00","author":{"@id":"https:\/\/www.p31noticias.com.br\/#\/schema\/person\/77d6b186c710ac38937c6ec204fdd387"},"breadcrumb":{"@id":"https:\/\/www.p31noticias.com.br\/?p=18441#breadcrumb"},"inLanguage":"pt-BR","potentialAction":[{"@type":"ReadAction","target":["https:\/\/www.p31noticias.com.br\/?p=18441"]}]},{"@type":"ImageObject","inLanguage":"pt-BR","@id":"https:\/\/www.p31noticias.com.br\/?p=18441#primaryimage","url":"https:\/\/www.p31noticias.com.br\/wp-content\/uploads\/2019\/09\/Concursos-960x537-1.jpg","contentUrl":"https:\/\/www.p31noticias.com.br\/wp-content\/uploads\/2019\/09\/Concursos-960x537-1.jpg","width":960,"height":537},{"@type":"BreadcrumbList","@id":"https:\/\/www.p31noticias.com.br\/?p=18441#breadcrumb","itemListElement":[{"@type":"ListItem","position":1,"name":"In\u00edcio","item":"https:\/\/www.p31noticias.com.br\/"},{"@type":"ListItem","position":2,"name":"Funda\u00e7\u00e3o Carlos Chagas \u00e9 vetada de fazer concursos no DF sem licita\u00e7\u00e3o"}]},{"@type":"WebSite","@id":"https:\/\/www.p31noticias.com.br\/#website","url":"https:\/\/www.p31noticias.com.br\/","name":"P31","description":"NOT\u00cdCIAS","potentialAction":[{"@type":"SearchAction","target":{"@type":"EntryPoint","urlTemplate":"https:\/\/www.p31noticias.com.br\/?s={search_term_string}"},"query-input":{"@type":"PropertyValueSpecification","valueRequired":true,"valueName":"search_term_string"}}],"inLanguage":"pt-BR"},{"@type":"Person","@id":"https:\/\/www.p31noticias.com.br\/#\/schema\/person\/77d6b186c710ac38937c6ec204fdd387","name":"Reda\u00e7\u00e3o JBN","image":{"@type":"ImageObject","inLanguage":"pt-BR","@id":"https:\/\/secure.gravatar.com\/avatar\/10fcdb93211f98cce3d64c0795b0915a9a4a21dc0f279238995a3dbfafcad090?s=96&d=mm&r=g","url":"https:\/\/secure.gravatar.com\/avatar\/10fcdb93211f98cce3d64c0795b0915a9a4a21dc0f279238995a3dbfafcad090?s=96&d=mm&r=g","contentUrl":"https:\/\/secure.gravatar.com\/avatar\/10fcdb93211f98cce3d64c0795b0915a9a4a21dc0f279238995a3dbfafcad090?s=96&d=mm&r=g","caption":"Reda\u00e7\u00e3o JBN"},"sameAs":["https:\/\/p31noticias.com.br"],"url":"https:\/\/www.p31noticias.com.br\/?author=18"}]}},"amp_enabled":true,"_links":{"self":[{"href":"https:\/\/www.p31noticias.com.br\/index.php?rest_route=\/wp\/v2\/posts\/18441","targetHints":{"allow":["GET"]}}],"collection":[{"href":"https:\/\/www.p31noticias.com.br\/index.php?rest_route=\/wp\/v2\/posts"}],"about":[{"href":"https:\/\/www.p31noticias.com.br\/index.php?rest_route=\/wp\/v2\/types\/post"}],"author":[{"embeddable":true,"href":"https:\/\/www.p31noticias.com.br\/index.php?rest_route=\/wp\/v2\/users\/18"}],"replies":[{"embeddable":true,"href":"https:\/\/www.p31noticias.com.br\/index.php?rest_route=%2Fwp%2Fv2%2Fcomments&post=18441"}],"version-history":[{"count":0,"href":"https:\/\/www.p31noticias.com.br\/index.php?rest_route=\/wp\/v2\/posts\/18441\/revisions"}],"wp:featuredmedia":[{"embeddable":true,"href":"https:\/\/www.p31noticias.com.br\/index.php?rest_route=\/wp\/v2\/media\/18442"}],"wp:attachment":[{"href":"https:\/\/www.p31noticias.com.br\/index.php?rest_route=%2Fwp%2Fv2%2Fmedia&parent=18441"}],"wp:term":[{"taxonomy":"category","embeddable":true,"href":"https:\/\/www.p31noticias.com.br\/index.php?rest_route=%2Fwp%2Fv2%2Fcategories&post=18441"},{"taxonomy":"post_tag","embeddable":true,"href":"https:\/\/www.p31noticias.com.br\/index.php?rest_route=%2Fwp%2Fv2%2Ftags&post=18441"}],"curies":[{"name":"wp","href":"https:\/\/api.w.org\/{rel}","templated":true}]}}