{"id":18438,"date":"2019-09-19T20:35:23","date_gmt":"2019-09-19T23:35:23","guid":{"rendered":"https:\/\/www.delioandrade.com.br\/?p=18438"},"modified":"2019-09-19T20:35:23","modified_gmt":"2019-09-19T23:35:23","slug":"biotic-recebe-centro-de-inovacao","status":"publish","type":"post","link":"https:\/\/www.p31noticias.com.br\/?p=18438","title":{"rendered":"Biotic recebe centro de inova\u00e7\u00e3o"},"content":{"rendered":"<p>O governador Ibaneis Rocha assinou, nesta quinta-feira (19), o termo de cess\u00e3o de uso de um dos blocos j\u00e1 constru\u00eddos do parque tecnol\u00f3gico Biotic, na Granja do Torto. O espa\u00e7o, de 1.682 metros quadrados, ser\u00e1 ocupado pelo Banco de Bras\u00edlia, que acaba de lan\u00e7ar o centro de inova\u00e7\u00e3o BRB Lab.<\/p>\n<p>O objetivo \u00e9 estimular o empreendedorismo voltado \u00e0s novas tecnologias para desenvolver a economia do Distrito Federal. \u201cO programa de inova\u00e7\u00e3o tecnol\u00f3gica do BRB \u00e9 direcionado a transformar Bras\u00edlia em um centro de atra\u00e7\u00e3o e fixa\u00e7\u00e3o de\u00a0<em>startup<\/em>\u00a0[empresa rec\u00e9m-criada, em fase de desenvolvimento, normalmente de base tecnol\u00f3gica], principalmente dos ramos de finan\u00e7as, seguros e tamb\u00e9m no campo de governo\u201d, explicou o presidente do BRB, Paulo Henrique Costa.<\/p>\n<blockquote class=\"olho direita\"><p><span class=\"olho__assinatura block\">Governador Ibaneis Rocha<\/span><\/p><\/blockquote>\n<p><strong>Sele\u00e7\u00e3o de empresas<\/strong><\/p>\n<p>Nos planos do banco, o centro de inova\u00e7\u00e3o vai consumir cerca de R$ 15 milh\u00f5es na primeira fase, que contar\u00e1 com a cria\u00e7\u00e3o de um fundo de investimentos. \u201cVamos sediar, inicialmente, dez empresas a dist\u00e2ncia e outras cinco, dentro do parque tecnol\u00f3gico\u201d, enumerou Costa.<\/p>\n<p>Nos pr\u00f3ximos dias, o BRB vai publicar um edital de sele\u00e7\u00e3o de empresas que possuam solu\u00e7\u00f5es para cinco eixos pr\u00e9-estabelecidos: experi\u00eancia do cliente, efici\u00eancia operacional, solu\u00e7\u00f5es para o governo, produtos de seguridade e meios de pagamento.<\/p>\n<p>Como contrapartida, as institui\u00e7\u00f5es selecionadas ter\u00e3o acesso \u00e0 infraestrutura f\u00edsica e tecnol\u00f3gica do centro de inova\u00e7\u00e3o, assessoria e consultoria do BRB (jur\u00eddica, financeira, cont\u00e1bil e de marketing) para desenvolver seus produtos, al\u00e9m da possibilidade de ofertas de suas eventuais solu\u00e7\u00f5es para clientes de todo o conglomerado do BRB e para os cidad\u00e3os do DF.<\/p>\n<p><strong>Desenvolvimento estimulado<\/strong><\/p>\n<p>\u201cEstamos resgatando a Lei Org\u00e2nica do DF, que estabelece que um dos objetivos de Bras\u00edlia precisa ser um polo de desenvolvimento tecnol\u00f3gico, ajustando nossa economia a novos tempos e transformando o BRB num parceiro priorit\u00e1rio do governo e de empres\u00e1rios que est\u00e3o pensando em desenvolvimento tecnol\u00f3gico e digital\u201d, detalhou o presidente do banco.<\/p>\n<p>Durante o lan\u00e7amento do programa de inova\u00e7\u00e3o do BRB, o diretor-presidente do parque tecnol\u00f3gico Biotic, Gustavo Dias, anunciou que a Terracap delimitou, nesta semana, o espa\u00e7o destinado \u00e0 Universidade Distrital. \u201cJ\u00e1 colocaram os piquetes no local\u201d, informou. \u201cA \u00e1rea j\u00e1 est\u00e1 pronta. Quando o projeto for aprovado, lan\u00e7aremos a licita\u00e7\u00e3o e a pedra fundamental da constru\u00e7\u00e3o\u201d.<\/p>\n<p>A meta do governador Ibaneis Rocha \u00e9 dar in\u00edcio \u00e0s obras da nova universidade em tempo h\u00e1bil. \u201cTenho esperan\u00e7as de que no ano que vem a gente consiga efetivar a universidade, at\u00e9 porque a economia est\u00e1 melhorando, os recursos v\u00e3o melhorar e ent\u00e3o poderemos entregar a primeira universidade do DF\u201d, avaliou.<\/p>\n","protected":false},"excerpt":{"rendered":"<p>O governador Ibaneis Rocha assinou, nesta quinta-feira (19), o termo de cess\u00e3o de uso de um dos blocos j\u00e1 constru\u00eddos do parque tecnol\u00f3gico Biotic, na Granja do Torto. O espa\u00e7o, de 1.682 metros quadrados, ser\u00e1 ocupado pelo Banco de Bras\u00edlia, que acaba de lan\u00e7ar o centro de inova\u00e7\u00e3o BRB Lab. O objetivo \u00e9 estimular o [&hellip;]<\/p>\n","protected":false},"author":18,"featured_media":18439,"comment_status":"open","ping_status":"open","sticky":false,"template":"","format":"standard","meta":{"footnotes":""},"categories":[57],"tags":[],"class_list":{"0":"post-18438","1":"post","2":"type-post","3":"status-publish","4":"format-standard","5":"has-post-thumbnail","7":"category-politica"},"yoast_head":"<!-- This site is optimized with the Yoast SEO Premium plugin v24.5 (Yoast SEO v27.5) - https:\/\/yoast.com\/product\/yoast-seo-premium-wordpress\/ -->\n<title>Biotic recebe centro de inova\u00e7\u00e3o - P31<\/title>\n<meta name=\"robots\" content=\"index, follow, max-snippet:-1, max-image-preview:large, max-video-preview:-1\" \/>\n<link rel=\"canonical\" href=\"https:\/\/www.p31noticias.com.br\/?p=18438\" \/>\n<meta property=\"og:locale\" content=\"pt_BR\" \/>\n<meta property=\"og:type\" content=\"article\" \/>\n<meta property=\"og:title\" content=\"Biotic recebe centro de inova\u00e7\u00e3o\" \/>\n<meta property=\"og:description\" content=\"O governador Ibaneis Rocha assinou, nesta quinta-feira (19), o termo de cess\u00e3o de uso de um dos blocos j\u00e1 constru\u00eddos do parque tecnol\u00f3gico Biotic, na Granja do Torto. O espa\u00e7o, de 1.682 metros quadrados, ser\u00e1 ocupado pelo Banco de Bras\u00edlia, que acaba de lan\u00e7ar o centro de inova\u00e7\u00e3o BRB Lab. O objetivo \u00e9 estimular o [&hellip;]\" \/>\n<meta property=\"og:url\" content=\"https:\/\/www.p31noticias.com.br\/?p=18438\" \/>\n<meta property=\"og:site_name\" content=\"P31\" \/>\n<meta property=\"article:published_time\" content=\"2019-09-19T23:35:23+00:00\" \/>\n<meta property=\"og:image\" content=\"https:\/\/www.p31noticias.com.br\/wp-content\/uploads\/2019\/09\/Screenshot_1.jpg\" \/>\n\t<meta property=\"og:image:width\" content=\"1029\" \/>\n\t<meta property=\"og:image:height\" content=\"687\" \/>\n\t<meta property=\"og:image:type\" content=\"image\/jpeg\" \/>\n<meta name=\"author\" content=\"Reda\u00e7\u00e3o JBN\" \/>\n<meta name=\"twitter:card\" content=\"summary_large_image\" \/>\n<meta name=\"twitter:label1\" content=\"Escrito por\" \/>\n\t<meta name=\"twitter:data1\" content=\"Reda\u00e7\u00e3o JBN\" \/>\n\t<meta name=\"twitter:label2\" content=\"Est. tempo de leitura\" \/>\n\t<meta name=\"twitter:data2\" content=\"2 minutos\" \/>\n<script type=\"application\/ld+json\" class=\"yoast-schema-graph\">{\"@context\":\"https:\\\/\\\/schema.org\",\"@graph\":[{\"@type\":\"Article\",\"@id\":\"https:\\\/\\\/www.p31noticias.com.br\\\/?p=18438#article\",\"isPartOf\":{\"@id\":\"https:\\\/\\\/www.p31noticias.com.br\\\/?p=18438\"},\"author\":{\"name\":\"Reda\u00e7\u00e3o JBN\",\"@id\":\"https:\\\/\\\/www.p31noticias.com.br\\\/#\\\/schema\\\/person\\\/77d6b186c710ac38937c6ec204fdd387\"},\"headline\":\"Biotic recebe centro de inova\u00e7\u00e3o\",\"datePublished\":\"2019-09-19T23:35:23+00:00\",\"mainEntityOfPage\":{\"@id\":\"https:\\\/\\\/www.p31noticias.com.br\\\/?p=18438\"},\"wordCount\":476,\"commentCount\":0,\"image\":{\"@id\":\"https:\\\/\\\/www.p31noticias.com.br\\\/?p=18438#primaryimage\"},\"thumbnailUrl\":\"https:\\\/\\\/www.p31noticias.com.br\\\/wp-content\\\/uploads\\\/2019\\\/09\\\/Screenshot_1.jpg\",\"articleSection\":[\"Pol\u00edtica\"],\"inLanguage\":\"pt-BR\",\"potentialAction\":[{\"@type\":\"CommentAction\",\"name\":\"Comment\",\"target\":[\"https:\\\/\\\/www.p31noticias.com.br\\\/?p=18438#respond\"]}],\"copyrightYear\":\"2019\",\"copyrightHolder\":{\"@id\":\"https:\\\/\\\/www.p31noticias.com.br\\\/#organization\"}},{\"@type\":\"WebPage\",\"@id\":\"https:\\\/\\\/www.p31noticias.com.br\\\/?p=18438\",\"url\":\"https:\\\/\\\/www.p31noticias.com.br\\\/?p=18438\",\"name\":\"Biotic recebe centro de inova\u00e7\u00e3o - P31\",\"isPartOf\":{\"@id\":\"https:\\\/\\\/www.p31noticias.com.br\\\/#website\"},\"primaryImageOfPage\":{\"@id\":\"https:\\\/\\\/www.p31noticias.com.br\\\/?p=18438#primaryimage\"},\"image\":{\"@id\":\"https:\\\/\\\/www.p31noticias.com.br\\\/?p=18438#primaryimage\"},\"thumbnailUrl\":\"https:\\\/\\\/www.p31noticias.com.br\\\/wp-content\\\/uploads\\\/2019\\\/09\\\/Screenshot_1.jpg\",\"datePublished\":\"2019-09-19T23:35:23+00:00\",\"author\":{\"@id\":\"https:\\\/\\\/www.p31noticias.com.br\\\/#\\\/schema\\\/person\\\/77d6b186c710ac38937c6ec204fdd387\"},\"breadcrumb\":{\"@id\":\"https:\\\/\\\/www.p31noticias.com.br\\\/?p=18438#breadcrumb\"},\"inLanguage\":\"pt-BR\",\"potentialAction\":[{\"@type\":\"ReadAction\",\"target\":[\"https:\\\/\\\/www.p31noticias.com.br\\\/?p=18438\"]}]},{\"@type\":\"ImageObject\",\"inLanguage\":\"pt-BR\",\"@id\":\"https:\\\/\\\/www.p31noticias.com.br\\\/?p=18438#primaryimage\",\"url\":\"https:\\\/\\\/www.p31noticias.com.br\\\/wp-content\\\/uploads\\\/2019\\\/09\\\/Screenshot_1.jpg\",\"contentUrl\":\"https:\\\/\\\/www.p31noticias.com.br\\\/wp-content\\\/uploads\\\/2019\\\/09\\\/Screenshot_1.jpg\",\"width\":1029,\"height\":687},{\"@type\":\"BreadcrumbList\",\"@id\":\"https:\\\/\\\/www.p31noticias.com.br\\\/?p=18438#breadcrumb\",\"itemListElement\":[{\"@type\":\"ListItem\",\"position\":1,\"name\":\"In\u00edcio\",\"item\":\"https:\\\/\\\/www.p31noticias.com.br\\\/\"},{\"@type\":\"ListItem\",\"position\":2,\"name\":\"Biotic recebe centro de inova\u00e7\u00e3o\"}]},{\"@type\":\"WebSite\",\"@id\":\"https:\\\/\\\/www.p31noticias.com.br\\\/#website\",\"url\":\"https:\\\/\\\/www.p31noticias.com.br\\\/\",\"name\":\"P31\",\"description\":\"NOT\u00cdCIAS\",\"potentialAction\":[{\"@type\":\"SearchAction\",\"target\":{\"@type\":\"EntryPoint\",\"urlTemplate\":\"https:\\\/\\\/www.p31noticias.com.br\\\/?s={search_term_string}\"},\"query-input\":{\"@type\":\"PropertyValueSpecification\",\"valueRequired\":true,\"valueName\":\"search_term_string\"}}],\"inLanguage\":\"pt-BR\"},{\"@type\":\"Person\",\"@id\":\"https:\\\/\\\/www.p31noticias.com.br\\\/#\\\/schema\\\/person\\\/77d6b186c710ac38937c6ec204fdd387\",\"name\":\"Reda\u00e7\u00e3o JBN\",\"image\":{\"@type\":\"ImageObject\",\"inLanguage\":\"pt-BR\",\"@id\":\"https:\\\/\\\/secure.gravatar.com\\\/avatar\\\/10fcdb93211f98cce3d64c0795b0915a9a4a21dc0f279238995a3dbfafcad090?s=96&d=mm&r=g\",\"url\":\"https:\\\/\\\/secure.gravatar.com\\\/avatar\\\/10fcdb93211f98cce3d64c0795b0915a9a4a21dc0f279238995a3dbfafcad090?s=96&d=mm&r=g\",\"contentUrl\":\"https:\\\/\\\/secure.gravatar.com\\\/avatar\\\/10fcdb93211f98cce3d64c0795b0915a9a4a21dc0f279238995a3dbfafcad090?s=96&d=mm&r=g\",\"caption\":\"Reda\u00e7\u00e3o JBN\"},\"sameAs\":[\"https:\\\/\\\/p31noticias.com.br\"],\"url\":\"https:\\\/\\\/www.p31noticias.com.br\\\/?author=18\"}]}<\/script>\n<!-- \/ Yoast SEO Premium plugin. -->","yoast_head_json":{"title":"Biotic recebe centro de inova\u00e7\u00e3o - P31","robots":{"index":"index","follow":"follow","max-snippet":"max-snippet:-1","max-image-preview":"max-image-preview:large","max-video-preview":"max-video-preview:-1"},"canonical":"https:\/\/www.p31noticias.com.br\/?p=18438","og_locale":"pt_BR","og_type":"article","og_title":"Biotic recebe centro de inova\u00e7\u00e3o","og_description":"O governador Ibaneis Rocha assinou, nesta quinta-feira (19), o termo de cess\u00e3o de uso de um dos blocos j\u00e1 constru\u00eddos do parque tecnol\u00f3gico Biotic, na Granja do Torto. O espa\u00e7o, de 1.682 metros quadrados, ser\u00e1 ocupado pelo Banco de Bras\u00edlia, que acaba de lan\u00e7ar o centro de inova\u00e7\u00e3o BRB Lab. O objetivo \u00e9 estimular o [&hellip;]","og_url":"https:\/\/www.p31noticias.com.br\/?p=18438","og_site_name":"P31","article_published_time":"2019-09-19T23:35:23+00:00","og_image":[{"width":1029,"height":687,"url":"https:\/\/www.p31noticias.com.br\/wp-content\/uploads\/2019\/09\/Screenshot_1.jpg","type":"image\/jpeg"}],"author":"Reda\u00e7\u00e3o JBN","twitter_card":"summary_large_image","twitter_misc":{"Escrito por":"Reda\u00e7\u00e3o JBN","Est. tempo de leitura":"2 minutos"},"schema":{"@context":"https:\/\/schema.org","@graph":[{"@type":"Article","@id":"https:\/\/www.p31noticias.com.br\/?p=18438#article","isPartOf":{"@id":"https:\/\/www.p31noticias.com.br\/?p=18438"},"author":{"name":"Reda\u00e7\u00e3o JBN","@id":"https:\/\/www.p31noticias.com.br\/#\/schema\/person\/77d6b186c710ac38937c6ec204fdd387"},"headline":"Biotic recebe centro de inova\u00e7\u00e3o","datePublished":"2019-09-19T23:35:23+00:00","mainEntityOfPage":{"@id":"https:\/\/www.p31noticias.com.br\/?p=18438"},"wordCount":476,"commentCount":0,"image":{"@id":"https:\/\/www.p31noticias.com.br\/?p=18438#primaryimage"},"thumbnailUrl":"https:\/\/www.p31noticias.com.br\/wp-content\/uploads\/2019\/09\/Screenshot_1.jpg","articleSection":["Pol\u00edtica"],"inLanguage":"pt-BR","potentialAction":[{"@type":"CommentAction","name":"Comment","target":["https:\/\/www.p31noticias.com.br\/?p=18438#respond"]}],"copyrightYear":"2019","copyrightHolder":{"@id":"https:\/\/www.p31noticias.com.br\/#organization"}},{"@type":"WebPage","@id":"https:\/\/www.p31noticias.com.br\/?p=18438","url":"https:\/\/www.p31noticias.com.br\/?p=18438","name":"Biotic recebe centro de inova\u00e7\u00e3o - P31","isPartOf":{"@id":"https:\/\/www.p31noticias.com.br\/#website"},"primaryImageOfPage":{"@id":"https:\/\/www.p31noticias.com.br\/?p=18438#primaryimage"},"image":{"@id":"https:\/\/www.p31noticias.com.br\/?p=18438#primaryimage"},"thumbnailUrl":"https:\/\/www.p31noticias.com.br\/wp-content\/uploads\/2019\/09\/Screenshot_1.jpg","datePublished":"2019-09-19T23:35:23+00:00","author":{"@id":"https:\/\/www.p31noticias.com.br\/#\/schema\/person\/77d6b186c710ac38937c6ec204fdd387"},"breadcrumb":{"@id":"https:\/\/www.p31noticias.com.br\/?p=18438#breadcrumb"},"inLanguage":"pt-BR","potentialAction":[{"@type":"ReadAction","target":["https:\/\/www.p31noticias.com.br\/?p=18438"]}]},{"@type":"ImageObject","inLanguage":"pt-BR","@id":"https:\/\/www.p31noticias.com.br\/?p=18438#primaryimage","url":"https:\/\/www.p31noticias.com.br\/wp-content\/uploads\/2019\/09\/Screenshot_1.jpg","contentUrl":"https:\/\/www.p31noticias.com.br\/wp-content\/uploads\/2019\/09\/Screenshot_1.jpg","width":1029,"height":687},{"@type":"BreadcrumbList","@id":"https:\/\/www.p31noticias.com.br\/?p=18438#breadcrumb","itemListElement":[{"@type":"ListItem","position":1,"name":"In\u00edcio","item":"https:\/\/www.p31noticias.com.br\/"},{"@type":"ListItem","position":2,"name":"Biotic recebe centro de inova\u00e7\u00e3o"}]},{"@type":"WebSite","@id":"https:\/\/www.p31noticias.com.br\/#website","url":"https:\/\/www.p31noticias.com.br\/","name":"P31","description":"NOT\u00cdCIAS","potentialAction":[{"@type":"SearchAction","target":{"@type":"EntryPoint","urlTemplate":"https:\/\/www.p31noticias.com.br\/?s={search_term_string}"},"query-input":{"@type":"PropertyValueSpecification","valueRequired":true,"valueName":"search_term_string"}}],"inLanguage":"pt-BR"},{"@type":"Person","@id":"https:\/\/www.p31noticias.com.br\/#\/schema\/person\/77d6b186c710ac38937c6ec204fdd387","name":"Reda\u00e7\u00e3o JBN","image":{"@type":"ImageObject","inLanguage":"pt-BR","@id":"https:\/\/secure.gravatar.com\/avatar\/10fcdb93211f98cce3d64c0795b0915a9a4a21dc0f279238995a3dbfafcad090?s=96&d=mm&r=g","url":"https:\/\/secure.gravatar.com\/avatar\/10fcdb93211f98cce3d64c0795b0915a9a4a21dc0f279238995a3dbfafcad090?s=96&d=mm&r=g","contentUrl":"https:\/\/secure.gravatar.com\/avatar\/10fcdb93211f98cce3d64c0795b0915a9a4a21dc0f279238995a3dbfafcad090?s=96&d=mm&r=g","caption":"Reda\u00e7\u00e3o JBN"},"sameAs":["https:\/\/p31noticias.com.br"],"url":"https:\/\/www.p31noticias.com.br\/?author=18"}]}},"amp_enabled":true,"_links":{"self":[{"href":"https:\/\/www.p31noticias.com.br\/index.php?rest_route=\/wp\/v2\/posts\/18438","targetHints":{"allow":["GET"]}}],"collection":[{"href":"https:\/\/www.p31noticias.com.br\/index.php?rest_route=\/wp\/v2\/posts"}],"about":[{"href":"https:\/\/www.p31noticias.com.br\/index.php?rest_route=\/wp\/v2\/types\/post"}],"author":[{"embeddable":true,"href":"https:\/\/www.p31noticias.com.br\/index.php?rest_route=\/wp\/v2\/users\/18"}],"replies":[{"embeddable":true,"href":"https:\/\/www.p31noticias.com.br\/index.php?rest_route=%2Fwp%2Fv2%2Fcomments&post=18438"}],"version-history":[{"count":0,"href":"https:\/\/www.p31noticias.com.br\/index.php?rest_route=\/wp\/v2\/posts\/18438\/revisions"}],"wp:featuredmedia":[{"embeddable":true,"href":"https:\/\/www.p31noticias.com.br\/index.php?rest_route=\/wp\/v2\/media\/18439"}],"wp:attachment":[{"href":"https:\/\/www.p31noticias.com.br\/index.php?rest_route=%2Fwp%2Fv2%2Fmedia&parent=18438"}],"wp:term":[{"taxonomy":"category","embeddable":true,"href":"https:\/\/www.p31noticias.com.br\/index.php?rest_route=%2Fwp%2Fv2%2Fcategories&post=18438"},{"taxonomy":"post_tag","embeddable":true,"href":"https:\/\/www.p31noticias.com.br\/index.php?rest_route=%2Fwp%2Fv2%2Ftags&post=18438"}],"curies":[{"name":"wp","href":"https:\/\/api.w.org\/{rel}","templated":true}]}}