{"id":18400,"date":"2019-08-15T12:07:04","date_gmt":"2019-08-15T15:07:04","guid":{"rendered":"https:\/\/www.delioandrade.com.br\/?p=18400"},"modified":"2019-08-15T12:07:04","modified_gmt":"2019-08-15T15:07:04","slug":"vitoria-legislativa-e-nova-ra","status":"publish","type":"post","link":"https:\/\/www.p31noticias.com.br\/?p=18400","title":{"rendered":"Vit\u00f3ria legislativa e Nova RA"},"content":{"rendered":"<p>A aprova\u00e7\u00e3o da nova administra\u00e7\u00e3o do Sol Nascente\/P\u00f4r do Sol foi uma vit\u00f3ria da C\u00e2mara Legislativa, entendida como um avan\u00e7o para a regi\u00e3o. Para o governador Ibaneis Rocha, trata-se de um novo importante desafio. Aumenta a obriga\u00e7\u00e3o, j\u00e1 que parte da regi\u00e3o, antes irregular, agora ganhar\u00e1 ares de legalidade.<\/p>\n<h3>Esfor\u00e7o dobrado<\/h3>\n<p>A responsabilidade do Executivo em desenvolver a regi\u00e3o que carece de servi\u00e7o p\u00fablico s\u00f3 aumenta. No entanto, um problema pol\u00edtico pode se criar se o desenvolvimento do local se \u201ctornar uma grande fic\u00e7\u00e3o\u201d, lembrou um oposicionista. O futuro administrador, Goudim Carneiro, celebra a vit\u00f3ria\u201d. \u201cS\u00f3 o fato da legalidade j\u00e1 ajuda. Agora podemos trabalhar, j\u00e1 que o servi\u00e7o p\u00fablico ter\u00e1 permiss\u00e3o de entrar\u201d.<\/p>\n<div id=\"jorna-1883418703\" class=\"jorna-content\"><\/div>\n<h3>Condu\u00e7\u00e3o elogiada<\/h3>\n<div id=\"attachment_1585938\" class=\"wp-caption aligncenter\">\n<p><img loading=\"lazy\" decoding=\"async\" class=\"wp-image-1585938 size-full\" src=\"https:\/\/jornaldebrasilia.com.br\/wp-content\/uploads\/2019\/08\/rafael.jpg\" sizes=\"auto, (max-width: 1200px) 100vw, 1200px\" srcset=\"https:\/\/jornaldebrasilia.com.br\/wp-content\/uploads\/2019\/08\/rafael.jpg 1200w, https:\/\/jornaldebrasilia.com.br\/wp-content\/uploads\/2019\/08\/rafael-300x200.jpg 300w, https:\/\/jornaldebrasilia.com.br\/wp-content\/uploads\/2019\/08\/rafael-768x511.jpg 768w, https:\/\/jornaldebrasilia.com.br\/wp-content\/uploads\/2019\/08\/rafael-1024x681.jpg 1024w\" alt=\"\" width=\"1200\" height=\"798\" aria-describedby=\"caption-attachment-1585938\" \/><\/p>\n<p id=\"caption-attachment-1585938\" class=\"wp-caption-text\">Foto: Carlos Gandra\/CLDF<\/p>\n<\/div>\n<p>Em clima de festa, a aprova\u00e7\u00e3o do projeto fez crescer o capital pol\u00edtico do presidente da CLDF, Rafael Prudente (MDB\/foto). O m\u00e9rito ficou com o emedebista que recebeu diversos elogios dos colegas. A alegria chegou ao ponto de j\u00e1 anunciarem voto para a reelei\u00e7\u00e3o da presid\u00eancia da Casa. Um dos distritais resumiu o sentimento. \u201cConduz a C\u00e2mara com maestria\u201d.<\/p>\n<h3>Prest\u00edgio recompensado<\/h3>\n<p>Chamado para se sentar ao lado do presidente, depois de se manter discreto na extremidade da mesa, o administrador da Ceil\u00e2ndia, Fernando Fernandes, que assumiu como deputado para votar, recebeu todo o destaque poss\u00edvel. Ele foi o pen\u00faltimo a votar. Um servidor ficou atento \u00e0 conquista de Rafael Prudente. A sess\u00e3o lhe garantiu, ao menos, dois apoios pol\u00edticos importantes, dos administradores da Ceil\u00e2ndia e do Sol Nascente. Para qualquer ambi\u00e7\u00e3o pol\u00edtica, s\u00e3o cerca de 400 mil votos dispon\u00edveis.<\/p>\n<h3>Rep\u00fadio enf\u00e1tico<\/h3>\n<p>A Carta produzida na segunda (12) pela OAB local, com cerca de 100 assinaturas, eleva o tom em defesa do exame da Ordem. A ordem vem sendo alvo de ataques, mas tem procurado fortalecer a \u201ctrincheira\u201d, como enfatizou um advogado.<\/p>\n<h3>Observa\u00e7\u00e3o pontual<\/h3>\n<p>Em um dos momentos de euforia, um pol\u00edtico presente disparou cr\u00edticas efusivas ao ex-presidente da C\u00e2mara Federal Eduardo Cunha, preso em Curitiba. Bastou isso para o presidente local da Ordem, D\u00e9lio Lins e Silva, comentar com o deputado que estava ao lado. \u201cVeja como as coisas s\u00e3o. Eduardo Cunha \u00e9 meu cliente\u201d. O parlamentar \u00e9 filiado ao PT e caiu na risada. Lembrando: na advocacia n\u00e3o se observa rosto.<\/p>\n<h3>Respeito com preocupa\u00e7\u00e3o<\/h3>\n<p>Para n\u00e3o melindrar um apoio pol\u00edtico importante, o governador Ibaneis Rocha telefonou \u00e0 suplente Telma Rufino (Pros) para tentar amenizar um poss\u00edvel descontentamento por ter sido substitu\u00edda pelo titular ontem, Fernando Fernandes. A atua\u00e7\u00e3o da pol\u00edtica, por\u00e9m, vem sendo em torno da cria\u00e7\u00e3o da regi\u00e3o de Arniqueiras. Nos bastidores, a parlamentar tentou articular uma vota\u00e7\u00e3o em conjunto com a cria\u00e7\u00e3o do Sol Nascente, mas problemas t\u00e9cnicos prejudicaram o objetivo.<\/p>\n<h3>Nova RA j\u00e1 agendada<\/h3>\n<p>A cria\u00e7\u00e3o da regi\u00e3o de Arniqueira manter\u00e1 o mesmo estilo da vota\u00e7\u00e3o de ontem. A nova RA ser\u00e1 votada j\u00e1 agora em setembro e na \u201cC\u00e2mara Mais Perto de Voc\u00ea\u201d. Por falar nisso, o modelo de trabalho itinerante<br \/>\nfoi criado pelo pai do atual\u00a0 presidente da CLDF, Leonardo Prudente.<\/p>\n<h3>Aus\u00eancia de apoio<\/h3>\n<p>A presen\u00e7a de apenas tr\u00eas distritais no evento de coopera\u00e7\u00e3o entre a CEB e o BNDES no Buriti pode ser um sinal da dificuldade que o governo ter\u00e1 em aprovar as privatiza\u00e7\u00f5es na C\u00e2mara Legislativa. A avalia\u00e7\u00e3o foi feita por um t\u00e9cnico presente Por enquanto, especula-se que o governo ainda n\u00e3o possui o qu\u00f3rum necess\u00e1rio para aprovar medidas que alguns setores possam considerar impopulares.<\/p>\n<h3>Sa\u00fade infantil<\/h3>\n<p>Parado desde 1994, o projeto que amplia o n\u00famero de doen\u00e7as detectadas pelo teste do pezinho na rede p\u00fablica, voltou a andar. Bras\u00edlia j\u00e1 est\u00e1 na frente, j\u00e1 que s\u00e3o mais de 30 doen\u00e7as. Em m\u00e9dia, o pa\u00eds s\u00f3 detecta 6 doen\u00e7as no teste, mas a inten\u00e7\u00e3o ser\u00e1 ampliar para 40.<\/p>\n<h3>Rotina congressual<\/h3>\n<p>P\u00f3s-previd\u00eancia, a Frente Parlamentar Mista da Economia e Cidadania Digital se reuniu ontem no congresso nacional para definir os trabalhos do semestre. Integrante e membro atuante, o deputado federal Professor Israel (PV-DF) contou que o foco central das atividades ser\u00e1 a regulamenta\u00e7\u00e3o das moedas virtuais, a exemplo do Bitcoin. O Brasil \u00e9 l\u00edder em criptoeconomia na Am\u00e9rica Latina. \u201cO Congresso n\u00e3o pode poupar esfor\u00e7os para garantir a seguran\u00e7a jur\u00eddica desse mercado promissor e inovador\u201d, afirma o parlamentar.<\/p>\n<h3>\u201cPopstar\u201d pol\u00edtico<\/h3>\n<p>Logo que publicado, o v\u00eddeo de presta\u00e7\u00e3o de contas do deputado Jorge Vianna j\u00e1 tinha gerado cochichos de servidores da C\u00e2mara Legislativa. O parlamentar est\u00e1 ficando conhecido pelas produ\u00e7\u00f5es, quase que cinematogr\u00e1ficas, mas considerado por muitos, excessivos. Um coment\u00e1rio foi certeiro. \u201cParece um popstar\u201d.<\/p>\n","protected":false},"excerpt":{"rendered":"<p>A aprova\u00e7\u00e3o da nova administra\u00e7\u00e3o do Sol Nascente\/P\u00f4r do Sol foi uma vit\u00f3ria da C\u00e2mara Legislativa, entendida como um avan\u00e7o para a regi\u00e3o. Para o governador Ibaneis Rocha, trata-se de um novo importante desafio. Aumenta a obriga\u00e7\u00e3o, j\u00e1 que parte da regi\u00e3o, antes irregular, agora ganhar\u00e1 ares de legalidade. Esfor\u00e7o dobrado A responsabilidade do Executivo [&hellip;]<\/p>\n","protected":false},"author":18,"featured_media":18402,"comment_status":"open","ping_status":"open","sticky":false,"template":"","format":"standard","meta":{"footnotes":""},"categories":[57],"tags":[],"class_list":{"0":"post-18400","1":"post","2":"type-post","3":"status-publish","4":"format-standard","5":"has-post-thumbnail","7":"category-politica"},"yoast_head":"<!-- This site is optimized with the Yoast SEO Premium plugin v24.5 (Yoast SEO v27.5) - https:\/\/yoast.com\/product\/yoast-seo-premium-wordpress\/ -->\n<title>Vit\u00f3ria legislativa e Nova RA - P31<\/title>\n<meta name=\"robots\" content=\"index, follow, max-snippet:-1, max-image-preview:large, max-video-preview:-1\" \/>\n<link rel=\"canonical\" href=\"https:\/\/www.p31noticias.com.br\/?p=18400\" \/>\n<meta property=\"og:locale\" content=\"pt_BR\" \/>\n<meta property=\"og:type\" content=\"article\" \/>\n<meta property=\"og:title\" content=\"Vit\u00f3ria legislativa e Nova RA\" \/>\n<meta property=\"og:description\" content=\"A aprova\u00e7\u00e3o da nova administra\u00e7\u00e3o do Sol Nascente\/P\u00f4r do Sol foi uma vit\u00f3ria da C\u00e2mara Legislativa, entendida como um avan\u00e7o para a regi\u00e3o. Para o governador Ibaneis Rocha, trata-se de um novo importante desafio. Aumenta a obriga\u00e7\u00e3o, j\u00e1 que parte da regi\u00e3o, antes irregular, agora ganhar\u00e1 ares de legalidade. Esfor\u00e7o dobrado A responsabilidade do Executivo [&hellip;]\" \/>\n<meta property=\"og:url\" content=\"https:\/\/www.p31noticias.com.br\/?p=18400\" \/>\n<meta property=\"og:site_name\" content=\"P31\" \/>\n<meta property=\"article:published_time\" content=\"2019-08-15T15:07:04+00:00\" \/>\n<meta property=\"og:image\" content=\"https:\/\/www.p31noticias.com.br\/wp-content\/uploads\/2019\/08\/rafael_prudente.jpg\" \/>\n\t<meta property=\"og:image:width\" content=\"1200\" \/>\n\t<meta property=\"og:image:height\" content=\"677\" \/>\n\t<meta property=\"og:image:type\" content=\"image\/jpeg\" \/>\n<meta name=\"author\" content=\"Reda\u00e7\u00e3o JBN\" \/>\n<meta name=\"twitter:card\" content=\"summary_large_image\" \/>\n<meta name=\"twitter:label1\" content=\"Escrito por\" \/>\n\t<meta name=\"twitter:data1\" content=\"Reda\u00e7\u00e3o JBN\" \/>\n\t<meta name=\"twitter:label2\" content=\"Est. tempo de leitura\" \/>\n\t<meta name=\"twitter:data2\" content=\"4 minutos\" \/>\n<script type=\"application\/ld+json\" class=\"yoast-schema-graph\">{\"@context\":\"https:\\\/\\\/schema.org\",\"@graph\":[{\"@type\":\"Article\",\"@id\":\"https:\\\/\\\/www.p31noticias.com.br\\\/?p=18400#article\",\"isPartOf\":{\"@id\":\"https:\\\/\\\/www.p31noticias.com.br\\\/?p=18400\"},\"author\":{\"name\":\"Reda\u00e7\u00e3o JBN\",\"@id\":\"https:\\\/\\\/www.p31noticias.com.br\\\/#\\\/schema\\\/person\\\/77d6b186c710ac38937c6ec204fdd387\"},\"headline\":\"Vit\u00f3ria legislativa e Nova RA\",\"datePublished\":\"2019-08-15T15:07:04+00:00\",\"mainEntityOfPage\":{\"@id\":\"https:\\\/\\\/www.p31noticias.com.br\\\/?p=18400\"},\"wordCount\":839,\"commentCount\":0,\"image\":{\"@id\":\"https:\\\/\\\/www.p31noticias.com.br\\\/?p=18400#primaryimage\"},\"thumbnailUrl\":\"https:\\\/\\\/www.p31noticias.com.br\\\/wp-content\\\/uploads\\\/2019\\\/08\\\/rafael_prudente.jpg\",\"articleSection\":[\"Pol\u00edtica\"],\"inLanguage\":\"pt-BR\",\"potentialAction\":[{\"@type\":\"CommentAction\",\"name\":\"Comment\",\"target\":[\"https:\\\/\\\/www.p31noticias.com.br\\\/?p=18400#respond\"]}],\"copyrightYear\":\"2019\",\"copyrightHolder\":{\"@id\":\"https:\\\/\\\/www.p31noticias.com.br\\\/#organization\"}},{\"@type\":\"WebPage\",\"@id\":\"https:\\\/\\\/www.p31noticias.com.br\\\/?p=18400\",\"url\":\"https:\\\/\\\/www.p31noticias.com.br\\\/?p=18400\",\"name\":\"Vit\u00f3ria legislativa e Nova RA - P31\",\"isPartOf\":{\"@id\":\"https:\\\/\\\/www.p31noticias.com.br\\\/#website\"},\"primaryImageOfPage\":{\"@id\":\"https:\\\/\\\/www.p31noticias.com.br\\\/?p=18400#primaryimage\"},\"image\":{\"@id\":\"https:\\\/\\\/www.p31noticias.com.br\\\/?p=18400#primaryimage\"},\"thumbnailUrl\":\"https:\\\/\\\/www.p31noticias.com.br\\\/wp-content\\\/uploads\\\/2019\\\/08\\\/rafael_prudente.jpg\",\"datePublished\":\"2019-08-15T15:07:04+00:00\",\"author\":{\"@id\":\"https:\\\/\\\/www.p31noticias.com.br\\\/#\\\/schema\\\/person\\\/77d6b186c710ac38937c6ec204fdd387\"},\"breadcrumb\":{\"@id\":\"https:\\\/\\\/www.p31noticias.com.br\\\/?p=18400#breadcrumb\"},\"inLanguage\":\"pt-BR\",\"potentialAction\":[{\"@type\":\"ReadAction\",\"target\":[\"https:\\\/\\\/www.p31noticias.com.br\\\/?p=18400\"]}]},{\"@type\":\"ImageObject\",\"inLanguage\":\"pt-BR\",\"@id\":\"https:\\\/\\\/www.p31noticias.com.br\\\/?p=18400#primaryimage\",\"url\":\"https:\\\/\\\/www.p31noticias.com.br\\\/wp-content\\\/uploads\\\/2019\\\/08\\\/rafael_prudente.jpg\",\"contentUrl\":\"https:\\\/\\\/www.p31noticias.com.br\\\/wp-content\\\/uploads\\\/2019\\\/08\\\/rafael_prudente.jpg\",\"width\":1200,\"height\":677},{\"@type\":\"BreadcrumbList\",\"@id\":\"https:\\\/\\\/www.p31noticias.com.br\\\/?p=18400#breadcrumb\",\"itemListElement\":[{\"@type\":\"ListItem\",\"position\":1,\"name\":\"In\u00edcio\",\"item\":\"https:\\\/\\\/www.p31noticias.com.br\\\/\"},{\"@type\":\"ListItem\",\"position\":2,\"name\":\"Vit\u00f3ria legislativa e Nova RA\"}]},{\"@type\":\"WebSite\",\"@id\":\"https:\\\/\\\/www.p31noticias.com.br\\\/#website\",\"url\":\"https:\\\/\\\/www.p31noticias.com.br\\\/\",\"name\":\"P31\",\"description\":\"NOT\u00cdCIAS\",\"potentialAction\":[{\"@type\":\"SearchAction\",\"target\":{\"@type\":\"EntryPoint\",\"urlTemplate\":\"https:\\\/\\\/www.p31noticias.com.br\\\/?s={search_term_string}\"},\"query-input\":{\"@type\":\"PropertyValueSpecification\",\"valueRequired\":true,\"valueName\":\"search_term_string\"}}],\"inLanguage\":\"pt-BR\"},{\"@type\":\"Person\",\"@id\":\"https:\\\/\\\/www.p31noticias.com.br\\\/#\\\/schema\\\/person\\\/77d6b186c710ac38937c6ec204fdd387\",\"name\":\"Reda\u00e7\u00e3o JBN\",\"image\":{\"@type\":\"ImageObject\",\"inLanguage\":\"pt-BR\",\"@id\":\"https:\\\/\\\/secure.gravatar.com\\\/avatar\\\/10fcdb93211f98cce3d64c0795b0915a9a4a21dc0f279238995a3dbfafcad090?s=96&d=mm&r=g\",\"url\":\"https:\\\/\\\/secure.gravatar.com\\\/avatar\\\/10fcdb93211f98cce3d64c0795b0915a9a4a21dc0f279238995a3dbfafcad090?s=96&d=mm&r=g\",\"contentUrl\":\"https:\\\/\\\/secure.gravatar.com\\\/avatar\\\/10fcdb93211f98cce3d64c0795b0915a9a4a21dc0f279238995a3dbfafcad090?s=96&d=mm&r=g\",\"caption\":\"Reda\u00e7\u00e3o JBN\"},\"sameAs\":[\"https:\\\/\\\/p31noticias.com.br\"],\"url\":\"https:\\\/\\\/www.p31noticias.com.br\\\/?author=18\"}]}<\/script>\n<!-- \/ Yoast SEO Premium plugin. -->","yoast_head_json":{"title":"Vit\u00f3ria legislativa e Nova RA - P31","robots":{"index":"index","follow":"follow","max-snippet":"max-snippet:-1","max-image-preview":"max-image-preview:large","max-video-preview":"max-video-preview:-1"},"canonical":"https:\/\/www.p31noticias.com.br\/?p=18400","og_locale":"pt_BR","og_type":"article","og_title":"Vit\u00f3ria legislativa e Nova RA","og_description":"A aprova\u00e7\u00e3o da nova administra\u00e7\u00e3o do Sol Nascente\/P\u00f4r do Sol foi uma vit\u00f3ria da C\u00e2mara Legislativa, entendida como um avan\u00e7o para a regi\u00e3o. Para o governador Ibaneis Rocha, trata-se de um novo importante desafio. Aumenta a obriga\u00e7\u00e3o, j\u00e1 que parte da regi\u00e3o, antes irregular, agora ganhar\u00e1 ares de legalidade. Esfor\u00e7o dobrado A responsabilidade do Executivo [&hellip;]","og_url":"https:\/\/www.p31noticias.com.br\/?p=18400","og_site_name":"P31","article_published_time":"2019-08-15T15:07:04+00:00","og_image":[{"width":1200,"height":677,"url":"https:\/\/www.p31noticias.com.br\/wp-content\/uploads\/2019\/08\/rafael_prudente.jpg","type":"image\/jpeg"}],"author":"Reda\u00e7\u00e3o JBN","twitter_card":"summary_large_image","twitter_misc":{"Escrito por":"Reda\u00e7\u00e3o JBN","Est. tempo de leitura":"4 minutos"},"schema":{"@context":"https:\/\/schema.org","@graph":[{"@type":"Article","@id":"https:\/\/www.p31noticias.com.br\/?p=18400#article","isPartOf":{"@id":"https:\/\/www.p31noticias.com.br\/?p=18400"},"author":{"name":"Reda\u00e7\u00e3o JBN","@id":"https:\/\/www.p31noticias.com.br\/#\/schema\/person\/77d6b186c710ac38937c6ec204fdd387"},"headline":"Vit\u00f3ria legislativa e Nova RA","datePublished":"2019-08-15T15:07:04+00:00","mainEntityOfPage":{"@id":"https:\/\/www.p31noticias.com.br\/?p=18400"},"wordCount":839,"commentCount":0,"image":{"@id":"https:\/\/www.p31noticias.com.br\/?p=18400#primaryimage"},"thumbnailUrl":"https:\/\/www.p31noticias.com.br\/wp-content\/uploads\/2019\/08\/rafael_prudente.jpg","articleSection":["Pol\u00edtica"],"inLanguage":"pt-BR","potentialAction":[{"@type":"CommentAction","name":"Comment","target":["https:\/\/www.p31noticias.com.br\/?p=18400#respond"]}],"copyrightYear":"2019","copyrightHolder":{"@id":"https:\/\/www.p31noticias.com.br\/#organization"}},{"@type":"WebPage","@id":"https:\/\/www.p31noticias.com.br\/?p=18400","url":"https:\/\/www.p31noticias.com.br\/?p=18400","name":"Vit\u00f3ria legislativa e Nova RA - P31","isPartOf":{"@id":"https:\/\/www.p31noticias.com.br\/#website"},"primaryImageOfPage":{"@id":"https:\/\/www.p31noticias.com.br\/?p=18400#primaryimage"},"image":{"@id":"https:\/\/www.p31noticias.com.br\/?p=18400#primaryimage"},"thumbnailUrl":"https:\/\/www.p31noticias.com.br\/wp-content\/uploads\/2019\/08\/rafael_prudente.jpg","datePublished":"2019-08-15T15:07:04+00:00","author":{"@id":"https:\/\/www.p31noticias.com.br\/#\/schema\/person\/77d6b186c710ac38937c6ec204fdd387"},"breadcrumb":{"@id":"https:\/\/www.p31noticias.com.br\/?p=18400#breadcrumb"},"inLanguage":"pt-BR","potentialAction":[{"@type":"ReadAction","target":["https:\/\/www.p31noticias.com.br\/?p=18400"]}]},{"@type":"ImageObject","inLanguage":"pt-BR","@id":"https:\/\/www.p31noticias.com.br\/?p=18400#primaryimage","url":"https:\/\/www.p31noticias.com.br\/wp-content\/uploads\/2019\/08\/rafael_prudente.jpg","contentUrl":"https:\/\/www.p31noticias.com.br\/wp-content\/uploads\/2019\/08\/rafael_prudente.jpg","width":1200,"height":677},{"@type":"BreadcrumbList","@id":"https:\/\/www.p31noticias.com.br\/?p=18400#breadcrumb","itemListElement":[{"@type":"ListItem","position":1,"name":"In\u00edcio","item":"https:\/\/www.p31noticias.com.br\/"},{"@type":"ListItem","position":2,"name":"Vit\u00f3ria legislativa e Nova RA"}]},{"@type":"WebSite","@id":"https:\/\/www.p31noticias.com.br\/#website","url":"https:\/\/www.p31noticias.com.br\/","name":"P31","description":"NOT\u00cdCIAS","potentialAction":[{"@type":"SearchAction","target":{"@type":"EntryPoint","urlTemplate":"https:\/\/www.p31noticias.com.br\/?s={search_term_string}"},"query-input":{"@type":"PropertyValueSpecification","valueRequired":true,"valueName":"search_term_string"}}],"inLanguage":"pt-BR"},{"@type":"Person","@id":"https:\/\/www.p31noticias.com.br\/#\/schema\/person\/77d6b186c710ac38937c6ec204fdd387","name":"Reda\u00e7\u00e3o JBN","image":{"@type":"ImageObject","inLanguage":"pt-BR","@id":"https:\/\/secure.gravatar.com\/avatar\/10fcdb93211f98cce3d64c0795b0915a9a4a21dc0f279238995a3dbfafcad090?s=96&d=mm&r=g","url":"https:\/\/secure.gravatar.com\/avatar\/10fcdb93211f98cce3d64c0795b0915a9a4a21dc0f279238995a3dbfafcad090?s=96&d=mm&r=g","contentUrl":"https:\/\/secure.gravatar.com\/avatar\/10fcdb93211f98cce3d64c0795b0915a9a4a21dc0f279238995a3dbfafcad090?s=96&d=mm&r=g","caption":"Reda\u00e7\u00e3o JBN"},"sameAs":["https:\/\/p31noticias.com.br"],"url":"https:\/\/www.p31noticias.com.br\/?author=18"}]}},"amp_enabled":true,"_links":{"self":[{"href":"https:\/\/www.p31noticias.com.br\/index.php?rest_route=\/wp\/v2\/posts\/18400","targetHints":{"allow":["GET"]}}],"collection":[{"href":"https:\/\/www.p31noticias.com.br\/index.php?rest_route=\/wp\/v2\/posts"}],"about":[{"href":"https:\/\/www.p31noticias.com.br\/index.php?rest_route=\/wp\/v2\/types\/post"}],"author":[{"embeddable":true,"href":"https:\/\/www.p31noticias.com.br\/index.php?rest_route=\/wp\/v2\/users\/18"}],"replies":[{"embeddable":true,"href":"https:\/\/www.p31noticias.com.br\/index.php?rest_route=%2Fwp%2Fv2%2Fcomments&post=18400"}],"version-history":[{"count":0,"href":"https:\/\/www.p31noticias.com.br\/index.php?rest_route=\/wp\/v2\/posts\/18400\/revisions"}],"wp:featuredmedia":[{"embeddable":true,"href":"https:\/\/www.p31noticias.com.br\/index.php?rest_route=\/wp\/v2\/media\/18402"}],"wp:attachment":[{"href":"https:\/\/www.p31noticias.com.br\/index.php?rest_route=%2Fwp%2Fv2%2Fmedia&parent=18400"}],"wp:term":[{"taxonomy":"category","embeddable":true,"href":"https:\/\/www.p31noticias.com.br\/index.php?rest_route=%2Fwp%2Fv2%2Fcategories&post=18400"},{"taxonomy":"post_tag","embeddable":true,"href":"https:\/\/www.p31noticias.com.br\/index.php?rest_route=%2Fwp%2Fv2%2Ftags&post=18400"}],"curies":[{"name":"wp","href":"https:\/\/api.w.org\/{rel}","templated":true}]}}