{"id":18394,"date":"2019-08-12T15:24:33","date_gmt":"2019-08-12T18:24:33","guid":{"rendered":"https:\/\/www.delioandrade.com.br\/?p=18394"},"modified":"2019-08-12T15:24:33","modified_gmt":"2019-08-12T18:24:33","slug":"bolsonaro-promete-acabar-com-radares-moveis-na-proxima-semana","status":"publish","type":"post","link":"https:\/\/www.p31noticias.com.br\/?p=18394","title":{"rendered":"Bolsonaro promete acabar com radares m\u00f3veis na pr\u00f3xima semana"},"content":{"rendered":"<p>O presidente Jair Bolsonaro afirmou nesta segunda-feira (12\/08\/2019) que pretende acabar com os <a href=\"https:\/\/www.metropoles.com\/tag\/radar\" target=\"_blank\" rel=\"noopener noreferrer\">radares m\u00f3veis<\/a>\u00a0nas estradas brasileiras. A declara\u00e7\u00e3o ocorreu em uma cerim\u00f4nia de libera\u00e7\u00e3o de um trecho de 47 quil\u00f4metros de duplica\u00e7\u00e3o da BR-116 na cidade de Pelotas, no interior do Rio Grande do Sul.<\/p>\n<p>\u201cEstou com uma briga na Justi\u00e7a, junto com o ministro\u00a0<a href=\"https:\/\/www.metropoles.com\/brasil\/politica-br\/nao-vai-ter-mais-radar-escondido-afirma-ministro-da-infraestrutura\" target=\"_blank\" rel=\"noopener noreferrer\">Tarc\u00edsio Gomes de Freitas, da Infraestrutura<\/a>, para acabar com os radares m\u00f3veis do Brasil\u201d, disse o presidente em seu discurso. \u201cIsso \u00e9 coisa de uma m\u00e1fia de multas, \u00e9 um dinheiro que vai para o bolso de poucos aqui no Brasil, \u00e9 uma ind\u00fastria de multas\u201d, comentou. E prometeu: \u201cA partir da semana que vem, n\u00e3o teremos mais essa covardia de radares m\u00f3veis no Brasil\u201d.<\/p>\n<p>Al\u00e9m disso, o presidente citou o projeto que seu governo enviou para a C\u00e2mara dos Deputados, aumentando a validade da Carteira Nacional de Habilita\u00e7\u00e3o (CNH) de 5 para 10 anos e acabando com a exclusividade dos Detrans de escolher qual m\u00e9dico pode conceder o atestado de sa\u00fade para que os cidad\u00e3os consigam a habilita\u00e7\u00e3o.<\/p>\n<div class=\"m-banner-wrap m-banner-rectangle m-publicity-content-middle\"><\/div>\n<p>Bolsonaro tamb\u00e9m afirmou que \u201csugeriu\u201d que o limite m\u00e1ximo de pontos para que um motorista perca a habilita\u00e7\u00e3o seja aumentado de 20 para 40 pontos, \u201cporque quando um motorista profissional perde sua carteira de motorista, na verdade ele est\u00e1 perdendo a sua carteira de trabalho\u201d.<\/p>\n<p><strong>Ferrovias<br \/>\n<\/strong>No discurso de cerca de dez minutos, onde ao fundo era poss\u00edvel ouvir pessoas gritando \u201cmito\u201d, Bolsonaro tamb\u00e9m mencionou que pretende, \u201cem 2023\u201d, integrar a malha ferrovi\u00e1ria da regi\u00e3o Sul com a malha em constru\u00e7\u00e3o que ligar\u00e1 o porto de Taqui, no Maranh\u00e3o, ao porto de Santos, em S\u00e3o Paulo. \u201cN\u00e3o d\u00e1 pra fazer antes de 2023\u201d, afirmou o presidente, sinalizando que buscar\u00e1 a reelei\u00e7\u00e3o em 2022.<\/p>\n<p><a href=\"https:\/\/www.metropoles.com\/brasil\/politica-br\/bolsonaro-fala-em-fim-de-radares-moveis-nas-estradas-na-proxima-semana?utm_source=push&amp;utm_medium=push&amp;utm_campaign=push\">Fonte Metropole<\/a><\/p>\n","protected":false},"excerpt":{"rendered":"<p>O presidente Jair Bolsonaro afirmou nesta segunda-feira (12\/08\/2019) que pretende acabar com os radares m\u00f3veis\u00a0nas estradas brasileiras. A declara\u00e7\u00e3o ocorreu em uma cerim\u00f4nia de libera\u00e7\u00e3o de um trecho de 47 quil\u00f4metros de duplica\u00e7\u00e3o da BR-116 na cidade de Pelotas, no interior do Rio Grande do Sul. \u201cEstou com uma briga na Justi\u00e7a, junto com o [&hellip;]<\/p>\n","protected":false},"author":18,"featured_media":18395,"comment_status":"open","ping_status":"open","sticky":false,"template":"","format":"standard","meta":{"footnotes":""},"categories":[68],"tags":[],"class_list":{"0":"post-18394","1":"post","2":"type-post","3":"status-publish","4":"format-standard","5":"has-post-thumbnail","7":"category-brasil"},"yoast_head":"<!-- This site is optimized with the Yoast SEO Premium plugin v24.5 (Yoast SEO v27.5) - https:\/\/yoast.com\/product\/yoast-seo-premium-wordpress\/ -->\n<title>Bolsonaro promete acabar com radares m\u00f3veis na pr\u00f3xima semana - P31<\/title>\n<meta name=\"robots\" content=\"index, follow, max-snippet:-1, max-image-preview:large, max-video-preview:-1\" \/>\n<link rel=\"canonical\" href=\"https:\/\/www.p31noticias.com.br\/?p=18394\" \/>\n<meta property=\"og:locale\" content=\"pt_BR\" \/>\n<meta property=\"og:type\" content=\"article\" \/>\n<meta property=\"og:title\" content=\"Bolsonaro promete acabar com radares m\u00f3veis na pr\u00f3xima semana\" \/>\n<meta property=\"og:description\" content=\"O presidente Jair Bolsonaro afirmou nesta segunda-feira (12\/08\/2019) que pretende acabar com os radares m\u00f3veis\u00a0nas estradas brasileiras. A declara\u00e7\u00e3o ocorreu em uma cerim\u00f4nia de libera\u00e7\u00e3o de um trecho de 47 quil\u00f4metros de duplica\u00e7\u00e3o da BR-116 na cidade de Pelotas, no interior do Rio Grande do Sul. \u201cEstou com uma briga na Justi\u00e7a, junto com o [&hellip;]\" \/>\n<meta property=\"og:url\" content=\"https:\/\/www.p31noticias.com.br\/?p=18394\" \/>\n<meta property=\"og:site_name\" content=\"P31\" \/>\n<meta property=\"article:published_time\" content=\"2019-08-12T18:24:33+00:00\" \/>\n<meta property=\"og:image\" content=\"https:\/\/www.p31noticias.com.br\/wp-content\/uploads\/2019\/08\/WhatsApp-Image-2019-08-04-at-11.42.51.jpeg\" \/>\n\t<meta property=\"og:image:width\" content=\"960\" \/>\n\t<meta property=\"og:image:height\" content=\"640\" \/>\n\t<meta property=\"og:image:type\" content=\"image\/jpeg\" \/>\n<meta name=\"author\" content=\"Reda\u00e7\u00e3o JBN\" \/>\n<meta name=\"twitter:card\" content=\"summary_large_image\" \/>\n<meta name=\"twitter:label1\" content=\"Escrito por\" \/>\n\t<meta name=\"twitter:data1\" content=\"Reda\u00e7\u00e3o JBN\" \/>\n\t<meta name=\"twitter:label2\" content=\"Est. tempo de leitura\" \/>\n\t<meta name=\"twitter:data2\" content=\"2 minutos\" \/>\n<script type=\"application\/ld+json\" class=\"yoast-schema-graph\">{\"@context\":\"https:\\\/\\\/schema.org\",\"@graph\":[{\"@type\":\"Article\",\"@id\":\"https:\\\/\\\/www.p31noticias.com.br\\\/?p=18394#article\",\"isPartOf\":{\"@id\":\"https:\\\/\\\/www.p31noticias.com.br\\\/?p=18394\"},\"author\":{\"name\":\"Reda\u00e7\u00e3o JBN\",\"@id\":\"https:\\\/\\\/www.p31noticias.com.br\\\/#\\\/schema\\\/person\\\/77d6b186c710ac38937c6ec204fdd387\"},\"headline\":\"Bolsonaro promete acabar com radares m\u00f3veis na pr\u00f3xima semana\",\"datePublished\":\"2019-08-12T18:24:33+00:00\",\"mainEntityOfPage\":{\"@id\":\"https:\\\/\\\/www.p31noticias.com.br\\\/?p=18394\"},\"wordCount\":322,\"commentCount\":0,\"image\":{\"@id\":\"https:\\\/\\\/www.p31noticias.com.br\\\/?p=18394#primaryimage\"},\"thumbnailUrl\":\"https:\\\/\\\/www.p31noticias.com.br\\\/wp-content\\\/uploads\\\/2019\\\/08\\\/WhatsApp-Image-2019-08-04-at-11.42.51.jpeg\",\"articleSection\":[\"Brasil\"],\"inLanguage\":\"pt-BR\",\"potentialAction\":[{\"@type\":\"CommentAction\",\"name\":\"Comment\",\"target\":[\"https:\\\/\\\/www.p31noticias.com.br\\\/?p=18394#respond\"]}],\"copyrightYear\":\"2019\",\"copyrightHolder\":{\"@id\":\"https:\\\/\\\/www.p31noticias.com.br\\\/#organization\"}},{\"@type\":\"WebPage\",\"@id\":\"https:\\\/\\\/www.p31noticias.com.br\\\/?p=18394\",\"url\":\"https:\\\/\\\/www.p31noticias.com.br\\\/?p=18394\",\"name\":\"Bolsonaro promete acabar com radares m\u00f3veis na pr\u00f3xima semana - P31\",\"isPartOf\":{\"@id\":\"https:\\\/\\\/www.p31noticias.com.br\\\/#website\"},\"primaryImageOfPage\":{\"@id\":\"https:\\\/\\\/www.p31noticias.com.br\\\/?p=18394#primaryimage\"},\"image\":{\"@id\":\"https:\\\/\\\/www.p31noticias.com.br\\\/?p=18394#primaryimage\"},\"thumbnailUrl\":\"https:\\\/\\\/www.p31noticias.com.br\\\/wp-content\\\/uploads\\\/2019\\\/08\\\/WhatsApp-Image-2019-08-04-at-11.42.51.jpeg\",\"datePublished\":\"2019-08-12T18:24:33+00:00\",\"author\":{\"@id\":\"https:\\\/\\\/www.p31noticias.com.br\\\/#\\\/schema\\\/person\\\/77d6b186c710ac38937c6ec204fdd387\"},\"breadcrumb\":{\"@id\":\"https:\\\/\\\/www.p31noticias.com.br\\\/?p=18394#breadcrumb\"},\"inLanguage\":\"pt-BR\",\"potentialAction\":[{\"@type\":\"ReadAction\",\"target\":[\"https:\\\/\\\/www.p31noticias.com.br\\\/?p=18394\"]}]},{\"@type\":\"ImageObject\",\"inLanguage\":\"pt-BR\",\"@id\":\"https:\\\/\\\/www.p31noticias.com.br\\\/?p=18394#primaryimage\",\"url\":\"https:\\\/\\\/www.p31noticias.com.br\\\/wp-content\\\/uploads\\\/2019\\\/08\\\/WhatsApp-Image-2019-08-04-at-11.42.51.jpeg\",\"contentUrl\":\"https:\\\/\\\/www.p31noticias.com.br\\\/wp-content\\\/uploads\\\/2019\\\/08\\\/WhatsApp-Image-2019-08-04-at-11.42.51.jpeg\",\"width\":960,\"height\":640},{\"@type\":\"BreadcrumbList\",\"@id\":\"https:\\\/\\\/www.p31noticias.com.br\\\/?p=18394#breadcrumb\",\"itemListElement\":[{\"@type\":\"ListItem\",\"position\":1,\"name\":\"In\u00edcio\",\"item\":\"https:\\\/\\\/www.p31noticias.com.br\\\/\"},{\"@type\":\"ListItem\",\"position\":2,\"name\":\"Bolsonaro promete acabar com radares m\u00f3veis na pr\u00f3xima semana\"}]},{\"@type\":\"WebSite\",\"@id\":\"https:\\\/\\\/www.p31noticias.com.br\\\/#website\",\"url\":\"https:\\\/\\\/www.p31noticias.com.br\\\/\",\"name\":\"P31\",\"description\":\"NOT\u00cdCIAS\",\"potentialAction\":[{\"@type\":\"SearchAction\",\"target\":{\"@type\":\"EntryPoint\",\"urlTemplate\":\"https:\\\/\\\/www.p31noticias.com.br\\\/?s={search_term_string}\"},\"query-input\":{\"@type\":\"PropertyValueSpecification\",\"valueRequired\":true,\"valueName\":\"search_term_string\"}}],\"inLanguage\":\"pt-BR\"},{\"@type\":\"Person\",\"@id\":\"https:\\\/\\\/www.p31noticias.com.br\\\/#\\\/schema\\\/person\\\/77d6b186c710ac38937c6ec204fdd387\",\"name\":\"Reda\u00e7\u00e3o JBN\",\"image\":{\"@type\":\"ImageObject\",\"inLanguage\":\"pt-BR\",\"@id\":\"https:\\\/\\\/secure.gravatar.com\\\/avatar\\\/10fcdb93211f98cce3d64c0795b0915a9a4a21dc0f279238995a3dbfafcad090?s=96&d=mm&r=g\",\"url\":\"https:\\\/\\\/secure.gravatar.com\\\/avatar\\\/10fcdb93211f98cce3d64c0795b0915a9a4a21dc0f279238995a3dbfafcad090?s=96&d=mm&r=g\",\"contentUrl\":\"https:\\\/\\\/secure.gravatar.com\\\/avatar\\\/10fcdb93211f98cce3d64c0795b0915a9a4a21dc0f279238995a3dbfafcad090?s=96&d=mm&r=g\",\"caption\":\"Reda\u00e7\u00e3o JBN\"},\"sameAs\":[\"https:\\\/\\\/p31noticias.com.br\"],\"url\":\"https:\\\/\\\/www.p31noticias.com.br\\\/?author=18\"}]}<\/script>\n<!-- \/ Yoast SEO Premium plugin. -->","yoast_head_json":{"title":"Bolsonaro promete acabar com radares m\u00f3veis na pr\u00f3xima semana - P31","robots":{"index":"index","follow":"follow","max-snippet":"max-snippet:-1","max-image-preview":"max-image-preview:large","max-video-preview":"max-video-preview:-1"},"canonical":"https:\/\/www.p31noticias.com.br\/?p=18394","og_locale":"pt_BR","og_type":"article","og_title":"Bolsonaro promete acabar com radares m\u00f3veis na pr\u00f3xima semana","og_description":"O presidente Jair Bolsonaro afirmou nesta segunda-feira (12\/08\/2019) que pretende acabar com os radares m\u00f3veis\u00a0nas estradas brasileiras. A declara\u00e7\u00e3o ocorreu em uma cerim\u00f4nia de libera\u00e7\u00e3o de um trecho de 47 quil\u00f4metros de duplica\u00e7\u00e3o da BR-116 na cidade de Pelotas, no interior do Rio Grande do Sul. \u201cEstou com uma briga na Justi\u00e7a, junto com o [&hellip;]","og_url":"https:\/\/www.p31noticias.com.br\/?p=18394","og_site_name":"P31","article_published_time":"2019-08-12T18:24:33+00:00","og_image":[{"width":960,"height":640,"url":"https:\/\/www.p31noticias.com.br\/wp-content\/uploads\/2019\/08\/WhatsApp-Image-2019-08-04-at-11.42.51.jpeg","type":"image\/jpeg"}],"author":"Reda\u00e7\u00e3o JBN","twitter_card":"summary_large_image","twitter_misc":{"Escrito por":"Reda\u00e7\u00e3o JBN","Est. tempo de leitura":"2 minutos"},"schema":{"@context":"https:\/\/schema.org","@graph":[{"@type":"Article","@id":"https:\/\/www.p31noticias.com.br\/?p=18394#article","isPartOf":{"@id":"https:\/\/www.p31noticias.com.br\/?p=18394"},"author":{"name":"Reda\u00e7\u00e3o JBN","@id":"https:\/\/www.p31noticias.com.br\/#\/schema\/person\/77d6b186c710ac38937c6ec204fdd387"},"headline":"Bolsonaro promete acabar com radares m\u00f3veis na pr\u00f3xima semana","datePublished":"2019-08-12T18:24:33+00:00","mainEntityOfPage":{"@id":"https:\/\/www.p31noticias.com.br\/?p=18394"},"wordCount":322,"commentCount":0,"image":{"@id":"https:\/\/www.p31noticias.com.br\/?p=18394#primaryimage"},"thumbnailUrl":"https:\/\/www.p31noticias.com.br\/wp-content\/uploads\/2019\/08\/WhatsApp-Image-2019-08-04-at-11.42.51.jpeg","articleSection":["Brasil"],"inLanguage":"pt-BR","potentialAction":[{"@type":"CommentAction","name":"Comment","target":["https:\/\/www.p31noticias.com.br\/?p=18394#respond"]}],"copyrightYear":"2019","copyrightHolder":{"@id":"https:\/\/www.p31noticias.com.br\/#organization"}},{"@type":"WebPage","@id":"https:\/\/www.p31noticias.com.br\/?p=18394","url":"https:\/\/www.p31noticias.com.br\/?p=18394","name":"Bolsonaro promete acabar com radares m\u00f3veis na pr\u00f3xima semana - P31","isPartOf":{"@id":"https:\/\/www.p31noticias.com.br\/#website"},"primaryImageOfPage":{"@id":"https:\/\/www.p31noticias.com.br\/?p=18394#primaryimage"},"image":{"@id":"https:\/\/www.p31noticias.com.br\/?p=18394#primaryimage"},"thumbnailUrl":"https:\/\/www.p31noticias.com.br\/wp-content\/uploads\/2019\/08\/WhatsApp-Image-2019-08-04-at-11.42.51.jpeg","datePublished":"2019-08-12T18:24:33+00:00","author":{"@id":"https:\/\/www.p31noticias.com.br\/#\/schema\/person\/77d6b186c710ac38937c6ec204fdd387"},"breadcrumb":{"@id":"https:\/\/www.p31noticias.com.br\/?p=18394#breadcrumb"},"inLanguage":"pt-BR","potentialAction":[{"@type":"ReadAction","target":["https:\/\/www.p31noticias.com.br\/?p=18394"]}]},{"@type":"ImageObject","inLanguage":"pt-BR","@id":"https:\/\/www.p31noticias.com.br\/?p=18394#primaryimage","url":"https:\/\/www.p31noticias.com.br\/wp-content\/uploads\/2019\/08\/WhatsApp-Image-2019-08-04-at-11.42.51.jpeg","contentUrl":"https:\/\/www.p31noticias.com.br\/wp-content\/uploads\/2019\/08\/WhatsApp-Image-2019-08-04-at-11.42.51.jpeg","width":960,"height":640},{"@type":"BreadcrumbList","@id":"https:\/\/www.p31noticias.com.br\/?p=18394#breadcrumb","itemListElement":[{"@type":"ListItem","position":1,"name":"In\u00edcio","item":"https:\/\/www.p31noticias.com.br\/"},{"@type":"ListItem","position":2,"name":"Bolsonaro promete acabar com radares m\u00f3veis na pr\u00f3xima semana"}]},{"@type":"WebSite","@id":"https:\/\/www.p31noticias.com.br\/#website","url":"https:\/\/www.p31noticias.com.br\/","name":"P31","description":"NOT\u00cdCIAS","potentialAction":[{"@type":"SearchAction","target":{"@type":"EntryPoint","urlTemplate":"https:\/\/www.p31noticias.com.br\/?s={search_term_string}"},"query-input":{"@type":"PropertyValueSpecification","valueRequired":true,"valueName":"search_term_string"}}],"inLanguage":"pt-BR"},{"@type":"Person","@id":"https:\/\/www.p31noticias.com.br\/#\/schema\/person\/77d6b186c710ac38937c6ec204fdd387","name":"Reda\u00e7\u00e3o JBN","image":{"@type":"ImageObject","inLanguage":"pt-BR","@id":"https:\/\/secure.gravatar.com\/avatar\/10fcdb93211f98cce3d64c0795b0915a9a4a21dc0f279238995a3dbfafcad090?s=96&d=mm&r=g","url":"https:\/\/secure.gravatar.com\/avatar\/10fcdb93211f98cce3d64c0795b0915a9a4a21dc0f279238995a3dbfafcad090?s=96&d=mm&r=g","contentUrl":"https:\/\/secure.gravatar.com\/avatar\/10fcdb93211f98cce3d64c0795b0915a9a4a21dc0f279238995a3dbfafcad090?s=96&d=mm&r=g","caption":"Reda\u00e7\u00e3o JBN"},"sameAs":["https:\/\/p31noticias.com.br"],"url":"https:\/\/www.p31noticias.com.br\/?author=18"}]}},"amp_enabled":true,"_links":{"self":[{"href":"https:\/\/www.p31noticias.com.br\/index.php?rest_route=\/wp\/v2\/posts\/18394","targetHints":{"allow":["GET"]}}],"collection":[{"href":"https:\/\/www.p31noticias.com.br\/index.php?rest_route=\/wp\/v2\/posts"}],"about":[{"href":"https:\/\/www.p31noticias.com.br\/index.php?rest_route=\/wp\/v2\/types\/post"}],"author":[{"embeddable":true,"href":"https:\/\/www.p31noticias.com.br\/index.php?rest_route=\/wp\/v2\/users\/18"}],"replies":[{"embeddable":true,"href":"https:\/\/www.p31noticias.com.br\/index.php?rest_route=%2Fwp%2Fv2%2Fcomments&post=18394"}],"version-history":[{"count":0,"href":"https:\/\/www.p31noticias.com.br\/index.php?rest_route=\/wp\/v2\/posts\/18394\/revisions"}],"wp:featuredmedia":[{"embeddable":true,"href":"https:\/\/www.p31noticias.com.br\/index.php?rest_route=\/wp\/v2\/media\/18395"}],"wp:attachment":[{"href":"https:\/\/www.p31noticias.com.br\/index.php?rest_route=%2Fwp%2Fv2%2Fmedia&parent=18394"}],"wp:term":[{"taxonomy":"category","embeddable":true,"href":"https:\/\/www.p31noticias.com.br\/index.php?rest_route=%2Fwp%2Fv2%2Fcategories&post=18394"},{"taxonomy":"post_tag","embeddable":true,"href":"https:\/\/www.p31noticias.com.br\/index.php?rest_route=%2Fwp%2Fv2%2Ftags&post=18394"}],"curies":[{"name":"wp","href":"https:\/\/api.w.org\/{rel}","templated":true}]}}