{"id":18391,"date":"2019-08-12T13:12:12","date_gmt":"2019-08-12T16:12:12","guid":{"rendered":"https:\/\/www.delioandrade.com.br\/?p=18391"},"modified":"2019-08-12T13:12:12","modified_gmt":"2019-08-12T16:12:12","slug":"ao-contrario-de-bolsonaro-governador-do-df-defende-pardais","status":"publish","type":"post","link":"https:\/\/www.p31noticias.com.br\/?p=18391","title":{"rendered":"Ao contr\u00e1rio de Bolsonaro, governador do DF defende pardais"},"content":{"rendered":"<p>O governador do Distrito Federal,<a href=\"https:\/\/www.metropoles.com\/tag\/ibaneis-rocha\" target=\"_blank\" rel=\"noopener noreferrer\">\u00a0Ibaneis Rocha<\/a>\u00a0(MDB), reagiu \u00e0s cr\u00edticas feitas pelo presidente da Rep\u00fablica,\u00a0<a href=\"https:\/\/www.metropoles.com\/tag\/jair-bolsonaro\" target=\"_blank\" rel=\"noopener noreferrer\">Jair Bolsonaro<\/a>\u00a0(PSL), de que Bras\u00edlia teria radares eletr\u00f4nicos em excesso. Durante o evento\u00a0<a href=\"https:\/\/www.metropoles.com\/brasil\/politica-br\/onyx-governo-enviara-pec-sobre-capitalizacao-nos-proximos-dias\" target=\"_blank\" rel=\"noopener noreferrer\">Marcha para Jesus e pela Fam\u00edlia\u00a0<\/a>, realizado nesse domingo (11\/08\/2019), na Esplanada dos Minist\u00e9rios, o chefe do Pal\u00e1cio do Planalto disse que est\u00e1 \u201cnuma luta para acabar com essa roubalheira\u201d, disparou, referindo-se aos pardais de controle de velocidade. Na sequ\u00eancia, afirmou que Ibaneis iria \u201ccomprar essa briga\u201d e que \u201cningu\u00e9m consegue andar em Bras\u00edlia sem ser multado\u201d.<\/p>\n<p>Na manh\u00e3 desta segunda-feira (12\/08\/2019), ao reabrir leitos na Unidade de Pronto Atendimento (UPA) de Sobradinho, o emedebista rebateu o presidente. \u201cAqui no DF, eu defendo a vida em primeiro lugar. Se for necess\u00e1rio aumentar o n\u00famero de pardais, eu vou fazer\u201d, respondeu.<\/p>\n<blockquote><p>Ibaneis disse, tamb\u00e9m, que cabe a Jair Bolsonaro a iniciativa de apresentar propostas para mudar a legisla\u00e7\u00e3o sobre a fiscaliza\u00e7\u00e3o de tr\u00e2nsito no pa\u00eds. \u201cO presidente tem um grande instrumento em sua m\u00e3o: primeiro, porque ele pode encaminhar projeto de lei ao Congresso, e eu n\u00e3o. Segundo, \u00e9 que o Denatran [Departamento Nacional de Tr\u00e2nsito] pode regulamentar a utiliza\u00e7\u00e3o desses pardais. \u00c9 um bom momento para o debate. A inten\u00e7\u00e3o do presidente n\u00e3o trai os compromissos de campanha, mas, aqui, eu continuo defendendo a vida. Este \u00e9 o meu ponto de vista\u201d, sustentou o chefe do Pal\u00e1cio do Buriti.<\/p><\/blockquote>\n","protected":false},"excerpt":{"rendered":"<p>O governador do Distrito Federal,\u00a0Ibaneis Rocha\u00a0(MDB), reagiu \u00e0s cr\u00edticas feitas pelo presidente da Rep\u00fablica,\u00a0Jair Bolsonaro\u00a0(PSL), de que Bras\u00edlia teria radares eletr\u00f4nicos em excesso. Durante o evento\u00a0Marcha para Jesus e pela Fam\u00edlia\u00a0, realizado nesse domingo (11\/08\/2019), na Esplanada dos Minist\u00e9rios, o chefe do Pal\u00e1cio do Planalto disse que est\u00e1 \u201cnuma luta para acabar com essa roubalheira\u201d, [&hellip;]<\/p>\n","protected":false},"author":18,"featured_media":18392,"comment_status":"open","ping_status":"open","sticky":false,"template":"","format":"standard","meta":{"footnotes":""},"categories":[57],"tags":[],"class_list":{"0":"post-18391","1":"post","2":"type-post","3":"status-publish","4":"format-standard","5":"has-post-thumbnail","7":"category-politica"},"yoast_head":"<!-- This site is optimized with the Yoast SEO Premium plugin v24.5 (Yoast SEO v27.5) - https:\/\/yoast.com\/product\/yoast-seo-premium-wordpress\/ -->\n<title>Ao contr\u00e1rio de Bolsonaro, governador do DF defende pardais - P31<\/title>\n<meta name=\"robots\" content=\"index, follow, max-snippet:-1, max-image-preview:large, max-video-preview:-1\" \/>\n<link rel=\"canonical\" href=\"https:\/\/www.p31noticias.com.br\/?p=18391\" \/>\n<meta property=\"og:locale\" content=\"pt_BR\" \/>\n<meta property=\"og:type\" content=\"article\" \/>\n<meta property=\"og:title\" content=\"Ao contr\u00e1rio de Bolsonaro, governador do DF defende pardais\" \/>\n<meta property=\"og:description\" content=\"O governador do Distrito Federal,\u00a0Ibaneis Rocha\u00a0(MDB), reagiu \u00e0s cr\u00edticas feitas pelo presidente da Rep\u00fablica,\u00a0Jair Bolsonaro\u00a0(PSL), de que Bras\u00edlia teria radares eletr\u00f4nicos em excesso. Durante o evento\u00a0Marcha para Jesus e pela Fam\u00edlia\u00a0, realizado nesse domingo (11\/08\/2019), na Esplanada dos Minist\u00e9rios, o chefe do Pal\u00e1cio do Planalto disse que est\u00e1 \u201cnuma luta para acabar com essa roubalheira\u201d, [&hellip;]\" \/>\n<meta property=\"og:url\" content=\"https:\/\/www.p31noticias.com.br\/?p=18391\" \/>\n<meta property=\"og:site_name\" content=\"P31\" \/>\n<meta property=\"article:published_time\" content=\"2019-08-12T16:12:12+00:00\" \/>\n<meta property=\"og:image\" content=\"https:\/\/www.p31noticias.com.br\/wp-content\/uploads\/2019\/08\/ibaneis-e-bolsonaro.jpeg\" \/>\n\t<meta property=\"og:image:width\" content=\"840\" \/>\n\t<meta property=\"og:image:height\" content=\"560\" \/>\n\t<meta property=\"og:image:type\" content=\"image\/jpeg\" \/>\n<meta name=\"author\" content=\"Reda\u00e7\u00e3o JBN\" \/>\n<meta name=\"twitter:card\" content=\"summary_large_image\" \/>\n<meta name=\"twitter:label1\" content=\"Escrito por\" \/>\n\t<meta name=\"twitter:data1\" content=\"Reda\u00e7\u00e3o JBN\" \/>\n\t<meta name=\"twitter:label2\" content=\"Est. tempo de leitura\" \/>\n\t<meta name=\"twitter:data2\" content=\"1 minuto\" \/>\n<script type=\"application\/ld+json\" class=\"yoast-schema-graph\">{\"@context\":\"https:\\\/\\\/schema.org\",\"@graph\":[{\"@type\":\"Article\",\"@id\":\"https:\\\/\\\/www.p31noticias.com.br\\\/?p=18391#article\",\"isPartOf\":{\"@id\":\"https:\\\/\\\/www.p31noticias.com.br\\\/?p=18391\"},\"author\":{\"name\":\"Reda\u00e7\u00e3o JBN\",\"@id\":\"https:\\\/\\\/www.p31noticias.com.br\\\/#\\\/schema\\\/person\\\/77d6b186c710ac38937c6ec204fdd387\"},\"headline\":\"Ao contr\u00e1rio de Bolsonaro, governador do DF defende pardais\",\"datePublished\":\"2019-08-12T16:12:12+00:00\",\"mainEntityOfPage\":{\"@id\":\"https:\\\/\\\/www.p31noticias.com.br\\\/?p=18391\"},\"wordCount\":258,\"commentCount\":0,\"image\":{\"@id\":\"https:\\\/\\\/www.p31noticias.com.br\\\/?p=18391#primaryimage\"},\"thumbnailUrl\":\"https:\\\/\\\/www.p31noticias.com.br\\\/wp-content\\\/uploads\\\/2019\\\/08\\\/ibaneis-e-bolsonaro.jpeg\",\"articleSection\":[\"Pol\u00edtica\"],\"inLanguage\":\"pt-BR\",\"potentialAction\":[{\"@type\":\"CommentAction\",\"name\":\"Comment\",\"target\":[\"https:\\\/\\\/www.p31noticias.com.br\\\/?p=18391#respond\"]}],\"copyrightYear\":\"2019\",\"copyrightHolder\":{\"@id\":\"https:\\\/\\\/www.p31noticias.com.br\\\/#organization\"}},{\"@type\":\"WebPage\",\"@id\":\"https:\\\/\\\/www.p31noticias.com.br\\\/?p=18391\",\"url\":\"https:\\\/\\\/www.p31noticias.com.br\\\/?p=18391\",\"name\":\"Ao contr\u00e1rio de Bolsonaro, governador do DF defende pardais - P31\",\"isPartOf\":{\"@id\":\"https:\\\/\\\/www.p31noticias.com.br\\\/#website\"},\"primaryImageOfPage\":{\"@id\":\"https:\\\/\\\/www.p31noticias.com.br\\\/?p=18391#primaryimage\"},\"image\":{\"@id\":\"https:\\\/\\\/www.p31noticias.com.br\\\/?p=18391#primaryimage\"},\"thumbnailUrl\":\"https:\\\/\\\/www.p31noticias.com.br\\\/wp-content\\\/uploads\\\/2019\\\/08\\\/ibaneis-e-bolsonaro.jpeg\",\"datePublished\":\"2019-08-12T16:12:12+00:00\",\"author\":{\"@id\":\"https:\\\/\\\/www.p31noticias.com.br\\\/#\\\/schema\\\/person\\\/77d6b186c710ac38937c6ec204fdd387\"},\"breadcrumb\":{\"@id\":\"https:\\\/\\\/www.p31noticias.com.br\\\/?p=18391#breadcrumb\"},\"inLanguage\":\"pt-BR\",\"potentialAction\":[{\"@type\":\"ReadAction\",\"target\":[\"https:\\\/\\\/www.p31noticias.com.br\\\/?p=18391\"]}]},{\"@type\":\"ImageObject\",\"inLanguage\":\"pt-BR\",\"@id\":\"https:\\\/\\\/www.p31noticias.com.br\\\/?p=18391#primaryimage\",\"url\":\"https:\\\/\\\/www.p31noticias.com.br\\\/wp-content\\\/uploads\\\/2019\\\/08\\\/ibaneis-e-bolsonaro.jpeg\",\"contentUrl\":\"https:\\\/\\\/www.p31noticias.com.br\\\/wp-content\\\/uploads\\\/2019\\\/08\\\/ibaneis-e-bolsonaro.jpeg\",\"width\":840,\"height\":560},{\"@type\":\"BreadcrumbList\",\"@id\":\"https:\\\/\\\/www.p31noticias.com.br\\\/?p=18391#breadcrumb\",\"itemListElement\":[{\"@type\":\"ListItem\",\"position\":1,\"name\":\"In\u00edcio\",\"item\":\"https:\\\/\\\/www.p31noticias.com.br\\\/\"},{\"@type\":\"ListItem\",\"position\":2,\"name\":\"Ao contr\u00e1rio de Bolsonaro, governador do DF defende pardais\"}]},{\"@type\":\"WebSite\",\"@id\":\"https:\\\/\\\/www.p31noticias.com.br\\\/#website\",\"url\":\"https:\\\/\\\/www.p31noticias.com.br\\\/\",\"name\":\"P31\",\"description\":\"NOT\u00cdCIAS\",\"potentialAction\":[{\"@type\":\"SearchAction\",\"target\":{\"@type\":\"EntryPoint\",\"urlTemplate\":\"https:\\\/\\\/www.p31noticias.com.br\\\/?s={search_term_string}\"},\"query-input\":{\"@type\":\"PropertyValueSpecification\",\"valueRequired\":true,\"valueName\":\"search_term_string\"}}],\"inLanguage\":\"pt-BR\"},{\"@type\":\"Person\",\"@id\":\"https:\\\/\\\/www.p31noticias.com.br\\\/#\\\/schema\\\/person\\\/77d6b186c710ac38937c6ec204fdd387\",\"name\":\"Reda\u00e7\u00e3o JBN\",\"image\":{\"@type\":\"ImageObject\",\"inLanguage\":\"pt-BR\",\"@id\":\"https:\\\/\\\/secure.gravatar.com\\\/avatar\\\/10fcdb93211f98cce3d64c0795b0915a9a4a21dc0f279238995a3dbfafcad090?s=96&d=mm&r=g\",\"url\":\"https:\\\/\\\/secure.gravatar.com\\\/avatar\\\/10fcdb93211f98cce3d64c0795b0915a9a4a21dc0f279238995a3dbfafcad090?s=96&d=mm&r=g\",\"contentUrl\":\"https:\\\/\\\/secure.gravatar.com\\\/avatar\\\/10fcdb93211f98cce3d64c0795b0915a9a4a21dc0f279238995a3dbfafcad090?s=96&d=mm&r=g\",\"caption\":\"Reda\u00e7\u00e3o JBN\"},\"sameAs\":[\"https:\\\/\\\/p31noticias.com.br\"],\"url\":\"https:\\\/\\\/www.p31noticias.com.br\\\/?author=18\"}]}<\/script>\n<!-- \/ Yoast SEO Premium plugin. -->","yoast_head_json":{"title":"Ao contr\u00e1rio de Bolsonaro, governador do DF defende pardais - P31","robots":{"index":"index","follow":"follow","max-snippet":"max-snippet:-1","max-image-preview":"max-image-preview:large","max-video-preview":"max-video-preview:-1"},"canonical":"https:\/\/www.p31noticias.com.br\/?p=18391","og_locale":"pt_BR","og_type":"article","og_title":"Ao contr\u00e1rio de Bolsonaro, governador do DF defende pardais","og_description":"O governador do Distrito Federal,\u00a0Ibaneis Rocha\u00a0(MDB), reagiu \u00e0s cr\u00edticas feitas pelo presidente da Rep\u00fablica,\u00a0Jair Bolsonaro\u00a0(PSL), de que Bras\u00edlia teria radares eletr\u00f4nicos em excesso. Durante o evento\u00a0Marcha para Jesus e pela Fam\u00edlia\u00a0, realizado nesse domingo (11\/08\/2019), na Esplanada dos Minist\u00e9rios, o chefe do Pal\u00e1cio do Planalto disse que est\u00e1 \u201cnuma luta para acabar com essa roubalheira\u201d, [&hellip;]","og_url":"https:\/\/www.p31noticias.com.br\/?p=18391","og_site_name":"P31","article_published_time":"2019-08-12T16:12:12+00:00","og_image":[{"width":840,"height":560,"url":"https:\/\/www.p31noticias.com.br\/wp-content\/uploads\/2019\/08\/ibaneis-e-bolsonaro.jpeg","type":"image\/jpeg"}],"author":"Reda\u00e7\u00e3o JBN","twitter_card":"summary_large_image","twitter_misc":{"Escrito por":"Reda\u00e7\u00e3o JBN","Est. tempo de leitura":"1 minuto"},"schema":{"@context":"https:\/\/schema.org","@graph":[{"@type":"Article","@id":"https:\/\/www.p31noticias.com.br\/?p=18391#article","isPartOf":{"@id":"https:\/\/www.p31noticias.com.br\/?p=18391"},"author":{"name":"Reda\u00e7\u00e3o JBN","@id":"https:\/\/www.p31noticias.com.br\/#\/schema\/person\/77d6b186c710ac38937c6ec204fdd387"},"headline":"Ao contr\u00e1rio de Bolsonaro, governador do DF defende pardais","datePublished":"2019-08-12T16:12:12+00:00","mainEntityOfPage":{"@id":"https:\/\/www.p31noticias.com.br\/?p=18391"},"wordCount":258,"commentCount":0,"image":{"@id":"https:\/\/www.p31noticias.com.br\/?p=18391#primaryimage"},"thumbnailUrl":"https:\/\/www.p31noticias.com.br\/wp-content\/uploads\/2019\/08\/ibaneis-e-bolsonaro.jpeg","articleSection":["Pol\u00edtica"],"inLanguage":"pt-BR","potentialAction":[{"@type":"CommentAction","name":"Comment","target":["https:\/\/www.p31noticias.com.br\/?p=18391#respond"]}],"copyrightYear":"2019","copyrightHolder":{"@id":"https:\/\/www.p31noticias.com.br\/#organization"}},{"@type":"WebPage","@id":"https:\/\/www.p31noticias.com.br\/?p=18391","url":"https:\/\/www.p31noticias.com.br\/?p=18391","name":"Ao contr\u00e1rio de Bolsonaro, governador do DF defende pardais - P31","isPartOf":{"@id":"https:\/\/www.p31noticias.com.br\/#website"},"primaryImageOfPage":{"@id":"https:\/\/www.p31noticias.com.br\/?p=18391#primaryimage"},"image":{"@id":"https:\/\/www.p31noticias.com.br\/?p=18391#primaryimage"},"thumbnailUrl":"https:\/\/www.p31noticias.com.br\/wp-content\/uploads\/2019\/08\/ibaneis-e-bolsonaro.jpeg","datePublished":"2019-08-12T16:12:12+00:00","author":{"@id":"https:\/\/www.p31noticias.com.br\/#\/schema\/person\/77d6b186c710ac38937c6ec204fdd387"},"breadcrumb":{"@id":"https:\/\/www.p31noticias.com.br\/?p=18391#breadcrumb"},"inLanguage":"pt-BR","potentialAction":[{"@type":"ReadAction","target":["https:\/\/www.p31noticias.com.br\/?p=18391"]}]},{"@type":"ImageObject","inLanguage":"pt-BR","@id":"https:\/\/www.p31noticias.com.br\/?p=18391#primaryimage","url":"https:\/\/www.p31noticias.com.br\/wp-content\/uploads\/2019\/08\/ibaneis-e-bolsonaro.jpeg","contentUrl":"https:\/\/www.p31noticias.com.br\/wp-content\/uploads\/2019\/08\/ibaneis-e-bolsonaro.jpeg","width":840,"height":560},{"@type":"BreadcrumbList","@id":"https:\/\/www.p31noticias.com.br\/?p=18391#breadcrumb","itemListElement":[{"@type":"ListItem","position":1,"name":"In\u00edcio","item":"https:\/\/www.p31noticias.com.br\/"},{"@type":"ListItem","position":2,"name":"Ao contr\u00e1rio de Bolsonaro, governador do DF defende pardais"}]},{"@type":"WebSite","@id":"https:\/\/www.p31noticias.com.br\/#website","url":"https:\/\/www.p31noticias.com.br\/","name":"P31","description":"NOT\u00cdCIAS","potentialAction":[{"@type":"SearchAction","target":{"@type":"EntryPoint","urlTemplate":"https:\/\/www.p31noticias.com.br\/?s={search_term_string}"},"query-input":{"@type":"PropertyValueSpecification","valueRequired":true,"valueName":"search_term_string"}}],"inLanguage":"pt-BR"},{"@type":"Person","@id":"https:\/\/www.p31noticias.com.br\/#\/schema\/person\/77d6b186c710ac38937c6ec204fdd387","name":"Reda\u00e7\u00e3o JBN","image":{"@type":"ImageObject","inLanguage":"pt-BR","@id":"https:\/\/secure.gravatar.com\/avatar\/10fcdb93211f98cce3d64c0795b0915a9a4a21dc0f279238995a3dbfafcad090?s=96&d=mm&r=g","url":"https:\/\/secure.gravatar.com\/avatar\/10fcdb93211f98cce3d64c0795b0915a9a4a21dc0f279238995a3dbfafcad090?s=96&d=mm&r=g","contentUrl":"https:\/\/secure.gravatar.com\/avatar\/10fcdb93211f98cce3d64c0795b0915a9a4a21dc0f279238995a3dbfafcad090?s=96&d=mm&r=g","caption":"Reda\u00e7\u00e3o JBN"},"sameAs":["https:\/\/p31noticias.com.br"],"url":"https:\/\/www.p31noticias.com.br\/?author=18"}]}},"amp_enabled":true,"_links":{"self":[{"href":"https:\/\/www.p31noticias.com.br\/index.php?rest_route=\/wp\/v2\/posts\/18391","targetHints":{"allow":["GET"]}}],"collection":[{"href":"https:\/\/www.p31noticias.com.br\/index.php?rest_route=\/wp\/v2\/posts"}],"about":[{"href":"https:\/\/www.p31noticias.com.br\/index.php?rest_route=\/wp\/v2\/types\/post"}],"author":[{"embeddable":true,"href":"https:\/\/www.p31noticias.com.br\/index.php?rest_route=\/wp\/v2\/users\/18"}],"replies":[{"embeddable":true,"href":"https:\/\/www.p31noticias.com.br\/index.php?rest_route=%2Fwp%2Fv2%2Fcomments&post=18391"}],"version-history":[{"count":0,"href":"https:\/\/www.p31noticias.com.br\/index.php?rest_route=\/wp\/v2\/posts\/18391\/revisions"}],"wp:featuredmedia":[{"embeddable":true,"href":"https:\/\/www.p31noticias.com.br\/index.php?rest_route=\/wp\/v2\/media\/18392"}],"wp:attachment":[{"href":"https:\/\/www.p31noticias.com.br\/index.php?rest_route=%2Fwp%2Fv2%2Fmedia&parent=18391"}],"wp:term":[{"taxonomy":"category","embeddable":true,"href":"https:\/\/www.p31noticias.com.br\/index.php?rest_route=%2Fwp%2Fv2%2Fcategories&post=18391"},{"taxonomy":"post_tag","embeddable":true,"href":"https:\/\/www.p31noticias.com.br\/index.php?rest_route=%2Fwp%2Fv2%2Ftags&post=18391"}],"curies":[{"name":"wp","href":"https:\/\/api.w.org\/{rel}","templated":true}]}}