{"id":18377,"date":"2019-08-09T08:46:04","date_gmt":"2019-08-09T11:46:04","guid":{"rendered":"https:\/\/www.delioandrade.com.br\/?p=18377"},"modified":"2019-08-09T08:46:04","modified_gmt":"2019-08-09T11:46:04","slug":"presidente-tem-maior-confianca-desde-2013-ibope","status":"publish","type":"post","link":"https:\/\/www.p31noticias.com.br\/?p=18377","title":{"rendered":"Presidente tem maior confian\u00e7a desde 2013 (IBOPE)"},"content":{"rendered":"<p>Presidente \u00e9 a maior alta desde 2013.<\/p>\n<p>O Governo Federal tamb\u00e9m apresenta melhora: aumento de 25 pontos, saindo dos 25 pontos em 2018 para 50 neste levantamento.<\/p>\n<p>O \u00cdndice de Confian\u00e7a Social em 2019 fica em 58 pontos, 10 pontos a mais do que o observado no ano passado. Esse resultado faz com que o \u00edndice de agora retorne ao patamar de 2011 \u2013 segundo mais alto da s\u00e9rie hist\u00f3rica \u2013 ficando atr\u00e1s apenas dos anos de 2009 e 2010.<\/p>\n<p>Contribui para a melhora do \u00edndice o fato da confian\u00e7a em todas as institui\u00e7\u00f5es e grupos sociais terem aumentado este ano, situa\u00e7\u00e3o oposta \u00e0 identificada em 2018.<\/p>\n<p>O Corpo de Bombeiros mant\u00e9m-se no topo do ranking pelo 11\u00ba ano seguido, com 88 pontos, voltando ao patamar mais alto da s\u00e9rie hist\u00f3rica, (mesmo n\u00edvel de 2009).<\/p>\n<p>J\u00e1 a Pol\u00edcia Federal, presente no ICS desde 2016, ocupa a segunda coloca\u00e7\u00e3o, com 72 pontos. Na sequ\u00eancia est\u00e3o Igrejas (71 pontos), For\u00e7as Armadas (69) e Escolas P\u00fablicas(66).<\/p>\n<p>Por outro lado, o ICS 2019 mostra que a confian\u00e7a na institui\u00e7\u00e3o Partidos Pol\u00edticos \u00e9 a menor de todas (27 pontos), ainda que tenha apresentado crescimento de 11 pontos na compara\u00e7\u00e3o com 2018.<\/p>\n<p>O Congresso Nacional, com 34 pontos, amarga a segunda coloca\u00e7\u00e3o nesse ranking, seguido de Governo da cidade onde mora (44 pontos), Sindicatos e Sistema P\u00fablico de Sa\u00fade (ambos com 45 pontos).<\/p>\n<h3>Por falar em Bolsonaro, Vin\u00edcius Guerrero continua impune e grande m\u00eddia n\u00e3o repercute den\u00fancia<\/h3>\n<h4 class=\"subtitulo\">O suposto jornalista gravou um v\u00eddeo pedindo o assassinato do presidente Bolsonaro e sua fam\u00edlia, al\u00e9m de incitar um levante armado contra o Estado<\/h4>\n<p>Ap\u00f3s a\u00a0den\u00fancia feita contra o jornalista Vin\u00edcius Guerrero, que publicou um v\u00eddeo no dia 30 de julho pedindo o assassinato do presidente da Rep\u00fablica Jair Bolsonaro e tamb\u00e9m dos seus filhos, at\u00e9 o momento nenhum grande ve\u00edculo da imprensa noticiou este caso, apesar da forte repercuss\u00e3o.<\/p>\n<p>Nas redes sociais, v\u00e1rios internautas e tamb\u00e9m parlamentares utilizaram suas redes para ampliar a den\u00fancia, cobrando uma posi\u00e7\u00e3o das autoridades, uma vez que Vin\u00edcius Guerrero cometeu claramente os crimes de incita\u00e7\u00e3o \u00e0 viol\u00eancia, tipificado pelo Artigo 286 do C\u00f3digo Penal Brasileiro, e tamb\u00e9m violou a Lei de Seguran\u00e7a Nacional ao incitar um levante armado contra o Estado, como especificado em seu Artigo 8.<\/p>\n<p>&#8220;Vamos come\u00e7ar a guerra, velho&#8230; \u00e9 isso o que tem que acontecer. N\u00e3o tem mais condi\u00e7\u00e3o de aceitar um bosta como Bolsonaro no poder. Esse cara tem que ser assassinado, ele e fam\u00edlia, menos a filha que n\u00e3o \u00e9 pol\u00edtica, [mas sim] os pol\u00edticos da fam\u00edlia Bolsonaro pra resumir, os quatro&#8230; os tr\u00eas filho bosta [sic] e o pr\u00f3prio pai\u201d, disse Guerrero na grava\u00e7\u00e3o.<\/p>\n<p>Apesar de ter apagado o v\u00eddeo das suas redes sociais, o download do material permitiu que a grava\u00e7\u00e3o fosse compartilhada. V\u00e1rios internautas chamaram aten\u00e7\u00e3o para o fato de Guerrero, que \u00e9 ligado ao PDT, partido que tem como figura mais representativa o ex-candidato \u00e0 presid\u00eancia, Ciro Gomes, ainda continuar impune.<\/p>\n<p>&#8220;Esse cr\u00e1pula j\u00e1 deveria est\u00e1 na cadeia, e sem ser solto, isso s\u00f3 acontece no Brasil por causa da impunidade deste pa\u00eds onde a maioria s\u00e3o corruptos criminosos e defendem essa corja de marginais [sic]&#8221;, comentou uma internauta na den\u00fancia do Opini\u00e3o Cr\u00edtica. &#8220;Tem que ser acionada a Lei. Saem falando o querem e n\u00e3o acontece nada. Tem que acabar isso. Precisamos de ordem pra se ter o m\u00ednimo de seguran\u00e7a&#8221;, destacou outra leitora.<\/p>\n<p>&nbsp;<\/p>\n","protected":false},"excerpt":{"rendered":"<p>Presidente \u00e9 a maior alta desde 2013. O Governo Federal tamb\u00e9m apresenta melhora: aumento de 25 pontos, saindo dos 25 pontos em 2018 para 50 neste levantamento. O \u00cdndice de Confian\u00e7a Social em 2019 fica em 58 pontos, 10 pontos a mais do que o observado no ano passado. Esse resultado faz com que o [&hellip;]<\/p>\n","protected":false},"author":18,"featured_media":18378,"comment_status":"open","ping_status":"open","sticky":false,"template":"","format":"standard","meta":{"footnotes":""},"categories":[57],"tags":[168,167],"class_list":{"0":"post-18377","1":"post","2":"type-post","3":"status-publish","4":"format-standard","5":"has-post-thumbnail","7":"category-politica","8":"tag-ibope","9":"tag-presidente-bolsonaro"},"yoast_head":"<!-- This site is optimized with the Yoast SEO Premium plugin v24.5 (Yoast SEO v27.5) - https:\/\/yoast.com\/product\/yoast-seo-premium-wordpress\/ -->\n<title>Presidente tem maior confian\u00e7a desde 2013 (IBOPE) - P31<\/title>\n<meta name=\"robots\" content=\"index, follow, max-snippet:-1, max-image-preview:large, max-video-preview:-1\" \/>\n<link rel=\"canonical\" href=\"https:\/\/www.p31noticias.com.br\/?p=18377\" \/>\n<meta property=\"og:locale\" content=\"pt_BR\" \/>\n<meta property=\"og:type\" content=\"article\" \/>\n<meta property=\"og:title\" content=\"Presidente tem maior confian\u00e7a desde 2013 (IBOPE)\" \/>\n<meta property=\"og:description\" content=\"Presidente \u00e9 a maior alta desde 2013. O Governo Federal tamb\u00e9m apresenta melhora: aumento de 25 pontos, saindo dos 25 pontos em 2018 para 50 neste levantamento. O \u00cdndice de Confian\u00e7a Social em 2019 fica em 58 pontos, 10 pontos a mais do que o observado no ano passado. Esse resultado faz com que o [&hellip;]\" \/>\n<meta property=\"og:url\" content=\"https:\/\/www.p31noticias.com.br\/?p=18377\" \/>\n<meta property=\"og:site_name\" content=\"P31\" \/>\n<meta property=\"article:published_time\" content=\"2019-08-09T11:46:04+00:00\" \/>\n<meta property=\"og:image\" content=\"https:\/\/www.p31noticias.com.br\/wp-content\/uploads\/2019\/08\/Moro-e-Bolsonaro.jpeg\" \/>\n\t<meta property=\"og:image:width\" content=\"960\" \/>\n\t<meta property=\"og:image:height\" content=\"640\" \/>\n\t<meta property=\"og:image:type\" content=\"image\/jpeg\" \/>\n<meta name=\"author\" content=\"Reda\u00e7\u00e3o JBN\" \/>\n<meta name=\"twitter:card\" content=\"summary_large_image\" \/>\n<meta name=\"twitter:label1\" content=\"Escrito por\" \/>\n\t<meta name=\"twitter:data1\" content=\"Reda\u00e7\u00e3o JBN\" \/>\n\t<meta name=\"twitter:label2\" content=\"Est. tempo de leitura\" \/>\n\t<meta name=\"twitter:data2\" content=\"3 minutos\" \/>\n<script type=\"application\/ld+json\" class=\"yoast-schema-graph\">{\"@context\":\"https:\\\/\\\/schema.org\",\"@graph\":[{\"@type\":\"Article\",\"@id\":\"https:\\\/\\\/www.p31noticias.com.br\\\/?p=18377#article\",\"isPartOf\":{\"@id\":\"https:\\\/\\\/www.p31noticias.com.br\\\/?p=18377\"},\"author\":{\"name\":\"Reda\u00e7\u00e3o JBN\",\"@id\":\"https:\\\/\\\/www.p31noticias.com.br\\\/#\\\/schema\\\/person\\\/77d6b186c710ac38937c6ec204fdd387\"},\"headline\":\"Presidente tem maior confian\u00e7a desde 2013 (IBOPE)\",\"datePublished\":\"2019-08-09T11:46:04+00:00\",\"mainEntityOfPage\":{\"@id\":\"https:\\\/\\\/www.p31noticias.com.br\\\/?p=18377\"},\"wordCount\":607,\"commentCount\":0,\"image\":{\"@id\":\"https:\\\/\\\/www.p31noticias.com.br\\\/?p=18377#primaryimage\"},\"thumbnailUrl\":\"https:\\\/\\\/www.p31noticias.com.br\\\/wp-content\\\/uploads\\\/2019\\\/08\\\/Moro-e-Bolsonaro.jpeg\",\"keywords\":[\"ibope\",\"presidente bolsonaro\"],\"articleSection\":[\"Pol\u00edtica\"],\"inLanguage\":\"pt-BR\",\"potentialAction\":[{\"@type\":\"CommentAction\",\"name\":\"Comment\",\"target\":[\"https:\\\/\\\/www.p31noticias.com.br\\\/?p=18377#respond\"]}],\"copyrightYear\":\"2019\",\"copyrightHolder\":{\"@id\":\"https:\\\/\\\/www.p31noticias.com.br\\\/#organization\"}},{\"@type\":\"WebPage\",\"@id\":\"https:\\\/\\\/www.p31noticias.com.br\\\/?p=18377\",\"url\":\"https:\\\/\\\/www.p31noticias.com.br\\\/?p=18377\",\"name\":\"Presidente tem maior confian\u00e7a desde 2013 (IBOPE) - P31\",\"isPartOf\":{\"@id\":\"https:\\\/\\\/www.p31noticias.com.br\\\/#website\"},\"primaryImageOfPage\":{\"@id\":\"https:\\\/\\\/www.p31noticias.com.br\\\/?p=18377#primaryimage\"},\"image\":{\"@id\":\"https:\\\/\\\/www.p31noticias.com.br\\\/?p=18377#primaryimage\"},\"thumbnailUrl\":\"https:\\\/\\\/www.p31noticias.com.br\\\/wp-content\\\/uploads\\\/2019\\\/08\\\/Moro-e-Bolsonaro.jpeg\",\"datePublished\":\"2019-08-09T11:46:04+00:00\",\"author\":{\"@id\":\"https:\\\/\\\/www.p31noticias.com.br\\\/#\\\/schema\\\/person\\\/77d6b186c710ac38937c6ec204fdd387\"},\"breadcrumb\":{\"@id\":\"https:\\\/\\\/www.p31noticias.com.br\\\/?p=18377#breadcrumb\"},\"inLanguage\":\"pt-BR\",\"potentialAction\":[{\"@type\":\"ReadAction\",\"target\":[\"https:\\\/\\\/www.p31noticias.com.br\\\/?p=18377\"]}]},{\"@type\":\"ImageObject\",\"inLanguage\":\"pt-BR\",\"@id\":\"https:\\\/\\\/www.p31noticias.com.br\\\/?p=18377#primaryimage\",\"url\":\"https:\\\/\\\/www.p31noticias.com.br\\\/wp-content\\\/uploads\\\/2019\\\/08\\\/Moro-e-Bolsonaro.jpeg\",\"contentUrl\":\"https:\\\/\\\/www.p31noticias.com.br\\\/wp-content\\\/uploads\\\/2019\\\/08\\\/Moro-e-Bolsonaro.jpeg\",\"width\":960,\"height\":640},{\"@type\":\"BreadcrumbList\",\"@id\":\"https:\\\/\\\/www.p31noticias.com.br\\\/?p=18377#breadcrumb\",\"itemListElement\":[{\"@type\":\"ListItem\",\"position\":1,\"name\":\"In\u00edcio\",\"item\":\"https:\\\/\\\/www.p31noticias.com.br\\\/\"},{\"@type\":\"ListItem\",\"position\":2,\"name\":\"Presidente tem maior confian\u00e7a desde 2013 (IBOPE)\"}]},{\"@type\":\"WebSite\",\"@id\":\"https:\\\/\\\/www.p31noticias.com.br\\\/#website\",\"url\":\"https:\\\/\\\/www.p31noticias.com.br\\\/\",\"name\":\"P31\",\"description\":\"NOT\u00cdCIAS\",\"potentialAction\":[{\"@type\":\"SearchAction\",\"target\":{\"@type\":\"EntryPoint\",\"urlTemplate\":\"https:\\\/\\\/www.p31noticias.com.br\\\/?s={search_term_string}\"},\"query-input\":{\"@type\":\"PropertyValueSpecification\",\"valueRequired\":true,\"valueName\":\"search_term_string\"}}],\"inLanguage\":\"pt-BR\"},{\"@type\":\"Person\",\"@id\":\"https:\\\/\\\/www.p31noticias.com.br\\\/#\\\/schema\\\/person\\\/77d6b186c710ac38937c6ec204fdd387\",\"name\":\"Reda\u00e7\u00e3o JBN\",\"image\":{\"@type\":\"ImageObject\",\"inLanguage\":\"pt-BR\",\"@id\":\"https:\\\/\\\/secure.gravatar.com\\\/avatar\\\/10fcdb93211f98cce3d64c0795b0915a9a4a21dc0f279238995a3dbfafcad090?s=96&d=mm&r=g\",\"url\":\"https:\\\/\\\/secure.gravatar.com\\\/avatar\\\/10fcdb93211f98cce3d64c0795b0915a9a4a21dc0f279238995a3dbfafcad090?s=96&d=mm&r=g\",\"contentUrl\":\"https:\\\/\\\/secure.gravatar.com\\\/avatar\\\/10fcdb93211f98cce3d64c0795b0915a9a4a21dc0f279238995a3dbfafcad090?s=96&d=mm&r=g\",\"caption\":\"Reda\u00e7\u00e3o JBN\"},\"sameAs\":[\"https:\\\/\\\/p31noticias.com.br\"],\"url\":\"https:\\\/\\\/www.p31noticias.com.br\\\/?author=18\"}]}<\/script>\n<!-- \/ Yoast SEO Premium plugin. -->","yoast_head_json":{"title":"Presidente tem maior confian\u00e7a desde 2013 (IBOPE) - P31","robots":{"index":"index","follow":"follow","max-snippet":"max-snippet:-1","max-image-preview":"max-image-preview:large","max-video-preview":"max-video-preview:-1"},"canonical":"https:\/\/www.p31noticias.com.br\/?p=18377","og_locale":"pt_BR","og_type":"article","og_title":"Presidente tem maior confian\u00e7a desde 2013 (IBOPE)","og_description":"Presidente \u00e9 a maior alta desde 2013. O Governo Federal tamb\u00e9m apresenta melhora: aumento de 25 pontos, saindo dos 25 pontos em 2018 para 50 neste levantamento. O \u00cdndice de Confian\u00e7a Social em 2019 fica em 58 pontos, 10 pontos a mais do que o observado no ano passado. Esse resultado faz com que o [&hellip;]","og_url":"https:\/\/www.p31noticias.com.br\/?p=18377","og_site_name":"P31","article_published_time":"2019-08-09T11:46:04+00:00","og_image":[{"width":960,"height":640,"url":"https:\/\/www.p31noticias.com.br\/wp-content\/uploads\/2019\/08\/Moro-e-Bolsonaro.jpeg","type":"image\/jpeg"}],"author":"Reda\u00e7\u00e3o JBN","twitter_card":"summary_large_image","twitter_misc":{"Escrito por":"Reda\u00e7\u00e3o JBN","Est. tempo de leitura":"3 minutos"},"schema":{"@context":"https:\/\/schema.org","@graph":[{"@type":"Article","@id":"https:\/\/www.p31noticias.com.br\/?p=18377#article","isPartOf":{"@id":"https:\/\/www.p31noticias.com.br\/?p=18377"},"author":{"name":"Reda\u00e7\u00e3o JBN","@id":"https:\/\/www.p31noticias.com.br\/#\/schema\/person\/77d6b186c710ac38937c6ec204fdd387"},"headline":"Presidente tem maior confian\u00e7a desde 2013 (IBOPE)","datePublished":"2019-08-09T11:46:04+00:00","mainEntityOfPage":{"@id":"https:\/\/www.p31noticias.com.br\/?p=18377"},"wordCount":607,"commentCount":0,"image":{"@id":"https:\/\/www.p31noticias.com.br\/?p=18377#primaryimage"},"thumbnailUrl":"https:\/\/www.p31noticias.com.br\/wp-content\/uploads\/2019\/08\/Moro-e-Bolsonaro.jpeg","keywords":["ibope","presidente bolsonaro"],"articleSection":["Pol\u00edtica"],"inLanguage":"pt-BR","potentialAction":[{"@type":"CommentAction","name":"Comment","target":["https:\/\/www.p31noticias.com.br\/?p=18377#respond"]}],"copyrightYear":"2019","copyrightHolder":{"@id":"https:\/\/www.p31noticias.com.br\/#organization"}},{"@type":"WebPage","@id":"https:\/\/www.p31noticias.com.br\/?p=18377","url":"https:\/\/www.p31noticias.com.br\/?p=18377","name":"Presidente tem maior confian\u00e7a desde 2013 (IBOPE) - P31","isPartOf":{"@id":"https:\/\/www.p31noticias.com.br\/#website"},"primaryImageOfPage":{"@id":"https:\/\/www.p31noticias.com.br\/?p=18377#primaryimage"},"image":{"@id":"https:\/\/www.p31noticias.com.br\/?p=18377#primaryimage"},"thumbnailUrl":"https:\/\/www.p31noticias.com.br\/wp-content\/uploads\/2019\/08\/Moro-e-Bolsonaro.jpeg","datePublished":"2019-08-09T11:46:04+00:00","author":{"@id":"https:\/\/www.p31noticias.com.br\/#\/schema\/person\/77d6b186c710ac38937c6ec204fdd387"},"breadcrumb":{"@id":"https:\/\/www.p31noticias.com.br\/?p=18377#breadcrumb"},"inLanguage":"pt-BR","potentialAction":[{"@type":"ReadAction","target":["https:\/\/www.p31noticias.com.br\/?p=18377"]}]},{"@type":"ImageObject","inLanguage":"pt-BR","@id":"https:\/\/www.p31noticias.com.br\/?p=18377#primaryimage","url":"https:\/\/www.p31noticias.com.br\/wp-content\/uploads\/2019\/08\/Moro-e-Bolsonaro.jpeg","contentUrl":"https:\/\/www.p31noticias.com.br\/wp-content\/uploads\/2019\/08\/Moro-e-Bolsonaro.jpeg","width":960,"height":640},{"@type":"BreadcrumbList","@id":"https:\/\/www.p31noticias.com.br\/?p=18377#breadcrumb","itemListElement":[{"@type":"ListItem","position":1,"name":"In\u00edcio","item":"https:\/\/www.p31noticias.com.br\/"},{"@type":"ListItem","position":2,"name":"Presidente tem maior confian\u00e7a desde 2013 (IBOPE)"}]},{"@type":"WebSite","@id":"https:\/\/www.p31noticias.com.br\/#website","url":"https:\/\/www.p31noticias.com.br\/","name":"P31","description":"NOT\u00cdCIAS","potentialAction":[{"@type":"SearchAction","target":{"@type":"EntryPoint","urlTemplate":"https:\/\/www.p31noticias.com.br\/?s={search_term_string}"},"query-input":{"@type":"PropertyValueSpecification","valueRequired":true,"valueName":"search_term_string"}}],"inLanguage":"pt-BR"},{"@type":"Person","@id":"https:\/\/www.p31noticias.com.br\/#\/schema\/person\/77d6b186c710ac38937c6ec204fdd387","name":"Reda\u00e7\u00e3o JBN","image":{"@type":"ImageObject","inLanguage":"pt-BR","@id":"https:\/\/secure.gravatar.com\/avatar\/10fcdb93211f98cce3d64c0795b0915a9a4a21dc0f279238995a3dbfafcad090?s=96&d=mm&r=g","url":"https:\/\/secure.gravatar.com\/avatar\/10fcdb93211f98cce3d64c0795b0915a9a4a21dc0f279238995a3dbfafcad090?s=96&d=mm&r=g","contentUrl":"https:\/\/secure.gravatar.com\/avatar\/10fcdb93211f98cce3d64c0795b0915a9a4a21dc0f279238995a3dbfafcad090?s=96&d=mm&r=g","caption":"Reda\u00e7\u00e3o JBN"},"sameAs":["https:\/\/p31noticias.com.br"],"url":"https:\/\/www.p31noticias.com.br\/?author=18"}]}},"amp_enabled":true,"_links":{"self":[{"href":"https:\/\/www.p31noticias.com.br\/index.php?rest_route=\/wp\/v2\/posts\/18377","targetHints":{"allow":["GET"]}}],"collection":[{"href":"https:\/\/www.p31noticias.com.br\/index.php?rest_route=\/wp\/v2\/posts"}],"about":[{"href":"https:\/\/www.p31noticias.com.br\/index.php?rest_route=\/wp\/v2\/types\/post"}],"author":[{"embeddable":true,"href":"https:\/\/www.p31noticias.com.br\/index.php?rest_route=\/wp\/v2\/users\/18"}],"replies":[{"embeddable":true,"href":"https:\/\/www.p31noticias.com.br\/index.php?rest_route=%2Fwp%2Fv2%2Fcomments&post=18377"}],"version-history":[{"count":0,"href":"https:\/\/www.p31noticias.com.br\/index.php?rest_route=\/wp\/v2\/posts\/18377\/revisions"}],"wp:featuredmedia":[{"embeddable":true,"href":"https:\/\/www.p31noticias.com.br\/index.php?rest_route=\/wp\/v2\/media\/18378"}],"wp:attachment":[{"href":"https:\/\/www.p31noticias.com.br\/index.php?rest_route=%2Fwp%2Fv2%2Fmedia&parent=18377"}],"wp:term":[{"taxonomy":"category","embeddable":true,"href":"https:\/\/www.p31noticias.com.br\/index.php?rest_route=%2Fwp%2Fv2%2Fcategories&post=18377"},{"taxonomy":"post_tag","embeddable":true,"href":"https:\/\/www.p31noticias.com.br\/index.php?rest_route=%2Fwp%2Fv2%2Ftags&post=18377"}],"curies":[{"name":"wp","href":"https:\/\/api.w.org\/{rel}","templated":true}]}}