{"id":18372,"date":"2019-08-08T17:06:21","date_gmt":"2019-08-08T20:06:21","guid":{"rendered":"https:\/\/www.delioandrade.com.br\/?p=18372"},"modified":"2019-08-08T17:06:21","modified_gmt":"2019-08-08T20:06:21","slug":"pe-de-cerrado-comemora-20-anos-com-shows-dvd-e-muito-mais","status":"publish","type":"post","link":"https:\/\/www.p31noticias.com.br\/?p=18372","title":{"rendered":"P\u00e9 de Cerrado comemora 20 anos com shows, DVD e muito mais"},"content":{"rendered":"<p style=\"font-weight: 400;\">O grupo cultural brasiliense P\u00e9 de Cerrado segue circulando com a turn\u00ea que comemora 20 anos de estrada! Em duas d\u00e9cadas de exist\u00eancia sem interrup\u00e7\u00e3o, a trupe coleciona projetos premiados para adultos e crian\u00e7as e \u00e9 considerado um representante da mais genu\u00edna cultura popular brasileira, tanto no Brasil como no exterior.<\/p>\n<p style=\"font-weight: 400;\">Como parte da circula\u00e7\u00e3o, de 09 a 11, o grupo cultural estar\u00e1 no Maior S\u00e3o Jo\u00e3o do Cerrado &#8211; Ceil\u00e2ndia, a maior festa nordestina da capital, que \u00e9 uma \u00f3tima op\u00e7\u00e3o de entretenimento para toda a fam\u00edlia. A edi\u00e7\u00e3o de 2019 far\u00e1 homenagem especial ao Bumba Meu Boi do seu Teodoro,\u00a0um dos mais importantes grupos de cultura popular do Distrito Federal.<\/p>\n<p style=\"font-weight: 400;\">Para abertura (9), \u00a0\u00e0s 21h, o Grupo Cultural P\u00e9 de Cerrado far\u00e1 show em homenagem ao Mestre Teodoro Freire. Toda a folia ser\u00e1 no palco principal.<\/p>\n<p style=\"font-weight: 400;\">S\u00e1bado (10), \u00e0s 22h, a trupe estar\u00e1 na tenda de Circo dos Irm\u00e3os Artetude, instalada na Pra\u00e7a Mamulengo. O presente para o p\u00fablico ser\u00e1 um bel\u00edssimo show com obras do novo DVD infantil\u00a0<strong>\u201cOs Brincantes\u201d<\/strong>.\u00a0 O grupo tamb\u00e9m apresentar\u00e1 os novos figurinos, chap\u00e9us e cen\u00e1rios feitos \u00e0 m\u00e3o pelos pr\u00f3prios integrantes.\u00a0 E tem site novo no ar com muito mais informa\u00e7\u00f5es sobre o P\u00e9 de Cerrado. Confiram em\u00a0<a href=\"http:\/\/www.pedecerrado.com.br\/\" data-saferedirecturl=\"https:\/\/www.google.com\/url?q=http:\/\/www.pedecerrado.com.br&amp;source=gmail&amp;ust=1565378879783000&amp;usg=AFQjCNEhEO7NsRDsEd1IxoxWYSIyBY6J1A\">www.pedecerrado.com.br<\/a>.<\/p>\n<p style=\"font-weight: 400;\">Para o \u00faltimo dia do Maior S\u00e3o Jo\u00e3o do Cerrado, \u00e0s 22h, o P\u00e9 de Cerrado levar\u00e1 para a arena do evento o\u00a0\u00a0espet\u00e1culo\u00a0<strong>Viva S\u00e3o Jo\u00e3o<\/strong>, criado para encantar as festas juninas brasileiras com \u00a0brincadeiras t\u00edpicas, ritmos, dan\u00e7as e os grandes cl\u00e1ssicos que n\u00e3o podem faltar num bom arrai\u00e1, como as obras do mestre Luiz Gonzaga.<\/p>\n<p style=\"font-weight: 400;\">Tem m\u00fasica para dan\u00e7ar, pra rir e pra se emocionar. \u00c9 circo, teatro, dan\u00e7a, poesia e folclore. Can\u00e7\u00f5es populares, autorais, instrumentais e releituras. E assim, pesquisando a cultura popular brasileira, num compromisso com o tradicional, que \u00e9 apresentado de forma inovadora e contempor\u00e2nea, o P\u00e9 de Cerrado conquistou o reconhecimento da comunidade brasiliense e est\u00e1 cheio de novos projetos para os pr\u00f3ximos anos.<\/p>\n<p style=\"font-weight: 400;\">Seus integrantes, Pablo Ravi, Bruno Ribeiro, Fernando Rodrigues, Bruno Ber\u00ea, Pedro Tup\u00e3, Davi Abreu, Cl\u00eanio Guimar\u00e3es e Renato Nunes, al\u00e9m de talentosos multi-instrumentistas, s\u00e3o professores. E n\u00e3o se pode deixar de lembrar a parceria com os Palha\u00e7os Irm\u00e3os Sa\u00fade, do Circo Teatro Artetude, que h\u00e1 10 anos \u00e9 sucesso absoluto.<\/p>\n<p style=\"font-weight: 400;\">N\u00f3s estamos muito felizes em completar esse ciclo. Foram quase 10 anos de trabalho e pesquisa dedicados a esse DVD infantil. Vamos fazer v\u00e1rias a\u00e7\u00f5es e descentralizar o acesso como sempre fizemos. Guar\u00e1, Sobradinho, Taguatinga, Ceil\u00e2ndia e Plano Piloto. \u00c9 muita hist\u00f3ria para uma festa s\u00f3, queremos dividir esse momento com grupos que fizeram parte de nossa trajet\u00f3ria como o Boi de Mestre Teodoro, Seu Estrelo e Circo Teatro Artetude\u201d, conta Pablo Ravi, um dos integrantes do P\u00e9 de Cerrado.<\/p>\n<p style=\"font-weight: 400;\">A turn\u00ea de anivers\u00e1rio come\u00e7ou no domingo 23 de junho, dentro da programa\u00e7\u00e3o do S\u00e3o Jo\u00e3o do Boi de Seu Teodoro, reconhecido pelo seu trabalho de resgate e tradi\u00e7\u00e3o da cultura popular, assim como o P\u00e9 de Cerrado.\u00a0 Em Agosto, o \u201cP\u00e9 de Cerrado\u201d faz o lan\u00e7amento do seu DVD na maior festa junina de Bras\u00edlia, o \u201cS\u00e3o Jo\u00e3o do Cerrado\u201d. J\u00e1 o encerramento da temporada vai ser marcada por uma a\u00e7\u00e3o social, com uma apresenta\u00e7\u00e3o \u00fanica na sexta, 11 de outubro, v\u00e9spera de dia das crian\u00e7as a caravana do \u201cOs Brincantes\u201d vai desembarcar em apresenta\u00e7\u00e3o especial no Hospital da Crian\u00e7a de Bras\u00edlia Jos\u00e9 de Alencar.<\/p>\n<p style=\"font-weight: 400;\"><strong><u>Sobre o Espet\u00e1culo Os Brincantes<\/u><\/strong><\/p>\n<p style=\"font-weight: 400;\">Pular, brincar, dan\u00e7ar, cantar e rir feito crian\u00e7a. Se voc\u00ea j\u00e1 foi a um show do P\u00e9 de Cerrado, sabe que \u00e9 isso que acontece. A f\u00f3rmula \u00e9 simples, mas exige transpira\u00e7\u00e3o e inspira\u00e7\u00e3o, brasilidade, um grande trabalho de pesquisa, dedica\u00e7\u00e3o e talento. O resultado \u00e9 uma deliciosa miscigena\u00e7\u00e3o art\u00edstica. M\u00fasica, poesia, teatro, folclore e circo revelam os tra\u00e7os brasileiros, dos \u00edndios, negros, sertanejos \u2013 origens de todos n\u00f3s. As letras incentivam boas atitudes, o sentimento de responsabilidade com o outro e com o mundo, a observa\u00e7\u00e3o e o respeito \u00e0 natureza.<\/p>\n<p style=\"font-weight: 400;\">O espet\u00e1culo \u201cOs Brincantes\u201d chama o p\u00fablico para\u00a0<strong>brincar,<\/strong>\u00a0com o apoio dos palha\u00e7os brincantes, personagens t\u00edpicos da cultura popular, e tem na intensa participa\u00e7\u00e3o da plateia um espet\u00e1culo \u00e0 parte. Foi pensado para unir pessoas de todas as faixas et\u00e1rias e para proporcionar a intera\u00e7\u00e3o entre as diversas gera\u00e7\u00f5es. \u00c9 esse p\u00fablico que se une ao P\u00e9 de Cerrado para se divertir e, numa maravilhosa ciranda, se d\u00e3o as m\u00e3os e dan\u00e7am juntos, agradecendo pela vida e evocando uni\u00e3o e mais amor.<\/p>\n<p style=\"font-weight: 400;\"><strong><u>Sobre o P\u00e9 de Cerrado<\/u><\/strong><\/p>\n<p style=\"font-weight: 400;\">S\u00e3o 20 anos de intensa pesquisa, conv\u00edvio e parcerias com grandes mestres, entre eles Dominguinhos e Quinteto Violado. Al\u00e9m de muitas participa\u00e7\u00f5es especiais e produ\u00e7\u00f5es paralelas, o grupo j\u00e1 gravou 3 CDs, 2 DVDs e montaram mais de 7 espet\u00e1culos, sendo o trabalho infantil o mais atual.<\/p>\n<p style=\"font-weight: 400;\">Entre 2002 e 2003, o P\u00e9 executou o projeto Ensaio Aberto, que atraiu para a AABR mais de 2 mil pessoas todas as quartas-feiras durante um ano. O Evento contou com a participa\u00e7\u00e3o espont\u00e2nea de m\u00fasicos consagrados, como Hermeto Pascoal, e marcou uma gera\u00e7\u00e3o inteira num evento que \u00e9 frequentemente relembrado pelo p\u00fablico que o vivenciou.<\/p>\n<p style=\"font-weight: 400;\">A partir da\u00ed, foram mais de 30 projetos realizados nos \u00faltimos anos, entre shows, ocupa\u00e7\u00f5es de espa\u00e7os p\u00fablicos com convidados especiais, tributos, festivais, promo\u00e7\u00e3o e ensino da cultura popular, oficinas para o p\u00fablico infanto-juvenil, parcerias com os povos ind\u00edgenas, projetos sociais. Todos realizados em diversas regi\u00f5es administrativas, numa proposta de descentraliza\u00e7\u00e3o da cultura do DF, levando arte onde as pessoas t\u00eam pouco acesso a ela. As a\u00e7\u00f5es do grupo tamb\u00e9m se destacam pela atua\u00e7\u00e3o na RIDE, em que levam seus espet\u00e1culos tamb\u00e9m para cidades do Goi\u00e1s, com destaque para a Chapada dos Veadeiros.<\/p>\n<p style=\"font-weight: 400;\">Numa proposta universal, os eventos do P\u00e9 alcan\u00e7am uma variedade de p\u00fablico raramente vista. Pessoas de diversas idades e classes sociais se unem para se divertir, num encontro de gera\u00e7\u00f5es, compartilhando momentos de fraternidade e de alegria. A participa\u00e7\u00e3o do p\u00fablico e as longas gargalhadas se tornaram marca registrada dos espet\u00e1culos.<\/p>\n<p style=\"font-weight: 400;\">Em 2015 o P\u00e9 de Cerrado foi indicado pelo MEC para ser apresentado \u00e0s crian\u00e7as da educa\u00e7\u00e3o infantil nas escolas do Distrito Federal. Em 2018, conquistaram o pr\u00eamio \u201cCultura e Cidadania, pelo reconhecimento da relev\u00e2ncia cultural de seus trabalhos para o DF, sendo reconhecido tamb\u00e9m como ponto de cultura.<\/p>\n<p style=\"font-weight: 400;\"><strong><u>\u00a0<\/u><\/strong><\/p>\n<p style=\"font-weight: 400;\"><strong><u>Servi\u00e7o<\/u><\/strong><\/p>\n<p style=\"font-weight: 400;\"><strong>De 9 a 11\/08<\/strong><\/p>\n<p style=\"font-weight: 400;\"><strong>Maior S\u00e3o Jo\u00e3o do Cerrado &#8211; Ceil\u00e2ndia\u00a0<\/strong><\/p>\n<p style=\"font-weight: 400;\">Dia 9 (sexta), \u00e0s 21h, show em homenagem ao Seu Teodoro, palco principal<\/p>\n<p style=\"font-weight: 400;\">Dia 10 \u00a0(s\u00e1bado), \u00e0s 22h, Show e lan\u00e7amento de DVD Os Brincantes, no Circo, \u00a0Pra\u00e7a Mamulengo<\/p>\n<p style=\"font-weight: 400;\">Dia 11 (domingo), \u00e0s 22 h, Arena , Show Viva S\u00e3o Jo\u00e3o<\/p>\n<p style=\"font-weight: 400;\">Ingresso solid\u00e1rio: R$ 1 (em prol do Memorial Bumba Meu Boi do Seu Teodoro)<\/p>\n<p style=\"font-weight: 400;\">Local:\u00a0St. N QNN 12 \u2013 ao lado do est\u00e1dio Abadi\u00e3o<\/p>\n<p style=\"font-weight: 400;\"><strong><u>E VEM A\u00cd<\/u><\/strong><\/p>\n<p style=\"font-weight: 400;\"><strong><u>AGOSTO<\/u><\/strong><\/p>\n<p style=\"font-weight: 400;\">Dia\u00a025\/8-\u00a0 I Mostra de Cultura Candanga &#8211; Guar\u00e1\u00a0( Lan\u00e7amento do DVD Brincantes )<\/p>\n<p style=\"font-weight: 400;\">Na Casa de Cultura do Guar\u00e1, \u00e0s 18h<\/p>\n<p style=\"font-weight: 400;\"><strong><u>OUTUBRO<\/u><\/strong><\/p>\n<p style=\"font-weight: 400;\">Dia 11\/10 \u2013 Apresenta\u00e7\u00e3o no Hospital da Crian\u00e7a de Bras\u00edlia Jos\u00e9 de Alencar<\/p>\n<p>C\u00edntia Rogner<\/p>\n","protected":false},"excerpt":{"rendered":"<p>O grupo cultural brasiliense P\u00e9 de Cerrado segue circulando com a turn\u00ea que comemora 20 anos de estrada! Em duas d\u00e9cadas de exist\u00eancia sem interrup\u00e7\u00e3o, a trupe coleciona projetos premiados para adultos e crian\u00e7as e \u00e9 considerado um representante da mais genu\u00edna cultura popular brasileira, tanto no Brasil como no exterior. Como parte da circula\u00e7\u00e3o, [&hellip;]<\/p>\n","protected":false},"author":18,"featured_media":18373,"comment_status":"open","ping_status":"open","sticky":false,"template":"","format":"standard","meta":{"footnotes":""},"categories":[57],"tags":[],"class_list":{"0":"post-18372","1":"post","2":"type-post","3":"status-publish","4":"format-standard","5":"has-post-thumbnail","7":"category-politica"},"yoast_head":"<!-- This site is optimized with the Yoast SEO Premium plugin v24.5 (Yoast SEO v27.5) - https:\/\/yoast.com\/product\/yoast-seo-premium-wordpress\/ -->\n<title>P\u00e9 de Cerrado comemora 20 anos com shows, DVD e muito mais - P31<\/title>\n<meta name=\"robots\" content=\"index, follow, max-snippet:-1, max-image-preview:large, max-video-preview:-1\" \/>\n<link rel=\"canonical\" href=\"https:\/\/www.p31noticias.com.br\/?p=18372\" \/>\n<meta property=\"og:locale\" content=\"pt_BR\" \/>\n<meta property=\"og:type\" content=\"article\" \/>\n<meta property=\"og:title\" content=\"P\u00e9 de Cerrado comemora 20 anos com shows, DVD e muito mais\" \/>\n<meta property=\"og:description\" content=\"O grupo cultural brasiliense P\u00e9 de Cerrado segue circulando com a turn\u00ea que comemora 20 anos de estrada! Em duas d\u00e9cadas de exist\u00eancia sem interrup\u00e7\u00e3o, a trupe coleciona projetos premiados para adultos e crian\u00e7as e \u00e9 considerado um representante da mais genu\u00edna cultura popular brasileira, tanto no Brasil como no exterior. Como parte da circula\u00e7\u00e3o, [&hellip;]\" \/>\n<meta property=\"og:url\" content=\"https:\/\/www.p31noticias.com.br\/?p=18372\" \/>\n<meta property=\"og:site_name\" content=\"P31\" \/>\n<meta property=\"article:published_time\" content=\"2019-08-08T20:06:21+00:00\" \/>\n<meta property=\"og:image\" content=\"https:\/\/www.p31noticias.com.br\/wp-content\/uploads\/2019\/08\/PE-DE-CERRADO-Cerrado-em-Estu\u2560\u00fcdio-1024x683.jpg\" \/>\n\t<meta property=\"og:image:width\" content=\"1024\" \/>\n\t<meta property=\"og:image:height\" content=\"683\" \/>\n\t<meta property=\"og:image:type\" content=\"image\/jpeg\" \/>\n<meta name=\"author\" content=\"Reda\u00e7\u00e3o JBN\" \/>\n<meta name=\"twitter:card\" content=\"summary_large_image\" \/>\n<meta name=\"twitter:label1\" content=\"Escrito por\" \/>\n\t<meta name=\"twitter:data1\" content=\"Reda\u00e7\u00e3o JBN\" \/>\n\t<meta name=\"twitter:label2\" content=\"Est. tempo de leitura\" \/>\n\t<meta name=\"twitter:data2\" content=\"6 minutos\" \/>\n<script type=\"application\/ld+json\" class=\"yoast-schema-graph\">{\"@context\":\"https:\\\/\\\/schema.org\",\"@graph\":[{\"@type\":\"Article\",\"@id\":\"https:\\\/\\\/www.p31noticias.com.br\\\/?p=18372#article\",\"isPartOf\":{\"@id\":\"https:\\\/\\\/www.p31noticias.com.br\\\/?p=18372\"},\"author\":{\"name\":\"Reda\u00e7\u00e3o JBN\",\"@id\":\"https:\\\/\\\/www.p31noticias.com.br\\\/#\\\/schema\\\/person\\\/77d6b186c710ac38937c6ec204fdd387\"},\"headline\":\"P\u00e9 de Cerrado comemora 20 anos com shows, DVD e muito mais\",\"datePublished\":\"2019-08-08T20:06:21+00:00\",\"mainEntityOfPage\":{\"@id\":\"https:\\\/\\\/www.p31noticias.com.br\\\/?p=18372\"},\"wordCount\":1281,\"commentCount\":0,\"image\":{\"@id\":\"https:\\\/\\\/www.p31noticias.com.br\\\/?p=18372#primaryimage\"},\"thumbnailUrl\":\"https:\\\/\\\/www.p31noticias.com.br\\\/wp-content\\\/uploads\\\/2019\\\/08\\\/PE-DE-CERRADO-Cerrado-em-Estu\u2560\u00fcdio.jpg\",\"articleSection\":[\"Pol\u00edtica\"],\"inLanguage\":\"pt-BR\",\"potentialAction\":[{\"@type\":\"CommentAction\",\"name\":\"Comment\",\"target\":[\"https:\\\/\\\/www.p31noticias.com.br\\\/?p=18372#respond\"]}],\"copyrightYear\":\"2019\",\"copyrightHolder\":{\"@id\":\"https:\\\/\\\/www.p31noticias.com.br\\\/#organization\"}},{\"@type\":\"WebPage\",\"@id\":\"https:\\\/\\\/www.p31noticias.com.br\\\/?p=18372\",\"url\":\"https:\\\/\\\/www.p31noticias.com.br\\\/?p=18372\",\"name\":\"P\u00e9 de Cerrado comemora 20 anos com shows, DVD e muito mais - P31\",\"isPartOf\":{\"@id\":\"https:\\\/\\\/www.p31noticias.com.br\\\/#website\"},\"primaryImageOfPage\":{\"@id\":\"https:\\\/\\\/www.p31noticias.com.br\\\/?p=18372#primaryimage\"},\"image\":{\"@id\":\"https:\\\/\\\/www.p31noticias.com.br\\\/?p=18372#primaryimage\"},\"thumbnailUrl\":\"https:\\\/\\\/www.p31noticias.com.br\\\/wp-content\\\/uploads\\\/2019\\\/08\\\/PE-DE-CERRADO-Cerrado-em-Estu\u2560\u00fcdio.jpg\",\"datePublished\":\"2019-08-08T20:06:21+00:00\",\"author\":{\"@id\":\"https:\\\/\\\/www.p31noticias.com.br\\\/#\\\/schema\\\/person\\\/77d6b186c710ac38937c6ec204fdd387\"},\"breadcrumb\":{\"@id\":\"https:\\\/\\\/www.p31noticias.com.br\\\/?p=18372#breadcrumb\"},\"inLanguage\":\"pt-BR\",\"potentialAction\":[{\"@type\":\"ReadAction\",\"target\":[\"https:\\\/\\\/www.p31noticias.com.br\\\/?p=18372\"]}]},{\"@type\":\"ImageObject\",\"inLanguage\":\"pt-BR\",\"@id\":\"https:\\\/\\\/www.p31noticias.com.br\\\/?p=18372#primaryimage\",\"url\":\"https:\\\/\\\/www.p31noticias.com.br\\\/wp-content\\\/uploads\\\/2019\\\/08\\\/PE-DE-CERRADO-Cerrado-em-Estu\u2560\u00fcdio.jpg\",\"contentUrl\":\"https:\\\/\\\/www.p31noticias.com.br\\\/wp-content\\\/uploads\\\/2019\\\/08\\\/PE-DE-CERRADO-Cerrado-em-Estu\u2560\u00fcdio.jpg\",\"width\":2500,\"height\":1667},{\"@type\":\"BreadcrumbList\",\"@id\":\"https:\\\/\\\/www.p31noticias.com.br\\\/?p=18372#breadcrumb\",\"itemListElement\":[{\"@type\":\"ListItem\",\"position\":1,\"name\":\"In\u00edcio\",\"item\":\"https:\\\/\\\/www.p31noticias.com.br\\\/\"},{\"@type\":\"ListItem\",\"position\":2,\"name\":\"P\u00e9 de Cerrado comemora 20 anos com shows, DVD e muito mais\"}]},{\"@type\":\"WebSite\",\"@id\":\"https:\\\/\\\/www.p31noticias.com.br\\\/#website\",\"url\":\"https:\\\/\\\/www.p31noticias.com.br\\\/\",\"name\":\"P31\",\"description\":\"NOT\u00cdCIAS\",\"potentialAction\":[{\"@type\":\"SearchAction\",\"target\":{\"@type\":\"EntryPoint\",\"urlTemplate\":\"https:\\\/\\\/www.p31noticias.com.br\\\/?s={search_term_string}\"},\"query-input\":{\"@type\":\"PropertyValueSpecification\",\"valueRequired\":true,\"valueName\":\"search_term_string\"}}],\"inLanguage\":\"pt-BR\"},{\"@type\":\"Person\",\"@id\":\"https:\\\/\\\/www.p31noticias.com.br\\\/#\\\/schema\\\/person\\\/77d6b186c710ac38937c6ec204fdd387\",\"name\":\"Reda\u00e7\u00e3o JBN\",\"image\":{\"@type\":\"ImageObject\",\"inLanguage\":\"pt-BR\",\"@id\":\"https:\\\/\\\/secure.gravatar.com\\\/avatar\\\/10fcdb93211f98cce3d64c0795b0915a9a4a21dc0f279238995a3dbfafcad090?s=96&d=mm&r=g\",\"url\":\"https:\\\/\\\/secure.gravatar.com\\\/avatar\\\/10fcdb93211f98cce3d64c0795b0915a9a4a21dc0f279238995a3dbfafcad090?s=96&d=mm&r=g\",\"contentUrl\":\"https:\\\/\\\/secure.gravatar.com\\\/avatar\\\/10fcdb93211f98cce3d64c0795b0915a9a4a21dc0f279238995a3dbfafcad090?s=96&d=mm&r=g\",\"caption\":\"Reda\u00e7\u00e3o JBN\"},\"sameAs\":[\"https:\\\/\\\/p31noticias.com.br\"],\"url\":\"https:\\\/\\\/www.p31noticias.com.br\\\/?author=18\"}]}<\/script>\n<!-- \/ Yoast SEO Premium plugin. -->","yoast_head_json":{"title":"P\u00e9 de Cerrado comemora 20 anos com shows, DVD e muito mais - P31","robots":{"index":"index","follow":"follow","max-snippet":"max-snippet:-1","max-image-preview":"max-image-preview:large","max-video-preview":"max-video-preview:-1"},"canonical":"https:\/\/www.p31noticias.com.br\/?p=18372","og_locale":"pt_BR","og_type":"article","og_title":"P\u00e9 de Cerrado comemora 20 anos com shows, DVD e muito mais","og_description":"O grupo cultural brasiliense P\u00e9 de Cerrado segue circulando com a turn\u00ea que comemora 20 anos de estrada! Em duas d\u00e9cadas de exist\u00eancia sem interrup\u00e7\u00e3o, a trupe coleciona projetos premiados para adultos e crian\u00e7as e \u00e9 considerado um representante da mais genu\u00edna cultura popular brasileira, tanto no Brasil como no exterior. Como parte da circula\u00e7\u00e3o, [&hellip;]","og_url":"https:\/\/www.p31noticias.com.br\/?p=18372","og_site_name":"P31","article_published_time":"2019-08-08T20:06:21+00:00","og_image":[{"width":1024,"height":683,"url":"https:\/\/www.p31noticias.com.br\/wp-content\/uploads\/2019\/08\/PE-DE-CERRADO-Cerrado-em-Estu\u2560\u00fcdio-1024x683.jpg","type":"image\/jpeg"}],"author":"Reda\u00e7\u00e3o JBN","twitter_card":"summary_large_image","twitter_misc":{"Escrito por":"Reda\u00e7\u00e3o JBN","Est. tempo de leitura":"6 minutos"},"schema":{"@context":"https:\/\/schema.org","@graph":[{"@type":"Article","@id":"https:\/\/www.p31noticias.com.br\/?p=18372#article","isPartOf":{"@id":"https:\/\/www.p31noticias.com.br\/?p=18372"},"author":{"name":"Reda\u00e7\u00e3o JBN","@id":"https:\/\/www.p31noticias.com.br\/#\/schema\/person\/77d6b186c710ac38937c6ec204fdd387"},"headline":"P\u00e9 de Cerrado comemora 20 anos com shows, DVD e muito mais","datePublished":"2019-08-08T20:06:21+00:00","mainEntityOfPage":{"@id":"https:\/\/www.p31noticias.com.br\/?p=18372"},"wordCount":1281,"commentCount":0,"image":{"@id":"https:\/\/www.p31noticias.com.br\/?p=18372#primaryimage"},"thumbnailUrl":"https:\/\/www.p31noticias.com.br\/wp-content\/uploads\/2019\/08\/PE-DE-CERRADO-Cerrado-em-Estu\u2560\u00fcdio.jpg","articleSection":["Pol\u00edtica"],"inLanguage":"pt-BR","potentialAction":[{"@type":"CommentAction","name":"Comment","target":["https:\/\/www.p31noticias.com.br\/?p=18372#respond"]}],"copyrightYear":"2019","copyrightHolder":{"@id":"https:\/\/www.p31noticias.com.br\/#organization"}},{"@type":"WebPage","@id":"https:\/\/www.p31noticias.com.br\/?p=18372","url":"https:\/\/www.p31noticias.com.br\/?p=18372","name":"P\u00e9 de Cerrado comemora 20 anos com shows, DVD e muito mais - P31","isPartOf":{"@id":"https:\/\/www.p31noticias.com.br\/#website"},"primaryImageOfPage":{"@id":"https:\/\/www.p31noticias.com.br\/?p=18372#primaryimage"},"image":{"@id":"https:\/\/www.p31noticias.com.br\/?p=18372#primaryimage"},"thumbnailUrl":"https:\/\/www.p31noticias.com.br\/wp-content\/uploads\/2019\/08\/PE-DE-CERRADO-Cerrado-em-Estu\u2560\u00fcdio.jpg","datePublished":"2019-08-08T20:06:21+00:00","author":{"@id":"https:\/\/www.p31noticias.com.br\/#\/schema\/person\/77d6b186c710ac38937c6ec204fdd387"},"breadcrumb":{"@id":"https:\/\/www.p31noticias.com.br\/?p=18372#breadcrumb"},"inLanguage":"pt-BR","potentialAction":[{"@type":"ReadAction","target":["https:\/\/www.p31noticias.com.br\/?p=18372"]}]},{"@type":"ImageObject","inLanguage":"pt-BR","@id":"https:\/\/www.p31noticias.com.br\/?p=18372#primaryimage","url":"https:\/\/www.p31noticias.com.br\/wp-content\/uploads\/2019\/08\/PE-DE-CERRADO-Cerrado-em-Estu\u2560\u00fcdio.jpg","contentUrl":"https:\/\/www.p31noticias.com.br\/wp-content\/uploads\/2019\/08\/PE-DE-CERRADO-Cerrado-em-Estu\u2560\u00fcdio.jpg","width":2500,"height":1667},{"@type":"BreadcrumbList","@id":"https:\/\/www.p31noticias.com.br\/?p=18372#breadcrumb","itemListElement":[{"@type":"ListItem","position":1,"name":"In\u00edcio","item":"https:\/\/www.p31noticias.com.br\/"},{"@type":"ListItem","position":2,"name":"P\u00e9 de Cerrado comemora 20 anos com shows, DVD e muito mais"}]},{"@type":"WebSite","@id":"https:\/\/www.p31noticias.com.br\/#website","url":"https:\/\/www.p31noticias.com.br\/","name":"P31","description":"NOT\u00cdCIAS","potentialAction":[{"@type":"SearchAction","target":{"@type":"EntryPoint","urlTemplate":"https:\/\/www.p31noticias.com.br\/?s={search_term_string}"},"query-input":{"@type":"PropertyValueSpecification","valueRequired":true,"valueName":"search_term_string"}}],"inLanguage":"pt-BR"},{"@type":"Person","@id":"https:\/\/www.p31noticias.com.br\/#\/schema\/person\/77d6b186c710ac38937c6ec204fdd387","name":"Reda\u00e7\u00e3o JBN","image":{"@type":"ImageObject","inLanguage":"pt-BR","@id":"https:\/\/secure.gravatar.com\/avatar\/10fcdb93211f98cce3d64c0795b0915a9a4a21dc0f279238995a3dbfafcad090?s=96&d=mm&r=g","url":"https:\/\/secure.gravatar.com\/avatar\/10fcdb93211f98cce3d64c0795b0915a9a4a21dc0f279238995a3dbfafcad090?s=96&d=mm&r=g","contentUrl":"https:\/\/secure.gravatar.com\/avatar\/10fcdb93211f98cce3d64c0795b0915a9a4a21dc0f279238995a3dbfafcad090?s=96&d=mm&r=g","caption":"Reda\u00e7\u00e3o JBN"},"sameAs":["https:\/\/p31noticias.com.br"],"url":"https:\/\/www.p31noticias.com.br\/?author=18"}]}},"amp_enabled":true,"_links":{"self":[{"href":"https:\/\/www.p31noticias.com.br\/index.php?rest_route=\/wp\/v2\/posts\/18372","targetHints":{"allow":["GET"]}}],"collection":[{"href":"https:\/\/www.p31noticias.com.br\/index.php?rest_route=\/wp\/v2\/posts"}],"about":[{"href":"https:\/\/www.p31noticias.com.br\/index.php?rest_route=\/wp\/v2\/types\/post"}],"author":[{"embeddable":true,"href":"https:\/\/www.p31noticias.com.br\/index.php?rest_route=\/wp\/v2\/users\/18"}],"replies":[{"embeddable":true,"href":"https:\/\/www.p31noticias.com.br\/index.php?rest_route=%2Fwp%2Fv2%2Fcomments&post=18372"}],"version-history":[{"count":0,"href":"https:\/\/www.p31noticias.com.br\/index.php?rest_route=\/wp\/v2\/posts\/18372\/revisions"}],"wp:featuredmedia":[{"embeddable":true,"href":"https:\/\/www.p31noticias.com.br\/index.php?rest_route=\/wp\/v2\/media\/18373"}],"wp:attachment":[{"href":"https:\/\/www.p31noticias.com.br\/index.php?rest_route=%2Fwp%2Fv2%2Fmedia&parent=18372"}],"wp:term":[{"taxonomy":"category","embeddable":true,"href":"https:\/\/www.p31noticias.com.br\/index.php?rest_route=%2Fwp%2Fv2%2Fcategories&post=18372"},{"taxonomy":"post_tag","embeddable":true,"href":"https:\/\/www.p31noticias.com.br\/index.php?rest_route=%2Fwp%2Fv2%2Ftags&post=18372"}],"curies":[{"name":"wp","href":"https:\/\/api.w.org\/{rel}","templated":true}]}}