{"id":18369,"date":"2019-08-08T16:55:06","date_gmt":"2019-08-08T19:55:06","guid":{"rendered":"https:\/\/www.delioandrade.com.br\/?p=18369"},"modified":"2019-08-08T16:55:06","modified_gmt":"2019-08-08T19:55:06","slug":"voce-sabe-o-que-e-o-zumbido-no-ouvido","status":"publish","type":"post","link":"https:\/\/www.p31noticias.com.br\/?p=18369","title":{"rendered":"Voc\u00ea sabe o que \u00e9 o zumbido no ouvido?"},"content":{"rendered":"<p style=\"font-weight: 400;\">Ac\u00fafeno, tinido, tinnitus ou zumbido no ouvido, como \u00e9 mais conhecido, pode ser considerado o terceiro sintoma mais inc\u00f4modo para o ser humano, de acordo com uma pesquisa feita pela APHA, associa\u00e7\u00e3o americana de sa\u00fade p\u00fablica com sede em Washington DC. Segundo o estudo, milhares\u00a0\u00a0de pessoas em todo o mundo sofrem com o problema. No Brasil, aproximadamente 28 milh\u00f5es de pessoas sofrem com algum grau de zumbido no ouvido, sendo ele relacionado a perda auditiva ou n\u00e3o. A estimativa \u00e9 da Organiza\u00e7\u00e3o Mundial de Sa\u00fade (OMS).<\/p>\n<p style=\"font-weight: 400;\">O zumbido no ouvido n\u00e3o \u00e9 uma doen\u00e7a espec\u00edfica, mas sim um sintoma. Muitas vezes, \u00e9 um primeiro sinal de que algo est\u00e1 errado com a audi\u00e7\u00e3o. O som inc\u00f4modo \u00e9 notado mesmo com a aus\u00eancia de ru\u00eddos externos e pode atingir um ou os dois ouvidos. Os casos unilaterais, em geral, s\u00e3o decorrentes de fatores externos, como exposi\u00e7\u00e3o frequente a sons altos. J\u00e1 o bilateral costuma ocorrer devido a doen\u00e7as, altera\u00e7\u00f5es hormonais, perda de audi\u00e7\u00e3o, maus h\u00e1bitos alimentares, tabagismo ou ingest\u00e3o frequente de bebidas alco\u00f3licas.<\/p>\n<p style=\"font-weight: 400;\">Dentre as causas relacionadas com o sistema auditivo est\u00e3o perda auditiva com rela\u00e7\u00e3o a idade ou a outros fatores, bloqueio da audi\u00e7\u00e3o por excesso de cera de ouvido, oss\u00edculos (pequenos ossos do ouvido) alterados, labirintite, doen\u00e7a de\u00a0<em>Meniere<\/em>\u00a0ou Neurinoma do ac\u00fastico (tumor raro que acomete o nervo auditivo).<\/p>\n<p style=\"font-weight: 400;\">Al\u00e9m das causas externas e originadas no sistema auditivo, alguns problemas de sa\u00fade, como ac\u00famulo do colesterol, altera\u00e7\u00f5es odontol\u00f3gicas, hormonais ou no metabolismo, al\u00e9m de complica\u00e7\u00f5es cardiovasculares, dist\u00farbios psiqui\u00e1tricos, hipertens\u00e3o e malforma\u00e7\u00e3o de alguns vasos da cabe\u00e7a e\/ou pesco\u00e7o tamb\u00e9m podem ocasionar o zumbido.<\/p>\n<p style=\"font-weight: 400;\">Por acontecer constantemente, \u00e9 um problema que pode afetar, entre outros, o sono, a concentra\u00e7\u00e3o e at\u00e9 mesmo do equil\u00edbrio emocional. \u00c9 v\u00e1lido ressaltar que nestes casos, al\u00e9m de procurar um m\u00e9dico respons\u00e1vel pela sa\u00fade auditiva, \u00e9 fundamental buscar outros especialistas para tratar o problema.<\/p>\n<p style=\"font-weight: 400;\">Muitas vezes, o zumbido \u00e9 ignorado pelo portador, o que pode agravar a situa\u00e7\u00e3o e dificultar o tratamento. A automedica\u00e7\u00e3o tamb\u00e9m n\u00e3o \u00e9 recomendada. \u201cEvite qualquer tratamento caseiro. S\u00f3 o m\u00e9dico pode informar o que deve ser feito na sua situa\u00e7\u00e3o\u201d, orienta Ariane Gon\u00e7alves, fonoaudi\u00f3loga da AudioFisa.<\/p>\n<p style=\"font-weight: 400;\">Por isso, ao notar os inc\u00f4modos, \u00e9 indispens\u00e1vel buscar acompanhamento m\u00e9dico. Na consulta, \u00e9 importante relatar todos os sintomas, a fim de buscar o melhor tratamento, que pode variar de caso para caso. \u201cDepende do tipo e do que causou o zumbido. Em casos como o excesso de cera, por exemplo, uma limpeza pode resolver a situa\u00e7\u00e3o. J\u00e1 em outras situa\u00e7\u00f5es \u00e9 necess\u00e1rio corrigir a perda de audi\u00e7\u00e3o para resolver o sintoma\u201d, explica Ariane.<\/p>\n<p style=\"font-weight: 400;\">Em geral, pacientes que possuem o zumbido relatam diversos tipos de dificuldades como ficar em sil\u00eancio e at\u00e9 transtornos psicol\u00f3gicos. \u201cAlgumas pessoas que se isolam e que deixam de frequentar lugares cheios, devido ao inc\u00f4modo gerado pelo zumbido, aumentam o risco do desenvolvimento da depress\u00e3o\u201d, conta a fonoaudi\u00f3loga. A ins\u00f4nia e a irritabilidade constante tamb\u00e9m podem surgir devido ao problema. Para esses casos, os recursos terap\u00eauticos podem proporcionar al\u00edvio e conforto.<\/p>\n<p style=\"font-weight: 400;\">Desenvolvida nos anos 90, a Tinnitus Retraining Therapy, mais conhecida como TRT \u00e9 uma terapia de adapta\u00e7\u00e3o que auxilia o paciente a conviver com o problema a ponto de n\u00e3o not\u00e1-lo. Essa t\u00e9cnica desvia a aten\u00e7\u00e3o do c\u00e9rebro do ru\u00eddo constante, auxiliando no aumento da qualidade de vida. \u201cNunca deixe de buscar o m\u00e9dico ao notar alguma mudan\u00e7a na audi\u00e7\u00e3o. Cuidar da sa\u00fade auditiva \u00e9 t\u00e3o importante quanto cuidar do corpo como um todo\u201d, afirma Ariane Gon\u00e7alves.<\/p>\n<p style=\"font-weight: 400;\">\n<p style=\"font-weight: 400;\"><strong><u>AudioFisa<\/u><\/strong><\/p>\n<p style=\"font-weight: 400;\">Fundada em 2014 no Distrito Federal, a AudioFisa Aparelhos Auditivos \u00e9 uma empresa especializada em proporcionar qualidade de vida a seus clientes por meio da venda de aparelhos auditivos. Com uma ampla linha de equipamentos que possuem tecnologia de ponta, trabalha somente com as melhores marcas do mercado e disponibiliza aparelhos que atendem a pacientes com diferentes n\u00edveis de perdas auditivas. Para mais informa\u00e7\u00f5es, acesse www.\u00a0<a href=\"http:\/\/audiofisa.com.br\/\" data-saferedirecturl=\"https:\/\/www.google.com\/url?q=http:\/\/audiofisa.com.br&amp;source=gmail&amp;ust=1565380293966000&amp;usg=AFQjCNFAU7Pk3F81Yh4samNK2uA0Q-2-oQ\">audiofisa.com.br<\/a><\/p>\n","protected":false},"excerpt":{"rendered":"<p>Ac\u00fafeno, tinido, tinnitus ou zumbido no ouvido, como \u00e9 mais conhecido, pode ser considerado o terceiro sintoma mais inc\u00f4modo para o ser humano, de acordo com uma pesquisa feita pela APHA, associa\u00e7\u00e3o americana de sa\u00fade p\u00fablica com sede em Washington DC. Segundo o estudo, milhares\u00a0\u00a0de pessoas em todo o mundo sofrem com o problema. No [&hellip;]<\/p>\n","protected":false},"author":18,"featured_media":18370,"comment_status":"open","ping_status":"open","sticky":false,"template":"","format":"standard","meta":{"footnotes":""},"categories":[124],"tags":[],"class_list":{"0":"post-18369","1":"post","2":"type-post","3":"status-publish","4":"format-standard","5":"has-post-thumbnail","7":"category-saude"},"yoast_head":"<!-- This site is optimized with the Yoast SEO Premium plugin v24.5 (Yoast SEO v27.5) - https:\/\/yoast.com\/product\/yoast-seo-premium-wordpress\/ -->\n<title>Voc\u00ea sabe o que \u00e9 o zumbido no ouvido? - P31<\/title>\n<meta name=\"robots\" content=\"index, follow, max-snippet:-1, max-image-preview:large, max-video-preview:-1\" \/>\n<link rel=\"canonical\" href=\"https:\/\/www.p31noticias.com.br\/?p=18369\" \/>\n<meta property=\"og:locale\" content=\"pt_BR\" \/>\n<meta property=\"og:type\" content=\"article\" \/>\n<meta property=\"og:title\" content=\"Voc\u00ea sabe o que \u00e9 o zumbido no ouvido?\" \/>\n<meta property=\"og:description\" content=\"Ac\u00fafeno, tinido, tinnitus ou zumbido no ouvido, como \u00e9 mais conhecido, pode ser considerado o terceiro sintoma mais inc\u00f4modo para o ser humano, de acordo com uma pesquisa feita pela APHA, associa\u00e7\u00e3o americana de sa\u00fade p\u00fablica com sede em Washington DC. Segundo o estudo, milhares\u00a0\u00a0de pessoas em todo o mundo sofrem com o problema. No [&hellip;]\" \/>\n<meta property=\"og:url\" content=\"https:\/\/www.p31noticias.com.br\/?p=18369\" \/>\n<meta property=\"og:site_name\" content=\"P31\" \/>\n<meta property=\"article:published_time\" content=\"2019-08-08T19:55:06+00:00\" \/>\n<meta property=\"og:image\" content=\"https:\/\/www.p31noticias.com.br\/wp-content\/uploads\/2019\/08\/Zumbido-no-ouvido-Foto-freepik-scaled.jpg\" \/>\n\t<meta property=\"og:image:width\" content=\"2560\" \/>\n\t<meta property=\"og:image:height\" content=\"1707\" \/>\n\t<meta property=\"og:image:type\" content=\"image\/jpeg\" \/>\n<meta name=\"author\" content=\"Reda\u00e7\u00e3o JBN\" \/>\n<meta name=\"twitter:card\" content=\"summary_large_image\" \/>\n<meta name=\"twitter:label1\" content=\"Escrito por\" \/>\n\t<meta name=\"twitter:data1\" content=\"Reda\u00e7\u00e3o JBN\" \/>\n\t<meta name=\"twitter:label2\" content=\"Est. tempo de leitura\" \/>\n\t<meta name=\"twitter:data2\" content=\"4 minutos\" \/>\n<script type=\"application\/ld+json\" class=\"yoast-schema-graph\">{\"@context\":\"https:\\\/\\\/schema.org\",\"@graph\":[{\"@type\":\"Article\",\"@id\":\"https:\\\/\\\/www.p31noticias.com.br\\\/?p=18369#article\",\"isPartOf\":{\"@id\":\"https:\\\/\\\/www.p31noticias.com.br\\\/?p=18369\"},\"author\":{\"name\":\"Reda\u00e7\u00e3o JBN\",\"@id\":\"https:\\\/\\\/www.p31noticias.com.br\\\/#\\\/schema\\\/person\\\/77d6b186c710ac38937c6ec204fdd387\"},\"headline\":\"Voc\u00ea sabe o que \u00e9 o zumbido no ouvido?\",\"datePublished\":\"2019-08-08T19:55:06+00:00\",\"mainEntityOfPage\":{\"@id\":\"https:\\\/\\\/www.p31noticias.com.br\\\/?p=18369\"},\"wordCount\":730,\"commentCount\":0,\"image\":{\"@id\":\"https:\\\/\\\/www.p31noticias.com.br\\\/?p=18369#primaryimage\"},\"thumbnailUrl\":\"https:\\\/\\\/www.p31noticias.com.br\\\/wp-content\\\/uploads\\\/2019\\\/08\\\/Zumbido-no-ouvido-Foto-freepik-scaled.jpg\",\"articleSection\":[\"Sa\u00fade\"],\"inLanguage\":\"pt-BR\",\"potentialAction\":[{\"@type\":\"CommentAction\",\"name\":\"Comment\",\"target\":[\"https:\\\/\\\/www.p31noticias.com.br\\\/?p=18369#respond\"]}],\"copyrightYear\":\"2019\",\"copyrightHolder\":{\"@id\":\"https:\\\/\\\/www.p31noticias.com.br\\\/#organization\"}},{\"@type\":\"WebPage\",\"@id\":\"https:\\\/\\\/www.p31noticias.com.br\\\/?p=18369\",\"url\":\"https:\\\/\\\/www.p31noticias.com.br\\\/?p=18369\",\"name\":\"Voc\u00ea sabe o que \u00e9 o zumbido no ouvido? - P31\",\"isPartOf\":{\"@id\":\"https:\\\/\\\/www.p31noticias.com.br\\\/#website\"},\"primaryImageOfPage\":{\"@id\":\"https:\\\/\\\/www.p31noticias.com.br\\\/?p=18369#primaryimage\"},\"image\":{\"@id\":\"https:\\\/\\\/www.p31noticias.com.br\\\/?p=18369#primaryimage\"},\"thumbnailUrl\":\"https:\\\/\\\/www.p31noticias.com.br\\\/wp-content\\\/uploads\\\/2019\\\/08\\\/Zumbido-no-ouvido-Foto-freepik-scaled.jpg\",\"datePublished\":\"2019-08-08T19:55:06+00:00\",\"author\":{\"@id\":\"https:\\\/\\\/www.p31noticias.com.br\\\/#\\\/schema\\\/person\\\/77d6b186c710ac38937c6ec204fdd387\"},\"breadcrumb\":{\"@id\":\"https:\\\/\\\/www.p31noticias.com.br\\\/?p=18369#breadcrumb\"},\"inLanguage\":\"pt-BR\",\"potentialAction\":[{\"@type\":\"ReadAction\",\"target\":[\"https:\\\/\\\/www.p31noticias.com.br\\\/?p=18369\"]}]},{\"@type\":\"ImageObject\",\"inLanguage\":\"pt-BR\",\"@id\":\"https:\\\/\\\/www.p31noticias.com.br\\\/?p=18369#primaryimage\",\"url\":\"https:\\\/\\\/www.p31noticias.com.br\\\/wp-content\\\/uploads\\\/2019\\\/08\\\/Zumbido-no-ouvido-Foto-freepik-scaled.jpg\",\"contentUrl\":\"https:\\\/\\\/www.p31noticias.com.br\\\/wp-content\\\/uploads\\\/2019\\\/08\\\/Zumbido-no-ouvido-Foto-freepik-scaled.jpg\",\"width\":2560,\"height\":1707},{\"@type\":\"BreadcrumbList\",\"@id\":\"https:\\\/\\\/www.p31noticias.com.br\\\/?p=18369#breadcrumb\",\"itemListElement\":[{\"@type\":\"ListItem\",\"position\":1,\"name\":\"In\u00edcio\",\"item\":\"https:\\\/\\\/www.p31noticias.com.br\\\/\"},{\"@type\":\"ListItem\",\"position\":2,\"name\":\"Voc\u00ea sabe o que \u00e9 o zumbido no ouvido?\"}]},{\"@type\":\"WebSite\",\"@id\":\"https:\\\/\\\/www.p31noticias.com.br\\\/#website\",\"url\":\"https:\\\/\\\/www.p31noticias.com.br\\\/\",\"name\":\"P31\",\"description\":\"NOT\u00cdCIAS\",\"potentialAction\":[{\"@type\":\"SearchAction\",\"target\":{\"@type\":\"EntryPoint\",\"urlTemplate\":\"https:\\\/\\\/www.p31noticias.com.br\\\/?s={search_term_string}\"},\"query-input\":{\"@type\":\"PropertyValueSpecification\",\"valueRequired\":true,\"valueName\":\"search_term_string\"}}],\"inLanguage\":\"pt-BR\"},{\"@type\":\"Person\",\"@id\":\"https:\\\/\\\/www.p31noticias.com.br\\\/#\\\/schema\\\/person\\\/77d6b186c710ac38937c6ec204fdd387\",\"name\":\"Reda\u00e7\u00e3o JBN\",\"image\":{\"@type\":\"ImageObject\",\"inLanguage\":\"pt-BR\",\"@id\":\"https:\\\/\\\/secure.gravatar.com\\\/avatar\\\/10fcdb93211f98cce3d64c0795b0915a9a4a21dc0f279238995a3dbfafcad090?s=96&d=mm&r=g\",\"url\":\"https:\\\/\\\/secure.gravatar.com\\\/avatar\\\/10fcdb93211f98cce3d64c0795b0915a9a4a21dc0f279238995a3dbfafcad090?s=96&d=mm&r=g\",\"contentUrl\":\"https:\\\/\\\/secure.gravatar.com\\\/avatar\\\/10fcdb93211f98cce3d64c0795b0915a9a4a21dc0f279238995a3dbfafcad090?s=96&d=mm&r=g\",\"caption\":\"Reda\u00e7\u00e3o JBN\"},\"sameAs\":[\"https:\\\/\\\/p31noticias.com.br\"],\"url\":\"https:\\\/\\\/www.p31noticias.com.br\\\/?author=18\"}]}<\/script>\n<!-- \/ Yoast SEO Premium plugin. -->","yoast_head_json":{"title":"Voc\u00ea sabe o que \u00e9 o zumbido no ouvido? - P31","robots":{"index":"index","follow":"follow","max-snippet":"max-snippet:-1","max-image-preview":"max-image-preview:large","max-video-preview":"max-video-preview:-1"},"canonical":"https:\/\/www.p31noticias.com.br\/?p=18369","og_locale":"pt_BR","og_type":"article","og_title":"Voc\u00ea sabe o que \u00e9 o zumbido no ouvido?","og_description":"Ac\u00fafeno, tinido, tinnitus ou zumbido no ouvido, como \u00e9 mais conhecido, pode ser considerado o terceiro sintoma mais inc\u00f4modo para o ser humano, de acordo com uma pesquisa feita pela APHA, associa\u00e7\u00e3o americana de sa\u00fade p\u00fablica com sede em Washington DC. Segundo o estudo, milhares\u00a0\u00a0de pessoas em todo o mundo sofrem com o problema. No [&hellip;]","og_url":"https:\/\/www.p31noticias.com.br\/?p=18369","og_site_name":"P31","article_published_time":"2019-08-08T19:55:06+00:00","og_image":[{"width":2560,"height":1707,"url":"https:\/\/www.p31noticias.com.br\/wp-content\/uploads\/2019\/08\/Zumbido-no-ouvido-Foto-freepik-scaled.jpg","type":"image\/jpeg"}],"author":"Reda\u00e7\u00e3o JBN","twitter_card":"summary_large_image","twitter_misc":{"Escrito por":"Reda\u00e7\u00e3o JBN","Est. tempo de leitura":"4 minutos"},"schema":{"@context":"https:\/\/schema.org","@graph":[{"@type":"Article","@id":"https:\/\/www.p31noticias.com.br\/?p=18369#article","isPartOf":{"@id":"https:\/\/www.p31noticias.com.br\/?p=18369"},"author":{"name":"Reda\u00e7\u00e3o JBN","@id":"https:\/\/www.p31noticias.com.br\/#\/schema\/person\/77d6b186c710ac38937c6ec204fdd387"},"headline":"Voc\u00ea sabe o que \u00e9 o zumbido no ouvido?","datePublished":"2019-08-08T19:55:06+00:00","mainEntityOfPage":{"@id":"https:\/\/www.p31noticias.com.br\/?p=18369"},"wordCount":730,"commentCount":0,"image":{"@id":"https:\/\/www.p31noticias.com.br\/?p=18369#primaryimage"},"thumbnailUrl":"https:\/\/www.p31noticias.com.br\/wp-content\/uploads\/2019\/08\/Zumbido-no-ouvido-Foto-freepik-scaled.jpg","articleSection":["Sa\u00fade"],"inLanguage":"pt-BR","potentialAction":[{"@type":"CommentAction","name":"Comment","target":["https:\/\/www.p31noticias.com.br\/?p=18369#respond"]}],"copyrightYear":"2019","copyrightHolder":{"@id":"https:\/\/www.p31noticias.com.br\/#organization"}},{"@type":"WebPage","@id":"https:\/\/www.p31noticias.com.br\/?p=18369","url":"https:\/\/www.p31noticias.com.br\/?p=18369","name":"Voc\u00ea sabe o que \u00e9 o zumbido no ouvido? - P31","isPartOf":{"@id":"https:\/\/www.p31noticias.com.br\/#website"},"primaryImageOfPage":{"@id":"https:\/\/www.p31noticias.com.br\/?p=18369#primaryimage"},"image":{"@id":"https:\/\/www.p31noticias.com.br\/?p=18369#primaryimage"},"thumbnailUrl":"https:\/\/www.p31noticias.com.br\/wp-content\/uploads\/2019\/08\/Zumbido-no-ouvido-Foto-freepik-scaled.jpg","datePublished":"2019-08-08T19:55:06+00:00","author":{"@id":"https:\/\/www.p31noticias.com.br\/#\/schema\/person\/77d6b186c710ac38937c6ec204fdd387"},"breadcrumb":{"@id":"https:\/\/www.p31noticias.com.br\/?p=18369#breadcrumb"},"inLanguage":"pt-BR","potentialAction":[{"@type":"ReadAction","target":["https:\/\/www.p31noticias.com.br\/?p=18369"]}]},{"@type":"ImageObject","inLanguage":"pt-BR","@id":"https:\/\/www.p31noticias.com.br\/?p=18369#primaryimage","url":"https:\/\/www.p31noticias.com.br\/wp-content\/uploads\/2019\/08\/Zumbido-no-ouvido-Foto-freepik-scaled.jpg","contentUrl":"https:\/\/www.p31noticias.com.br\/wp-content\/uploads\/2019\/08\/Zumbido-no-ouvido-Foto-freepik-scaled.jpg","width":2560,"height":1707},{"@type":"BreadcrumbList","@id":"https:\/\/www.p31noticias.com.br\/?p=18369#breadcrumb","itemListElement":[{"@type":"ListItem","position":1,"name":"In\u00edcio","item":"https:\/\/www.p31noticias.com.br\/"},{"@type":"ListItem","position":2,"name":"Voc\u00ea sabe o que \u00e9 o zumbido no ouvido?"}]},{"@type":"WebSite","@id":"https:\/\/www.p31noticias.com.br\/#website","url":"https:\/\/www.p31noticias.com.br\/","name":"P31","description":"NOT\u00cdCIAS","potentialAction":[{"@type":"SearchAction","target":{"@type":"EntryPoint","urlTemplate":"https:\/\/www.p31noticias.com.br\/?s={search_term_string}"},"query-input":{"@type":"PropertyValueSpecification","valueRequired":true,"valueName":"search_term_string"}}],"inLanguage":"pt-BR"},{"@type":"Person","@id":"https:\/\/www.p31noticias.com.br\/#\/schema\/person\/77d6b186c710ac38937c6ec204fdd387","name":"Reda\u00e7\u00e3o JBN","image":{"@type":"ImageObject","inLanguage":"pt-BR","@id":"https:\/\/secure.gravatar.com\/avatar\/10fcdb93211f98cce3d64c0795b0915a9a4a21dc0f279238995a3dbfafcad090?s=96&d=mm&r=g","url":"https:\/\/secure.gravatar.com\/avatar\/10fcdb93211f98cce3d64c0795b0915a9a4a21dc0f279238995a3dbfafcad090?s=96&d=mm&r=g","contentUrl":"https:\/\/secure.gravatar.com\/avatar\/10fcdb93211f98cce3d64c0795b0915a9a4a21dc0f279238995a3dbfafcad090?s=96&d=mm&r=g","caption":"Reda\u00e7\u00e3o JBN"},"sameAs":["https:\/\/p31noticias.com.br"],"url":"https:\/\/www.p31noticias.com.br\/?author=18"}]}},"amp_enabled":true,"_links":{"self":[{"href":"https:\/\/www.p31noticias.com.br\/index.php?rest_route=\/wp\/v2\/posts\/18369","targetHints":{"allow":["GET"]}}],"collection":[{"href":"https:\/\/www.p31noticias.com.br\/index.php?rest_route=\/wp\/v2\/posts"}],"about":[{"href":"https:\/\/www.p31noticias.com.br\/index.php?rest_route=\/wp\/v2\/types\/post"}],"author":[{"embeddable":true,"href":"https:\/\/www.p31noticias.com.br\/index.php?rest_route=\/wp\/v2\/users\/18"}],"replies":[{"embeddable":true,"href":"https:\/\/www.p31noticias.com.br\/index.php?rest_route=%2Fwp%2Fv2%2Fcomments&post=18369"}],"version-history":[{"count":0,"href":"https:\/\/www.p31noticias.com.br\/index.php?rest_route=\/wp\/v2\/posts\/18369\/revisions"}],"wp:featuredmedia":[{"embeddable":true,"href":"https:\/\/www.p31noticias.com.br\/index.php?rest_route=\/wp\/v2\/media\/18370"}],"wp:attachment":[{"href":"https:\/\/www.p31noticias.com.br\/index.php?rest_route=%2Fwp%2Fv2%2Fmedia&parent=18369"}],"wp:term":[{"taxonomy":"category","embeddable":true,"href":"https:\/\/www.p31noticias.com.br\/index.php?rest_route=%2Fwp%2Fv2%2Fcategories&post=18369"},{"taxonomy":"post_tag","embeddable":true,"href":"https:\/\/www.p31noticias.com.br\/index.php?rest_route=%2Fwp%2Fv2%2Ftags&post=18369"}],"curies":[{"name":"wp","href":"https:\/\/api.w.org\/{rel}","templated":true}]}}