{"id":18363,"date":"2019-08-08T12:13:40","date_gmt":"2019-08-08T15:13:40","guid":{"rendered":"https:\/\/www.delioandrade.com.br\/?p=18363"},"modified":"2019-08-08T12:13:40","modified_gmt":"2019-08-08T15:13:40","slug":"mpf-pede-bloqueio-de-r-16-bilhao-de-eike-batista","status":"publish","type":"post","link":"https:\/\/www.p31noticias.com.br\/?p=18363","title":{"rendered":"MPF pede bloqueio de R$ 1,6 bilh\u00e3o de Eike Batista"},"content":{"rendered":"<p>Preso na manh\u00e3 de\u00a0hoje\u00a0(8) pela\u00a0Opera\u00e7\u00e3o Segredo de Midas, o empres\u00e1rio Eike Batista\u00a0ter\u00e1 o valor de R$ 1,6 bilh\u00e3o em bens bloqueados. A indisponibilidade \u00e9 relativa a bens de Eike e de seus filhos, Thor e Olin Batista, sendo R$ 800 milh\u00f5es por danos morais e R$ 800 milh\u00f5es por danos materiais.<\/p>\n<p>O pedido, atendido pela 7\u00aa Vara Federal Criminal do Rio\u00a0de Janeiro, foi feito pelo Minist\u00e9rio P\u00fablico Federal (MPF), que deflagrou a opera\u00e7\u00e3o em conjunto com a Pol\u00edcia Federal. Segundo o MPF, al\u00e9m da pris\u00e3o tempor\u00e1ria de Eike Batista, foi determinada a pris\u00e3o preventiva de Luiz Arthur Andrade Correia, conhecido como Zartha, tesoureiro de Batista.<\/p>\n<p>A investiga\u00e7\u00e3o do MPF apura se houve crimes de manipula\u00e7\u00e3o de mercado e utiliza\u00e7\u00e3o de informa\u00e7\u00e3o privilegiada. Segundo o \u00f3rg\u00e3o, as investiga\u00e7\u00f5es come\u00e7aram com as opera\u00e7\u00f5es Efici\u00eancia e Hashtag, que revelaram que as contas utilizadas para o pagamento de propina ao ex-governador S\u00e9rgio Cabral foram usadas para manipular a\u00e7\u00f5es de empresas que tinham neg\u00f3cios com Eike Batista.<\/p>\n<p>\u201cO esquema utilizava a empresa The Adviser Investiments (TAI), com sede no Panam\u00e1, criada por Eduardo Plass e seus s\u00f3cios, propriet\u00e1rios do TAG Bank. No curso das investiga\u00e7\u00f5es, apurou-se que Eike e Luiz Arthur usaram a TAI para atuar ilicitamente nos mercados de capitais nacional e estrangeiro, a fim de manipular ou usar informa\u00e7\u00e3o privilegiada de ativos que estariam impedidos ou n\u00e3o queriam que o mercado soubesse que operavam\u201d, explicou a nota do MPF.<\/p>\n<p>A desconfian\u00e7a dos procuradores da for\u00e7a-tarefa da Lava Jato no Rio\u00a0de Janeiro\u00a0\u00e9 de que a TAI funcionou como um \u201cbanco paralelo\u201d que atuava como uma \u201cinstitui\u00e7\u00e3o financeira que geria recursos de terceiros\u201d, sem\u00a0ter\u00a0autoriza\u00e7\u00e3o legal para isso. Dessa forma, passava a falsa apar\u00eancia para o mercado de que eram investidos recursos pr\u00f3prios, j\u00e1 que o real operador dos ativos era omitido.<\/p>\n<p>\u201cO TAG Bank, banco oficial dos mesmos s\u00f3cios da TAI, tamb\u00e9m funcionava como uma engrenagem no esquema de manipula\u00e7\u00e3o. Al\u00e9m disso, tanto a TAI, quanto Eike tinham uma conta no Credit Suisse de Bahamas usada para os il\u00edcitos\u201d, afirmam os procuradores.<\/p>\n<p>O MPF afirma que, entre 2010 e 2013, foram manipulados os mercados de a\u00e7\u00f5es e bonds de empresas como Ventana Gold Corp, Galway Resources Ltd, MMX, MPX e OGX. O uso de informa\u00e7\u00f5es privilegiadas foi constata em negocia\u00e7\u00f5es com Burger King e CCX. No total, segundo aponta a investiga\u00e7\u00e3o, foram movimentados mais de R$ 800 milh\u00f5es.<\/p>\n<p>Os mandados de busca e apreens\u00e3o foram expedidos para endere\u00e7os ligados a Jos\u00e9 Gustavo Costa, ex-diretor-presidente e diretor de rela\u00e7\u00f5es com investidores da CCX.<\/p>\n<p>O MPF informa que Eduardo Plass firmou acordo de colabora\u00e7\u00e3o premiada e vai pagar R$ 300 milh\u00f5es em multa, al\u00e9m de devolver US$ 9,2 milh\u00f5es de Eike que est\u00e3o sob sua cust\u00f3dia no exterior.<\/p>\n<h2>Defesa<\/h2>\n<p>Em nota, o advogado de Eike Batista, Fernando Martins, informou que a pris\u00e3o tempor\u00e1ria do empres\u00e1rio foi decretada para que ele \u201cfosse ouvido em sede policial sobre fatos supostamente ocorridos em 2013\u201d, e que, segundo o advogado, se trata de uma pris\u00e3o \u201csem embasamento legal\u201d.<\/p>\n<p>O advogado confirmou que Eike foi preso em casa e j\u00e1 se encontra na sede da Pol\u00edcia Federal no Rio\u00a0de Janeiro.<\/p>\n<p>Ag\u00eancia Bras\u00edlia<\/p>\n","protected":false},"excerpt":{"rendered":"<p>Preso na manh\u00e3 de\u00a0hoje\u00a0(8) pela\u00a0Opera\u00e7\u00e3o Segredo de Midas, o empres\u00e1rio Eike Batista\u00a0ter\u00e1 o valor de R$ 1,6 bilh\u00e3o em bens bloqueados. A indisponibilidade \u00e9 relativa a bens de Eike e de seus filhos, Thor e Olin Batista, sendo R$ 800 milh\u00f5es por danos morais e R$ 800 milh\u00f5es por danos materiais. O pedido, atendido pela [&hellip;]<\/p>\n","protected":false},"author":18,"featured_media":18364,"comment_status":"open","ping_status":"open","sticky":false,"template":"","format":"standard","meta":{"footnotes":""},"categories":[68],"tags":[],"class_list":{"0":"post-18363","1":"post","2":"type-post","3":"status-publish","4":"format-standard","5":"has-post-thumbnail","7":"category-brasil"},"yoast_head":"<!-- This site is optimized with the Yoast SEO Premium plugin v24.5 (Yoast SEO v27.5) - https:\/\/yoast.com\/product\/yoast-seo-premium-wordpress\/ -->\n<title>MPF pede bloqueio de R$ 1,6 bilh\u00e3o de Eike Batista - P31<\/title>\n<meta name=\"robots\" content=\"index, follow, max-snippet:-1, max-image-preview:large, max-video-preview:-1\" \/>\n<link rel=\"canonical\" href=\"https:\/\/www.p31noticias.com.br\/?p=18363\" \/>\n<meta property=\"og:locale\" content=\"pt_BR\" \/>\n<meta property=\"og:type\" content=\"article\" \/>\n<meta property=\"og:title\" content=\"MPF pede bloqueio de R$ 1,6 bilh\u00e3o de Eike Batista\" \/>\n<meta property=\"og:description\" content=\"Preso na manh\u00e3 de\u00a0hoje\u00a0(8) pela\u00a0Opera\u00e7\u00e3o Segredo de Midas, o empres\u00e1rio Eike Batista\u00a0ter\u00e1 o valor de R$ 1,6 bilh\u00e3o em bens bloqueados. A indisponibilidade \u00e9 relativa a bens de Eike e de seus filhos, Thor e Olin Batista, sendo R$ 800 milh\u00f5es por danos morais e R$ 800 milh\u00f5es por danos materiais. O pedido, atendido pela [&hellip;]\" \/>\n<meta property=\"og:url\" content=\"https:\/\/www.p31noticias.com.br\/?p=18363\" \/>\n<meta property=\"og:site_name\" content=\"P31\" \/>\n<meta property=\"article:published_time\" content=\"2019-08-08T15:13:40+00:00\" \/>\n<meta property=\"og:image\" content=\"https:\/\/www.p31noticias.com.br\/wp-content\/uploads\/2019\/08\/eike_batista.jpg\" \/>\n\t<meta property=\"og:image:width\" content=\"1140\" \/>\n\t<meta property=\"og:image:height\" content=\"760\" \/>\n\t<meta property=\"og:image:type\" content=\"image\/jpeg\" \/>\n<meta name=\"author\" content=\"Reda\u00e7\u00e3o JBN\" \/>\n<meta name=\"twitter:card\" content=\"summary_large_image\" \/>\n<meta name=\"twitter:label1\" content=\"Escrito por\" \/>\n\t<meta name=\"twitter:data1\" content=\"Reda\u00e7\u00e3o JBN\" \/>\n\t<meta name=\"twitter:label2\" content=\"Est. tempo de leitura\" \/>\n\t<meta name=\"twitter:data2\" content=\"3 minutos\" \/>\n<script type=\"application\/ld+json\" class=\"yoast-schema-graph\">{\"@context\":\"https:\\\/\\\/schema.org\",\"@graph\":[{\"@type\":\"Article\",\"@id\":\"https:\\\/\\\/www.p31noticias.com.br\\\/?p=18363#article\",\"isPartOf\":{\"@id\":\"https:\\\/\\\/www.p31noticias.com.br\\\/?p=18363\"},\"author\":{\"name\":\"Reda\u00e7\u00e3o JBN\",\"@id\":\"https:\\\/\\\/www.p31noticias.com.br\\\/#\\\/schema\\\/person\\\/77d6b186c710ac38937c6ec204fdd387\"},\"headline\":\"MPF pede bloqueio de R$ 1,6 bilh\u00e3o de Eike Batista\",\"datePublished\":\"2019-08-08T15:13:40+00:00\",\"mainEntityOfPage\":{\"@id\":\"https:\\\/\\\/www.p31noticias.com.br\\\/?p=18363\"},\"wordCount\":589,\"commentCount\":0,\"image\":{\"@id\":\"https:\\\/\\\/www.p31noticias.com.br\\\/?p=18363#primaryimage\"},\"thumbnailUrl\":\"https:\\\/\\\/www.p31noticias.com.br\\\/wp-content\\\/uploads\\\/2019\\\/08\\\/eike_batista.jpg\",\"articleSection\":[\"Brasil\"],\"inLanguage\":\"pt-BR\",\"potentialAction\":[{\"@type\":\"CommentAction\",\"name\":\"Comment\",\"target\":[\"https:\\\/\\\/www.p31noticias.com.br\\\/?p=18363#respond\"]}],\"copyrightYear\":\"2019\",\"copyrightHolder\":{\"@id\":\"https:\\\/\\\/www.p31noticias.com.br\\\/#organization\"}},{\"@type\":\"WebPage\",\"@id\":\"https:\\\/\\\/www.p31noticias.com.br\\\/?p=18363\",\"url\":\"https:\\\/\\\/www.p31noticias.com.br\\\/?p=18363\",\"name\":\"MPF pede bloqueio de R$ 1,6 bilh\u00e3o de Eike Batista - P31\",\"isPartOf\":{\"@id\":\"https:\\\/\\\/www.p31noticias.com.br\\\/#website\"},\"primaryImageOfPage\":{\"@id\":\"https:\\\/\\\/www.p31noticias.com.br\\\/?p=18363#primaryimage\"},\"image\":{\"@id\":\"https:\\\/\\\/www.p31noticias.com.br\\\/?p=18363#primaryimage\"},\"thumbnailUrl\":\"https:\\\/\\\/www.p31noticias.com.br\\\/wp-content\\\/uploads\\\/2019\\\/08\\\/eike_batista.jpg\",\"datePublished\":\"2019-08-08T15:13:40+00:00\",\"author\":{\"@id\":\"https:\\\/\\\/www.p31noticias.com.br\\\/#\\\/schema\\\/person\\\/77d6b186c710ac38937c6ec204fdd387\"},\"breadcrumb\":{\"@id\":\"https:\\\/\\\/www.p31noticias.com.br\\\/?p=18363#breadcrumb\"},\"inLanguage\":\"pt-BR\",\"potentialAction\":[{\"@type\":\"ReadAction\",\"target\":[\"https:\\\/\\\/www.p31noticias.com.br\\\/?p=18363\"]}]},{\"@type\":\"ImageObject\",\"inLanguage\":\"pt-BR\",\"@id\":\"https:\\\/\\\/www.p31noticias.com.br\\\/?p=18363#primaryimage\",\"url\":\"https:\\\/\\\/www.p31noticias.com.br\\\/wp-content\\\/uploads\\\/2019\\\/08\\\/eike_batista.jpg\",\"contentUrl\":\"https:\\\/\\\/www.p31noticias.com.br\\\/wp-content\\\/uploads\\\/2019\\\/08\\\/eike_batista.jpg\",\"width\":1140,\"height\":760},{\"@type\":\"BreadcrumbList\",\"@id\":\"https:\\\/\\\/www.p31noticias.com.br\\\/?p=18363#breadcrumb\",\"itemListElement\":[{\"@type\":\"ListItem\",\"position\":1,\"name\":\"In\u00edcio\",\"item\":\"https:\\\/\\\/www.p31noticias.com.br\\\/\"},{\"@type\":\"ListItem\",\"position\":2,\"name\":\"MPF pede bloqueio de R$ 1,6 bilh\u00e3o de Eike Batista\"}]},{\"@type\":\"WebSite\",\"@id\":\"https:\\\/\\\/www.p31noticias.com.br\\\/#website\",\"url\":\"https:\\\/\\\/www.p31noticias.com.br\\\/\",\"name\":\"P31\",\"description\":\"NOT\u00cdCIAS\",\"potentialAction\":[{\"@type\":\"SearchAction\",\"target\":{\"@type\":\"EntryPoint\",\"urlTemplate\":\"https:\\\/\\\/www.p31noticias.com.br\\\/?s={search_term_string}\"},\"query-input\":{\"@type\":\"PropertyValueSpecification\",\"valueRequired\":true,\"valueName\":\"search_term_string\"}}],\"inLanguage\":\"pt-BR\"},{\"@type\":\"Person\",\"@id\":\"https:\\\/\\\/www.p31noticias.com.br\\\/#\\\/schema\\\/person\\\/77d6b186c710ac38937c6ec204fdd387\",\"name\":\"Reda\u00e7\u00e3o JBN\",\"image\":{\"@type\":\"ImageObject\",\"inLanguage\":\"pt-BR\",\"@id\":\"https:\\\/\\\/secure.gravatar.com\\\/avatar\\\/10fcdb93211f98cce3d64c0795b0915a9a4a21dc0f279238995a3dbfafcad090?s=96&d=mm&r=g\",\"url\":\"https:\\\/\\\/secure.gravatar.com\\\/avatar\\\/10fcdb93211f98cce3d64c0795b0915a9a4a21dc0f279238995a3dbfafcad090?s=96&d=mm&r=g\",\"contentUrl\":\"https:\\\/\\\/secure.gravatar.com\\\/avatar\\\/10fcdb93211f98cce3d64c0795b0915a9a4a21dc0f279238995a3dbfafcad090?s=96&d=mm&r=g\",\"caption\":\"Reda\u00e7\u00e3o JBN\"},\"sameAs\":[\"https:\\\/\\\/p31noticias.com.br\"],\"url\":\"https:\\\/\\\/www.p31noticias.com.br\\\/?author=18\"}]}<\/script>\n<!-- \/ Yoast SEO Premium plugin. -->","yoast_head_json":{"title":"MPF pede bloqueio de R$ 1,6 bilh\u00e3o de Eike Batista - P31","robots":{"index":"index","follow":"follow","max-snippet":"max-snippet:-1","max-image-preview":"max-image-preview:large","max-video-preview":"max-video-preview:-1"},"canonical":"https:\/\/www.p31noticias.com.br\/?p=18363","og_locale":"pt_BR","og_type":"article","og_title":"MPF pede bloqueio de R$ 1,6 bilh\u00e3o de Eike Batista","og_description":"Preso na manh\u00e3 de\u00a0hoje\u00a0(8) pela\u00a0Opera\u00e7\u00e3o Segredo de Midas, o empres\u00e1rio Eike Batista\u00a0ter\u00e1 o valor de R$ 1,6 bilh\u00e3o em bens bloqueados. A indisponibilidade \u00e9 relativa a bens de Eike e de seus filhos, Thor e Olin Batista, sendo R$ 800 milh\u00f5es por danos morais e R$ 800 milh\u00f5es por danos materiais. O pedido, atendido pela [&hellip;]","og_url":"https:\/\/www.p31noticias.com.br\/?p=18363","og_site_name":"P31","article_published_time":"2019-08-08T15:13:40+00:00","og_image":[{"width":1140,"height":760,"url":"https:\/\/www.p31noticias.com.br\/wp-content\/uploads\/2019\/08\/eike_batista.jpg","type":"image\/jpeg"}],"author":"Reda\u00e7\u00e3o JBN","twitter_card":"summary_large_image","twitter_misc":{"Escrito por":"Reda\u00e7\u00e3o JBN","Est. tempo de leitura":"3 minutos"},"schema":{"@context":"https:\/\/schema.org","@graph":[{"@type":"Article","@id":"https:\/\/www.p31noticias.com.br\/?p=18363#article","isPartOf":{"@id":"https:\/\/www.p31noticias.com.br\/?p=18363"},"author":{"name":"Reda\u00e7\u00e3o JBN","@id":"https:\/\/www.p31noticias.com.br\/#\/schema\/person\/77d6b186c710ac38937c6ec204fdd387"},"headline":"MPF pede bloqueio de R$ 1,6 bilh\u00e3o de Eike Batista","datePublished":"2019-08-08T15:13:40+00:00","mainEntityOfPage":{"@id":"https:\/\/www.p31noticias.com.br\/?p=18363"},"wordCount":589,"commentCount":0,"image":{"@id":"https:\/\/www.p31noticias.com.br\/?p=18363#primaryimage"},"thumbnailUrl":"https:\/\/www.p31noticias.com.br\/wp-content\/uploads\/2019\/08\/eike_batista.jpg","articleSection":["Brasil"],"inLanguage":"pt-BR","potentialAction":[{"@type":"CommentAction","name":"Comment","target":["https:\/\/www.p31noticias.com.br\/?p=18363#respond"]}],"copyrightYear":"2019","copyrightHolder":{"@id":"https:\/\/www.p31noticias.com.br\/#organization"}},{"@type":"WebPage","@id":"https:\/\/www.p31noticias.com.br\/?p=18363","url":"https:\/\/www.p31noticias.com.br\/?p=18363","name":"MPF pede bloqueio de R$ 1,6 bilh\u00e3o de Eike Batista - P31","isPartOf":{"@id":"https:\/\/www.p31noticias.com.br\/#website"},"primaryImageOfPage":{"@id":"https:\/\/www.p31noticias.com.br\/?p=18363#primaryimage"},"image":{"@id":"https:\/\/www.p31noticias.com.br\/?p=18363#primaryimage"},"thumbnailUrl":"https:\/\/www.p31noticias.com.br\/wp-content\/uploads\/2019\/08\/eike_batista.jpg","datePublished":"2019-08-08T15:13:40+00:00","author":{"@id":"https:\/\/www.p31noticias.com.br\/#\/schema\/person\/77d6b186c710ac38937c6ec204fdd387"},"breadcrumb":{"@id":"https:\/\/www.p31noticias.com.br\/?p=18363#breadcrumb"},"inLanguage":"pt-BR","potentialAction":[{"@type":"ReadAction","target":["https:\/\/www.p31noticias.com.br\/?p=18363"]}]},{"@type":"ImageObject","inLanguage":"pt-BR","@id":"https:\/\/www.p31noticias.com.br\/?p=18363#primaryimage","url":"https:\/\/www.p31noticias.com.br\/wp-content\/uploads\/2019\/08\/eike_batista.jpg","contentUrl":"https:\/\/www.p31noticias.com.br\/wp-content\/uploads\/2019\/08\/eike_batista.jpg","width":1140,"height":760},{"@type":"BreadcrumbList","@id":"https:\/\/www.p31noticias.com.br\/?p=18363#breadcrumb","itemListElement":[{"@type":"ListItem","position":1,"name":"In\u00edcio","item":"https:\/\/www.p31noticias.com.br\/"},{"@type":"ListItem","position":2,"name":"MPF pede bloqueio de R$ 1,6 bilh\u00e3o de Eike Batista"}]},{"@type":"WebSite","@id":"https:\/\/www.p31noticias.com.br\/#website","url":"https:\/\/www.p31noticias.com.br\/","name":"P31","description":"NOT\u00cdCIAS","potentialAction":[{"@type":"SearchAction","target":{"@type":"EntryPoint","urlTemplate":"https:\/\/www.p31noticias.com.br\/?s={search_term_string}"},"query-input":{"@type":"PropertyValueSpecification","valueRequired":true,"valueName":"search_term_string"}}],"inLanguage":"pt-BR"},{"@type":"Person","@id":"https:\/\/www.p31noticias.com.br\/#\/schema\/person\/77d6b186c710ac38937c6ec204fdd387","name":"Reda\u00e7\u00e3o JBN","image":{"@type":"ImageObject","inLanguage":"pt-BR","@id":"https:\/\/secure.gravatar.com\/avatar\/10fcdb93211f98cce3d64c0795b0915a9a4a21dc0f279238995a3dbfafcad090?s=96&d=mm&r=g","url":"https:\/\/secure.gravatar.com\/avatar\/10fcdb93211f98cce3d64c0795b0915a9a4a21dc0f279238995a3dbfafcad090?s=96&d=mm&r=g","contentUrl":"https:\/\/secure.gravatar.com\/avatar\/10fcdb93211f98cce3d64c0795b0915a9a4a21dc0f279238995a3dbfafcad090?s=96&d=mm&r=g","caption":"Reda\u00e7\u00e3o JBN"},"sameAs":["https:\/\/p31noticias.com.br"],"url":"https:\/\/www.p31noticias.com.br\/?author=18"}]}},"amp_enabled":true,"_links":{"self":[{"href":"https:\/\/www.p31noticias.com.br\/index.php?rest_route=\/wp\/v2\/posts\/18363","targetHints":{"allow":["GET"]}}],"collection":[{"href":"https:\/\/www.p31noticias.com.br\/index.php?rest_route=\/wp\/v2\/posts"}],"about":[{"href":"https:\/\/www.p31noticias.com.br\/index.php?rest_route=\/wp\/v2\/types\/post"}],"author":[{"embeddable":true,"href":"https:\/\/www.p31noticias.com.br\/index.php?rest_route=\/wp\/v2\/users\/18"}],"replies":[{"embeddable":true,"href":"https:\/\/www.p31noticias.com.br\/index.php?rest_route=%2Fwp%2Fv2%2Fcomments&post=18363"}],"version-history":[{"count":0,"href":"https:\/\/www.p31noticias.com.br\/index.php?rest_route=\/wp\/v2\/posts\/18363\/revisions"}],"wp:featuredmedia":[{"embeddable":true,"href":"https:\/\/www.p31noticias.com.br\/index.php?rest_route=\/wp\/v2\/media\/18364"}],"wp:attachment":[{"href":"https:\/\/www.p31noticias.com.br\/index.php?rest_route=%2Fwp%2Fv2%2Fmedia&parent=18363"}],"wp:term":[{"taxonomy":"category","embeddable":true,"href":"https:\/\/www.p31noticias.com.br\/index.php?rest_route=%2Fwp%2Fv2%2Fcategories&post=18363"},{"taxonomy":"post_tag","embeddable":true,"href":"https:\/\/www.p31noticias.com.br\/index.php?rest_route=%2Fwp%2Fv2%2Ftags&post=18363"}],"curies":[{"name":"wp","href":"https:\/\/api.w.org\/{rel}","templated":true}]}}