{"id":18360,"date":"2019-08-08T09:04:21","date_gmt":"2019-08-08T12:04:21","guid":{"rendered":"https:\/\/www.delioandrade.com.br\/?p=18360"},"modified":"2019-08-08T09:04:21","modified_gmt":"2019-08-08T12:04:21","slug":"gilmar-mendes-proibe-investigar-glenn-verdevaldo","status":"publish","type":"post","link":"https:\/\/www.p31noticias.com.br\/?p=18360","title":{"rendered":"Gilmar Mendes pro\u00edbe investigar Glenn Verdevaldo"},"content":{"rendered":"<p>Gilmar Mendes na decis\u00e3o, escreveu que h\u00e1 \u201cfundada suspeita sobre a instaura\u00e7\u00e3o de investiga\u00e7\u00f5es sigilosas\u201d, o que seria uma \u201ctentativa de supress\u00e3o de trabalho jornal\u00edstico de interesse nacional\u201d.<\/p>\n<p>Considerou que o Estado n\u00e3o pode promover atos punitivos que possam suprimir o direito constitucional ao sigilo da fonte.<\/p>\n<p>\u201c\u00c9 corol\u00e1rio imediato da liberdade de express\u00e3o o direito de obter, produzir e divulgar fatos e not\u00edcias por quaisquer meios. O sigilo constitucional da fonte jornal\u00edstica (art. 5\u00ba, inciso XIV, da CF) impossibilita que o Estado utilize medidas coercivas para constranger a atua\u00e7\u00e3o profissional e devassar a forma de recep\u00e7\u00e3o e transmiss\u00e3o\u00a0daquilo que \u00e9 trazido a conhecimento p\u00fablico.\u201d<\/p>\n<h3>Gilmar Mendes suspendeu decis\u00e3o do Tribunal de Contas da Uni\u00e3o que impedia a Queiroz Galv\u00e3o de firmar contratos com o governo.<\/h3>\n<p>A construtora foi punida em 2017 junto com a UTC, Techint e Empresa Brasileira de Engenharia por fraudes em licita\u00e7\u00e3o de obras na Usina de Angra 3.<\/p>\n<p>Em abril deste ano, o ministro tamb\u00e9m impediu que o TCU aplicasse a san\u00e7\u00e3o de inidoneidade \u00e0\u00a0Andrade Gutierrez por causa do mesmo contrato.<\/p>\n<p>H\u00e1 suspeita de\u00a0superfaturamento e desvio nos cofres da Eletronuclear.<\/p>\n<h3 id=\"single-title\" class=\"entry-title\">Da tribuna, senador diz que Gilmar Mendes \u00e9 \u2018pessoa suspeitos\u00edssima\u2019<\/h3>\n<p>O senador Lasier Martins (Podemos) ocupou a tribuna, h\u00e1 pouco, para pedir que o STF julgue de imediato\u00a0<strong>recurso de Raquel Dodge<\/strong>\u00a0para derrubar o que ele considera \u201cdecis\u00e3o autorit\u00e1ria\u201d do ministro Alexandre de Moraes suspendendo apura\u00e7\u00f5es da Receita sobre 133 contribuintes, incluindo autoridades e as mulheres de Gilmar Mendes e Dias Toffoli.<\/p>\n<p>\u201c\u00c9 preciso revisar essa decis\u00e3o inconstitucional. Ela impede apura\u00e7\u00f5es sobre receitas elevadas e de justifica incompreens\u00edvel, envolvendo pessoas suspeitos\u00edssimas, como o ministro Gilmar Mendes e sua mulher.\u201d<\/p>\n<p>O parlamentar acrescentou que a suspens\u00e3o dessas investiga\u00e7\u00f5es foi mais um \u201cprocedimento estranho\u201d de Moraes.<\/p>\n<p>\u201cO Minist\u00e9rio P\u00fablico n\u00e3o foi ouvido e o pr\u00f3prio ministro n\u00e3o \u00e9 isento, por ser prov\u00e1vel alvo do Fisco.\u201d<\/p>\n<h3>O minist\u00e9rio da Justi\u00e7a da Su\u00ed\u00e7a informou o UOL de que nunca recebeu pedido de investiga\u00e7\u00e3o sobre a exist\u00eancia de contas do ministro Gilmar Mendes no pa\u00eds.<\/h3>\n<p>Foi s\u00f3 mais um traque de Verdevaldo contra Deltan Dallagnol e a Lava Jato.<\/p>\n<p>Ontem, Gilmar disse que n\u00e3o se surpreenderia se tivessem criado uma conta na Su\u00ed\u00e7a no nome dele.<\/p>\n<h3>A defesa de Lula pediu liberdade diretamente a Gilmar.<\/h3>\n<p>O pedido foi feito dentro do mesmo habeas corpus que questiona a imparcialidade de S\u00e9rgio Moro e que teve o julgamento suspenso em junho por um pedido de vista do ministro na Segunda Turma.<\/p>\n<p>Na nova peti\u00e7\u00e3o, a defesa questiona a transfer\u00eancia de Lula para o pres\u00eddio de Trememb\u00e9, pela aus\u00eancia de uma sala de Estado Maior onde possa ficar preso, por ser ex-presidente.<\/p>\n<p>\u201cTais decis\u00f5es implicam em\u00a0 elevar sobremaneira o constrangimento ilegal imposto ao Paciente, tal como discutido nestes autos. Afinal, se o Paciente foi encarcerado (em inconstitucional execu\u00e7\u00e3o provis\u00f3ria da pena) com base em decis\u00e3o proferida em processo injusto, instru\u00eddo e julgado por juiz suspeito, sua transfer\u00eancia neste momento \u2014 na pend\u00eancia do julgamento deste habeas corpus \u2014 para um estabelecimento penitenci\u00e1rio comum \u00e9 manifestamente descabida e ilegal\u201d, diz o pedido.<\/p>\n<h3>Gilmar usou a Folha de S. Verdevaldo para atacar a Lava Jato:<\/h3>\n<p>\u201cO Brasil est\u00e1 diante da maior crise que se abateu sobre o aparato judicial desde a redemocratiza\u00e7\u00e3o.<\/p>\n<p>Gilmar Mendes disse que, junto com os demais ministros, vai analisar o material apreendido com hackers para tomar provid\u00eancias em rela\u00e7\u00e3o aos procuradores da for\u00e7a-tarefa.<\/p>\n<p>Mais cedo, mensagens roubadas atribu\u00eddas a Deltan Dallagnol e Roberson Pozzobon publicadas pelo El Pa\u00eds indicam interesse em saber se Paulo Preto havia dado um cart\u00e3o de cr\u00e9dito para o ministro.<\/p>\n<p>\u201cEu acho que est\u00e1 na hora da Procuradoria tomar provid\u00eancias em rela\u00e7\u00e3o a isso. Tudo indica que t\u00ednhamos organiza\u00e7\u00e3o criminosa para investigar. Eles partem de ila\u00e7\u00f5es absolutamente irrespons\u00e1veis. N\u00e3o conhe\u00e7o Paulo Preto, nunca o vi\u201d, afirmou o ministro.<\/p>\n<p>O jornal esqueceu que a pr\u00f3pria\u00a0<strong>for\u00e7a-tarefa pediu a suspei\u00e7\u00e3o de Gilmar Mendes<\/strong>\u00a0para evitar que ele atuasse em casos de Paulo Preto.<\/p>\n<p>A Lava Jato identificou\u00a0<strong>diversos contatos telef\u00f4nicos de Aloysio Nunes \u2014 que recebeu um cart\u00e3o de Paulo Preto \u2014 para o gabinete do ministro<\/strong>, antes que ele suspendesse um processo contra o ex-diretor da Dersa. Dias depois, o tucano comentou a decis\u00e3o favor\u00e1vel com o advogado, o mesmo de Paulo Preto.<\/p>\n<p>Sem o devido contexto, o novo vazamento de mensagens de Verdevaldo parece calculado para influenciar o CNMP a afastar Dallagnol.<\/p>\n<p>Gilmar Mendes defendeu apura\u00e7\u00f5es sobre a atua\u00e7\u00e3o da for\u00e7a-tarefa, pelos conselhos do Minist\u00e9rio P\u00fablico e da Justi\u00e7a, baseadas nas mensagens roubadas \u00e0 Lava Jato. Na chegada ao STF, criticou o relacionamento dos procuradores com Sergio Moro.<\/p>\n<p>\u201cEsse modelo est\u00e1 dando sinais de problemas, que resvala para o abuso de poder not\u00f3rio, satisfa\u00e7\u00e3o de interesses pessoais, neg\u00f3cios e tudo mais. Essa quest\u00e3o precisa ser aprofundada. Certamente vir\u00e3o informa\u00e7\u00f5es mais relevantes\u201d, disse.<\/p>\n","protected":false},"excerpt":{"rendered":"<p>Gilmar Mendes na decis\u00e3o, escreveu que h\u00e1 \u201cfundada suspeita sobre a instaura\u00e7\u00e3o de investiga\u00e7\u00f5es sigilosas\u201d, o que seria uma \u201ctentativa de supress\u00e3o de trabalho jornal\u00edstico de interesse nacional\u201d. Considerou que o Estado n\u00e3o pode promover atos punitivos que possam suprimir o direito constitucional ao sigilo da fonte. \u201c\u00c9 corol\u00e1rio imediato da liberdade de express\u00e3o o [&hellip;]<\/p>\n","protected":false},"author":18,"featured_media":18361,"comment_status":"open","ping_status":"open","sticky":false,"template":"","format":"standard","meta":{"footnotes":""},"categories":[57],"tags":[72,138,166,165,135],"class_list":{"0":"post-18360","1":"post","2":"type-post","3":"status-publish","4":"format-standard","5":"has-post-thumbnail","7":"category-politica","8":"tag-deltan-dallagnol","9":"tag-gilmar-mendes","10":"tag-glenn-verdevaldo","11":"tag-link","12":"tag-stf"},"yoast_head":"<!-- This site is optimized with the Yoast SEO Premium plugin v24.5 (Yoast SEO v27.5) - https:\/\/yoast.com\/product\/yoast-seo-premium-wordpress\/ -->\n<title>Gilmar Mendes pro\u00edbe investigar Glenn Verdevaldo - P31<\/title>\n<meta name=\"robots\" content=\"index, follow, max-snippet:-1, max-image-preview:large, max-video-preview:-1\" \/>\n<link rel=\"canonical\" href=\"https:\/\/www.p31noticias.com.br\/?p=18360\" \/>\n<meta property=\"og:locale\" content=\"pt_BR\" \/>\n<meta property=\"og:type\" content=\"article\" \/>\n<meta property=\"og:title\" content=\"Gilmar Mendes pro\u00edbe investigar Glenn Verdevaldo\" \/>\n<meta property=\"og:description\" content=\"Gilmar Mendes na decis\u00e3o, escreveu que h\u00e1 \u201cfundada suspeita sobre a instaura\u00e7\u00e3o de investiga\u00e7\u00f5es sigilosas\u201d, o que seria uma \u201ctentativa de supress\u00e3o de trabalho jornal\u00edstico de interesse nacional\u201d. Considerou que o Estado n\u00e3o pode promover atos punitivos que possam suprimir o direito constitucional ao sigilo da fonte. \u201c\u00c9 corol\u00e1rio imediato da liberdade de express\u00e3o o [&hellip;]\" \/>\n<meta property=\"og:url\" content=\"https:\/\/www.p31noticias.com.br\/?p=18360\" \/>\n<meta property=\"og:site_name\" content=\"P31\" \/>\n<meta property=\"article:published_time\" content=\"2019-08-08T12:04:21+00:00\" \/>\n<meta property=\"og:image\" content=\"https:\/\/www.p31noticias.com.br\/wp-content\/uploads\/2019\/08\/Defesa-pede-liberdade-de-Lula-diretamente-a-Gilmar-Mendes.jpg\" \/>\n\t<meta property=\"og:image:width\" content=\"879\" \/>\n\t<meta property=\"og:image:height\" content=\"606\" \/>\n\t<meta property=\"og:image:type\" content=\"image\/jpeg\" \/>\n<meta name=\"author\" content=\"Reda\u00e7\u00e3o JBN\" \/>\n<meta name=\"twitter:card\" content=\"summary_large_image\" \/>\n<meta name=\"twitter:label1\" content=\"Escrito por\" \/>\n\t<meta name=\"twitter:data1\" content=\"Reda\u00e7\u00e3o JBN\" \/>\n\t<meta name=\"twitter:label2\" content=\"Est. tempo de leitura\" \/>\n\t<meta name=\"twitter:data2\" content=\"4 minutos\" \/>\n<script type=\"application\/ld+json\" class=\"yoast-schema-graph\">{\"@context\":\"https:\\\/\\\/schema.org\",\"@graph\":[{\"@type\":\"Article\",\"@id\":\"https:\\\/\\\/www.p31noticias.com.br\\\/?p=18360#article\",\"isPartOf\":{\"@id\":\"https:\\\/\\\/www.p31noticias.com.br\\\/?p=18360\"},\"author\":{\"name\":\"Reda\u00e7\u00e3o JBN\",\"@id\":\"https:\\\/\\\/www.p31noticias.com.br\\\/#\\\/schema\\\/person\\\/77d6b186c710ac38937c6ec204fdd387\"},\"headline\":\"Gilmar Mendes pro\u00edbe investigar Glenn Verdevaldo\",\"datePublished\":\"2019-08-08T12:04:21+00:00\",\"mainEntityOfPage\":{\"@id\":\"https:\\\/\\\/www.p31noticias.com.br\\\/?p=18360\"},\"wordCount\":882,\"commentCount\":0,\"image\":{\"@id\":\"https:\\\/\\\/www.p31noticias.com.br\\\/?p=18360#primaryimage\"},\"thumbnailUrl\":\"https:\\\/\\\/www.p31noticias.com.br\\\/wp-content\\\/uploads\\\/2019\\\/08\\\/Defesa-pede-liberdade-de-Lula-diretamente-a-Gilmar-Mendes.jpg\",\"keywords\":[\"deltan dallagnol\",\"gilmar mendes\",\"glenn verdevaldo\",\"link\",\"STF\"],\"articleSection\":[\"Pol\u00edtica\"],\"inLanguage\":\"pt-BR\",\"potentialAction\":[{\"@type\":\"CommentAction\",\"name\":\"Comment\",\"target\":[\"https:\\\/\\\/www.p31noticias.com.br\\\/?p=18360#respond\"]}],\"copyrightYear\":\"2019\",\"copyrightHolder\":{\"@id\":\"https:\\\/\\\/www.p31noticias.com.br\\\/#organization\"}},{\"@type\":\"WebPage\",\"@id\":\"https:\\\/\\\/www.p31noticias.com.br\\\/?p=18360\",\"url\":\"https:\\\/\\\/www.p31noticias.com.br\\\/?p=18360\",\"name\":\"Gilmar Mendes pro\u00edbe investigar Glenn Verdevaldo - P31\",\"isPartOf\":{\"@id\":\"https:\\\/\\\/www.p31noticias.com.br\\\/#website\"},\"primaryImageOfPage\":{\"@id\":\"https:\\\/\\\/www.p31noticias.com.br\\\/?p=18360#primaryimage\"},\"image\":{\"@id\":\"https:\\\/\\\/www.p31noticias.com.br\\\/?p=18360#primaryimage\"},\"thumbnailUrl\":\"https:\\\/\\\/www.p31noticias.com.br\\\/wp-content\\\/uploads\\\/2019\\\/08\\\/Defesa-pede-liberdade-de-Lula-diretamente-a-Gilmar-Mendes.jpg\",\"datePublished\":\"2019-08-08T12:04:21+00:00\",\"author\":{\"@id\":\"https:\\\/\\\/www.p31noticias.com.br\\\/#\\\/schema\\\/person\\\/77d6b186c710ac38937c6ec204fdd387\"},\"breadcrumb\":{\"@id\":\"https:\\\/\\\/www.p31noticias.com.br\\\/?p=18360#breadcrumb\"},\"inLanguage\":\"pt-BR\",\"potentialAction\":[{\"@type\":\"ReadAction\",\"target\":[\"https:\\\/\\\/www.p31noticias.com.br\\\/?p=18360\"]}]},{\"@type\":\"ImageObject\",\"inLanguage\":\"pt-BR\",\"@id\":\"https:\\\/\\\/www.p31noticias.com.br\\\/?p=18360#primaryimage\",\"url\":\"https:\\\/\\\/www.p31noticias.com.br\\\/wp-content\\\/uploads\\\/2019\\\/08\\\/Defesa-pede-liberdade-de-Lula-diretamente-a-Gilmar-Mendes.jpg\",\"contentUrl\":\"https:\\\/\\\/www.p31noticias.com.br\\\/wp-content\\\/uploads\\\/2019\\\/08\\\/Defesa-pede-liberdade-de-Lula-diretamente-a-Gilmar-Mendes.jpg\",\"width\":879,\"height\":606},{\"@type\":\"BreadcrumbList\",\"@id\":\"https:\\\/\\\/www.p31noticias.com.br\\\/?p=18360#breadcrumb\",\"itemListElement\":[{\"@type\":\"ListItem\",\"position\":1,\"name\":\"In\u00edcio\",\"item\":\"https:\\\/\\\/www.p31noticias.com.br\\\/\"},{\"@type\":\"ListItem\",\"position\":2,\"name\":\"Gilmar Mendes pro\u00edbe investigar Glenn Verdevaldo\"}]},{\"@type\":\"WebSite\",\"@id\":\"https:\\\/\\\/www.p31noticias.com.br\\\/#website\",\"url\":\"https:\\\/\\\/www.p31noticias.com.br\\\/\",\"name\":\"P31\",\"description\":\"NOT\u00cdCIAS\",\"potentialAction\":[{\"@type\":\"SearchAction\",\"target\":{\"@type\":\"EntryPoint\",\"urlTemplate\":\"https:\\\/\\\/www.p31noticias.com.br\\\/?s={search_term_string}\"},\"query-input\":{\"@type\":\"PropertyValueSpecification\",\"valueRequired\":true,\"valueName\":\"search_term_string\"}}],\"inLanguage\":\"pt-BR\"},{\"@type\":\"Person\",\"@id\":\"https:\\\/\\\/www.p31noticias.com.br\\\/#\\\/schema\\\/person\\\/77d6b186c710ac38937c6ec204fdd387\",\"name\":\"Reda\u00e7\u00e3o JBN\",\"image\":{\"@type\":\"ImageObject\",\"inLanguage\":\"pt-BR\",\"@id\":\"https:\\\/\\\/secure.gravatar.com\\\/avatar\\\/10fcdb93211f98cce3d64c0795b0915a9a4a21dc0f279238995a3dbfafcad090?s=96&d=mm&r=g\",\"url\":\"https:\\\/\\\/secure.gravatar.com\\\/avatar\\\/10fcdb93211f98cce3d64c0795b0915a9a4a21dc0f279238995a3dbfafcad090?s=96&d=mm&r=g\",\"contentUrl\":\"https:\\\/\\\/secure.gravatar.com\\\/avatar\\\/10fcdb93211f98cce3d64c0795b0915a9a4a21dc0f279238995a3dbfafcad090?s=96&d=mm&r=g\",\"caption\":\"Reda\u00e7\u00e3o JBN\"},\"sameAs\":[\"https:\\\/\\\/p31noticias.com.br\"],\"url\":\"https:\\\/\\\/www.p31noticias.com.br\\\/?author=18\"}]}<\/script>\n<!-- \/ Yoast SEO Premium plugin. -->","yoast_head_json":{"title":"Gilmar Mendes pro\u00edbe investigar Glenn Verdevaldo - P31","robots":{"index":"index","follow":"follow","max-snippet":"max-snippet:-1","max-image-preview":"max-image-preview:large","max-video-preview":"max-video-preview:-1"},"canonical":"https:\/\/www.p31noticias.com.br\/?p=18360","og_locale":"pt_BR","og_type":"article","og_title":"Gilmar Mendes pro\u00edbe investigar Glenn Verdevaldo","og_description":"Gilmar Mendes na decis\u00e3o, escreveu que h\u00e1 \u201cfundada suspeita sobre a instaura\u00e7\u00e3o de investiga\u00e7\u00f5es sigilosas\u201d, o que seria uma \u201ctentativa de supress\u00e3o de trabalho jornal\u00edstico de interesse nacional\u201d. Considerou que o Estado n\u00e3o pode promover atos punitivos que possam suprimir o direito constitucional ao sigilo da fonte. \u201c\u00c9 corol\u00e1rio imediato da liberdade de express\u00e3o o [&hellip;]","og_url":"https:\/\/www.p31noticias.com.br\/?p=18360","og_site_name":"P31","article_published_time":"2019-08-08T12:04:21+00:00","og_image":[{"width":879,"height":606,"url":"https:\/\/www.p31noticias.com.br\/wp-content\/uploads\/2019\/08\/Defesa-pede-liberdade-de-Lula-diretamente-a-Gilmar-Mendes.jpg","type":"image\/jpeg"}],"author":"Reda\u00e7\u00e3o JBN","twitter_card":"summary_large_image","twitter_misc":{"Escrito por":"Reda\u00e7\u00e3o JBN","Est. tempo de leitura":"4 minutos"},"schema":{"@context":"https:\/\/schema.org","@graph":[{"@type":"Article","@id":"https:\/\/www.p31noticias.com.br\/?p=18360#article","isPartOf":{"@id":"https:\/\/www.p31noticias.com.br\/?p=18360"},"author":{"name":"Reda\u00e7\u00e3o JBN","@id":"https:\/\/www.p31noticias.com.br\/#\/schema\/person\/77d6b186c710ac38937c6ec204fdd387"},"headline":"Gilmar Mendes pro\u00edbe investigar Glenn Verdevaldo","datePublished":"2019-08-08T12:04:21+00:00","mainEntityOfPage":{"@id":"https:\/\/www.p31noticias.com.br\/?p=18360"},"wordCount":882,"commentCount":0,"image":{"@id":"https:\/\/www.p31noticias.com.br\/?p=18360#primaryimage"},"thumbnailUrl":"https:\/\/www.p31noticias.com.br\/wp-content\/uploads\/2019\/08\/Defesa-pede-liberdade-de-Lula-diretamente-a-Gilmar-Mendes.jpg","keywords":["deltan dallagnol","gilmar mendes","glenn verdevaldo","link","STF"],"articleSection":["Pol\u00edtica"],"inLanguage":"pt-BR","potentialAction":[{"@type":"CommentAction","name":"Comment","target":["https:\/\/www.p31noticias.com.br\/?p=18360#respond"]}],"copyrightYear":"2019","copyrightHolder":{"@id":"https:\/\/www.p31noticias.com.br\/#organization"}},{"@type":"WebPage","@id":"https:\/\/www.p31noticias.com.br\/?p=18360","url":"https:\/\/www.p31noticias.com.br\/?p=18360","name":"Gilmar Mendes pro\u00edbe investigar Glenn Verdevaldo - P31","isPartOf":{"@id":"https:\/\/www.p31noticias.com.br\/#website"},"primaryImageOfPage":{"@id":"https:\/\/www.p31noticias.com.br\/?p=18360#primaryimage"},"image":{"@id":"https:\/\/www.p31noticias.com.br\/?p=18360#primaryimage"},"thumbnailUrl":"https:\/\/www.p31noticias.com.br\/wp-content\/uploads\/2019\/08\/Defesa-pede-liberdade-de-Lula-diretamente-a-Gilmar-Mendes.jpg","datePublished":"2019-08-08T12:04:21+00:00","author":{"@id":"https:\/\/www.p31noticias.com.br\/#\/schema\/person\/77d6b186c710ac38937c6ec204fdd387"},"breadcrumb":{"@id":"https:\/\/www.p31noticias.com.br\/?p=18360#breadcrumb"},"inLanguage":"pt-BR","potentialAction":[{"@type":"ReadAction","target":["https:\/\/www.p31noticias.com.br\/?p=18360"]}]},{"@type":"ImageObject","inLanguage":"pt-BR","@id":"https:\/\/www.p31noticias.com.br\/?p=18360#primaryimage","url":"https:\/\/www.p31noticias.com.br\/wp-content\/uploads\/2019\/08\/Defesa-pede-liberdade-de-Lula-diretamente-a-Gilmar-Mendes.jpg","contentUrl":"https:\/\/www.p31noticias.com.br\/wp-content\/uploads\/2019\/08\/Defesa-pede-liberdade-de-Lula-diretamente-a-Gilmar-Mendes.jpg","width":879,"height":606},{"@type":"BreadcrumbList","@id":"https:\/\/www.p31noticias.com.br\/?p=18360#breadcrumb","itemListElement":[{"@type":"ListItem","position":1,"name":"In\u00edcio","item":"https:\/\/www.p31noticias.com.br\/"},{"@type":"ListItem","position":2,"name":"Gilmar Mendes pro\u00edbe investigar Glenn Verdevaldo"}]},{"@type":"WebSite","@id":"https:\/\/www.p31noticias.com.br\/#website","url":"https:\/\/www.p31noticias.com.br\/","name":"P31","description":"NOT\u00cdCIAS","potentialAction":[{"@type":"SearchAction","target":{"@type":"EntryPoint","urlTemplate":"https:\/\/www.p31noticias.com.br\/?s={search_term_string}"},"query-input":{"@type":"PropertyValueSpecification","valueRequired":true,"valueName":"search_term_string"}}],"inLanguage":"pt-BR"},{"@type":"Person","@id":"https:\/\/www.p31noticias.com.br\/#\/schema\/person\/77d6b186c710ac38937c6ec204fdd387","name":"Reda\u00e7\u00e3o JBN","image":{"@type":"ImageObject","inLanguage":"pt-BR","@id":"https:\/\/secure.gravatar.com\/avatar\/10fcdb93211f98cce3d64c0795b0915a9a4a21dc0f279238995a3dbfafcad090?s=96&d=mm&r=g","url":"https:\/\/secure.gravatar.com\/avatar\/10fcdb93211f98cce3d64c0795b0915a9a4a21dc0f279238995a3dbfafcad090?s=96&d=mm&r=g","contentUrl":"https:\/\/secure.gravatar.com\/avatar\/10fcdb93211f98cce3d64c0795b0915a9a4a21dc0f279238995a3dbfafcad090?s=96&d=mm&r=g","caption":"Reda\u00e7\u00e3o JBN"},"sameAs":["https:\/\/p31noticias.com.br"],"url":"https:\/\/www.p31noticias.com.br\/?author=18"}]}},"amp_enabled":true,"_links":{"self":[{"href":"https:\/\/www.p31noticias.com.br\/index.php?rest_route=\/wp\/v2\/posts\/18360","targetHints":{"allow":["GET"]}}],"collection":[{"href":"https:\/\/www.p31noticias.com.br\/index.php?rest_route=\/wp\/v2\/posts"}],"about":[{"href":"https:\/\/www.p31noticias.com.br\/index.php?rest_route=\/wp\/v2\/types\/post"}],"author":[{"embeddable":true,"href":"https:\/\/www.p31noticias.com.br\/index.php?rest_route=\/wp\/v2\/users\/18"}],"replies":[{"embeddable":true,"href":"https:\/\/www.p31noticias.com.br\/index.php?rest_route=%2Fwp%2Fv2%2Fcomments&post=18360"}],"version-history":[{"count":0,"href":"https:\/\/www.p31noticias.com.br\/index.php?rest_route=\/wp\/v2\/posts\/18360\/revisions"}],"wp:featuredmedia":[{"embeddable":true,"href":"https:\/\/www.p31noticias.com.br\/index.php?rest_route=\/wp\/v2\/media\/18361"}],"wp:attachment":[{"href":"https:\/\/www.p31noticias.com.br\/index.php?rest_route=%2Fwp%2Fv2%2Fmedia&parent=18360"}],"wp:term":[{"taxonomy":"category","embeddable":true,"href":"https:\/\/www.p31noticias.com.br\/index.php?rest_route=%2Fwp%2Fv2%2Fcategories&post=18360"},{"taxonomy":"post_tag","embeddable":true,"href":"https:\/\/www.p31noticias.com.br\/index.php?rest_route=%2Fwp%2Fv2%2Ftags&post=18360"}],"curies":[{"name":"wp","href":"https:\/\/api.w.org\/{rel}","templated":true}]}}