{"id":18356,"date":"2019-08-07T11:10:34","date_gmt":"2019-08-07T14:10:34","guid":{"rendered":"https:\/\/www.delioandrade.com.br\/?p=18356"},"modified":"2019-08-07T11:10:34","modified_gmt":"2019-08-07T14:10:34","slug":"juiza-carolina-lebbos-autoriza-transferencia-de-lula-para-sao-paulo","status":"publish","type":"post","link":"https:\/\/www.p31noticias.com.br\/?p=18356","title":{"rendered":"JU\u00cdZA CAROLINA LEBBOS AUTORIZA TRANSFER\u00caNCIA DE LULA PARA S\u00c3O PAULO"},"content":{"rendered":"<p>Ju\u00edza Carolina Lebbos, n\u00e3o informa em qual unidade penitenci\u00e1ria ficar\u00e1 o ex-presidente.<\/p>\n<p>A Ju\u00edza Carolina Lebbos levou em considera\u00e7\u00e3o o pedido da defesa de Lula, que alegou que, em S\u00e3o Paulo, ele estaria mais pr\u00f3ximo de seus familiares.<\/p>\n<p>\u201cDiante de todo o exposto, constata-se a plena pertin\u00eancia de transfer\u00eancia do executado ao Estado de S\u00e3o Paulo, onde em princ\u00edpio poder\u00e1 o executado ser custodiado com a seguran\u00e7a necess\u00e1ria ao caso, em condi\u00e7\u00f5es adequadas e em atendimento ao interesse p\u00fablico, nos termos acima expostos\u201d, anota a ju\u00edza em seu despacho.<\/p>\n<p>Ju\u00edza Carolina Lebbos diz tamb\u00e9m:<\/p>\n<p>\u201cFrise-se, nesse quadro, n\u00e3o constituir direito absoluto do condenado a transfer\u00eancia para estabelecimento penal de sua prefer\u00eancia. A transfer\u00eancia do executado para outra unidade federativa, ainda que seja esta o local de resid\u00eancia de seus familiares, depende de crit\u00e9rios de conveni\u00eancia e oportunidade da administra\u00e7\u00e3o da justi\u00e7a criminal. Por\u00e9m, n\u00e3o subsistindo raz\u00f5es de preserva\u00e7\u00e3o da ordem p\u00fablica e de seguran\u00e7a prisional para a manuten\u00e7\u00e3o do cumprimento da pena em lugar distante do n\u00facleo social e familiar do preso, afigura-se adequada a transfer\u00eancia.\u201d<\/p>\n<h3 id=\"single-title\" class=\"entry-title\">N\u00e3o mais subsiste raz\u00e3o para a manuten\u00e7\u00e3o de Lula no Paran\u00e1, diz ju\u00edza<\/h3>\n<p>A magistrada avaliou \u201ca perman\u00eancia do apenado na Superintend\u00eancia da Pol\u00edcia Federal no Paran\u00e1,\u00a0conforme inicialmente determinado pelo Ju\u00edzo da condena\u00e7\u00e3o, mostrou-se efetivamente prudente e\u00a0necess\u00e1ria\u201d.<\/p>\n<p>\u201cN\u00e3o se vislumbrava, neste Estado, outro local de cust\u00f3dia adequado, concorrentemente, ao\u00a0resguardo da seguran\u00e7a do apenado e do corpo social e \u00e0 garantia de efetividade da execu\u00e7\u00e3o penal.\u00a0Contudo, ora ponderados tais fatores, n\u00e3o mais se constatam, sob um ju\u00edzo de\u00a0proporcionalidade, raz\u00f5es para a manuten\u00e7\u00e3o do apenado no atual local de encarceramento, sendo mais\u00a0adequado que o cumprimento de pena se d\u00ea pr\u00f3ximo ao seu meio familiar e social.\u201d<\/p>\n<h3 id=\"single-title\" class=\"entry-title\">\u00a0Ju\u00edza Carolina Lebbos fala em \u2018cont\u00ednua e permanente sobrecarga imposta \u00e0 PF\u2019 em Curitiba<\/h3>\n<p>A magistrada destaca que s\u00e3o necess\u00e1rias \u201ca mobiliza\u00e7\u00e3o de\u00a0efetivo para refor\u00e7o da seguran\u00e7a e garantia concomitante de subsist\u00eancia dos servi\u00e7os inerentes \u00e0\u00a0atividade policial federal, associada ao elevado custo financeiro decorrente\u201d.<\/p>\n<p>\u201cObserva-se ainda, durante\u00a0a execu\u00e7\u00e3o penal, constante necessidade de adapta\u00e7\u00e3o a fim de atender, com seguran\u00e7a, os direitos\u00a0reconhecidos ao preso.\u201d<\/p>\n<h3 id=\"single-title\" class=\"entry-title\">\u00a0Ju\u00edza Carolina Lebbos destaca \u2018transtorno\u2019 causado pela pris\u00e3o de Lula em Curitiba<\/h3>\n<p>\u201cNo tocante ao entorno do local de cust\u00f3dia, \u00e9 certo que as quest\u00f5es atinentes \u00e0 altera\u00e7\u00e3o da\u00a0tranquilidade, embora evidentemente relacionadas ao fato de o apenado estar ali recolhido, s\u00e3o\u00a0diretamente afetas ao Ju\u00edzo Estadual.\u201d<\/p>\n<p>A magistrada completou que\u00a0n\u00e3o se pode ignorar \u201ca persist\u00eancia no descumprimento\u00a0das ordens judiciais, implicando cont\u00ednuo e permanente transtorno aos moradores da regi\u00e3o, voltada ao\u00a0uso residencial\u201d.<\/p>\n<h3 id=\"single-title\" class=\"entry-title\">Onde Lula ficar\u00e1 preso em S\u00e3o Paulo?<\/h3>\n<p>\u201cTratando-se de mat\u00e9ria que foge \u00e0 compet\u00eancia deste Ju\u00edzo, por n\u00e3o possuir inger\u00eancia sobre os estabelecimentos localizados naquele Estado da Federa\u00e7\u00e3o, solicite-se ao Ju\u00edzo de execu\u00e7\u00e3o penal\u00a0competente do local de destino a indica\u00e7\u00e3o do estabelecimento onde o apenado dever\u00e1 permanecer\u00a0recolhido.\u201d<\/p>\n","protected":false},"excerpt":{"rendered":"<p>Ju\u00edza Carolina Lebbos, n\u00e3o informa em qual unidade penitenci\u00e1ria ficar\u00e1 o ex-presidente. A Ju\u00edza Carolina Lebbos levou em considera\u00e7\u00e3o o pedido da defesa de Lula, que alegou que, em S\u00e3o Paulo, ele estaria mais pr\u00f3ximo de seus familiares. \u201cDiante de todo o exposto, constata-se a plena pertin\u00eancia de transfer\u00eancia do executado ao Estado de S\u00e3o [&hellip;]<\/p>\n","protected":false},"author":18,"featured_media":18357,"comment_status":"open","ping_status":"open","sticky":false,"template":"","format":"standard","meta":{"footnotes":""},"categories":[57],"tags":[145,87],"class_list":{"0":"post-18356","1":"post","2":"type-post","3":"status-publish","4":"format-standard","5":"has-post-thumbnail","7":"category-politica","8":"tag-juiza-carolina-lebbos","9":"tag-lula"},"yoast_head":"<!-- This site is optimized with the Yoast SEO Premium plugin v24.5 (Yoast SEO v27.5) - https:\/\/yoast.com\/product\/yoast-seo-premium-wordpress\/ -->\n<title>JU\u00cdZA CAROLINA LEBBOS AUTORIZA TRANSFER\u00caNCIA DE LULA PARA S\u00c3O PAULO - P31<\/title>\n<meta name=\"robots\" content=\"index, follow, max-snippet:-1, max-image-preview:large, max-video-preview:-1\" \/>\n<link rel=\"canonical\" href=\"https:\/\/www.p31noticias.com.br\/?p=18356\" \/>\n<meta property=\"og:locale\" content=\"pt_BR\" \/>\n<meta property=\"og:type\" content=\"article\" \/>\n<meta property=\"og:title\" content=\"JU\u00cdZA CAROLINA LEBBOS AUTORIZA TRANSFER\u00caNCIA DE LULA PARA S\u00c3O PAULO\" \/>\n<meta property=\"og:description\" content=\"Ju\u00edza Carolina Lebbos, n\u00e3o informa em qual unidade penitenci\u00e1ria ficar\u00e1 o ex-presidente. A Ju\u00edza Carolina Lebbos levou em considera\u00e7\u00e3o o pedido da defesa de Lula, que alegou que, em S\u00e3o Paulo, ele estaria mais pr\u00f3ximo de seus familiares. \u201cDiante de todo o exposto, constata-se a plena pertin\u00eancia de transfer\u00eancia do executado ao Estado de S\u00e3o [&hellip;]\" \/>\n<meta property=\"og:url\" content=\"https:\/\/www.p31noticias.com.br\/?p=18356\" \/>\n<meta property=\"og:site_name\" content=\"P31\" \/>\n<meta property=\"article:published_time\" content=\"2019-08-07T14:10:34+00:00\" \/>\n<meta property=\"og:image\" content=\"https:\/\/www.p31noticias.com.br\/wp-content\/uploads\/2019\/08\/juiza-carolina-lebbos-proibe-medico-de-lula-de-visita-lo-na-prisao.jpg\" \/>\n\t<meta property=\"og:image:width\" content=\"1219\" \/>\n\t<meta property=\"og:image:height\" content=\"656\" \/>\n\t<meta property=\"og:image:type\" content=\"image\/jpeg\" \/>\n<meta name=\"author\" content=\"Reda\u00e7\u00e3o JBN\" \/>\n<meta name=\"twitter:card\" content=\"summary_large_image\" \/>\n<meta name=\"twitter:label1\" content=\"Escrito por\" \/>\n\t<meta name=\"twitter:data1\" content=\"Reda\u00e7\u00e3o JBN\" \/>\n\t<meta name=\"twitter:label2\" content=\"Est. tempo de leitura\" \/>\n\t<meta name=\"twitter:data2\" content=\"3 minutos\" \/>\n<script type=\"application\/ld+json\" class=\"yoast-schema-graph\">{\"@context\":\"https:\\\/\\\/schema.org\",\"@graph\":[{\"@type\":\"Article\",\"@id\":\"https:\\\/\\\/www.p31noticias.com.br\\\/?p=18356#article\",\"isPartOf\":{\"@id\":\"https:\\\/\\\/www.p31noticias.com.br\\\/?p=18356\"},\"author\":{\"name\":\"Reda\u00e7\u00e3o JBN\",\"@id\":\"https:\\\/\\\/www.p31noticias.com.br\\\/#\\\/schema\\\/person\\\/77d6b186c710ac38937c6ec204fdd387\"},\"headline\":\"JU\u00cdZA CAROLINA LEBBOS AUTORIZA TRANSFER\u00caNCIA DE LULA PARA S\u00c3O PAULO\",\"datePublished\":\"2019-08-07T14:10:34+00:00\",\"mainEntityOfPage\":{\"@id\":\"https:\\\/\\\/www.p31noticias.com.br\\\/?p=18356\"},\"wordCount\":572,\"commentCount\":0,\"image\":{\"@id\":\"https:\\\/\\\/www.p31noticias.com.br\\\/?p=18356#primaryimage\"},\"thumbnailUrl\":\"https:\\\/\\\/www.p31noticias.com.br\\\/wp-content\\\/uploads\\\/2019\\\/08\\\/juiza-carolina-lebbos-proibe-medico-de-lula-de-visita-lo-na-prisao.jpg\",\"keywords\":[\"Ju\u00edza Carolina Lebbos\",\"lula\"],\"articleSection\":[\"Pol\u00edtica\"],\"inLanguage\":\"pt-BR\",\"potentialAction\":[{\"@type\":\"CommentAction\",\"name\":\"Comment\",\"target\":[\"https:\\\/\\\/www.p31noticias.com.br\\\/?p=18356#respond\"]}],\"copyrightYear\":\"2019\",\"copyrightHolder\":{\"@id\":\"https:\\\/\\\/www.p31noticias.com.br\\\/#organization\"}},{\"@type\":\"WebPage\",\"@id\":\"https:\\\/\\\/www.p31noticias.com.br\\\/?p=18356\",\"url\":\"https:\\\/\\\/www.p31noticias.com.br\\\/?p=18356\",\"name\":\"JU\u00cdZA CAROLINA LEBBOS AUTORIZA TRANSFER\u00caNCIA DE LULA PARA S\u00c3O PAULO - P31\",\"isPartOf\":{\"@id\":\"https:\\\/\\\/www.p31noticias.com.br\\\/#website\"},\"primaryImageOfPage\":{\"@id\":\"https:\\\/\\\/www.p31noticias.com.br\\\/?p=18356#primaryimage\"},\"image\":{\"@id\":\"https:\\\/\\\/www.p31noticias.com.br\\\/?p=18356#primaryimage\"},\"thumbnailUrl\":\"https:\\\/\\\/www.p31noticias.com.br\\\/wp-content\\\/uploads\\\/2019\\\/08\\\/juiza-carolina-lebbos-proibe-medico-de-lula-de-visita-lo-na-prisao.jpg\",\"datePublished\":\"2019-08-07T14:10:34+00:00\",\"author\":{\"@id\":\"https:\\\/\\\/www.p31noticias.com.br\\\/#\\\/schema\\\/person\\\/77d6b186c710ac38937c6ec204fdd387\"},\"breadcrumb\":{\"@id\":\"https:\\\/\\\/www.p31noticias.com.br\\\/?p=18356#breadcrumb\"},\"inLanguage\":\"pt-BR\",\"potentialAction\":[{\"@type\":\"ReadAction\",\"target\":[\"https:\\\/\\\/www.p31noticias.com.br\\\/?p=18356\"]}]},{\"@type\":\"ImageObject\",\"inLanguage\":\"pt-BR\",\"@id\":\"https:\\\/\\\/www.p31noticias.com.br\\\/?p=18356#primaryimage\",\"url\":\"https:\\\/\\\/www.p31noticias.com.br\\\/wp-content\\\/uploads\\\/2019\\\/08\\\/juiza-carolina-lebbos-proibe-medico-de-lula-de-visita-lo-na-prisao.jpg\",\"contentUrl\":\"https:\\\/\\\/www.p31noticias.com.br\\\/wp-content\\\/uploads\\\/2019\\\/08\\\/juiza-carolina-lebbos-proibe-medico-de-lula-de-visita-lo-na-prisao.jpg\",\"width\":1219,\"height\":656},{\"@type\":\"BreadcrumbList\",\"@id\":\"https:\\\/\\\/www.p31noticias.com.br\\\/?p=18356#breadcrumb\",\"itemListElement\":[{\"@type\":\"ListItem\",\"position\":1,\"name\":\"In\u00edcio\",\"item\":\"https:\\\/\\\/www.p31noticias.com.br\\\/\"},{\"@type\":\"ListItem\",\"position\":2,\"name\":\"JU\u00cdZA CAROLINA LEBBOS AUTORIZA TRANSFER\u00caNCIA DE LULA PARA S\u00c3O PAULO\"}]},{\"@type\":\"WebSite\",\"@id\":\"https:\\\/\\\/www.p31noticias.com.br\\\/#website\",\"url\":\"https:\\\/\\\/www.p31noticias.com.br\\\/\",\"name\":\"P31\",\"description\":\"NOT\u00cdCIAS\",\"potentialAction\":[{\"@type\":\"SearchAction\",\"target\":{\"@type\":\"EntryPoint\",\"urlTemplate\":\"https:\\\/\\\/www.p31noticias.com.br\\\/?s={search_term_string}\"},\"query-input\":{\"@type\":\"PropertyValueSpecification\",\"valueRequired\":true,\"valueName\":\"search_term_string\"}}],\"inLanguage\":\"pt-BR\"},{\"@type\":\"Person\",\"@id\":\"https:\\\/\\\/www.p31noticias.com.br\\\/#\\\/schema\\\/person\\\/77d6b186c710ac38937c6ec204fdd387\",\"name\":\"Reda\u00e7\u00e3o JBN\",\"image\":{\"@type\":\"ImageObject\",\"inLanguage\":\"pt-BR\",\"@id\":\"https:\\\/\\\/secure.gravatar.com\\\/avatar\\\/10fcdb93211f98cce3d64c0795b0915a9a4a21dc0f279238995a3dbfafcad090?s=96&d=mm&r=g\",\"url\":\"https:\\\/\\\/secure.gravatar.com\\\/avatar\\\/10fcdb93211f98cce3d64c0795b0915a9a4a21dc0f279238995a3dbfafcad090?s=96&d=mm&r=g\",\"contentUrl\":\"https:\\\/\\\/secure.gravatar.com\\\/avatar\\\/10fcdb93211f98cce3d64c0795b0915a9a4a21dc0f279238995a3dbfafcad090?s=96&d=mm&r=g\",\"caption\":\"Reda\u00e7\u00e3o JBN\"},\"sameAs\":[\"https:\\\/\\\/p31noticias.com.br\"],\"url\":\"https:\\\/\\\/www.p31noticias.com.br\\\/?author=18\"}]}<\/script>\n<!-- \/ Yoast SEO Premium plugin. -->","yoast_head_json":{"title":"JU\u00cdZA CAROLINA LEBBOS AUTORIZA TRANSFER\u00caNCIA DE LULA PARA S\u00c3O PAULO - P31","robots":{"index":"index","follow":"follow","max-snippet":"max-snippet:-1","max-image-preview":"max-image-preview:large","max-video-preview":"max-video-preview:-1"},"canonical":"https:\/\/www.p31noticias.com.br\/?p=18356","og_locale":"pt_BR","og_type":"article","og_title":"JU\u00cdZA CAROLINA LEBBOS AUTORIZA TRANSFER\u00caNCIA DE LULA PARA S\u00c3O PAULO","og_description":"Ju\u00edza Carolina Lebbos, n\u00e3o informa em qual unidade penitenci\u00e1ria ficar\u00e1 o ex-presidente. A Ju\u00edza Carolina Lebbos levou em considera\u00e7\u00e3o o pedido da defesa de Lula, que alegou que, em S\u00e3o Paulo, ele estaria mais pr\u00f3ximo de seus familiares. \u201cDiante de todo o exposto, constata-se a plena pertin\u00eancia de transfer\u00eancia do executado ao Estado de S\u00e3o [&hellip;]","og_url":"https:\/\/www.p31noticias.com.br\/?p=18356","og_site_name":"P31","article_published_time":"2019-08-07T14:10:34+00:00","og_image":[{"width":1219,"height":656,"url":"https:\/\/www.p31noticias.com.br\/wp-content\/uploads\/2019\/08\/juiza-carolina-lebbos-proibe-medico-de-lula-de-visita-lo-na-prisao.jpg","type":"image\/jpeg"}],"author":"Reda\u00e7\u00e3o JBN","twitter_card":"summary_large_image","twitter_misc":{"Escrito por":"Reda\u00e7\u00e3o JBN","Est. tempo de leitura":"3 minutos"},"schema":{"@context":"https:\/\/schema.org","@graph":[{"@type":"Article","@id":"https:\/\/www.p31noticias.com.br\/?p=18356#article","isPartOf":{"@id":"https:\/\/www.p31noticias.com.br\/?p=18356"},"author":{"name":"Reda\u00e7\u00e3o JBN","@id":"https:\/\/www.p31noticias.com.br\/#\/schema\/person\/77d6b186c710ac38937c6ec204fdd387"},"headline":"JU\u00cdZA CAROLINA LEBBOS AUTORIZA TRANSFER\u00caNCIA DE LULA PARA S\u00c3O PAULO","datePublished":"2019-08-07T14:10:34+00:00","mainEntityOfPage":{"@id":"https:\/\/www.p31noticias.com.br\/?p=18356"},"wordCount":572,"commentCount":0,"image":{"@id":"https:\/\/www.p31noticias.com.br\/?p=18356#primaryimage"},"thumbnailUrl":"https:\/\/www.p31noticias.com.br\/wp-content\/uploads\/2019\/08\/juiza-carolina-lebbos-proibe-medico-de-lula-de-visita-lo-na-prisao.jpg","keywords":["Ju\u00edza Carolina Lebbos","lula"],"articleSection":["Pol\u00edtica"],"inLanguage":"pt-BR","potentialAction":[{"@type":"CommentAction","name":"Comment","target":["https:\/\/www.p31noticias.com.br\/?p=18356#respond"]}],"copyrightYear":"2019","copyrightHolder":{"@id":"https:\/\/www.p31noticias.com.br\/#organization"}},{"@type":"WebPage","@id":"https:\/\/www.p31noticias.com.br\/?p=18356","url":"https:\/\/www.p31noticias.com.br\/?p=18356","name":"JU\u00cdZA CAROLINA LEBBOS AUTORIZA TRANSFER\u00caNCIA DE LULA PARA S\u00c3O PAULO - P31","isPartOf":{"@id":"https:\/\/www.p31noticias.com.br\/#website"},"primaryImageOfPage":{"@id":"https:\/\/www.p31noticias.com.br\/?p=18356#primaryimage"},"image":{"@id":"https:\/\/www.p31noticias.com.br\/?p=18356#primaryimage"},"thumbnailUrl":"https:\/\/www.p31noticias.com.br\/wp-content\/uploads\/2019\/08\/juiza-carolina-lebbos-proibe-medico-de-lula-de-visita-lo-na-prisao.jpg","datePublished":"2019-08-07T14:10:34+00:00","author":{"@id":"https:\/\/www.p31noticias.com.br\/#\/schema\/person\/77d6b186c710ac38937c6ec204fdd387"},"breadcrumb":{"@id":"https:\/\/www.p31noticias.com.br\/?p=18356#breadcrumb"},"inLanguage":"pt-BR","potentialAction":[{"@type":"ReadAction","target":["https:\/\/www.p31noticias.com.br\/?p=18356"]}]},{"@type":"ImageObject","inLanguage":"pt-BR","@id":"https:\/\/www.p31noticias.com.br\/?p=18356#primaryimage","url":"https:\/\/www.p31noticias.com.br\/wp-content\/uploads\/2019\/08\/juiza-carolina-lebbos-proibe-medico-de-lula-de-visita-lo-na-prisao.jpg","contentUrl":"https:\/\/www.p31noticias.com.br\/wp-content\/uploads\/2019\/08\/juiza-carolina-lebbos-proibe-medico-de-lula-de-visita-lo-na-prisao.jpg","width":1219,"height":656},{"@type":"BreadcrumbList","@id":"https:\/\/www.p31noticias.com.br\/?p=18356#breadcrumb","itemListElement":[{"@type":"ListItem","position":1,"name":"In\u00edcio","item":"https:\/\/www.p31noticias.com.br\/"},{"@type":"ListItem","position":2,"name":"JU\u00cdZA CAROLINA LEBBOS AUTORIZA TRANSFER\u00caNCIA DE LULA PARA S\u00c3O PAULO"}]},{"@type":"WebSite","@id":"https:\/\/www.p31noticias.com.br\/#website","url":"https:\/\/www.p31noticias.com.br\/","name":"P31","description":"NOT\u00cdCIAS","potentialAction":[{"@type":"SearchAction","target":{"@type":"EntryPoint","urlTemplate":"https:\/\/www.p31noticias.com.br\/?s={search_term_string}"},"query-input":{"@type":"PropertyValueSpecification","valueRequired":true,"valueName":"search_term_string"}}],"inLanguage":"pt-BR"},{"@type":"Person","@id":"https:\/\/www.p31noticias.com.br\/#\/schema\/person\/77d6b186c710ac38937c6ec204fdd387","name":"Reda\u00e7\u00e3o JBN","image":{"@type":"ImageObject","inLanguage":"pt-BR","@id":"https:\/\/secure.gravatar.com\/avatar\/10fcdb93211f98cce3d64c0795b0915a9a4a21dc0f279238995a3dbfafcad090?s=96&d=mm&r=g","url":"https:\/\/secure.gravatar.com\/avatar\/10fcdb93211f98cce3d64c0795b0915a9a4a21dc0f279238995a3dbfafcad090?s=96&d=mm&r=g","contentUrl":"https:\/\/secure.gravatar.com\/avatar\/10fcdb93211f98cce3d64c0795b0915a9a4a21dc0f279238995a3dbfafcad090?s=96&d=mm&r=g","caption":"Reda\u00e7\u00e3o JBN"},"sameAs":["https:\/\/p31noticias.com.br"],"url":"https:\/\/www.p31noticias.com.br\/?author=18"}]}},"amp_enabled":true,"_links":{"self":[{"href":"https:\/\/www.p31noticias.com.br\/index.php?rest_route=\/wp\/v2\/posts\/18356","targetHints":{"allow":["GET"]}}],"collection":[{"href":"https:\/\/www.p31noticias.com.br\/index.php?rest_route=\/wp\/v2\/posts"}],"about":[{"href":"https:\/\/www.p31noticias.com.br\/index.php?rest_route=\/wp\/v2\/types\/post"}],"author":[{"embeddable":true,"href":"https:\/\/www.p31noticias.com.br\/index.php?rest_route=\/wp\/v2\/users\/18"}],"replies":[{"embeddable":true,"href":"https:\/\/www.p31noticias.com.br\/index.php?rest_route=%2Fwp%2Fv2%2Fcomments&post=18356"}],"version-history":[{"count":0,"href":"https:\/\/www.p31noticias.com.br\/index.php?rest_route=\/wp\/v2\/posts\/18356\/revisions"}],"wp:featuredmedia":[{"embeddable":true,"href":"https:\/\/www.p31noticias.com.br\/index.php?rest_route=\/wp\/v2\/media\/18357"}],"wp:attachment":[{"href":"https:\/\/www.p31noticias.com.br\/index.php?rest_route=%2Fwp%2Fv2%2Fmedia&parent=18356"}],"wp:term":[{"taxonomy":"category","embeddable":true,"href":"https:\/\/www.p31noticias.com.br\/index.php?rest_route=%2Fwp%2Fv2%2Fcategories&post=18356"},{"taxonomy":"post_tag","embeddable":true,"href":"https:\/\/www.p31noticias.com.br\/index.php?rest_route=%2Fwp%2Fv2%2Ftags&post=18356"}],"curies":[{"name":"wp","href":"https:\/\/api.w.org\/{rel}","templated":true}]}}