{"id":18345,"date":"2019-08-05T15:28:53","date_gmt":"2019-08-05T18:28:53","guid":{"rendered":"https:\/\/www.delioandrade.com.br\/?p=18345"},"modified":"2019-08-05T15:28:53","modified_gmt":"2019-08-05T18:28:53","slug":"na-praia-brasilia-2019","status":"publish","type":"post","link":"https:\/\/www.p31noticias.com.br\/?p=18345","title":{"rendered":"NA PRAIA BRAS\u00cdLIA 2019 28\/06 A 08\/09"},"content":{"rendered":"<p><strong>Na Praia Bras\u00edlia 2019\u00a0<\/strong>j\u00e1 tem data marcada para ocorrer em Bras\u00edlia. Ao todo, ser\u00e3o 11 semanas de programa\u00e7\u00e3o, com in\u00edcio em 28 de junho e t\u00e9rmino em 08 de setembro. O na praia promete muitas novidades na pr\u00f3xima edi\u00e7\u00e3o desde as atra\u00e7\u00f5es at\u00e9 o tem\u00e1tica.<\/p>\n<p><b>Data:\u00a0<\/b>28 junho 2019 a 08 setembro 2019.<br \/>\n<b>Hora:\u00a0<\/b>Ver programa\u00e7\u00e3o<br \/>\n<b>Local:\u00a0<\/b>Orla do Lago Parano\u00e1 (atr\u00e1s da Concha Ac\u00fastica)<\/p>\n<h2><a href=\"https:\/\/agitabrasilia.com\/na-praia-brasilia-2019\/\"><strong>Na Praia Bras\u00edlia 2019<\/strong><\/a><\/h2>\n<p dir=\"ltr\">Um sonho que se tornou realidade! Imagina uma praia no meio do cerrado? O Na Praia chega em 2019 \u00e0 sua 5\u00aa Edi\u00e7\u00e3o na cidade de Bras\u00edlia. Em 4 anos intensos de constru\u00e7\u00e3o e pesquisa, sonhos se materializaram em SENSA\u00c7\u00d5ES MEMOR\u00c1VEIS.<\/p>\n<p dir=\"ltr\">O parque tem\u00e1tico\u00a0<strong>Na Praia Bras\u00edlia<\/strong>\u00a0abre as suas portas de quinta a domingo e a sua programa\u00e7\u00e3o se estende aos grupos de amigos, fam\u00edlias e a quem quer curtir dias inesquec\u00edveis com o p\u00e9 na areia. A curadoria musical alcan\u00e7a todas as batidas e cora\u00e7\u00f5es: da MPB ao eletr\u00f4nico, passando pelo funk e samba de roda.<\/p>\n<p dir=\"ltr\">Escolha a quinta-feira para curtir o melhor da m\u00fasica brasileira ou as sextas para reunir aquele grupo enorme de amigos e come\u00e7ar o final de semana. O sol nasce s\u00e1bado de manh\u00e3 para os amantes de esportes ao ar livre e o clima praiano se estende \u00e0 noite com nossos grandes shows. Domingo \u00e9 dia de curtir o sol e a areia com as crian\u00e7as ou amigos e aproveitar o sunset com atra\u00e7\u00f5es imperd\u00edveis.<\/p>\n<h2><strong>Atra\u00e7\u00f5es Na Praia 2019<\/strong><\/h2>\n<h3><strong>Quinta cultural<\/strong><\/h3>\n<ul>\n<li>4\/7 Legi\u00e3o Urbana<\/li>\n<li>11\/7 Falamansa<\/li>\n<li>18\/7 Lulu Santos<\/li>\n<li>25\/7 Nando Reis e Roberta Campos<\/li>\n<li>1\u00ba\/8 Diogo Nogueira<\/li>\n<li>8\/8 Roupa Nova<\/li>\n<li>15\/8 Djavan<\/li>\n<li>22\/8 Alceu Valen\u00e7a<\/li>\n<li>29\/8 Capital Inicial<\/li>\n<li>5\/9 Zeca Pagodinho<\/li>\n<\/ul>\n<h3><strong>Sexta<\/strong><\/h3>\n<ul>\n<li>28\/6 Iza, Pedro Sampaio e Santti<\/li>\n<li>5\/7 Cat Dealers e Doozie<\/li>\n<li>12\/7 G15 e Liu<\/li>\n<li>19\/7 Kvsh e Evokings<\/li>\n<li>26\/7 UP CLUB: Soldera, Illusionize, MK Jay<\/li>\n<li>2\/8 FP do Trem bala e Poesia Ac\u00fastica<\/li>\n<li>9\/8 Festa Fechada<\/li>\n<li>16\/8 Mc Don Juan e Lagum<\/li>\n<li>23\/8 JetLag e Matheuzinho<\/li>\n<li>30\/8 Gaab e Dj Zullu<\/li>\n<li>6\/9 Hugo e Guilherme e Safad\u00e3o<\/li>\n<\/ul>\n<h3><strong>S\u00e1bado<\/strong><\/h3>\n<ul>\n<li>29\/6 Gusttavo Lima e Cesar Menotti &amp; Fabiano<\/li>\n<li>6\/7 Saulo e Sorriso Maroto<\/li>\n<li>13\/7 Festa dos Mortos (Xand Avi\u00e3o, Anitta, DJ Shark e DJ Rivkah)<\/li>\n<li>20\/7 Z\u00e9 Neto e Cristiano, L\u00e9o Santana e Luan Santana<\/li>\n<li>27\/7 Baile da Tequila (Kevinho, Kekel, Yuri Martins, Kevin, o Chris, Zaac)<\/li>\n<li>3\/8 Henrique e Juliano, Dennis DJ e DJ MOJJO<\/li>\n<li>10\/8 Fam\u00edlia Petrillo: Alok, Bhaskar, Swarup e Ekanta<\/li>\n<li>17\/8 Bell, Durval e DJ Tartaruga<\/li>\n<li>24\/8 Mar\u00edlia Mendon\u00e7a e Felipe Ara\u00fajo<\/li>\n<li>31\/8 Harmonia do Samba, Timbalada, Parangol\u00e9 e FitDance<\/li>\n<li>7\/9 Jonas Esticado, Jorge e Mateus e Ralk<\/li>\n<\/ul>\n<h3><strong>Domingo<\/strong><\/h3>\n<ul>\n<li>30\/6 Banda Eva e Mumuzinho<\/li>\n<li>7\/7 Falc\u00e3o (Ex-O Rappa)<\/li>\n<li>14\/7 Dilsinho<\/li>\n<li>21\/7 Denny Denan (Ex-Timbalada) e Rafa e Pipo<\/li>\n<li>28\/7 Cheiro de Amor<\/li>\n<li>4\/8 Tuca Fernandes<\/li>\n<li>11\/8 Bloco do Silva<\/li>\n<li>18\/8 3030<\/li>\n<li>25\/8 \u00c9 o Tchan<\/li>\n<li>1\u00ba\/9 Ra\u00e7a Negra<\/li>\n<\/ul>\n<h2><strong>Ingressos<\/strong><\/h2>\n<h2>Passaportes<\/h2>\n<ul>\n<li>Quinta feira R$<\/li>\n<li>Sexta feira R$ 410<\/li>\n<li>S\u00e1bados R$ 1513<\/li>\n<li>Domingos R$ 410<\/li>\n<\/ul>\n<h2>Individuais<\/h2>\n<ul>\n<li>Quinta feira R$ 51\/ R$ 61<\/li>\n<li>Sexta feira R$ 51 \/ R$\u00a0 61<\/li>\n<li>S\u00e1bados R$ 141 \/ R$ 151\/ R$ 161<\/li>\n<li>Domingos R$ 51\/ R$ 61<\/li>\n<\/ul>\n<p>*Valores dos ingressos sujeitos \u00e0 altera\u00e7\u00f5es sem aviso pr\u00e9vio.<\/p>\n<h2><strong>Pontos de Venda<\/strong><\/h2>\n<ul>\n<li>https:\/\/producoesr2.com.br\/<\/li>\n<li>App R2 Produ\u00e7\u00f5es<\/li>\n<\/ul>\n<h2><strong>Outras Informa\u00e7\u00f5es<\/strong><\/h2>\n<ul>\n<li><strong>Telefone:\u00a0<\/strong>N\u00e3o informado.<\/li>\n<li><strong>Classifica\u00e7\u00e3o:\u00a0<\/strong>Quinta e sexta-feira \u2013 16 anos | S\u00e1bado \u2013 16 anos | Domingo \u2013 Livre<\/li>\n<\/ul>\n","protected":false},"excerpt":{"rendered":"<p>Na Praia Bras\u00edlia 2019\u00a0j\u00e1 tem data marcada para ocorrer em Bras\u00edlia. Ao todo, ser\u00e3o 11 semanas de programa\u00e7\u00e3o, com in\u00edcio em 28 de junho e t\u00e9rmino em 08 de setembro. O na praia promete muitas novidades na pr\u00f3xima edi\u00e7\u00e3o desde as atra\u00e7\u00f5es at\u00e9 o tem\u00e1tica. Data:\u00a028 junho 2019 a 08 setembro 2019. Hora:\u00a0Ver programa\u00e7\u00e3o Local:\u00a0Orla [&hellip;]<\/p>\n","protected":false},"author":18,"featured_media":18346,"comment_status":"open","ping_status":"open","sticky":false,"template":"","format":"standard","meta":{"footnotes":""},"categories":[1],"tags":[],"class_list":{"0":"post-18345","1":"post","2":"type-post","3":"status-publish","4":"format-standard","5":"has-post-thumbnail","7":"category-outros"},"yoast_head":"<!-- This site is optimized with the Yoast SEO Premium plugin v24.5 (Yoast SEO v27.5) - https:\/\/yoast.com\/product\/yoast-seo-premium-wordpress\/ -->\n<title>NA PRAIA BRAS\u00cdLIA 2019 28\/06 A 08\/09 - P31<\/title>\n<meta name=\"robots\" content=\"index, follow, max-snippet:-1, max-image-preview:large, max-video-preview:-1\" \/>\n<link rel=\"canonical\" href=\"https:\/\/www.p31noticias.com.br\/?p=18345\" \/>\n<meta property=\"og:locale\" content=\"pt_BR\" \/>\n<meta property=\"og:type\" content=\"article\" \/>\n<meta property=\"og:title\" content=\"NA PRAIA BRAS\u00cdLIA 2019 28\/06 A 08\/09\" \/>\n<meta property=\"og:description\" content=\"Na Praia Bras\u00edlia 2019\u00a0j\u00e1 tem data marcada para ocorrer em Bras\u00edlia. Ao todo, ser\u00e3o 11 semanas de programa\u00e7\u00e3o, com in\u00edcio em 28 de junho e t\u00e9rmino em 08 de setembro. O na praia promete muitas novidades na pr\u00f3xima edi\u00e7\u00e3o desde as atra\u00e7\u00f5es at\u00e9 o tem\u00e1tica. Data:\u00a028 junho 2019 a 08 setembro 2019. Hora:\u00a0Ver programa\u00e7\u00e3o Local:\u00a0Orla [&hellip;]\" \/>\n<meta property=\"og:url\" content=\"https:\/\/www.p31noticias.com.br\/?p=18345\" \/>\n<meta property=\"og:site_name\" content=\"P31\" \/>\n<meta property=\"article:published_time\" content=\"2019-08-05T18:28:53+00:00\" \/>\n<meta property=\"og:image\" content=\"https:\/\/www.p31noticias.com.br\/wp-content\/uploads\/2019\/08\/na-praia-brasilia-2019-1-696x393-1.jpg\" \/>\n\t<meta property=\"og:image:width\" content=\"696\" \/>\n\t<meta property=\"og:image:height\" content=\"393\" \/>\n\t<meta property=\"og:image:type\" content=\"image\/jpeg\" \/>\n<meta name=\"author\" content=\"Reda\u00e7\u00e3o JBN\" \/>\n<meta name=\"twitter:card\" content=\"summary_large_image\" \/>\n<meta name=\"twitter:label1\" content=\"Escrito por\" \/>\n\t<meta name=\"twitter:data1\" content=\"Reda\u00e7\u00e3o JBN\" \/>\n\t<meta name=\"twitter:label2\" content=\"Est. tempo de leitura\" \/>\n\t<meta name=\"twitter:data2\" content=\"3 minutos\" \/>\n<script type=\"application\/ld+json\" class=\"yoast-schema-graph\">{\"@context\":\"https:\\\/\\\/schema.org\",\"@graph\":[{\"@type\":\"Article\",\"@id\":\"https:\\\/\\\/www.p31noticias.com.br\\\/?p=18345#article\",\"isPartOf\":{\"@id\":\"https:\\\/\\\/www.p31noticias.com.br\\\/?p=18345\"},\"author\":{\"name\":\"Reda\u00e7\u00e3o JBN\",\"@id\":\"https:\\\/\\\/www.p31noticias.com.br\\\/#\\\/schema\\\/person\\\/77d6b186c710ac38937c6ec204fdd387\"},\"headline\":\"NA PRAIA BRAS\u00cdLIA 2019 28\\\/06 A 08\\\/09\",\"datePublished\":\"2019-08-05T18:28:53+00:00\",\"mainEntityOfPage\":{\"@id\":\"https:\\\/\\\/www.p31noticias.com.br\\\/?p=18345\"},\"wordCount\":532,\"commentCount\":0,\"image\":{\"@id\":\"https:\\\/\\\/www.p31noticias.com.br\\\/?p=18345#primaryimage\"},\"thumbnailUrl\":\"https:\\\/\\\/www.p31noticias.com.br\\\/wp-content\\\/uploads\\\/2019\\\/08\\\/na-praia-brasilia-2019-1-696x393-1.jpg\",\"articleSection\":[\"Outros\"],\"inLanguage\":\"pt-BR\",\"potentialAction\":[{\"@type\":\"CommentAction\",\"name\":\"Comment\",\"target\":[\"https:\\\/\\\/www.p31noticias.com.br\\\/?p=18345#respond\"]}],\"copyrightYear\":\"2019\",\"copyrightHolder\":{\"@id\":\"https:\\\/\\\/www.p31noticias.com.br\\\/#organization\"}},{\"@type\":\"WebPage\",\"@id\":\"https:\\\/\\\/www.p31noticias.com.br\\\/?p=18345\",\"url\":\"https:\\\/\\\/www.p31noticias.com.br\\\/?p=18345\",\"name\":\"NA PRAIA BRAS\u00cdLIA 2019 28\\\/06 A 08\\\/09 - P31\",\"isPartOf\":{\"@id\":\"https:\\\/\\\/www.p31noticias.com.br\\\/#website\"},\"primaryImageOfPage\":{\"@id\":\"https:\\\/\\\/www.p31noticias.com.br\\\/?p=18345#primaryimage\"},\"image\":{\"@id\":\"https:\\\/\\\/www.p31noticias.com.br\\\/?p=18345#primaryimage\"},\"thumbnailUrl\":\"https:\\\/\\\/www.p31noticias.com.br\\\/wp-content\\\/uploads\\\/2019\\\/08\\\/na-praia-brasilia-2019-1-696x393-1.jpg\",\"datePublished\":\"2019-08-05T18:28:53+00:00\",\"author\":{\"@id\":\"https:\\\/\\\/www.p31noticias.com.br\\\/#\\\/schema\\\/person\\\/77d6b186c710ac38937c6ec204fdd387\"},\"breadcrumb\":{\"@id\":\"https:\\\/\\\/www.p31noticias.com.br\\\/?p=18345#breadcrumb\"},\"inLanguage\":\"pt-BR\",\"potentialAction\":[{\"@type\":\"ReadAction\",\"target\":[\"https:\\\/\\\/www.p31noticias.com.br\\\/?p=18345\"]}]},{\"@type\":\"ImageObject\",\"inLanguage\":\"pt-BR\",\"@id\":\"https:\\\/\\\/www.p31noticias.com.br\\\/?p=18345#primaryimage\",\"url\":\"https:\\\/\\\/www.p31noticias.com.br\\\/wp-content\\\/uploads\\\/2019\\\/08\\\/na-praia-brasilia-2019-1-696x393-1.jpg\",\"contentUrl\":\"https:\\\/\\\/www.p31noticias.com.br\\\/wp-content\\\/uploads\\\/2019\\\/08\\\/na-praia-brasilia-2019-1-696x393-1.jpg\",\"width\":696,\"height\":393},{\"@type\":\"BreadcrumbList\",\"@id\":\"https:\\\/\\\/www.p31noticias.com.br\\\/?p=18345#breadcrumb\",\"itemListElement\":[{\"@type\":\"ListItem\",\"position\":1,\"name\":\"In\u00edcio\",\"item\":\"https:\\\/\\\/www.p31noticias.com.br\\\/\"},{\"@type\":\"ListItem\",\"position\":2,\"name\":\"NA PRAIA BRAS\u00cdLIA 2019 28\\\/06 A 08\\\/09\"}]},{\"@type\":\"WebSite\",\"@id\":\"https:\\\/\\\/www.p31noticias.com.br\\\/#website\",\"url\":\"https:\\\/\\\/www.p31noticias.com.br\\\/\",\"name\":\"P31\",\"description\":\"NOT\u00cdCIAS\",\"potentialAction\":[{\"@type\":\"SearchAction\",\"target\":{\"@type\":\"EntryPoint\",\"urlTemplate\":\"https:\\\/\\\/www.p31noticias.com.br\\\/?s={search_term_string}\"},\"query-input\":{\"@type\":\"PropertyValueSpecification\",\"valueRequired\":true,\"valueName\":\"search_term_string\"}}],\"inLanguage\":\"pt-BR\"},{\"@type\":\"Person\",\"@id\":\"https:\\\/\\\/www.p31noticias.com.br\\\/#\\\/schema\\\/person\\\/77d6b186c710ac38937c6ec204fdd387\",\"name\":\"Reda\u00e7\u00e3o JBN\",\"image\":{\"@type\":\"ImageObject\",\"inLanguage\":\"pt-BR\",\"@id\":\"https:\\\/\\\/secure.gravatar.com\\\/avatar\\\/10fcdb93211f98cce3d64c0795b0915a9a4a21dc0f279238995a3dbfafcad090?s=96&d=mm&r=g\",\"url\":\"https:\\\/\\\/secure.gravatar.com\\\/avatar\\\/10fcdb93211f98cce3d64c0795b0915a9a4a21dc0f279238995a3dbfafcad090?s=96&d=mm&r=g\",\"contentUrl\":\"https:\\\/\\\/secure.gravatar.com\\\/avatar\\\/10fcdb93211f98cce3d64c0795b0915a9a4a21dc0f279238995a3dbfafcad090?s=96&d=mm&r=g\",\"caption\":\"Reda\u00e7\u00e3o JBN\"},\"sameAs\":[\"https:\\\/\\\/p31noticias.com.br\"],\"url\":\"https:\\\/\\\/www.p31noticias.com.br\\\/?author=18\"}]}<\/script>\n<!-- \/ Yoast SEO Premium plugin. -->","yoast_head_json":{"title":"NA PRAIA BRAS\u00cdLIA 2019 28\/06 A 08\/09 - P31","robots":{"index":"index","follow":"follow","max-snippet":"max-snippet:-1","max-image-preview":"max-image-preview:large","max-video-preview":"max-video-preview:-1"},"canonical":"https:\/\/www.p31noticias.com.br\/?p=18345","og_locale":"pt_BR","og_type":"article","og_title":"NA PRAIA BRAS\u00cdLIA 2019 28\/06 A 08\/09","og_description":"Na Praia Bras\u00edlia 2019\u00a0j\u00e1 tem data marcada para ocorrer em Bras\u00edlia. Ao todo, ser\u00e3o 11 semanas de programa\u00e7\u00e3o, com in\u00edcio em 28 de junho e t\u00e9rmino em 08 de setembro. O na praia promete muitas novidades na pr\u00f3xima edi\u00e7\u00e3o desde as atra\u00e7\u00f5es at\u00e9 o tem\u00e1tica. Data:\u00a028 junho 2019 a 08 setembro 2019. Hora:\u00a0Ver programa\u00e7\u00e3o Local:\u00a0Orla [&hellip;]","og_url":"https:\/\/www.p31noticias.com.br\/?p=18345","og_site_name":"P31","article_published_time":"2019-08-05T18:28:53+00:00","og_image":[{"width":696,"height":393,"url":"https:\/\/www.p31noticias.com.br\/wp-content\/uploads\/2019\/08\/na-praia-brasilia-2019-1-696x393-1.jpg","type":"image\/jpeg"}],"author":"Reda\u00e7\u00e3o JBN","twitter_card":"summary_large_image","twitter_misc":{"Escrito por":"Reda\u00e7\u00e3o JBN","Est. tempo de leitura":"3 minutos"},"schema":{"@context":"https:\/\/schema.org","@graph":[{"@type":"Article","@id":"https:\/\/www.p31noticias.com.br\/?p=18345#article","isPartOf":{"@id":"https:\/\/www.p31noticias.com.br\/?p=18345"},"author":{"name":"Reda\u00e7\u00e3o JBN","@id":"https:\/\/www.p31noticias.com.br\/#\/schema\/person\/77d6b186c710ac38937c6ec204fdd387"},"headline":"NA PRAIA BRAS\u00cdLIA 2019 28\/06 A 08\/09","datePublished":"2019-08-05T18:28:53+00:00","mainEntityOfPage":{"@id":"https:\/\/www.p31noticias.com.br\/?p=18345"},"wordCount":532,"commentCount":0,"image":{"@id":"https:\/\/www.p31noticias.com.br\/?p=18345#primaryimage"},"thumbnailUrl":"https:\/\/www.p31noticias.com.br\/wp-content\/uploads\/2019\/08\/na-praia-brasilia-2019-1-696x393-1.jpg","articleSection":["Outros"],"inLanguage":"pt-BR","potentialAction":[{"@type":"CommentAction","name":"Comment","target":["https:\/\/www.p31noticias.com.br\/?p=18345#respond"]}],"copyrightYear":"2019","copyrightHolder":{"@id":"https:\/\/www.p31noticias.com.br\/#organization"}},{"@type":"WebPage","@id":"https:\/\/www.p31noticias.com.br\/?p=18345","url":"https:\/\/www.p31noticias.com.br\/?p=18345","name":"NA PRAIA BRAS\u00cdLIA 2019 28\/06 A 08\/09 - P31","isPartOf":{"@id":"https:\/\/www.p31noticias.com.br\/#website"},"primaryImageOfPage":{"@id":"https:\/\/www.p31noticias.com.br\/?p=18345#primaryimage"},"image":{"@id":"https:\/\/www.p31noticias.com.br\/?p=18345#primaryimage"},"thumbnailUrl":"https:\/\/www.p31noticias.com.br\/wp-content\/uploads\/2019\/08\/na-praia-brasilia-2019-1-696x393-1.jpg","datePublished":"2019-08-05T18:28:53+00:00","author":{"@id":"https:\/\/www.p31noticias.com.br\/#\/schema\/person\/77d6b186c710ac38937c6ec204fdd387"},"breadcrumb":{"@id":"https:\/\/www.p31noticias.com.br\/?p=18345#breadcrumb"},"inLanguage":"pt-BR","potentialAction":[{"@type":"ReadAction","target":["https:\/\/www.p31noticias.com.br\/?p=18345"]}]},{"@type":"ImageObject","inLanguage":"pt-BR","@id":"https:\/\/www.p31noticias.com.br\/?p=18345#primaryimage","url":"https:\/\/www.p31noticias.com.br\/wp-content\/uploads\/2019\/08\/na-praia-brasilia-2019-1-696x393-1.jpg","contentUrl":"https:\/\/www.p31noticias.com.br\/wp-content\/uploads\/2019\/08\/na-praia-brasilia-2019-1-696x393-1.jpg","width":696,"height":393},{"@type":"BreadcrumbList","@id":"https:\/\/www.p31noticias.com.br\/?p=18345#breadcrumb","itemListElement":[{"@type":"ListItem","position":1,"name":"In\u00edcio","item":"https:\/\/www.p31noticias.com.br\/"},{"@type":"ListItem","position":2,"name":"NA PRAIA BRAS\u00cdLIA 2019 28\/06 A 08\/09"}]},{"@type":"WebSite","@id":"https:\/\/www.p31noticias.com.br\/#website","url":"https:\/\/www.p31noticias.com.br\/","name":"P31","description":"NOT\u00cdCIAS","potentialAction":[{"@type":"SearchAction","target":{"@type":"EntryPoint","urlTemplate":"https:\/\/www.p31noticias.com.br\/?s={search_term_string}"},"query-input":{"@type":"PropertyValueSpecification","valueRequired":true,"valueName":"search_term_string"}}],"inLanguage":"pt-BR"},{"@type":"Person","@id":"https:\/\/www.p31noticias.com.br\/#\/schema\/person\/77d6b186c710ac38937c6ec204fdd387","name":"Reda\u00e7\u00e3o JBN","image":{"@type":"ImageObject","inLanguage":"pt-BR","@id":"https:\/\/secure.gravatar.com\/avatar\/10fcdb93211f98cce3d64c0795b0915a9a4a21dc0f279238995a3dbfafcad090?s=96&d=mm&r=g","url":"https:\/\/secure.gravatar.com\/avatar\/10fcdb93211f98cce3d64c0795b0915a9a4a21dc0f279238995a3dbfafcad090?s=96&d=mm&r=g","contentUrl":"https:\/\/secure.gravatar.com\/avatar\/10fcdb93211f98cce3d64c0795b0915a9a4a21dc0f279238995a3dbfafcad090?s=96&d=mm&r=g","caption":"Reda\u00e7\u00e3o JBN"},"sameAs":["https:\/\/p31noticias.com.br"],"url":"https:\/\/www.p31noticias.com.br\/?author=18"}]}},"amp_enabled":true,"_links":{"self":[{"href":"https:\/\/www.p31noticias.com.br\/index.php?rest_route=\/wp\/v2\/posts\/18345","targetHints":{"allow":["GET"]}}],"collection":[{"href":"https:\/\/www.p31noticias.com.br\/index.php?rest_route=\/wp\/v2\/posts"}],"about":[{"href":"https:\/\/www.p31noticias.com.br\/index.php?rest_route=\/wp\/v2\/types\/post"}],"author":[{"embeddable":true,"href":"https:\/\/www.p31noticias.com.br\/index.php?rest_route=\/wp\/v2\/users\/18"}],"replies":[{"embeddable":true,"href":"https:\/\/www.p31noticias.com.br\/index.php?rest_route=%2Fwp%2Fv2%2Fcomments&post=18345"}],"version-history":[{"count":0,"href":"https:\/\/www.p31noticias.com.br\/index.php?rest_route=\/wp\/v2\/posts\/18345\/revisions"}],"wp:featuredmedia":[{"embeddable":true,"href":"https:\/\/www.p31noticias.com.br\/index.php?rest_route=\/wp\/v2\/media\/18346"}],"wp:attachment":[{"href":"https:\/\/www.p31noticias.com.br\/index.php?rest_route=%2Fwp%2Fv2%2Fmedia&parent=18345"}],"wp:term":[{"taxonomy":"category","embeddable":true,"href":"https:\/\/www.p31noticias.com.br\/index.php?rest_route=%2Fwp%2Fv2%2Fcategories&post=18345"},{"taxonomy":"post_tag","embeddable":true,"href":"https:\/\/www.p31noticias.com.br\/index.php?rest_route=%2Fwp%2Fv2%2Ftags&post=18345"}],"curies":[{"name":"wp","href":"https:\/\/api.w.org\/{rel}","templated":true}]}}