{"id":18334,"date":"2019-08-04T11:09:48","date_gmt":"2019-08-04T14:09:48","guid":{"rendered":"https:\/\/www.delioandrade.com.br\/?p=18334"},"modified":"2019-08-04T11:09:48","modified_gmt":"2019-08-04T14:09:48","slug":"feministas-a-mulher-atacada-por-santa-cruz-e-o-silencio","status":"publish","type":"post","link":"https:\/\/www.p31noticias.com.br\/?p=18334","title":{"rendered":"Feministas &#8211; A mulher atacada por Santa Cruz e o sil\u00eancio!"},"content":{"rendered":"<p>Feministas &#8211; Um ataque vil contra uma mulher, m\u00e3e de tr\u00eas filhas e advogada, colega de profiss\u00e3o do agressor.<\/p>\n<p>O epis\u00f3dio s\u00f3 demonstra o quanto Felipe \u00e9 despreparado e faz sobressair o seu car\u00e1ter tirano, violento e desrespeitoso.<\/p>\n<p>Entretanto, o que se v\u00ea \u00e9 o mais completo sil\u00eancio das feministas, como bem colocou o ator Carlos Vereza:<\/p>\n<figure id=\"attachment_3016\" aria-describedby=\"caption-attachment-3016\" style=\"width: 523px\" class=\"wp-caption alignnone\"><img loading=\"lazy\" decoding=\"async\" class=\"wp-image-3016\" src=\"https:\/\/juniortakamoto.com.br\/wp-content\/uploads\/2019\/08\/1564746316_5d44224c04a65-300x200.jpeg\" alt=\"oab Feministas\" width=\"523\" height=\"348\" \/><figcaption id=\"caption-attachment-3016\" class=\"wp-caption-text\">Feministas<\/figcaption><\/figure>\n<p>&#8220;Desde segunda, me sinto em um v\u00eddeo game. Sabe quando ele acaba e voc\u00ea ganha vida extra? Pois \u00e9, ganhei um b\u00f4nus de mais 15 minutos de fama.<\/p>\n<p>Nem todos sabem mas fui eu a advogada chamada de PUTA pelo presidente da OAB.<br \/>\nVirei meme em diversos ve\u00edculos de comunica\u00e7\u00e3o.<\/p>\n<p>Eu, at\u00e9 ent\u00e3o, n\u00e3o conhecia quem era o presidente da OAB. N\u00e3o sabia qual o seu nome&#8230; soube naquele dia.<\/p>\n<p>Em um Tweet de um advogado que at\u00e9 ent\u00e3o n\u00e3o conhecia, vi esse cidad\u00e3o atacando uma senhora idosa, que viveu durante a Ditadura, ap\u00f3s ela postar uma foto do seu pai nos tempos de guerrilha.<\/p>\n<p>Ali\u00e1s, coisa que hoje em dia ele diz se orgulhar muito. Pois bem, se se orgulhasse, n\u00e3o se ofendia, n\u00e3o \u00e9? Pois bem, se ofendeu e partiu para o ataque.<\/p>\n<p>Ao ver a falta de urbanidade e decoro ao dizer a uma senhora que o pai dele era um her\u00f3i e que ela nem sabia quem era o pai dela, entrei na discuss\u00e3o. Afinal, como um representante da minha classe pode tratar algu\u00e9m daquela maneira.<\/p>\n<p>E foi a\u00ed que qual tipo de educa\u00e7\u00e3o que imagino que um dia ele teve, foi jogada para escanteio&#8230;<\/p>\n<p>O meio e o final dessa conversa voc\u00eas j\u00e1 conhecem: acabei virando PUTA, mesmo sendo advogada, casada e m\u00e3e de 3 filhas.<\/p>\n<p>A fala desse cidad\u00e3o foi de um machismo escatol\u00f3gico. De um preconceito com m\u00e3es solteiras e garotas de programa como poucas vezes vi_<\/p>\n<p>Para azar dele eu era a advogada&#8230; Fico me perguntando: e se eu n\u00e3o fosse?<\/p>\n<p>Para piorar sua situa\u00e7\u00e3o ele me bloqueou logo em seguida e fez um pedido de desculpas que eu n\u00e3o n\u00e3o recebi, afinal estava bloqueada.<\/p>\n<p>Para piorar ainda mais, nos dias seguintes ele ainda me injuriou e caluniou dizendo que eu era uma inimiga declarada, que vivia atacando sua honra na internet.<\/p>\n<p>Para seu azar, tenho tudo isso documentado.<\/p>\n<p>O \u00fanico ponto positivo dessa hist\u00f3ria foi que, a partir da\u00ed, conheci muita gente bacana e nosso Movimento Advogados do Brasil surgiu.<\/p>\n<p>Quero deixar claro que, apesar das amea\u00e7as veladas, n\u00e3o irei me calar.<\/p>\n<p>Ele ganhou uma inimiga eterna!&#8221;<\/p>\n<h2 class=\"post__title\">Evento na Ordem tem \u201cMoro na cadeia\u201d, gritos de \u201cLula livre\u201d e apoio a Felipe Santa Cruz e Feministas<\/h2>\n<p>Em um audit\u00f3rio lotado, cheio de faixas pedindo &#8220;Moro na cadeia&#8221; e gritos de &#8220;Lula livre&#8221;, tomou posse, Feministas, nesta quarta-feira (31), a Comiss\u00e3o de Direitos Humanos da Ordem dos Advogados do Brasil na Bahia (OAB-BA).<\/p>\n<p>Segundo a entidade, o evento contou com &#8220;lideran\u00e7as de povos tradicionais, movimentos sociais, coletivos, diversos integrantes do sistema OAB, autoridades, representantes do Poder Legislativo e do meio jur\u00eddico&#8221;<\/p>\n<p>&#8220;Enquanto tiver viol\u00eancia e opress\u00e3o nesse mundo tem trabalho para a gente&#8221;, afirmou no evento o presidente da comiss\u00e3o, Jer\u00f4nimo Mesquita.<\/p>\n<p><strong>Mesquita fez quest\u00e3o de apoiar o presidente da OAB Nacional, Felipe Santa Cruz, o ex-filiado e ex-candidato do PT que defende o fim da Lava Jato, chama advogados de &#8220;filhos da p..f nas redes sociais, tem um escrit\u00f3rio que recebeu mais de RS 1 milh\u00e3o da Petrobras sem licita\u00e7\u00e3o e afirmou que Sergio Moro \u00e9 &#8220;chefe de quadrilha&#8221;.<\/strong><\/p>\n<p>&#8220;Essa posse \u00e9 tamb\u00e9m um ato de desagravo a Felipe Santa Cruz por tudo que ele tem sofrido. Eu desejo que ele se sinta abra\u00e7ado por todos n\u00f3s, por todos os advogados e advogadas, porque hoje ele \u00e9 a voz da democracia e da resist\u00eancia&#8221;, frisou Jer\u00f4nimo.<\/p>\n<div class=\"youtube-embed\" data-video_id=\"1L84aFxfN0s\"><iframe loading=\"lazy\" title=\"Evento na OAB termina com pedidos de &quot;Lula livre&quot; e &quot;Moro preso&quot;\" width=\"696\" height=\"522\" src=\"https:\/\/www.youtube.com\/embed\/1L84aFxfN0s?feature=oembed&#038;enablejsapi=1\" frameborder=\"0\" allow=\"accelerometer; autoplay; encrypted-media; gyroscope; picture-in-picture\" allowfullscreen><\/iframe><\/div>\n<h2 class=\"post__title\">OAB, sob comando de Santa Cruz, imp\u00f5e censura e faz amea\u00e7as a seus membros<\/h2>\n<figure id=\"attachment_3017\" aria-describedby=\"caption-attachment-3017\" style=\"width: 395px\" class=\"wp-caption alignnone\"><img loading=\"lazy\" decoding=\"async\" class=\"wp-image-3017\" src=\"https:\/\/juniortakamoto.com.br\/wp-content\/uploads\/2019\/08\/1564736811_5d43fd2bd16f2-185x300.jpeg\" alt=\"oab Feministas\" width=\"395\" height=\"641\" \/><figcaption id=\"caption-attachment-3017\" class=\"wp-caption-text\">Feministas<\/figcaption><\/figure>\n","protected":false},"excerpt":{"rendered":"<p>Feministas &#8211; Um ataque vil contra uma mulher, m\u00e3e de tr\u00eas filhas e advogada, colega de profiss\u00e3o do agressor. O epis\u00f3dio s\u00f3 demonstra o quanto Felipe \u00e9 despreparado e faz sobressair o seu car\u00e1ter tirano, violento e desrespeitoso. Entretanto, o que se v\u00ea \u00e9 o mais completo sil\u00eancio das feministas, como bem colocou o ator [&hellip;]<\/p>\n","protected":false},"author":18,"featured_media":18336,"comment_status":"open","ping_status":"open","sticky":false,"template":"","format":"standard","meta":{"footnotes":""},"categories":[57],"tags":[140,142,132,141,74],"class_list":{"0":"post-18334","1":"post","2":"type-post","3":"status-publish","4":"format-standard","5":"has-post-thumbnail","7":"category-politica","8":"tag-feministas","9":"tag-forasantacruz","10":"tag-felipe-santa-cruz","11":"tag-feminista","12":"tag-oab"},"yoast_head":"<!-- This site is optimized with the Yoast SEO Premium plugin v24.5 (Yoast SEO v27.5) - https:\/\/yoast.com\/product\/yoast-seo-premium-wordpress\/ -->\n<title>Feministas - A mulher atacada por Santa Cruz e o sil\u00eancio! - P31<\/title>\n<meta name=\"robots\" content=\"index, follow, max-snippet:-1, max-image-preview:large, max-video-preview:-1\" \/>\n<link rel=\"canonical\" href=\"https:\/\/www.p31noticias.com.br\/?p=18334\" \/>\n<meta property=\"og:locale\" content=\"pt_BR\" \/>\n<meta property=\"og:type\" content=\"article\" \/>\n<meta property=\"og:title\" content=\"Feministas - A mulher atacada por Santa Cruz e o sil\u00eancio!\" \/>\n<meta property=\"og:description\" content=\"Feministas &#8211; Um ataque vil contra uma mulher, m\u00e3e de tr\u00eas filhas e advogada, colega de profiss\u00e3o do agressor. O epis\u00f3dio s\u00f3 demonstra o quanto Felipe \u00e9 despreparado e faz sobressair o seu car\u00e1ter tirano, violento e desrespeitoso. Entretanto, o que se v\u00ea \u00e9 o mais completo sil\u00eancio das feministas, como bem colocou o ator [&hellip;]\" \/>\n<meta property=\"og:url\" content=\"https:\/\/www.p31noticias.com.br\/?p=18334\" \/>\n<meta property=\"og:site_name\" content=\"P31\" \/>\n<meta property=\"article:published_time\" content=\"2019-08-04T14:09:48+00:00\" \/>\n<meta property=\"og:image\" content=\"https:\/\/www.p31noticias.com.br\/wp-content\/uploads\/2019\/08\/maxresdefault.jpg\" \/>\n\t<meta property=\"og:image:width\" content=\"1280\" \/>\n\t<meta property=\"og:image:height\" content=\"720\" \/>\n\t<meta property=\"og:image:type\" content=\"image\/jpeg\" \/>\n<meta name=\"author\" content=\"Reda\u00e7\u00e3o JBN\" \/>\n<meta name=\"twitter:card\" content=\"summary_large_image\" \/>\n<meta name=\"twitter:label1\" content=\"Escrito por\" \/>\n\t<meta name=\"twitter:data1\" content=\"Reda\u00e7\u00e3o JBN\" \/>\n\t<meta name=\"twitter:label2\" content=\"Est. tempo de leitura\" \/>\n\t<meta name=\"twitter:data2\" content=\"4 minutos\" \/>\n<script type=\"application\/ld+json\" class=\"yoast-schema-graph\">{\"@context\":\"https:\\\/\\\/schema.org\",\"@graph\":[{\"@type\":\"Article\",\"@id\":\"https:\\\/\\\/www.p31noticias.com.br\\\/?p=18334#article\",\"isPartOf\":{\"@id\":\"https:\\\/\\\/www.p31noticias.com.br\\\/?p=18334\"},\"author\":{\"name\":\"Reda\u00e7\u00e3o JBN\",\"@id\":\"https:\\\/\\\/www.p31noticias.com.br\\\/#\\\/schema\\\/person\\\/77d6b186c710ac38937c6ec204fdd387\"},\"headline\":\"Feministas &#8211; A mulher atacada por Santa Cruz e o sil\u00eancio!\",\"datePublished\":\"2019-08-04T14:09:48+00:00\",\"mainEntityOfPage\":{\"@id\":\"https:\\\/\\\/www.p31noticias.com.br\\\/?p=18334\"},\"wordCount\":723,\"commentCount\":0,\"image\":{\"@id\":\"https:\\\/\\\/www.p31noticias.com.br\\\/?p=18334#primaryimage\"},\"thumbnailUrl\":\"https:\\\/\\\/www.p31noticias.com.br\\\/wp-content\\\/uploads\\\/2019\\\/08\\\/maxresdefault.jpg\",\"keywords\":[\"#FEMINISTAS\",\"#FORASANTACRUZ\",\"felipe santa cruz\",\"feminista\",\"OAB\"],\"articleSection\":[\"Pol\u00edtica\"],\"inLanguage\":\"pt-BR\",\"potentialAction\":[{\"@type\":\"CommentAction\",\"name\":\"Comment\",\"target\":[\"https:\\\/\\\/www.p31noticias.com.br\\\/?p=18334#respond\"]}],\"copyrightYear\":\"2019\",\"copyrightHolder\":{\"@id\":\"https:\\\/\\\/www.p31noticias.com.br\\\/#organization\"}},{\"@type\":\"WebPage\",\"@id\":\"https:\\\/\\\/www.p31noticias.com.br\\\/?p=18334\",\"url\":\"https:\\\/\\\/www.p31noticias.com.br\\\/?p=18334\",\"name\":\"Feministas - A mulher atacada por Santa Cruz e o sil\u00eancio! - P31\",\"isPartOf\":{\"@id\":\"https:\\\/\\\/www.p31noticias.com.br\\\/#website\"},\"primaryImageOfPage\":{\"@id\":\"https:\\\/\\\/www.p31noticias.com.br\\\/?p=18334#primaryimage\"},\"image\":{\"@id\":\"https:\\\/\\\/www.p31noticias.com.br\\\/?p=18334#primaryimage\"},\"thumbnailUrl\":\"https:\\\/\\\/www.p31noticias.com.br\\\/wp-content\\\/uploads\\\/2019\\\/08\\\/maxresdefault.jpg\",\"datePublished\":\"2019-08-04T14:09:48+00:00\",\"author\":{\"@id\":\"https:\\\/\\\/www.p31noticias.com.br\\\/#\\\/schema\\\/person\\\/77d6b186c710ac38937c6ec204fdd387\"},\"breadcrumb\":{\"@id\":\"https:\\\/\\\/www.p31noticias.com.br\\\/?p=18334#breadcrumb\"},\"inLanguage\":\"pt-BR\",\"potentialAction\":[{\"@type\":\"ReadAction\",\"target\":[\"https:\\\/\\\/www.p31noticias.com.br\\\/?p=18334\"]}]},{\"@type\":\"ImageObject\",\"inLanguage\":\"pt-BR\",\"@id\":\"https:\\\/\\\/www.p31noticias.com.br\\\/?p=18334#primaryimage\",\"url\":\"https:\\\/\\\/www.p31noticias.com.br\\\/wp-content\\\/uploads\\\/2019\\\/08\\\/maxresdefault.jpg\",\"contentUrl\":\"https:\\\/\\\/www.p31noticias.com.br\\\/wp-content\\\/uploads\\\/2019\\\/08\\\/maxresdefault.jpg\",\"width\":1280,\"height\":720},{\"@type\":\"BreadcrumbList\",\"@id\":\"https:\\\/\\\/www.p31noticias.com.br\\\/?p=18334#breadcrumb\",\"itemListElement\":[{\"@type\":\"ListItem\",\"position\":1,\"name\":\"In\u00edcio\",\"item\":\"https:\\\/\\\/www.p31noticias.com.br\\\/\"},{\"@type\":\"ListItem\",\"position\":2,\"name\":\"Feministas &#8211; A mulher atacada por Santa Cruz e o sil\u00eancio!\"}]},{\"@type\":\"WebSite\",\"@id\":\"https:\\\/\\\/www.p31noticias.com.br\\\/#website\",\"url\":\"https:\\\/\\\/www.p31noticias.com.br\\\/\",\"name\":\"P31\",\"description\":\"NOT\u00cdCIAS\",\"potentialAction\":[{\"@type\":\"SearchAction\",\"target\":{\"@type\":\"EntryPoint\",\"urlTemplate\":\"https:\\\/\\\/www.p31noticias.com.br\\\/?s={search_term_string}\"},\"query-input\":{\"@type\":\"PropertyValueSpecification\",\"valueRequired\":true,\"valueName\":\"search_term_string\"}}],\"inLanguage\":\"pt-BR\"},{\"@type\":\"Person\",\"@id\":\"https:\\\/\\\/www.p31noticias.com.br\\\/#\\\/schema\\\/person\\\/77d6b186c710ac38937c6ec204fdd387\",\"name\":\"Reda\u00e7\u00e3o JBN\",\"image\":{\"@type\":\"ImageObject\",\"inLanguage\":\"pt-BR\",\"@id\":\"https:\\\/\\\/secure.gravatar.com\\\/avatar\\\/10fcdb93211f98cce3d64c0795b0915a9a4a21dc0f279238995a3dbfafcad090?s=96&d=mm&r=g\",\"url\":\"https:\\\/\\\/secure.gravatar.com\\\/avatar\\\/10fcdb93211f98cce3d64c0795b0915a9a4a21dc0f279238995a3dbfafcad090?s=96&d=mm&r=g\",\"contentUrl\":\"https:\\\/\\\/secure.gravatar.com\\\/avatar\\\/10fcdb93211f98cce3d64c0795b0915a9a4a21dc0f279238995a3dbfafcad090?s=96&d=mm&r=g\",\"caption\":\"Reda\u00e7\u00e3o JBN\"},\"sameAs\":[\"https:\\\/\\\/p31noticias.com.br\"],\"url\":\"https:\\\/\\\/www.p31noticias.com.br\\\/?author=18\"}]}<\/script>\n<!-- \/ Yoast SEO Premium plugin. -->","yoast_head_json":{"title":"Feministas - A mulher atacada por Santa Cruz e o sil\u00eancio! - P31","robots":{"index":"index","follow":"follow","max-snippet":"max-snippet:-1","max-image-preview":"max-image-preview:large","max-video-preview":"max-video-preview:-1"},"canonical":"https:\/\/www.p31noticias.com.br\/?p=18334","og_locale":"pt_BR","og_type":"article","og_title":"Feministas - A mulher atacada por Santa Cruz e o sil\u00eancio!","og_description":"Feministas &#8211; Um ataque vil contra uma mulher, m\u00e3e de tr\u00eas filhas e advogada, colega de profiss\u00e3o do agressor. O epis\u00f3dio s\u00f3 demonstra o quanto Felipe \u00e9 despreparado e faz sobressair o seu car\u00e1ter tirano, violento e desrespeitoso. Entretanto, o que se v\u00ea \u00e9 o mais completo sil\u00eancio das feministas, como bem colocou o ator [&hellip;]","og_url":"https:\/\/www.p31noticias.com.br\/?p=18334","og_site_name":"P31","article_published_time":"2019-08-04T14:09:48+00:00","og_image":[{"width":1280,"height":720,"url":"https:\/\/www.p31noticias.com.br\/wp-content\/uploads\/2019\/08\/maxresdefault.jpg","type":"image\/jpeg"}],"author":"Reda\u00e7\u00e3o JBN","twitter_card":"summary_large_image","twitter_misc":{"Escrito por":"Reda\u00e7\u00e3o JBN","Est. tempo de leitura":"4 minutos"},"schema":{"@context":"https:\/\/schema.org","@graph":[{"@type":"Article","@id":"https:\/\/www.p31noticias.com.br\/?p=18334#article","isPartOf":{"@id":"https:\/\/www.p31noticias.com.br\/?p=18334"},"author":{"name":"Reda\u00e7\u00e3o JBN","@id":"https:\/\/www.p31noticias.com.br\/#\/schema\/person\/77d6b186c710ac38937c6ec204fdd387"},"headline":"Feministas &#8211; A mulher atacada por Santa Cruz e o sil\u00eancio!","datePublished":"2019-08-04T14:09:48+00:00","mainEntityOfPage":{"@id":"https:\/\/www.p31noticias.com.br\/?p=18334"},"wordCount":723,"commentCount":0,"image":{"@id":"https:\/\/www.p31noticias.com.br\/?p=18334#primaryimage"},"thumbnailUrl":"https:\/\/www.p31noticias.com.br\/wp-content\/uploads\/2019\/08\/maxresdefault.jpg","keywords":["#FEMINISTAS","#FORASANTACRUZ","felipe santa cruz","feminista","OAB"],"articleSection":["Pol\u00edtica"],"inLanguage":"pt-BR","potentialAction":[{"@type":"CommentAction","name":"Comment","target":["https:\/\/www.p31noticias.com.br\/?p=18334#respond"]}],"copyrightYear":"2019","copyrightHolder":{"@id":"https:\/\/www.p31noticias.com.br\/#organization"}},{"@type":"WebPage","@id":"https:\/\/www.p31noticias.com.br\/?p=18334","url":"https:\/\/www.p31noticias.com.br\/?p=18334","name":"Feministas - A mulher atacada por Santa Cruz e o sil\u00eancio! - P31","isPartOf":{"@id":"https:\/\/www.p31noticias.com.br\/#website"},"primaryImageOfPage":{"@id":"https:\/\/www.p31noticias.com.br\/?p=18334#primaryimage"},"image":{"@id":"https:\/\/www.p31noticias.com.br\/?p=18334#primaryimage"},"thumbnailUrl":"https:\/\/www.p31noticias.com.br\/wp-content\/uploads\/2019\/08\/maxresdefault.jpg","datePublished":"2019-08-04T14:09:48+00:00","author":{"@id":"https:\/\/www.p31noticias.com.br\/#\/schema\/person\/77d6b186c710ac38937c6ec204fdd387"},"breadcrumb":{"@id":"https:\/\/www.p31noticias.com.br\/?p=18334#breadcrumb"},"inLanguage":"pt-BR","potentialAction":[{"@type":"ReadAction","target":["https:\/\/www.p31noticias.com.br\/?p=18334"]}]},{"@type":"ImageObject","inLanguage":"pt-BR","@id":"https:\/\/www.p31noticias.com.br\/?p=18334#primaryimage","url":"https:\/\/www.p31noticias.com.br\/wp-content\/uploads\/2019\/08\/maxresdefault.jpg","contentUrl":"https:\/\/www.p31noticias.com.br\/wp-content\/uploads\/2019\/08\/maxresdefault.jpg","width":1280,"height":720},{"@type":"BreadcrumbList","@id":"https:\/\/www.p31noticias.com.br\/?p=18334#breadcrumb","itemListElement":[{"@type":"ListItem","position":1,"name":"In\u00edcio","item":"https:\/\/www.p31noticias.com.br\/"},{"@type":"ListItem","position":2,"name":"Feministas &#8211; A mulher atacada por Santa Cruz e o sil\u00eancio!"}]},{"@type":"WebSite","@id":"https:\/\/www.p31noticias.com.br\/#website","url":"https:\/\/www.p31noticias.com.br\/","name":"P31","description":"NOT\u00cdCIAS","potentialAction":[{"@type":"SearchAction","target":{"@type":"EntryPoint","urlTemplate":"https:\/\/www.p31noticias.com.br\/?s={search_term_string}"},"query-input":{"@type":"PropertyValueSpecification","valueRequired":true,"valueName":"search_term_string"}}],"inLanguage":"pt-BR"},{"@type":"Person","@id":"https:\/\/www.p31noticias.com.br\/#\/schema\/person\/77d6b186c710ac38937c6ec204fdd387","name":"Reda\u00e7\u00e3o JBN","image":{"@type":"ImageObject","inLanguage":"pt-BR","@id":"https:\/\/secure.gravatar.com\/avatar\/10fcdb93211f98cce3d64c0795b0915a9a4a21dc0f279238995a3dbfafcad090?s=96&d=mm&r=g","url":"https:\/\/secure.gravatar.com\/avatar\/10fcdb93211f98cce3d64c0795b0915a9a4a21dc0f279238995a3dbfafcad090?s=96&d=mm&r=g","contentUrl":"https:\/\/secure.gravatar.com\/avatar\/10fcdb93211f98cce3d64c0795b0915a9a4a21dc0f279238995a3dbfafcad090?s=96&d=mm&r=g","caption":"Reda\u00e7\u00e3o JBN"},"sameAs":["https:\/\/p31noticias.com.br"],"url":"https:\/\/www.p31noticias.com.br\/?author=18"}]}},"amp_enabled":true,"_links":{"self":[{"href":"https:\/\/www.p31noticias.com.br\/index.php?rest_route=\/wp\/v2\/posts\/18334","targetHints":{"allow":["GET"]}}],"collection":[{"href":"https:\/\/www.p31noticias.com.br\/index.php?rest_route=\/wp\/v2\/posts"}],"about":[{"href":"https:\/\/www.p31noticias.com.br\/index.php?rest_route=\/wp\/v2\/types\/post"}],"author":[{"embeddable":true,"href":"https:\/\/www.p31noticias.com.br\/index.php?rest_route=\/wp\/v2\/users\/18"}],"replies":[{"embeddable":true,"href":"https:\/\/www.p31noticias.com.br\/index.php?rest_route=%2Fwp%2Fv2%2Fcomments&post=18334"}],"version-history":[{"count":0,"href":"https:\/\/www.p31noticias.com.br\/index.php?rest_route=\/wp\/v2\/posts\/18334\/revisions"}],"wp:featuredmedia":[{"embeddable":true,"href":"https:\/\/www.p31noticias.com.br\/index.php?rest_route=\/wp\/v2\/media\/18336"}],"wp:attachment":[{"href":"https:\/\/www.p31noticias.com.br\/index.php?rest_route=%2Fwp%2Fv2%2Fmedia&parent=18334"}],"wp:term":[{"taxonomy":"category","embeddable":true,"href":"https:\/\/www.p31noticias.com.br\/index.php?rest_route=%2Fwp%2Fv2%2Fcategories&post=18334"},{"taxonomy":"post_tag","embeddable":true,"href":"https:\/\/www.p31noticias.com.br\/index.php?rest_route=%2Fwp%2Fv2%2Ftags&post=18334"}],"curies":[{"name":"wp","href":"https:\/\/api.w.org\/{rel}","templated":true}]}}