{"id":18331,"date":"2019-08-04T09:37:22","date_gmt":"2019-08-04T12:37:22","guid":{"rendered":"https:\/\/www.delioandrade.com.br\/?p=18331"},"modified":"2019-08-04T09:37:22","modified_gmt":"2019-08-04T12:37:22","slug":"gdf-analisa-despejar-moradores-de-16-mil-casas","status":"publish","type":"post","link":"https:\/\/www.p31noticias.com.br\/?p=18331","title":{"rendered":"GDF analisa despejar moradores de 16 mil casas"},"content":{"rendered":"<p>GDF: Companhia de Desenvolvimento Habitacional do Distrito Federal (Codhab) suspendeu a fiscaliza\u00e7\u00e3o em im\u00f3veis populares nessa sexta-feira (02\/08\/2019).<\/p>\n<p>O governador do DF,\u00a0Ibaneis Rocha\u00a0(MDB), defendeu a revis\u00e3o das regras de participa\u00e7\u00e3o de programas de moradia popular no fim do recesso da C\u00e2mara Legislativa, nessa quinta (01\/08\/2019). O \u00f3rg\u00e3o aguarda qual ser\u00e1 a nova linha de trabalho do Governo do Distrito Federal (GDF) para retomar as inspe\u00e7\u00f5es.<\/p>\n<p>At\u00e9 a decis\u00e3o do chefe do Executivo local, a empresa p\u00fablica vinha apertando o cerco \u00e0s irregularidades, flagrando e punindo benefici\u00e1rios que venderam ou alugaram as propriedades antes de 10 anos da compra.<\/p>\n<p>Pelos c\u00e1lculos da empresa, cerca de 60% das 26.769 unidades habitacionais concedidas na \u00faltima d\u00e9cada por meio de programas como Morar Bem e Minha Casa, Minha Vida apresentaram ind\u00edcios de posse indevida. Ou seja, as suspeitas recaem sobre aproximadamente 16 mil domic\u00edlios.<\/p>\n<p>Entre 2015 e 2018, ao longo da gest\u00e3o do ex-governador\u00a0Rodrigo Rollemberg\u00a0(PSB), a Codhab abriu 68\u00a0processos de retomada de im\u00f3veis. Durante os primeiros sete meses de mandato, Ibaneis iniciou a recupera\u00e7\u00e3o de 428 unidades nas quais se comprovou a exist\u00eancia de fraudes.<\/p>\n<p>O aumento substancial deve-se \u00e0 mudan\u00e7a radical no\u00a0<em>modus operandi<\/em>\u00a0dos procedimentos fiscalizadores. A estatal deixou de deflagrar opera\u00e7\u00f5es em hor\u00e1rios convencionais e passou a visitar os im\u00f3veis no per\u00edodo noturno e nos fins de semana, quando aumentam as chances de as resid\u00eancias estarem ocupadas.<\/p>\n<h6><strong>Den\u00fancias<\/strong><\/h6>\n<p>Numa das maiores opera\u00e7\u00f5es deste ano, a companhia fez 60 verifica\u00e7\u00f5es de ocupa\u00e7\u00f5es irregulares (VOIs) no Residencial Marina Matos, em Samambaia. Desse total, 49 foram\u00a0autuadas. Percentualmente, foi uma taxa de uso clandestino de 81%. No \u00faltimo dia 26, a estatal realizou inspe\u00e7\u00e3o noturna a fim de investigar 60 casos suspeitos no Parano\u00e1 Parque, no Parano\u00e1.<\/p>\n<p>Durante a gest\u00e3o Rollemberg, em 2016, a Codhab fez somente 33 VOIs. Em 2017, o n\u00famero subiu para 1.737. Ao longo de 2018, foram 712. De janeiro a julho deste ano, o \u00f3rg\u00e3o j\u00e1 realizou 1.729 procedimentos dessa natureza.<\/p>\n<p>A estatal GDF tamb\u00e9m investiga ind\u00edcios de pr\u00e1ticas irregulares de servidores e personagens em posi\u00e7\u00f5es estrat\u00e9gicas da companhia ao longo do governo do PSB. Alguns desses casos foram encaminhados para apura\u00e7\u00f5es da Pol\u00edcia Civil.<\/p>\n<h6><strong>Amea\u00e7as de morte<\/strong><\/h6>\n<p>Em conversas reservadas, servidores revelaram ter sofrido amea\u00e7as de morte neste ano, logo ap\u00f3s a empresa intensificar a fiscaliza\u00e7\u00e3o. Programas habitacionais sociais \u2013 como o Morar Bem e o Minha Casa, Minha Vida \u2013 oferecem im\u00f3veis com condi\u00e7\u00f5es especiais a fam\u00edlias carentes, com pre\u00e7os muito abaixo dos praticados no mercado.<\/p>\n<p>Segundo a legisla\u00e7\u00e3o em vigor, os contemplados ficam impossibilitados de transferir ou comercializar os bens dentro do prazo de 10 anos ap\u00f3s a entrega.<\/p>\n<p>Atualmente, 269 mil pessoas aguardam a chance de adquirir um lar pr\u00f3prio na fila da Codhab. Desse total, 167 mil foram convocadas para apresentar a documenta\u00e7\u00e3o necess\u00e1ria. Outros 102 mil indiv\u00edduos est\u00e3o habilitados a ingressar em um programa habitacional. Dentro deste \u00faltimo grupo, 48 mil tornaram-se aptos a adquirir um im\u00f3vel popular.<\/p>\n<p>Conforme as apura\u00e7\u00f5es da companhia, esses im\u00f3veis populares acabam sendo vendidos ou alugados a pre\u00e7os atraentes, medida que vai contra o objetivo central do programa, que \u00e9 ofertar moradia a quem necessita. Nas a\u00e7\u00f5es de retomada, as unidades v\u00e3o a leil\u00e3o com pre\u00e7os comerciais, sem levar em conta os subs\u00eddios p\u00fablicos.<\/p>\n<p>Ap\u00f3s o martelo batido, o lucro dessas opera\u00e7\u00f5es n\u00e3o retorna aos cofres p\u00fablicos e acaba ficando com as institui\u00e7\u00f5es financeiras.<\/p>\n<h6><strong>Decis\u00e3o judicial GDF<\/strong><\/h6>\n<p>Neste ano, a Vara de Registros P\u00fablicos do Tribunal de Justi\u00e7a do Distrito Federal e dos Territ\u00f3rios (TJDFT) validou a venda de um im\u00f3vel popular no\u00a0Jardins Mangueiral\u00a0com menos de 10 anos de entrega. De acordo com a senten\u00e7a, a propriet\u00e1ria j\u00e1 havia quitado a unidade e, por isso, teria o direito de fazer a transfer\u00eancia.<\/p>\n<p>A decis\u00e3o motivou o governador a anunciar a inten\u00e7\u00e3o de rever as regras. Segundo Ibaneis, a senten\u00e7a do TJDFT n\u00e3o \u00e9 um incentivo ao mercado ilegal de im\u00f3veis populares. Diante disso, o emedebista ressaltou que nenhum projeto social nasceu para \u201ccondenar\u201d as pessoas \u00e0 pobreza.<\/p>\n<p>\u201cTenho o posicionamento de que os programas sociais n\u00e3o podem aprisionar as pessoas. Ent\u00e3o, voc\u00ea ganha um terreno ou um apartamento, amanh\u00e3 ganha na loteria, e voc\u00ea tem condi\u00e7\u00f5es de ir para outro im\u00f3vel. Voc\u00ea tem de ter a oportunidade [de se mudar]. Mas acho que poder\u00edamos regulamentar isso devolvendo o im\u00f3vel ao GDF, mesmo que se reponham os valores pagos pelo benefici\u00e1rio. \u00c9 uma oportunidade de se rediscutir a mat\u00e9ria.\u201d<\/p>\n","protected":false},"excerpt":{"rendered":"<p>GDF: Companhia de Desenvolvimento Habitacional do Distrito Federal (Codhab) suspendeu a fiscaliza\u00e7\u00e3o em im\u00f3veis populares nessa sexta-feira (02\/08\/2019). O governador do DF,\u00a0Ibaneis Rocha\u00a0(MDB), defendeu a revis\u00e3o das regras de participa\u00e7\u00e3o de programas de moradia popular no fim do recesso da C\u00e2mara Legislativa, nessa quinta (01\/08\/2019). O \u00f3rg\u00e3o aguarda qual ser\u00e1 a nova linha de trabalho [&hellip;]<\/p>\n","protected":false},"author":18,"featured_media":18332,"comment_status":"open","ping_status":"open","sticky":false,"template":"","format":"standard","meta":{"footnotes":""},"categories":[21],"tags":[111,139,35,23],"class_list":{"0":"post-18331","1":"post","2":"type-post","3":"status-publish","4":"format-standard","5":"has-post-thumbnail","7":"category-brasilia","8":"tag-cgdf","9":"tag-codhab","10":"tag-gdf","11":"tag-ibaneis-rocha"},"yoast_head":"<!-- This site is optimized with the Yoast SEO Premium plugin v24.5 (Yoast SEO v27.5) - https:\/\/yoast.com\/product\/yoast-seo-premium-wordpress\/ -->\n<title>GDF analisa despejar moradores de 16 mil casas - P31<\/title>\n<meta name=\"robots\" content=\"index, follow, max-snippet:-1, max-image-preview:large, max-video-preview:-1\" \/>\n<link rel=\"canonical\" href=\"https:\/\/www.p31noticias.com.br\/?p=18331\" \/>\n<meta property=\"og:locale\" content=\"pt_BR\" \/>\n<meta property=\"og:type\" content=\"article\" \/>\n<meta property=\"og:title\" content=\"GDF analisa despejar moradores de 16 mil casas\" \/>\n<meta property=\"og:description\" content=\"GDF: Companhia de Desenvolvimento Habitacional do Distrito Federal (Codhab) suspendeu a fiscaliza\u00e7\u00e3o em im\u00f3veis populares nessa sexta-feira (02\/08\/2019). O governador do DF,\u00a0Ibaneis Rocha\u00a0(MDB), defendeu a revis\u00e3o das regras de participa\u00e7\u00e3o de programas de moradia popular no fim do recesso da C\u00e2mara Legislativa, nessa quinta (01\/08\/2019). O \u00f3rg\u00e3o aguarda qual ser\u00e1 a nova linha de trabalho [&hellip;]\" \/>\n<meta property=\"og:url\" content=\"https:\/\/www.p31noticias.com.br\/?p=18331\" \/>\n<meta property=\"og:site_name\" content=\"P31\" \/>\n<meta property=\"article:published_time\" content=\"2019-08-04T12:37:22+00:00\" \/>\n<meta property=\"og:image\" content=\"https:\/\/www.p31noticias.com.br\/wp-content\/uploads\/2019\/08\/260815RF_Jardim-Mangueiral002.jpg\" \/>\n\t<meta property=\"og:image:width\" content=\"840\" \/>\n\t<meta property=\"og:image:height\" content=\"560\" \/>\n\t<meta property=\"og:image:type\" content=\"image\/jpeg\" \/>\n<meta name=\"author\" content=\"Reda\u00e7\u00e3o JBN\" \/>\n<meta name=\"twitter:card\" content=\"summary_large_image\" \/>\n<meta name=\"twitter:label1\" content=\"Escrito por\" \/>\n\t<meta name=\"twitter:data1\" content=\"Reda\u00e7\u00e3o JBN\" \/>\n\t<meta name=\"twitter:label2\" content=\"Est. tempo de leitura\" \/>\n\t<meta name=\"twitter:data2\" content=\"4 minutos\" \/>\n<script type=\"application\/ld+json\" class=\"yoast-schema-graph\">{\"@context\":\"https:\\\/\\\/schema.org\",\"@graph\":[{\"@type\":\"Article\",\"@id\":\"https:\\\/\\\/www.p31noticias.com.br\\\/?p=18331#article\",\"isPartOf\":{\"@id\":\"https:\\\/\\\/www.p31noticias.com.br\\\/?p=18331\"},\"author\":{\"name\":\"Reda\u00e7\u00e3o JBN\",\"@id\":\"https:\\\/\\\/www.p31noticias.com.br\\\/#\\\/schema\\\/person\\\/77d6b186c710ac38937c6ec204fdd387\"},\"headline\":\"GDF analisa despejar moradores de 16 mil casas\",\"datePublished\":\"2019-08-04T12:37:22+00:00\",\"mainEntityOfPage\":{\"@id\":\"https:\\\/\\\/www.p31noticias.com.br\\\/?p=18331\"},\"wordCount\":799,\"commentCount\":0,\"image\":{\"@id\":\"https:\\\/\\\/www.p31noticias.com.br\\\/?p=18331#primaryimage\"},\"thumbnailUrl\":\"https:\\\/\\\/www.p31noticias.com.br\\\/wp-content\\\/uploads\\\/2019\\\/08\\\/260815RF_Jardim-Mangueiral002.jpg\",\"keywords\":[\"CGDF\",\"Codhab\",\"gdf\",\"Ibaneis Rocha\"],\"articleSection\":[\"Bras\u00edlia\"],\"inLanguage\":\"pt-BR\",\"potentialAction\":[{\"@type\":\"CommentAction\",\"name\":\"Comment\",\"target\":[\"https:\\\/\\\/www.p31noticias.com.br\\\/?p=18331#respond\"]}],\"copyrightYear\":\"2019\",\"copyrightHolder\":{\"@id\":\"https:\\\/\\\/www.p31noticias.com.br\\\/#organization\"}},{\"@type\":\"WebPage\",\"@id\":\"https:\\\/\\\/www.p31noticias.com.br\\\/?p=18331\",\"url\":\"https:\\\/\\\/www.p31noticias.com.br\\\/?p=18331\",\"name\":\"GDF analisa despejar moradores de 16 mil casas - P31\",\"isPartOf\":{\"@id\":\"https:\\\/\\\/www.p31noticias.com.br\\\/#website\"},\"primaryImageOfPage\":{\"@id\":\"https:\\\/\\\/www.p31noticias.com.br\\\/?p=18331#primaryimage\"},\"image\":{\"@id\":\"https:\\\/\\\/www.p31noticias.com.br\\\/?p=18331#primaryimage\"},\"thumbnailUrl\":\"https:\\\/\\\/www.p31noticias.com.br\\\/wp-content\\\/uploads\\\/2019\\\/08\\\/260815RF_Jardim-Mangueiral002.jpg\",\"datePublished\":\"2019-08-04T12:37:22+00:00\",\"author\":{\"@id\":\"https:\\\/\\\/www.p31noticias.com.br\\\/#\\\/schema\\\/person\\\/77d6b186c710ac38937c6ec204fdd387\"},\"breadcrumb\":{\"@id\":\"https:\\\/\\\/www.p31noticias.com.br\\\/?p=18331#breadcrumb\"},\"inLanguage\":\"pt-BR\",\"potentialAction\":[{\"@type\":\"ReadAction\",\"target\":[\"https:\\\/\\\/www.p31noticias.com.br\\\/?p=18331\"]}]},{\"@type\":\"ImageObject\",\"inLanguage\":\"pt-BR\",\"@id\":\"https:\\\/\\\/www.p31noticias.com.br\\\/?p=18331#primaryimage\",\"url\":\"https:\\\/\\\/www.p31noticias.com.br\\\/wp-content\\\/uploads\\\/2019\\\/08\\\/260815RF_Jardim-Mangueiral002.jpg\",\"contentUrl\":\"https:\\\/\\\/www.p31noticias.com.br\\\/wp-content\\\/uploads\\\/2019\\\/08\\\/260815RF_Jardim-Mangueiral002.jpg\",\"width\":840,\"height\":560,\"caption\":\"Bras\u00edlia(DF), 26\\\/08\\\/2015 - Jardim Mangueiral . Foto: Rafaela Felicciano\\\/Metr\u00f3poles\"},{\"@type\":\"BreadcrumbList\",\"@id\":\"https:\\\/\\\/www.p31noticias.com.br\\\/?p=18331#breadcrumb\",\"itemListElement\":[{\"@type\":\"ListItem\",\"position\":1,\"name\":\"In\u00edcio\",\"item\":\"https:\\\/\\\/www.p31noticias.com.br\\\/\"},{\"@type\":\"ListItem\",\"position\":2,\"name\":\"GDF analisa despejar moradores de 16 mil casas\"}]},{\"@type\":\"WebSite\",\"@id\":\"https:\\\/\\\/www.p31noticias.com.br\\\/#website\",\"url\":\"https:\\\/\\\/www.p31noticias.com.br\\\/\",\"name\":\"P31\",\"description\":\"NOT\u00cdCIAS\",\"potentialAction\":[{\"@type\":\"SearchAction\",\"target\":{\"@type\":\"EntryPoint\",\"urlTemplate\":\"https:\\\/\\\/www.p31noticias.com.br\\\/?s={search_term_string}\"},\"query-input\":{\"@type\":\"PropertyValueSpecification\",\"valueRequired\":true,\"valueName\":\"search_term_string\"}}],\"inLanguage\":\"pt-BR\"},{\"@type\":\"Person\",\"@id\":\"https:\\\/\\\/www.p31noticias.com.br\\\/#\\\/schema\\\/person\\\/77d6b186c710ac38937c6ec204fdd387\",\"name\":\"Reda\u00e7\u00e3o JBN\",\"image\":{\"@type\":\"ImageObject\",\"inLanguage\":\"pt-BR\",\"@id\":\"https:\\\/\\\/secure.gravatar.com\\\/avatar\\\/10fcdb93211f98cce3d64c0795b0915a9a4a21dc0f279238995a3dbfafcad090?s=96&d=mm&r=g\",\"url\":\"https:\\\/\\\/secure.gravatar.com\\\/avatar\\\/10fcdb93211f98cce3d64c0795b0915a9a4a21dc0f279238995a3dbfafcad090?s=96&d=mm&r=g\",\"contentUrl\":\"https:\\\/\\\/secure.gravatar.com\\\/avatar\\\/10fcdb93211f98cce3d64c0795b0915a9a4a21dc0f279238995a3dbfafcad090?s=96&d=mm&r=g\",\"caption\":\"Reda\u00e7\u00e3o JBN\"},\"sameAs\":[\"https:\\\/\\\/p31noticias.com.br\"],\"url\":\"https:\\\/\\\/www.p31noticias.com.br\\\/?author=18\"}]}<\/script>\n<!-- \/ Yoast SEO Premium plugin. -->","yoast_head_json":{"title":"GDF analisa despejar moradores de 16 mil casas - P31","robots":{"index":"index","follow":"follow","max-snippet":"max-snippet:-1","max-image-preview":"max-image-preview:large","max-video-preview":"max-video-preview:-1"},"canonical":"https:\/\/www.p31noticias.com.br\/?p=18331","og_locale":"pt_BR","og_type":"article","og_title":"GDF analisa despejar moradores de 16 mil casas","og_description":"GDF: Companhia de Desenvolvimento Habitacional do Distrito Federal (Codhab) suspendeu a fiscaliza\u00e7\u00e3o em im\u00f3veis populares nessa sexta-feira (02\/08\/2019). O governador do DF,\u00a0Ibaneis Rocha\u00a0(MDB), defendeu a revis\u00e3o das regras de participa\u00e7\u00e3o de programas de moradia popular no fim do recesso da C\u00e2mara Legislativa, nessa quinta (01\/08\/2019). O \u00f3rg\u00e3o aguarda qual ser\u00e1 a nova linha de trabalho [&hellip;]","og_url":"https:\/\/www.p31noticias.com.br\/?p=18331","og_site_name":"P31","article_published_time":"2019-08-04T12:37:22+00:00","og_image":[{"width":840,"height":560,"url":"https:\/\/www.p31noticias.com.br\/wp-content\/uploads\/2019\/08\/260815RF_Jardim-Mangueiral002.jpg","type":"image\/jpeg"}],"author":"Reda\u00e7\u00e3o JBN","twitter_card":"summary_large_image","twitter_misc":{"Escrito por":"Reda\u00e7\u00e3o JBN","Est. tempo de leitura":"4 minutos"},"schema":{"@context":"https:\/\/schema.org","@graph":[{"@type":"Article","@id":"https:\/\/www.p31noticias.com.br\/?p=18331#article","isPartOf":{"@id":"https:\/\/www.p31noticias.com.br\/?p=18331"},"author":{"name":"Reda\u00e7\u00e3o JBN","@id":"https:\/\/www.p31noticias.com.br\/#\/schema\/person\/77d6b186c710ac38937c6ec204fdd387"},"headline":"GDF analisa despejar moradores de 16 mil casas","datePublished":"2019-08-04T12:37:22+00:00","mainEntityOfPage":{"@id":"https:\/\/www.p31noticias.com.br\/?p=18331"},"wordCount":799,"commentCount":0,"image":{"@id":"https:\/\/www.p31noticias.com.br\/?p=18331#primaryimage"},"thumbnailUrl":"https:\/\/www.p31noticias.com.br\/wp-content\/uploads\/2019\/08\/260815RF_Jardim-Mangueiral002.jpg","keywords":["CGDF","Codhab","gdf","Ibaneis Rocha"],"articleSection":["Bras\u00edlia"],"inLanguage":"pt-BR","potentialAction":[{"@type":"CommentAction","name":"Comment","target":["https:\/\/www.p31noticias.com.br\/?p=18331#respond"]}],"copyrightYear":"2019","copyrightHolder":{"@id":"https:\/\/www.p31noticias.com.br\/#organization"}},{"@type":"WebPage","@id":"https:\/\/www.p31noticias.com.br\/?p=18331","url":"https:\/\/www.p31noticias.com.br\/?p=18331","name":"GDF analisa despejar moradores de 16 mil casas - P31","isPartOf":{"@id":"https:\/\/www.p31noticias.com.br\/#website"},"primaryImageOfPage":{"@id":"https:\/\/www.p31noticias.com.br\/?p=18331#primaryimage"},"image":{"@id":"https:\/\/www.p31noticias.com.br\/?p=18331#primaryimage"},"thumbnailUrl":"https:\/\/www.p31noticias.com.br\/wp-content\/uploads\/2019\/08\/260815RF_Jardim-Mangueiral002.jpg","datePublished":"2019-08-04T12:37:22+00:00","author":{"@id":"https:\/\/www.p31noticias.com.br\/#\/schema\/person\/77d6b186c710ac38937c6ec204fdd387"},"breadcrumb":{"@id":"https:\/\/www.p31noticias.com.br\/?p=18331#breadcrumb"},"inLanguage":"pt-BR","potentialAction":[{"@type":"ReadAction","target":["https:\/\/www.p31noticias.com.br\/?p=18331"]}]},{"@type":"ImageObject","inLanguage":"pt-BR","@id":"https:\/\/www.p31noticias.com.br\/?p=18331#primaryimage","url":"https:\/\/www.p31noticias.com.br\/wp-content\/uploads\/2019\/08\/260815RF_Jardim-Mangueiral002.jpg","contentUrl":"https:\/\/www.p31noticias.com.br\/wp-content\/uploads\/2019\/08\/260815RF_Jardim-Mangueiral002.jpg","width":840,"height":560,"caption":"Bras\u00edlia(DF), 26\/08\/2015 - Jardim Mangueiral . Foto: Rafaela Felicciano\/Metr\u00f3poles"},{"@type":"BreadcrumbList","@id":"https:\/\/www.p31noticias.com.br\/?p=18331#breadcrumb","itemListElement":[{"@type":"ListItem","position":1,"name":"In\u00edcio","item":"https:\/\/www.p31noticias.com.br\/"},{"@type":"ListItem","position":2,"name":"GDF analisa despejar moradores de 16 mil casas"}]},{"@type":"WebSite","@id":"https:\/\/www.p31noticias.com.br\/#website","url":"https:\/\/www.p31noticias.com.br\/","name":"P31","description":"NOT\u00cdCIAS","potentialAction":[{"@type":"SearchAction","target":{"@type":"EntryPoint","urlTemplate":"https:\/\/www.p31noticias.com.br\/?s={search_term_string}"},"query-input":{"@type":"PropertyValueSpecification","valueRequired":true,"valueName":"search_term_string"}}],"inLanguage":"pt-BR"},{"@type":"Person","@id":"https:\/\/www.p31noticias.com.br\/#\/schema\/person\/77d6b186c710ac38937c6ec204fdd387","name":"Reda\u00e7\u00e3o JBN","image":{"@type":"ImageObject","inLanguage":"pt-BR","@id":"https:\/\/secure.gravatar.com\/avatar\/10fcdb93211f98cce3d64c0795b0915a9a4a21dc0f279238995a3dbfafcad090?s=96&d=mm&r=g","url":"https:\/\/secure.gravatar.com\/avatar\/10fcdb93211f98cce3d64c0795b0915a9a4a21dc0f279238995a3dbfafcad090?s=96&d=mm&r=g","contentUrl":"https:\/\/secure.gravatar.com\/avatar\/10fcdb93211f98cce3d64c0795b0915a9a4a21dc0f279238995a3dbfafcad090?s=96&d=mm&r=g","caption":"Reda\u00e7\u00e3o JBN"},"sameAs":["https:\/\/p31noticias.com.br"],"url":"https:\/\/www.p31noticias.com.br\/?author=18"}]}},"amp_enabled":true,"_links":{"self":[{"href":"https:\/\/www.p31noticias.com.br\/index.php?rest_route=\/wp\/v2\/posts\/18331","targetHints":{"allow":["GET"]}}],"collection":[{"href":"https:\/\/www.p31noticias.com.br\/index.php?rest_route=\/wp\/v2\/posts"}],"about":[{"href":"https:\/\/www.p31noticias.com.br\/index.php?rest_route=\/wp\/v2\/types\/post"}],"author":[{"embeddable":true,"href":"https:\/\/www.p31noticias.com.br\/index.php?rest_route=\/wp\/v2\/users\/18"}],"replies":[{"embeddable":true,"href":"https:\/\/www.p31noticias.com.br\/index.php?rest_route=%2Fwp%2Fv2%2Fcomments&post=18331"}],"version-history":[{"count":0,"href":"https:\/\/www.p31noticias.com.br\/index.php?rest_route=\/wp\/v2\/posts\/18331\/revisions"}],"wp:featuredmedia":[{"embeddable":true,"href":"https:\/\/www.p31noticias.com.br\/index.php?rest_route=\/wp\/v2\/media\/18332"}],"wp:attachment":[{"href":"https:\/\/www.p31noticias.com.br\/index.php?rest_route=%2Fwp%2Fv2%2Fmedia&parent=18331"}],"wp:term":[{"taxonomy":"category","embeddable":true,"href":"https:\/\/www.p31noticias.com.br\/index.php?rest_route=%2Fwp%2Fv2%2Fcategories&post=18331"},{"taxonomy":"post_tag","embeddable":true,"href":"https:\/\/www.p31noticias.com.br\/index.php?rest_route=%2Fwp%2Fv2%2Ftags&post=18331"}],"curies":[{"name":"wp","href":"https:\/\/api.w.org\/{rel}","templated":true}]}}