{"id":18321,"date":"2019-08-03T10:27:23","date_gmt":"2019-08-03T13:27:23","guid":{"rendered":"https:\/\/www.delioandrade.com.br\/?p=18321"},"modified":"2019-08-03T10:27:23","modified_gmt":"2019-08-03T13:27:23","slug":"ibaneis-rocha-r-1-bi-em-obras-ainda-neste-ano","status":"publish","type":"post","link":"https:\/\/www.p31noticias.com.br\/?p=18321","title":{"rendered":"Ibaneis Rocha: R$ 1 bi em obras ainda neste ano!"},"content":{"rendered":"<p>Ibaneis Rocha (MDB) na pr\u00f3xima semana, quer colocar na pra\u00e7a o primeiro lote de projetos: a Ag\u00eancia de Desenvolvimento do DF (Terracap) pretende injetar R$ 200 milh\u00f5es em canteiros de Vicente Pires, do Noroeste e do futuro bairro Parque da Torre.<\/p>\n<p>Ibaneis Rocha comentou a previs\u00e3o de investimentos na tarde desta sexta-feira (02\/08\/2019), no Pal\u00e1cio do Buriti, logo ap\u00f3s anunciar o edital de venda direta de terrenos no Trecho 1 (J\u00f3quei) de Vicente Pires.<\/p>\n<p>\u201cCom os recursos que os deputados j\u00e1 liberaram de emendas, estamos come\u00e7ando a constru\u00e7\u00e3o de cinco\u00a0escolas no DF, como em S\u00e3o Sebasti\u00e3o e Itapo\u00e3, esta \u00faltima erguida sem col\u00e9gios.<\/p>\n<p>Nossa prioridade \u00e9 tirar aquelas crian\u00e7as, principalmente as menores, de dentro do transporte dos \u00f4nibus, para que n\u00e3o volte a ocorrer cenas como presenciamos no ano passado, em que uma crian\u00e7a passou mal\u201d, comentou.<\/p>\n<p>Ibaneis Rocha se referia ao caso de um garoto de 8 anos que, em 13 de novembro de 2018 desmaiou\u00a0na Escola Classe 8 do Cruzeiro por sentir muita fome.<\/p>\n<p>Por morar no Parano\u00e1, a crian\u00e7a era obrigada a sair muito cedo de casa para pegar a condu\u00e7\u00e3o oferecida pelo Estado: muitas vezes n\u00e3o almo\u00e7ava em seu lar e, como passava tempo excessivo em descolamento, perdia o hor\u00e1rio da refei\u00e7\u00e3o no centro de ensino.<\/p>\n<h6><strong>Creche em Ceil\u00e2ndia<\/strong><\/h6>\n<p>Al\u00e9m do aporte destinado ao Itapo\u00e3, Ibaneis Rocha prometeu entregar uma creche em Ceil\u00e2ndia.<\/p>\n<p>A obra, de acordo com ele, tamb\u00e9m ser\u00e1 tocada com apoio dos parlamentares. \u201cEstamos todos fazendo um esfor\u00e7o para que a cidade volte a crescer: acreditamos na for\u00e7a da constru\u00e7\u00e3o civil\u201d, resumiu o chefe do Pal\u00e1cio do Buriti.<\/p>\n<blockquote><p>Pelos c\u00e1lculos do GDF, os deputados federais empenharam R$ 186 milh\u00f5es em obras do GDF. \u201cCada parlamentar t\u00eam direito a R$ 19 milh\u00f5es em emendas distritais. E eles t\u00eam feito um papel de grande honestidade com o Executivo, colocando-as dentro do nosso cat\u00e1logo de projetos, o que est\u00e1 possibilitando ao DF, mesmo em per\u00edodo de crise, fazer grandes investimentos\u201d, acrescentou.<\/p>\n<div class=\"m-banner-wrap m-banner-rectangle m-publicity-content-middle\">\n<div id=\"div-gpt-ad-distrito-federal-quadrado-3\" class=\"ad-quadrado\" data-google-query-id=\"CIuBrvnj5uMCFRAmhwod6BMP1A\">\n<div id=\"google_ads_iframe_\/123935210\/distrito-federal-quadrado-3_0__container__\"><\/div>\n<\/div>\n<\/div>\n<\/blockquote>\n<p>Ibaneis Rocha calculou que, sem a ajuda dos pol\u00edticos, inicialmente, a previs\u00e3o de investimentos seria de aproximadamente R$ 520 milh\u00f5es, quase meio bilh\u00e3o a menos do anunciado nesta sexta-feira (02\/08\/2019).<\/p>\n<p>A lista de obras inclui bacias de capacita\u00e7\u00e3o de \u00e1gua da Asa Norte e o viaduto do Sudoeste, por exemplo. Outra preocupa\u00e7\u00e3o \u00e9 com a constru\u00e7\u00e3o de novas cal\u00e7adas e asfalto.<\/p>\n<p>Al\u00e9m das obras de Vicente Pires, o GDF promete investir na infraestrutura de regi\u00f5es como o Sol Nascente, em Ceil\u00e2ndia. Na\u00a0Sa\u00fade P\u00fablica, o\u00a0GDF\u00a0pretende construir dois hospitais novos, tamb\u00e9m em Ceil\u00e2ndia.<\/p>\n<p>Uma unidade ter\u00e1 380 leitos para os pacientes em geral, enquanto a segunda vai oferecer leitos destinados a tratamentos maternos e infantis.<\/p>\n","protected":false},"excerpt":{"rendered":"<p>Ibaneis Rocha (MDB) na pr\u00f3xima semana, quer colocar na pra\u00e7a o primeiro lote de projetos: a Ag\u00eancia de Desenvolvimento do DF (Terracap) pretende injetar R$ 200 milh\u00f5es em canteiros de Vicente Pires, do Noroeste e do futuro bairro Parque da Torre. Ibaneis Rocha comentou a previs\u00e3o de investimentos na tarde desta sexta-feira (02\/08\/2019), no Pal\u00e1cio [&hellip;]<\/p>\n","protected":false},"author":18,"featured_media":18322,"comment_status":"open","ping_status":"open","sticky":false,"template":"","format":"standard","meta":{"footnotes":""},"categories":[21],"tags":[80,35,23],"class_list":{"0":"post-18321","1":"post","2":"type-post","3":"status-publish","4":"format-standard","5":"has-post-thumbnail","7":"category-brasilia","8":"tag-cldf","9":"tag-gdf","10":"tag-ibaneis-rocha"},"yoast_head":"<!-- This site is optimized with the Yoast SEO Premium plugin v24.5 (Yoast SEO v27.5) - https:\/\/yoast.com\/product\/yoast-seo-premium-wordpress\/ -->\n<title>Ibaneis Rocha: R$ 1 bi em obras ainda neste ano! - P31<\/title>\n<meta name=\"robots\" content=\"index, follow, max-snippet:-1, max-image-preview:large, max-video-preview:-1\" \/>\n<link rel=\"canonical\" href=\"https:\/\/www.p31noticias.com.br\/?p=18321\" \/>\n<meta property=\"og:locale\" content=\"pt_BR\" \/>\n<meta property=\"og:type\" content=\"article\" \/>\n<meta property=\"og:title\" content=\"Ibaneis Rocha: R$ 1 bi em obras ainda neste ano!\" \/>\n<meta property=\"og:description\" content=\"Ibaneis Rocha (MDB) na pr\u00f3xima semana, quer colocar na pra\u00e7a o primeiro lote de projetos: a Ag\u00eancia de Desenvolvimento do DF (Terracap) pretende injetar R$ 200 milh\u00f5es em canteiros de Vicente Pires, do Noroeste e do futuro bairro Parque da Torre. Ibaneis Rocha comentou a previs\u00e3o de investimentos na tarde desta sexta-feira (02\/08\/2019), no Pal\u00e1cio [&hellip;]\" \/>\n<meta property=\"og:url\" content=\"https:\/\/www.p31noticias.com.br\/?p=18321\" \/>\n<meta property=\"og:site_name\" content=\"P31\" \/>\n<meta property=\"article:published_time\" content=\"2019-08-03T13:27:23+00:00\" \/>\n<meta property=\"og:image\" content=\"https:\/\/www.p31noticias.com.br\/wp-content\/uploads\/2019\/08\/Ibaneis-Rocha-GDF-780x405-1.jpeg\" \/>\n\t<meta property=\"og:image:width\" content=\"780\" \/>\n\t<meta property=\"og:image:height\" content=\"405\" \/>\n\t<meta property=\"og:image:type\" content=\"image\/jpeg\" \/>\n<meta name=\"author\" content=\"Reda\u00e7\u00e3o JBN\" \/>\n<meta name=\"twitter:card\" content=\"summary_large_image\" \/>\n<meta name=\"twitter:label1\" content=\"Escrito por\" \/>\n\t<meta name=\"twitter:data1\" content=\"Reda\u00e7\u00e3o JBN\" \/>\n\t<meta name=\"twitter:label2\" content=\"Est. tempo de leitura\" \/>\n\t<meta name=\"twitter:data2\" content=\"2 minutos\" \/>\n<script type=\"application\/ld+json\" class=\"yoast-schema-graph\">{\"@context\":\"https:\\\/\\\/schema.org\",\"@graph\":[{\"@type\":\"Article\",\"@id\":\"https:\\\/\\\/www.p31noticias.com.br\\\/?p=18321#article\",\"isPartOf\":{\"@id\":\"https:\\\/\\\/www.p31noticias.com.br\\\/?p=18321\"},\"author\":{\"name\":\"Reda\u00e7\u00e3o JBN\",\"@id\":\"https:\\\/\\\/www.p31noticias.com.br\\\/#\\\/schema\\\/person\\\/77d6b186c710ac38937c6ec204fdd387\"},\"headline\":\"Ibaneis Rocha: R$ 1 bi em obras ainda neste ano!\",\"datePublished\":\"2019-08-03T13:27:23+00:00\",\"mainEntityOfPage\":{\"@id\":\"https:\\\/\\\/www.p31noticias.com.br\\\/?p=18321\"},\"wordCount\":490,\"commentCount\":0,\"image\":{\"@id\":\"https:\\\/\\\/www.p31noticias.com.br\\\/?p=18321#primaryimage\"},\"thumbnailUrl\":\"https:\\\/\\\/www.p31noticias.com.br\\\/wp-content\\\/uploads\\\/2019\\\/08\\\/Ibaneis-Rocha-GDF-780x405-1.jpeg\",\"keywords\":[\"CLDF\",\"gdf\",\"Ibaneis Rocha\"],\"articleSection\":[\"Bras\u00edlia\"],\"inLanguage\":\"pt-BR\",\"potentialAction\":[{\"@type\":\"CommentAction\",\"name\":\"Comment\",\"target\":[\"https:\\\/\\\/www.p31noticias.com.br\\\/?p=18321#respond\"]}],\"copyrightYear\":\"2019\",\"copyrightHolder\":{\"@id\":\"https:\\\/\\\/www.p31noticias.com.br\\\/#organization\"}},{\"@type\":\"WebPage\",\"@id\":\"https:\\\/\\\/www.p31noticias.com.br\\\/?p=18321\",\"url\":\"https:\\\/\\\/www.p31noticias.com.br\\\/?p=18321\",\"name\":\"Ibaneis Rocha: R$ 1 bi em obras ainda neste ano! - P31\",\"isPartOf\":{\"@id\":\"https:\\\/\\\/www.p31noticias.com.br\\\/#website\"},\"primaryImageOfPage\":{\"@id\":\"https:\\\/\\\/www.p31noticias.com.br\\\/?p=18321#primaryimage\"},\"image\":{\"@id\":\"https:\\\/\\\/www.p31noticias.com.br\\\/?p=18321#primaryimage\"},\"thumbnailUrl\":\"https:\\\/\\\/www.p31noticias.com.br\\\/wp-content\\\/uploads\\\/2019\\\/08\\\/Ibaneis-Rocha-GDF-780x405-1.jpeg\",\"datePublished\":\"2019-08-03T13:27:23+00:00\",\"author\":{\"@id\":\"https:\\\/\\\/www.p31noticias.com.br\\\/#\\\/schema\\\/person\\\/77d6b186c710ac38937c6ec204fdd387\"},\"breadcrumb\":{\"@id\":\"https:\\\/\\\/www.p31noticias.com.br\\\/?p=18321#breadcrumb\"},\"inLanguage\":\"pt-BR\",\"potentialAction\":[{\"@type\":\"ReadAction\",\"target\":[\"https:\\\/\\\/www.p31noticias.com.br\\\/?p=18321\"]}]},{\"@type\":\"ImageObject\",\"inLanguage\":\"pt-BR\",\"@id\":\"https:\\\/\\\/www.p31noticias.com.br\\\/?p=18321#primaryimage\",\"url\":\"https:\\\/\\\/www.p31noticias.com.br\\\/wp-content\\\/uploads\\\/2019\\\/08\\\/Ibaneis-Rocha-GDF-780x405-1.jpeg\",\"contentUrl\":\"https:\\\/\\\/www.p31noticias.com.br\\\/wp-content\\\/uploads\\\/2019\\\/08\\\/Ibaneis-Rocha-GDF-780x405-1.jpeg\",\"width\":780,\"height\":405},{\"@type\":\"BreadcrumbList\",\"@id\":\"https:\\\/\\\/www.p31noticias.com.br\\\/?p=18321#breadcrumb\",\"itemListElement\":[{\"@type\":\"ListItem\",\"position\":1,\"name\":\"In\u00edcio\",\"item\":\"https:\\\/\\\/www.p31noticias.com.br\\\/\"},{\"@type\":\"ListItem\",\"position\":2,\"name\":\"Ibaneis Rocha: R$ 1 bi em obras ainda neste ano!\"}]},{\"@type\":\"WebSite\",\"@id\":\"https:\\\/\\\/www.p31noticias.com.br\\\/#website\",\"url\":\"https:\\\/\\\/www.p31noticias.com.br\\\/\",\"name\":\"P31\",\"description\":\"NOT\u00cdCIAS\",\"potentialAction\":[{\"@type\":\"SearchAction\",\"target\":{\"@type\":\"EntryPoint\",\"urlTemplate\":\"https:\\\/\\\/www.p31noticias.com.br\\\/?s={search_term_string}\"},\"query-input\":{\"@type\":\"PropertyValueSpecification\",\"valueRequired\":true,\"valueName\":\"search_term_string\"}}],\"inLanguage\":\"pt-BR\"},{\"@type\":\"Person\",\"@id\":\"https:\\\/\\\/www.p31noticias.com.br\\\/#\\\/schema\\\/person\\\/77d6b186c710ac38937c6ec204fdd387\",\"name\":\"Reda\u00e7\u00e3o JBN\",\"image\":{\"@type\":\"ImageObject\",\"inLanguage\":\"pt-BR\",\"@id\":\"https:\\\/\\\/secure.gravatar.com\\\/avatar\\\/10fcdb93211f98cce3d64c0795b0915a9a4a21dc0f279238995a3dbfafcad090?s=96&d=mm&r=g\",\"url\":\"https:\\\/\\\/secure.gravatar.com\\\/avatar\\\/10fcdb93211f98cce3d64c0795b0915a9a4a21dc0f279238995a3dbfafcad090?s=96&d=mm&r=g\",\"contentUrl\":\"https:\\\/\\\/secure.gravatar.com\\\/avatar\\\/10fcdb93211f98cce3d64c0795b0915a9a4a21dc0f279238995a3dbfafcad090?s=96&d=mm&r=g\",\"caption\":\"Reda\u00e7\u00e3o JBN\"},\"sameAs\":[\"https:\\\/\\\/p31noticias.com.br\"],\"url\":\"https:\\\/\\\/www.p31noticias.com.br\\\/?author=18\"}]}<\/script>\n<!-- \/ Yoast SEO Premium plugin. -->","yoast_head_json":{"title":"Ibaneis Rocha: R$ 1 bi em obras ainda neste ano! - P31","robots":{"index":"index","follow":"follow","max-snippet":"max-snippet:-1","max-image-preview":"max-image-preview:large","max-video-preview":"max-video-preview:-1"},"canonical":"https:\/\/www.p31noticias.com.br\/?p=18321","og_locale":"pt_BR","og_type":"article","og_title":"Ibaneis Rocha: R$ 1 bi em obras ainda neste ano!","og_description":"Ibaneis Rocha (MDB) na pr\u00f3xima semana, quer colocar na pra\u00e7a o primeiro lote de projetos: a Ag\u00eancia de Desenvolvimento do DF (Terracap) pretende injetar R$ 200 milh\u00f5es em canteiros de Vicente Pires, do Noroeste e do futuro bairro Parque da Torre. Ibaneis Rocha comentou a previs\u00e3o de investimentos na tarde desta sexta-feira (02\/08\/2019), no Pal\u00e1cio [&hellip;]","og_url":"https:\/\/www.p31noticias.com.br\/?p=18321","og_site_name":"P31","article_published_time":"2019-08-03T13:27:23+00:00","og_image":[{"width":780,"height":405,"url":"https:\/\/www.p31noticias.com.br\/wp-content\/uploads\/2019\/08\/Ibaneis-Rocha-GDF-780x405-1.jpeg","type":"image\/jpeg"}],"author":"Reda\u00e7\u00e3o JBN","twitter_card":"summary_large_image","twitter_misc":{"Escrito por":"Reda\u00e7\u00e3o JBN","Est. tempo de leitura":"2 minutos"},"schema":{"@context":"https:\/\/schema.org","@graph":[{"@type":"Article","@id":"https:\/\/www.p31noticias.com.br\/?p=18321#article","isPartOf":{"@id":"https:\/\/www.p31noticias.com.br\/?p=18321"},"author":{"name":"Reda\u00e7\u00e3o JBN","@id":"https:\/\/www.p31noticias.com.br\/#\/schema\/person\/77d6b186c710ac38937c6ec204fdd387"},"headline":"Ibaneis Rocha: R$ 1 bi em obras ainda neste ano!","datePublished":"2019-08-03T13:27:23+00:00","mainEntityOfPage":{"@id":"https:\/\/www.p31noticias.com.br\/?p=18321"},"wordCount":490,"commentCount":0,"image":{"@id":"https:\/\/www.p31noticias.com.br\/?p=18321#primaryimage"},"thumbnailUrl":"https:\/\/www.p31noticias.com.br\/wp-content\/uploads\/2019\/08\/Ibaneis-Rocha-GDF-780x405-1.jpeg","keywords":["CLDF","gdf","Ibaneis Rocha"],"articleSection":["Bras\u00edlia"],"inLanguage":"pt-BR","potentialAction":[{"@type":"CommentAction","name":"Comment","target":["https:\/\/www.p31noticias.com.br\/?p=18321#respond"]}],"copyrightYear":"2019","copyrightHolder":{"@id":"https:\/\/www.p31noticias.com.br\/#organization"}},{"@type":"WebPage","@id":"https:\/\/www.p31noticias.com.br\/?p=18321","url":"https:\/\/www.p31noticias.com.br\/?p=18321","name":"Ibaneis Rocha: R$ 1 bi em obras ainda neste ano! - P31","isPartOf":{"@id":"https:\/\/www.p31noticias.com.br\/#website"},"primaryImageOfPage":{"@id":"https:\/\/www.p31noticias.com.br\/?p=18321#primaryimage"},"image":{"@id":"https:\/\/www.p31noticias.com.br\/?p=18321#primaryimage"},"thumbnailUrl":"https:\/\/www.p31noticias.com.br\/wp-content\/uploads\/2019\/08\/Ibaneis-Rocha-GDF-780x405-1.jpeg","datePublished":"2019-08-03T13:27:23+00:00","author":{"@id":"https:\/\/www.p31noticias.com.br\/#\/schema\/person\/77d6b186c710ac38937c6ec204fdd387"},"breadcrumb":{"@id":"https:\/\/www.p31noticias.com.br\/?p=18321#breadcrumb"},"inLanguage":"pt-BR","potentialAction":[{"@type":"ReadAction","target":["https:\/\/www.p31noticias.com.br\/?p=18321"]}]},{"@type":"ImageObject","inLanguage":"pt-BR","@id":"https:\/\/www.p31noticias.com.br\/?p=18321#primaryimage","url":"https:\/\/www.p31noticias.com.br\/wp-content\/uploads\/2019\/08\/Ibaneis-Rocha-GDF-780x405-1.jpeg","contentUrl":"https:\/\/www.p31noticias.com.br\/wp-content\/uploads\/2019\/08\/Ibaneis-Rocha-GDF-780x405-1.jpeg","width":780,"height":405},{"@type":"BreadcrumbList","@id":"https:\/\/www.p31noticias.com.br\/?p=18321#breadcrumb","itemListElement":[{"@type":"ListItem","position":1,"name":"In\u00edcio","item":"https:\/\/www.p31noticias.com.br\/"},{"@type":"ListItem","position":2,"name":"Ibaneis Rocha: R$ 1 bi em obras ainda neste ano!"}]},{"@type":"WebSite","@id":"https:\/\/www.p31noticias.com.br\/#website","url":"https:\/\/www.p31noticias.com.br\/","name":"P31","description":"NOT\u00cdCIAS","potentialAction":[{"@type":"SearchAction","target":{"@type":"EntryPoint","urlTemplate":"https:\/\/www.p31noticias.com.br\/?s={search_term_string}"},"query-input":{"@type":"PropertyValueSpecification","valueRequired":true,"valueName":"search_term_string"}}],"inLanguage":"pt-BR"},{"@type":"Person","@id":"https:\/\/www.p31noticias.com.br\/#\/schema\/person\/77d6b186c710ac38937c6ec204fdd387","name":"Reda\u00e7\u00e3o JBN","image":{"@type":"ImageObject","inLanguage":"pt-BR","@id":"https:\/\/secure.gravatar.com\/avatar\/10fcdb93211f98cce3d64c0795b0915a9a4a21dc0f279238995a3dbfafcad090?s=96&d=mm&r=g","url":"https:\/\/secure.gravatar.com\/avatar\/10fcdb93211f98cce3d64c0795b0915a9a4a21dc0f279238995a3dbfafcad090?s=96&d=mm&r=g","contentUrl":"https:\/\/secure.gravatar.com\/avatar\/10fcdb93211f98cce3d64c0795b0915a9a4a21dc0f279238995a3dbfafcad090?s=96&d=mm&r=g","caption":"Reda\u00e7\u00e3o JBN"},"sameAs":["https:\/\/p31noticias.com.br"],"url":"https:\/\/www.p31noticias.com.br\/?author=18"}]}},"amp_enabled":true,"_links":{"self":[{"href":"https:\/\/www.p31noticias.com.br\/index.php?rest_route=\/wp\/v2\/posts\/18321","targetHints":{"allow":["GET"]}}],"collection":[{"href":"https:\/\/www.p31noticias.com.br\/index.php?rest_route=\/wp\/v2\/posts"}],"about":[{"href":"https:\/\/www.p31noticias.com.br\/index.php?rest_route=\/wp\/v2\/types\/post"}],"author":[{"embeddable":true,"href":"https:\/\/www.p31noticias.com.br\/index.php?rest_route=\/wp\/v2\/users\/18"}],"replies":[{"embeddable":true,"href":"https:\/\/www.p31noticias.com.br\/index.php?rest_route=%2Fwp%2Fv2%2Fcomments&post=18321"}],"version-history":[{"count":0,"href":"https:\/\/www.p31noticias.com.br\/index.php?rest_route=\/wp\/v2\/posts\/18321\/revisions"}],"wp:featuredmedia":[{"embeddable":true,"href":"https:\/\/www.p31noticias.com.br\/index.php?rest_route=\/wp\/v2\/media\/18322"}],"wp:attachment":[{"href":"https:\/\/www.p31noticias.com.br\/index.php?rest_route=%2Fwp%2Fv2%2Fmedia&parent=18321"}],"wp:term":[{"taxonomy":"category","embeddable":true,"href":"https:\/\/www.p31noticias.com.br\/index.php?rest_route=%2Fwp%2Fv2%2Fcategories&post=18321"},{"taxonomy":"post_tag","embeddable":true,"href":"https:\/\/www.p31noticias.com.br\/index.php?rest_route=%2Fwp%2Fv2%2Ftags&post=18321"}],"curies":[{"name":"wp","href":"https:\/\/api.w.org\/{rel}","templated":true}]}}