{"id":18318,"date":"2019-08-03T09:36:12","date_gmt":"2019-08-03T12:36:12","guid":{"rendered":"https:\/\/www.delioandrade.com.br\/?p=18318"},"modified":"2019-08-03T09:36:12","modified_gmt":"2019-08-03T12:36:12","slug":"janaina-paschoal-ha-algo-muito-grave-escondido-no-stf","status":"publish","type":"post","link":"https:\/\/www.p31noticias.com.br\/?p=18318","title":{"rendered":"Janaina Paschoal: H\u00e1 algo muito grave escondido no STF"},"content":{"rendered":"<p>Janaina Paschoal (PSL-SP), que j\u00e1 havia protocolado na ter\u00e7a-feira (30) um pedido de impeachment contra o presidente do STF (Supremo Tribunal Federal), Dias Toffoli, voltou a se manifestar contra o ministro nesta sexta-feira (02) fazendo a grave afirma\u00e7\u00e3o de que &#8220;h\u00e1 algo muito grave a ser escondido&#8221;.<\/p>\n<p>No caso do pedido de impeachment, a medida foi baseada na decis\u00e3o do ministro Dias Toffoli em suspender todos os processos judiciais instaurados sem a autoriza\u00e7\u00e3o da Justi\u00e7a que contenham dados compartilhados pelo Coaf (Conselho de Controle de Atividades Financeiras) e pela Receita Federal. Na quarta-feira (01), por\u00e9m, o ministro Alexandre de Moraes tomou outra decis\u00e3o pol\u00eamica envolvendo tamb\u00e9m a mulher de Dias Toffoli.<\/p>\n<p>Moraes determinou a suspens\u00e3o de procedimentos de investiga\u00e7\u00e3o da Receita Federal sobre 133 contribuintes, entre os quais o ministro Gilmar Mendes e a advogada Roberta Rangel, mulher do presidente do STF, e al\u00e9m disso mandou afastar dois servidores do \u00f3rg\u00e3o que atuaram nessa investiga\u00e7\u00e3o, segundo informa\u00e7\u00f5es do\u00a0<a href=\"https:\/\/g1.globo.com\/politica\/noticia\/2019\/08\/01\/moraes-suspende-apuracao-e-manda-receita-afastar-servidores-por-suspeita-de-quebra-de-sigilo-de-ministros.ghtml\">G1<\/a>.<\/p>\n<p>Um dos detalhes que mais chamou aten\u00e7\u00e3o na decis\u00e3o \u00e9 que o inqu\u00e9rito, do qual Moraes \u00e9 relator, foi aberto para apurar ofensas \u00e0 Corte, mas tamb\u00e9m incluiu a apura\u00e7\u00e3o sobre vazamentos de dados da Receita envolvendo os ministros e isso em car\u00e1ter sigiloso, algo criticado por Jana\u00edna:<\/p>\n<p>&#8220;O inqu\u00e9rito sigiloso, a princ\u00edpio, versava sobre &#8216;fake news&#8217;. De repente, serve para afastar funcion\u00e1rios da Receita e, segundo se anuncia, servir\u00e1 para requisitar c\u00f3pias de investiga\u00e7\u00f5es presididas por outros ju\u00edzes. Ao que parece, pode servir tamb\u00e9m para destituir Procuradores&#8221;, escreveu a advogada.<\/p>\n<p>&#8220;Sem saber qual o objeto, quais as partes e quais os advogados (at\u00e9 mesmo o advogado aparece como sigiloso), o tal inqu\u00e9rito pode servir para qualquer coisa. Esse proceder, infelizmente, refor\u00e7a a terr\u00edvel sensa\u00e7\u00e3o de que h\u00e1 algo muito grave a ser escondido&#8221;, completou Jana\u00edna, lembrando que j\u00e1 existem tr\u00eas pedidos de impeachment contra Toffoli aguardando aprecia\u00e7\u00e3o no Senado.<\/p>\n<p>&#8220;Um assinado por mim&#8221;, destacou Jana\u00edna, &#8220;&#8230;em conjunto com membros da diretoria do MP Pr\u00f3-sociedade, um assinado pelo Professor Modesto Carvalhosa e outro pelo Senador Alessandro Vieira. Os tr\u00eas pedidos, apesar de analisarem os fatos sob perspectivas diversas, s\u00e3o consistentes. N\u00e3o importa qual ser\u00e1 recebido. O que importa \u00e9 que algum seja recebido. N\u00e3o seria inadequado, inclusive, apensar os tr\u00eas em um \u00fanico processo&#8221;.<\/p>\n<h2>Jana\u00edna Paschoal pede audi\u00eancia no Senado<\/h2>\n<p>Com base nesses fatos, Jana\u00edna Paschoal anunciou um pedido de audi\u00eancia p\u00fablica ao presidente do Senado, Davi Alcolumbre. &#8220;Com o avan\u00e7o das a\u00e7\u00f5es para inviabilizar as necess\u00e1rias apura\u00e7\u00f5es, publicamente pe\u00e7o ao Presidente do Senado uma audi\u00eancia. Pode ser no dia e hor\u00e1rio mais conveniente ao Senador Alcolumbre&#8221;, escreveu a deputada.<\/p>\n<p>&#8220;N\u00e3o estou afirmando que o Ministro denunciado tenha praticado il\u00edcitos penais, mas afirmo, sem medo de errar, que nenhuma autoridade pode usar de seu poder para inviabilizar investiga\u00e7\u00f5es contra si, ainda que tais investiga\u00e7\u00f5es sejam infundadas. A\u00ed o crime de responsabilidade. Em uma Rep\u00fablica, todos precisam entender que podem ser chamados a prestar explica\u00e7\u00f5es&#8221;, conclui Jana\u00edna.<\/p>\n<h2 class=\"titulo\">N\u00e3o h\u00e1 &#8220;qualquer ilegalidade&#8221; nos di\u00e1logos de Dallagnol, diz Jana\u00edna Paschoal<\/h2>\n<p class=\"subtitulo\"><strong>&#8220;Queriam o qu\u00ea? Que os Procuradores ignorassem potenciais ilicitudes perpetradas por um alto magistrado?&#8221;<\/strong><\/p>\n<p>O jornal Folha de S. Paulo publicou novos conte\u00fados do site Intercept Brasil, do jornalista Glenn Greenwald &#8211; tamb\u00e9m conhecido como &#8220;Verdevaldo&#8221; &#8211; que mostram supostamente o procurador Deltan Dallagnol incentivando colegas \u00e0 investigar o ministro do Supremo Tribunal Federal (STF), Dias Toffoli.<\/p>\n<p>A suposta sugest\u00e3o de Deltan aos colegas da Lava Jato teria ocorrido quando o atual presidente do STF come\u00e7ou a apresentar sinais de que poderia atuar para impedir os avan\u00e7os da for\u00e7a-tarefa. Com de pr\u00e1xis, opositores da Lava Jato (aliados da esquerda pol\u00edtica em sua maioria) se manifestaram alegando ato suspeito de Dallagnol.<\/p>\n<p>Por outro lado, a deputada estadual Janaina Paschoal (PSL-SP) disse n\u00e3o vislumbrar &#8220;qualquer irregularidade&#8221; no que foi divulgado. Ela foi a autora do pedido de impeachment contra Dilma Rousseff (PT) e \u00e9 professora da Faculdade de Direito da USP.<\/p>\n<p>O embasamento das cr\u00edticas ao procurador Deltan Dallagnol consiste na separa\u00e7\u00e3o de compet\u00eancias judiciais.\u00a0O presidente da Associa\u00e7\u00e3o dos Ju\u00edzes Federais do Brasil (Ajufe), Fernando Mendes, por exemplo, afirmou que &#8220;se as conversas divulgadas pela Folha de S.Paulo realmente aconteceram, o fato \u00e9 muito grave&#8221;, porque apenas a PGR (Procuradoria-Geral da Rep\u00fablica) pode investigar seus integrantes.<\/p>\n<p>Na pr\u00e1tica, isto significa que apenas a PGR poderia &#8220;representar para que os tribunais superiores fizessem as apura\u00e7\u00f5es devidas, e jamais realizar ou estimular investiga\u00e7\u00f5es paralelas em flagrante desrespeito ao devido processo legal&#8221;, disse Mendes, segundo o\u00a0<a href=\"https:\/\/folhape.com.br\/politica\/politica\/politica\/2019\/08\/02\/NWS,112324,7,547,POLITICA,2193-JANAINA-DEFENDE-DELTAN-ENQUANTO-ASSOCIACOES-VEEM-FATO-GRAVE-VERDADEIRO-ABSURDO.aspx\">Folha PE.<\/a><\/p>\n<p>Todavia, o fato \u00e9 que se os di\u00e1logos envolvendo Deltan Dallagnol forem verdadeiros (e n\u00e3o editados para fins de adultera\u00e7\u00e3o, como \u00e9 poss\u00edvel no caso do Intercept Brasil), ainda assim n\u00e3o haveria qualquer ilegalidade, visto que se trataram de conversas informais, n\u00e3o convertidas em a\u00e7\u00f5es judiciais concretas.<\/p>\n<p>Al\u00e9m disso, fica constatado tamb\u00e9m que a inten\u00e7\u00e3o de Dallagnol n\u00e3o teria sido de forma alguma prejudicar Dias Toffoli ou qualquer outro ministro, mas sim garantir a inexist\u00eancia de interesses escusos contr\u00e1rios ao avan\u00e7o do combate \u00e0 corrup\u00e7\u00e3o. Foi justamente essa linha de racioc\u00ednio observada por Jana\u00edna Paschoal.<\/p>\n<p>&#8220;N\u00e3o sei se os di\u00e1logos, publicados hoje, conferem com a realidade. Mas se conferirem, n\u00e3o vislumbro neles qualquer ilegalidade. Muito ao contr\u00e1rio, os Procuradores apenas estavam buscando averiguar poss\u00edveis irregularidades, graves irregularidades&#8221;, publicou Janaina Paschoal.<\/p>\n<p>&#8220;Entendo que os Jornais deveriam estar preocupados em apurar o que os Procuradores buscavam esclarecer e n\u00e3o criar a sensa\u00e7\u00e3o de que eles estariam a transgredir. J\u00e1 que, apesar das pris\u00f5es dos hackers, as conversas interceptadas seguir\u00e3o sendo publicadas, penso que o m\u00e9rito dessas conversas deveria ser analisado com mais cautela. Queriam o qu\u00ea? Que os Procuradores ignorassem potenciais ilicitudes perpetradas por um alto magistrado?&#8221;, questionou Janaina Paschoal.<\/p>\n<h3 class=\"titulo\">Dodge emite nota desmentindo mat\u00e9ria da Folha de S. Paulo sobre Dallagnol<\/h3>\n<p>A Procuradoria-Geral da Rep\u00fablica (PGR), \u00f3rg\u00e3o comandado por Raquel Dodge, emitiu uma nota oficial para desmentir uma informa\u00e7\u00e3o divulgada pelo jornal Folha de S. Paulo na manh\u00e3 desta sexta-feira (2) envolvendo o coordenador nacional da opera\u00e7\u00e3o Lava Jato, Deltan Dallagnol.<\/p>\n<p>Segundo a mat\u00e9ria da Folha, Dallagnol estaria na imin\u00eancia de ser afastado do seu cargo e que Raquel Dodge estaria sendo \u201cpressionada a determinar essa medida a partir de Bras\u00edlia\u201d, e que para isso \u201cchamou uma reuni\u00e3o de emerg\u00eancia para discutir o assunto\u201d.<\/p>\n<p>A PGR, no entanto, negou qualquer iniciativa neste sentido, deixando claro que a informa\u00e7\u00e3o divulgada pela Folha de S. Paulo, portanto, \u00e9 falsa. Ainda segundo a entidade, n\u00e3o \u00e9 poss\u00edvel retirar Dallagnol do cargo, salvo por vontade pr\u00f3pria.<\/p>\n<p>Mais do que isso, esclarece que o princ\u00edpio constitucional da inamovibilidade \u00e9 garantia pessoal do Procurador Deltan Dallagnol, estabelecida no artigo 128-I-b, de n\u00e3o ser afastado dos processos da Lava Jato, dos quais \u00e9 o promotor natural, na condi\u00e7\u00e3o de titular do of\u00edcio onde tramitam todos os processos deste caso, e junto do qual atuam os demais membros da For\u00e7a Tarefa Lava Jato, designados pela Procuradora-Geral da Rep\u00fablica Raquel Dodge.<\/p>\n","protected":false},"excerpt":{"rendered":"<p>Janaina Paschoal (PSL-SP), que j\u00e1 havia protocolado na ter\u00e7a-feira (30) um pedido de impeachment contra o presidente do STF (Supremo Tribunal Federal), Dias Toffoli, voltou a se manifestar contra o ministro nesta sexta-feira (02) fazendo a grave afirma\u00e7\u00e3o de que &#8220;h\u00e1 algo muito grave a ser escondido&#8221;. No caso do pedido de impeachment, a medida [&hellip;]<\/p>\n","protected":false},"author":18,"featured_media":18319,"comment_status":"open","ping_status":"open","sticky":false,"template":"","format":"standard","meta":{"footnotes":""},"categories":[57],"tags":[72,137,135],"class_list":{"0":"post-18318","1":"post","2":"type-post","3":"status-publish","4":"format-standard","5":"has-post-thumbnail","7":"category-politica","8":"tag-deltan-dallagnol","9":"tag-janaina-paschoal","10":"tag-stf"},"yoast_head":"<!-- This site is optimized with the Yoast SEO Premium plugin v24.5 (Yoast SEO v27.5) - https:\/\/yoast.com\/product\/yoast-seo-premium-wordpress\/ -->\n<title>Janaina Paschoal: H\u00e1 algo muito grave escondido no STF - P31<\/title>\n<meta name=\"robots\" content=\"index, follow, max-snippet:-1, max-image-preview:large, max-video-preview:-1\" \/>\n<link rel=\"canonical\" href=\"https:\/\/www.p31noticias.com.br\/?p=18318\" \/>\n<meta property=\"og:locale\" content=\"pt_BR\" \/>\n<meta property=\"og:type\" content=\"article\" \/>\n<meta property=\"og:title\" content=\"Janaina Paschoal: H\u00e1 algo muito grave escondido no STF\" \/>\n<meta property=\"og:description\" content=\"Janaina Paschoal (PSL-SP), que j\u00e1 havia protocolado na ter\u00e7a-feira (30) um pedido de impeachment contra o presidente do STF (Supremo Tribunal Federal), Dias Toffoli, voltou a se manifestar contra o ministro nesta sexta-feira (02) fazendo a grave afirma\u00e7\u00e3o de que &#8220;h\u00e1 algo muito grave a ser escondido&#8221;. No caso do pedido de impeachment, a medida [&hellip;]\" \/>\n<meta property=\"og:url\" content=\"https:\/\/www.p31noticias.com.br\/?p=18318\" \/>\n<meta property=\"og:site_name\" content=\"P31\" \/>\n<meta property=\"article:published_time\" content=\"2019-08-03T12:36:12+00:00\" \/>\n<meta property=\"og:image\" content=\"https:\/\/www.p31noticias.com.br\/wp-content\/uploads\/2019\/08\/Protocolado-pedido-de-impeachment-de-Toffoli-no-Senado.-Janaina-Paschoal-vai-com-tudo-para-cima-do-ministro-do-STF.jpg\" \/>\n\t<meta property=\"og:image:width\" content=\"800\" \/>\n\t<meta property=\"og:image:height\" content=\"418\" \/>\n\t<meta property=\"og:image:type\" content=\"image\/jpeg\" \/>\n<meta name=\"author\" content=\"Reda\u00e7\u00e3o JBN\" \/>\n<meta name=\"twitter:card\" content=\"summary_large_image\" \/>\n<meta name=\"twitter:label1\" content=\"Escrito por\" \/>\n\t<meta name=\"twitter:data1\" content=\"Reda\u00e7\u00e3o JBN\" \/>\n\t<meta name=\"twitter:label2\" content=\"Est. tempo de leitura\" \/>\n\t<meta name=\"twitter:data2\" content=\"6 minutos\" \/>\n<script type=\"application\/ld+json\" class=\"yoast-schema-graph\">{\"@context\":\"https:\\\/\\\/schema.org\",\"@graph\":[{\"@type\":\"Article\",\"@id\":\"https:\\\/\\\/www.p31noticias.com.br\\\/?p=18318#article\",\"isPartOf\":{\"@id\":\"https:\\\/\\\/www.p31noticias.com.br\\\/?p=18318\"},\"author\":{\"name\":\"Reda\u00e7\u00e3o JBN\",\"@id\":\"https:\\\/\\\/www.p31noticias.com.br\\\/#\\\/schema\\\/person\\\/77d6b186c710ac38937c6ec204fdd387\"},\"headline\":\"Janaina Paschoal: H\u00e1 algo muito grave escondido no STF\",\"datePublished\":\"2019-08-03T12:36:12+00:00\",\"mainEntityOfPage\":{\"@id\":\"https:\\\/\\\/www.p31noticias.com.br\\\/?p=18318\"},\"wordCount\":1262,\"commentCount\":0,\"image\":{\"@id\":\"https:\\\/\\\/www.p31noticias.com.br\\\/?p=18318#primaryimage\"},\"thumbnailUrl\":\"https:\\\/\\\/www.p31noticias.com.br\\\/wp-content\\\/uploads\\\/2019\\\/08\\\/Protocolado-pedido-de-impeachment-de-Toffoli-no-Senado.-Janaina-Paschoal-vai-com-tudo-para-cima-do-ministro-do-STF.jpg\",\"keywords\":[\"deltan dallagnol\",\"Jana\u00edna Paschoal\",\"STF\"],\"articleSection\":[\"Pol\u00edtica\"],\"inLanguage\":\"pt-BR\",\"potentialAction\":[{\"@type\":\"CommentAction\",\"name\":\"Comment\",\"target\":[\"https:\\\/\\\/www.p31noticias.com.br\\\/?p=18318#respond\"]}],\"copyrightYear\":\"2019\",\"copyrightHolder\":{\"@id\":\"https:\\\/\\\/www.p31noticias.com.br\\\/#organization\"}},{\"@type\":\"WebPage\",\"@id\":\"https:\\\/\\\/www.p31noticias.com.br\\\/?p=18318\",\"url\":\"https:\\\/\\\/www.p31noticias.com.br\\\/?p=18318\",\"name\":\"Janaina Paschoal: H\u00e1 algo muito grave escondido no STF - P31\",\"isPartOf\":{\"@id\":\"https:\\\/\\\/www.p31noticias.com.br\\\/#website\"},\"primaryImageOfPage\":{\"@id\":\"https:\\\/\\\/www.p31noticias.com.br\\\/?p=18318#primaryimage\"},\"image\":{\"@id\":\"https:\\\/\\\/www.p31noticias.com.br\\\/?p=18318#primaryimage\"},\"thumbnailUrl\":\"https:\\\/\\\/www.p31noticias.com.br\\\/wp-content\\\/uploads\\\/2019\\\/08\\\/Protocolado-pedido-de-impeachment-de-Toffoli-no-Senado.-Janaina-Paschoal-vai-com-tudo-para-cima-do-ministro-do-STF.jpg\",\"datePublished\":\"2019-08-03T12:36:12+00:00\",\"author\":{\"@id\":\"https:\\\/\\\/www.p31noticias.com.br\\\/#\\\/schema\\\/person\\\/77d6b186c710ac38937c6ec204fdd387\"},\"breadcrumb\":{\"@id\":\"https:\\\/\\\/www.p31noticias.com.br\\\/?p=18318#breadcrumb\"},\"inLanguage\":\"pt-BR\",\"potentialAction\":[{\"@type\":\"ReadAction\",\"target\":[\"https:\\\/\\\/www.p31noticias.com.br\\\/?p=18318\"]}]},{\"@type\":\"ImageObject\",\"inLanguage\":\"pt-BR\",\"@id\":\"https:\\\/\\\/www.p31noticias.com.br\\\/?p=18318#primaryimage\",\"url\":\"https:\\\/\\\/www.p31noticias.com.br\\\/wp-content\\\/uploads\\\/2019\\\/08\\\/Protocolado-pedido-de-impeachment-de-Toffoli-no-Senado.-Janaina-Paschoal-vai-com-tudo-para-cima-do-ministro-do-STF.jpg\",\"contentUrl\":\"https:\\\/\\\/www.p31noticias.com.br\\\/wp-content\\\/uploads\\\/2019\\\/08\\\/Protocolado-pedido-de-impeachment-de-Toffoli-no-Senado.-Janaina-Paschoal-vai-com-tudo-para-cima-do-ministro-do-STF.jpg\",\"width\":800,\"height\":418},{\"@type\":\"BreadcrumbList\",\"@id\":\"https:\\\/\\\/www.p31noticias.com.br\\\/?p=18318#breadcrumb\",\"itemListElement\":[{\"@type\":\"ListItem\",\"position\":1,\"name\":\"In\u00edcio\",\"item\":\"https:\\\/\\\/www.p31noticias.com.br\\\/\"},{\"@type\":\"ListItem\",\"position\":2,\"name\":\"Janaina Paschoal: H\u00e1 algo muito grave escondido no STF\"}]},{\"@type\":\"WebSite\",\"@id\":\"https:\\\/\\\/www.p31noticias.com.br\\\/#website\",\"url\":\"https:\\\/\\\/www.p31noticias.com.br\\\/\",\"name\":\"P31\",\"description\":\"NOT\u00cdCIAS\",\"potentialAction\":[{\"@type\":\"SearchAction\",\"target\":{\"@type\":\"EntryPoint\",\"urlTemplate\":\"https:\\\/\\\/www.p31noticias.com.br\\\/?s={search_term_string}\"},\"query-input\":{\"@type\":\"PropertyValueSpecification\",\"valueRequired\":true,\"valueName\":\"search_term_string\"}}],\"inLanguage\":\"pt-BR\"},{\"@type\":\"Person\",\"@id\":\"https:\\\/\\\/www.p31noticias.com.br\\\/#\\\/schema\\\/person\\\/77d6b186c710ac38937c6ec204fdd387\",\"name\":\"Reda\u00e7\u00e3o JBN\",\"image\":{\"@type\":\"ImageObject\",\"inLanguage\":\"pt-BR\",\"@id\":\"https:\\\/\\\/secure.gravatar.com\\\/avatar\\\/10fcdb93211f98cce3d64c0795b0915a9a4a21dc0f279238995a3dbfafcad090?s=96&d=mm&r=g\",\"url\":\"https:\\\/\\\/secure.gravatar.com\\\/avatar\\\/10fcdb93211f98cce3d64c0795b0915a9a4a21dc0f279238995a3dbfafcad090?s=96&d=mm&r=g\",\"contentUrl\":\"https:\\\/\\\/secure.gravatar.com\\\/avatar\\\/10fcdb93211f98cce3d64c0795b0915a9a4a21dc0f279238995a3dbfafcad090?s=96&d=mm&r=g\",\"caption\":\"Reda\u00e7\u00e3o JBN\"},\"sameAs\":[\"https:\\\/\\\/p31noticias.com.br\"],\"url\":\"https:\\\/\\\/www.p31noticias.com.br\\\/?author=18\"}]}<\/script>\n<!-- \/ Yoast SEO Premium plugin. -->","yoast_head_json":{"title":"Janaina Paschoal: H\u00e1 algo muito grave escondido no STF - P31","robots":{"index":"index","follow":"follow","max-snippet":"max-snippet:-1","max-image-preview":"max-image-preview:large","max-video-preview":"max-video-preview:-1"},"canonical":"https:\/\/www.p31noticias.com.br\/?p=18318","og_locale":"pt_BR","og_type":"article","og_title":"Janaina Paschoal: H\u00e1 algo muito grave escondido no STF","og_description":"Janaina Paschoal (PSL-SP), que j\u00e1 havia protocolado na ter\u00e7a-feira (30) um pedido de impeachment contra o presidente do STF (Supremo Tribunal Federal), Dias Toffoli, voltou a se manifestar contra o ministro nesta sexta-feira (02) fazendo a grave afirma\u00e7\u00e3o de que &#8220;h\u00e1 algo muito grave a ser escondido&#8221;. No caso do pedido de impeachment, a medida [&hellip;]","og_url":"https:\/\/www.p31noticias.com.br\/?p=18318","og_site_name":"P31","article_published_time":"2019-08-03T12:36:12+00:00","og_image":[{"width":800,"height":418,"url":"https:\/\/www.p31noticias.com.br\/wp-content\/uploads\/2019\/08\/Protocolado-pedido-de-impeachment-de-Toffoli-no-Senado.-Janaina-Paschoal-vai-com-tudo-para-cima-do-ministro-do-STF.jpg","type":"image\/jpeg"}],"author":"Reda\u00e7\u00e3o JBN","twitter_card":"summary_large_image","twitter_misc":{"Escrito por":"Reda\u00e7\u00e3o JBN","Est. tempo de leitura":"6 minutos"},"schema":{"@context":"https:\/\/schema.org","@graph":[{"@type":"Article","@id":"https:\/\/www.p31noticias.com.br\/?p=18318#article","isPartOf":{"@id":"https:\/\/www.p31noticias.com.br\/?p=18318"},"author":{"name":"Reda\u00e7\u00e3o JBN","@id":"https:\/\/www.p31noticias.com.br\/#\/schema\/person\/77d6b186c710ac38937c6ec204fdd387"},"headline":"Janaina Paschoal: H\u00e1 algo muito grave escondido no STF","datePublished":"2019-08-03T12:36:12+00:00","mainEntityOfPage":{"@id":"https:\/\/www.p31noticias.com.br\/?p=18318"},"wordCount":1262,"commentCount":0,"image":{"@id":"https:\/\/www.p31noticias.com.br\/?p=18318#primaryimage"},"thumbnailUrl":"https:\/\/www.p31noticias.com.br\/wp-content\/uploads\/2019\/08\/Protocolado-pedido-de-impeachment-de-Toffoli-no-Senado.-Janaina-Paschoal-vai-com-tudo-para-cima-do-ministro-do-STF.jpg","keywords":["deltan dallagnol","Jana\u00edna Paschoal","STF"],"articleSection":["Pol\u00edtica"],"inLanguage":"pt-BR","potentialAction":[{"@type":"CommentAction","name":"Comment","target":["https:\/\/www.p31noticias.com.br\/?p=18318#respond"]}],"copyrightYear":"2019","copyrightHolder":{"@id":"https:\/\/www.p31noticias.com.br\/#organization"}},{"@type":"WebPage","@id":"https:\/\/www.p31noticias.com.br\/?p=18318","url":"https:\/\/www.p31noticias.com.br\/?p=18318","name":"Janaina Paschoal: H\u00e1 algo muito grave escondido no STF - P31","isPartOf":{"@id":"https:\/\/www.p31noticias.com.br\/#website"},"primaryImageOfPage":{"@id":"https:\/\/www.p31noticias.com.br\/?p=18318#primaryimage"},"image":{"@id":"https:\/\/www.p31noticias.com.br\/?p=18318#primaryimage"},"thumbnailUrl":"https:\/\/www.p31noticias.com.br\/wp-content\/uploads\/2019\/08\/Protocolado-pedido-de-impeachment-de-Toffoli-no-Senado.-Janaina-Paschoal-vai-com-tudo-para-cima-do-ministro-do-STF.jpg","datePublished":"2019-08-03T12:36:12+00:00","author":{"@id":"https:\/\/www.p31noticias.com.br\/#\/schema\/person\/77d6b186c710ac38937c6ec204fdd387"},"breadcrumb":{"@id":"https:\/\/www.p31noticias.com.br\/?p=18318#breadcrumb"},"inLanguage":"pt-BR","potentialAction":[{"@type":"ReadAction","target":["https:\/\/www.p31noticias.com.br\/?p=18318"]}]},{"@type":"ImageObject","inLanguage":"pt-BR","@id":"https:\/\/www.p31noticias.com.br\/?p=18318#primaryimage","url":"https:\/\/www.p31noticias.com.br\/wp-content\/uploads\/2019\/08\/Protocolado-pedido-de-impeachment-de-Toffoli-no-Senado.-Janaina-Paschoal-vai-com-tudo-para-cima-do-ministro-do-STF.jpg","contentUrl":"https:\/\/www.p31noticias.com.br\/wp-content\/uploads\/2019\/08\/Protocolado-pedido-de-impeachment-de-Toffoli-no-Senado.-Janaina-Paschoal-vai-com-tudo-para-cima-do-ministro-do-STF.jpg","width":800,"height":418},{"@type":"BreadcrumbList","@id":"https:\/\/www.p31noticias.com.br\/?p=18318#breadcrumb","itemListElement":[{"@type":"ListItem","position":1,"name":"In\u00edcio","item":"https:\/\/www.p31noticias.com.br\/"},{"@type":"ListItem","position":2,"name":"Janaina Paschoal: H\u00e1 algo muito grave escondido no STF"}]},{"@type":"WebSite","@id":"https:\/\/www.p31noticias.com.br\/#website","url":"https:\/\/www.p31noticias.com.br\/","name":"P31","description":"NOT\u00cdCIAS","potentialAction":[{"@type":"SearchAction","target":{"@type":"EntryPoint","urlTemplate":"https:\/\/www.p31noticias.com.br\/?s={search_term_string}"},"query-input":{"@type":"PropertyValueSpecification","valueRequired":true,"valueName":"search_term_string"}}],"inLanguage":"pt-BR"},{"@type":"Person","@id":"https:\/\/www.p31noticias.com.br\/#\/schema\/person\/77d6b186c710ac38937c6ec204fdd387","name":"Reda\u00e7\u00e3o JBN","image":{"@type":"ImageObject","inLanguage":"pt-BR","@id":"https:\/\/secure.gravatar.com\/avatar\/10fcdb93211f98cce3d64c0795b0915a9a4a21dc0f279238995a3dbfafcad090?s=96&d=mm&r=g","url":"https:\/\/secure.gravatar.com\/avatar\/10fcdb93211f98cce3d64c0795b0915a9a4a21dc0f279238995a3dbfafcad090?s=96&d=mm&r=g","contentUrl":"https:\/\/secure.gravatar.com\/avatar\/10fcdb93211f98cce3d64c0795b0915a9a4a21dc0f279238995a3dbfafcad090?s=96&d=mm&r=g","caption":"Reda\u00e7\u00e3o JBN"},"sameAs":["https:\/\/p31noticias.com.br"],"url":"https:\/\/www.p31noticias.com.br\/?author=18"}]}},"amp_enabled":true,"_links":{"self":[{"href":"https:\/\/www.p31noticias.com.br\/index.php?rest_route=\/wp\/v2\/posts\/18318","targetHints":{"allow":["GET"]}}],"collection":[{"href":"https:\/\/www.p31noticias.com.br\/index.php?rest_route=\/wp\/v2\/posts"}],"about":[{"href":"https:\/\/www.p31noticias.com.br\/index.php?rest_route=\/wp\/v2\/types\/post"}],"author":[{"embeddable":true,"href":"https:\/\/www.p31noticias.com.br\/index.php?rest_route=\/wp\/v2\/users\/18"}],"replies":[{"embeddable":true,"href":"https:\/\/www.p31noticias.com.br\/index.php?rest_route=%2Fwp%2Fv2%2Fcomments&post=18318"}],"version-history":[{"count":0,"href":"https:\/\/www.p31noticias.com.br\/index.php?rest_route=\/wp\/v2\/posts\/18318\/revisions"}],"wp:featuredmedia":[{"embeddable":true,"href":"https:\/\/www.p31noticias.com.br\/index.php?rest_route=\/wp\/v2\/media\/18319"}],"wp:attachment":[{"href":"https:\/\/www.p31noticias.com.br\/index.php?rest_route=%2Fwp%2Fv2%2Fmedia&parent=18318"}],"wp:term":[{"taxonomy":"category","embeddable":true,"href":"https:\/\/www.p31noticias.com.br\/index.php?rest_route=%2Fwp%2Fv2%2Fcategories&post=18318"},{"taxonomy":"post_tag","embeddable":true,"href":"https:\/\/www.p31noticias.com.br\/index.php?rest_route=%2Fwp%2Fv2%2Ftags&post=18318"}],"curies":[{"name":"wp","href":"https:\/\/api.w.org\/{rel}","templated":true}]}}