{"id":18307,"date":"2019-08-01T14:12:29","date_gmt":"2019-08-01T17:12:29","guid":{"rendered":"https:\/\/www.delioandrade.com.br\/?p=18307"},"modified":"2019-08-01T14:12:29","modified_gmt":"2019-08-01T17:12:29","slug":"nasa-desmente-ecologistas-com-psicose-ambientalista","status":"publish","type":"post","link":"https:\/\/www.p31noticias.com.br\/?p=18307","title":{"rendered":"NASA desmente ecologistas com psicose ambientalista"},"content":{"rendered":"<p>NASA e o servi\u00e7o geol\u00f3gico dos EUA publicaram recentemente um <a href=\"https:\/\/juniortakamoto.com.br\/aquecimento-global-mito\/\">estudo sobre as \u00e1reas<\/a> cultivadas do nosso planeta a partir de monitoramento feito por sat\u00e9lites.<\/p>\n<p>Em rela\u00e7\u00e3o ao Brasil, a NASA calculou a nossa \u00e1rea de lavoura em 63.994.479 hectares, correspondentes a 7,6% do total dos 8.515.767.049 km<sup>2<\/sup>\u00a0do territ\u00f3rio nacional.<\/p>\n<p>Por sua vez, a Embrapa (Empresa Brasileira de Pesquisa Agropecu\u00e1ria) havia feito esse mesmo c\u00e1lculo em 2016, tamb\u00e9m via sat\u00e9lite, chegando a um resultado muito pr\u00f3ximo: 65.913.738 hectares ou 7,8%.<\/p>\n<figure id=\"attachment_111363\" class=\"wp-caption alignleft\" aria-describedby=\"caption-attachment-111363\"><img loading=\"lazy\" decoding=\"async\" class=\"wp-image-111363\" src=\"https:\/\/tercalivre.com.br\/wp-content\/uploads\/2019\/08\/Evaristo-de-Miranda-Embrapa.jpg\" sizes=\"auto, (max-width: 266px) 100vw, 266px\" srcset=\"https:\/\/tercalivre.com.br\/wp-content\/uploads\/2019\/08\/Evaristo-de-Miranda-Embrapa.jpg 400w, https:\/\/tercalivre.com.br\/wp-content\/uploads\/2019\/08\/Evaristo-de-Miranda-Embrapa-300x218.jpg 300w, https:\/\/tercalivre.com.br\/wp-content\/uploads\/2019\/08\/Evaristo-de-Miranda-Embrapa-74x55.jpg 74w\" alt=\"\" width=\"266\" height=\"193\" \/><figcaption id=\"caption-attachment-111363\" class=\"wp-caption-text\">Evaristo de Miranda, Coordenador do Grupo de Intelig\u00eancia Territorial Estrat\u00e9gica \u2013 GITE da EMBRAPA. (Foto: Ag\u00eancia Senado).<\/figcaption><\/figure>\n<p>Os n\u00fameros da NASA indicam percentual um pouco menor, mas segundo Evaristo de Miranda \u2014 doutor em ecologia e chefe geral da Embrapa [<strong>foto ao lado<\/strong>] \u2014, uma pequena diferen\u00e7a de 0,2% \u00e9 normal entre dados brasileiros e norte-americanos.<\/p>\n<p>O estudo americano, citado em um artigo de Evaristo de Miranda, revela que a maior parte dos pa\u00edses utiliza de 20% a 30% de suas terras com atividades agr\u00edcolas, sendo que as na\u00e7\u00f5es que integram a Uni\u00e3o Europeia fazem uso de 45% a 65% de seus territ\u00f3rios para essa finalidade.<\/p>\n<p>Miranda afirma em seu artigo que a parcela dedicada pelos produtores \u00e0 preserva\u00e7\u00e3o da vegeta\u00e7\u00e3o nativa e da biodiversidade em seus im\u00f3veis rurais corresponde a 21% do nosso territ\u00f3rio. Informa ainda que s\u00e3o mais de 177 milh\u00f5es de hectares registrados no CAR (Cadastro Ambiental Rural), sem nenhuma compensa\u00e7\u00e3o financeira nem ajuda governamental.<\/p>\n<p>Como se v\u00ea,\u00a0<strong>trata-se de um cen\u00e1rio muito diverso do apresentado de modo descabido e desonesto por muitos ecologistas desinformados e de vis\u00edvel m\u00e1 f\u00e9<\/strong>, pois se percebe que o percentual de \u00e1reas destinadas \u00e0 agricultura no Brasil \u00e9 extremamente abaixo da m\u00e9dia mundial.<\/p>\n<h3>Mapeamento<\/h3>\n<p><img loading=\"lazy\" decoding=\"async\" class=\"alignright wp-image-111364\" src=\"https:\/\/tercalivre.com.br\/wp-content\/uploads\/2019\/08\/Nasa-floresta-768x510.jpg\" sizes=\"auto, (max-width: 316px) 100vw, 316px\" srcset=\"https:\/\/tercalivre.com.br\/wp-content\/uploads\/2019\/08\/Nasa-floresta-768x510.jpg 768w, https:\/\/tercalivre.com.br\/wp-content\/uploads\/2019\/08\/Nasa-floresta-768x510-300x200.jpg 300w, https:\/\/tercalivre.com.br\/wp-content\/uploads\/2019\/08\/Nasa-floresta-768x510-414x276.jpg 414w, https:\/\/tercalivre.com.br\/wp-content\/uploads\/2019\/08\/Nasa-floresta-768x510-470x313.jpg 470w, https:\/\/tercalivre.com.br\/wp-content\/uploads\/2019\/08\/Nasa-floresta-768x510-640x426.jpg 640w, https:\/\/tercalivre.com.br\/wp-content\/uploads\/2019\/08\/Nasa-floresta-768x510-130x86.jpg 130w, https:\/\/tercalivre.com.br\/wp-content\/uploads\/2019\/08\/Nasa-floresta-768x510-187x124.jpg 187w\" alt=\"NASA\" width=\"316\" height=\"210\" \/>Esses dados e mapas, confirmados agora pela NASA e certamente pelo Censo Agropecu\u00e1rio, dever\u00e3o ser divulgados para reduzir a vis\u00e3o distorcida sobre a agricultura brasileira.<\/p>\n<p>O mapeamento considera que o Brasil possui uma extens\u00e3o territorial de 845 milh\u00f5es de hectares, dos quais 63,99 milh\u00f5es s\u00e3o utilizados como \u00e1rea de cultivo. Bem menos, por exemplo, do que os Estados Unidos, em cujo territ\u00f3rio de 914 milh\u00f5es de hectares s\u00e3o cultivados 167 milh\u00f5es de hectares, o equivalente a 18,34% da \u00e1rea nacional.<\/p>\n<p>Evaristo de Miranda destaca que apresentou suas estat\u00edsticas durante palestra na SNA (Sociedade Nacional de Agricultura). Em rela\u00e7\u00e3o \u00e0 ocupa\u00e7\u00e3o de nossas terras, ele mostrou que 61% do Pa\u00eds s\u00e3o ocupados por vegeta\u00e7\u00e3o nativa e 38,7% por propriedades rurais, nas quais h\u00e1 11% de vegeta\u00e7\u00e3o, 8% de lavouras e florestas, e 19,7% de pastagens.<\/p>\n<h3>As cidades macrolog\u00edsticas e mineradoras, entre outras, somam 11,3 %.NASA<\/h3>\n<p><img loading=\"lazy\" decoding=\"async\" class=\"alignleft wp-image-111365\" src=\"https:\/\/tercalivre.com.br\/wp-content\/uploads\/2019\/08\/ISS_seen_from_STS-132-e1564632703306.jpg\" alt=\"NASA\" width=\"262\" height=\"174\" \/>Os n\u00fameros da NASA e da Embrapa podem rebater as criticas das comunidades internacionais de que os agricultores brasileiros s\u00e3o desmatadores.\u00a0<strong>O estudo da NASA demonstra como o Brasil protege e preserva vegeta\u00e7\u00e3o nativa em mais de 66% de seu territ\u00f3rio e cultiva apenas 7,6%.<\/strong><\/p>\n<p>A Dinamarca cultiva 76,8% dez vezes mais do que o Brasil, a Irlanda 74,7%, os Pa\u00edses Baixos 66,2%, o Reino Unido 63,9% e a Alemanha 56,9%.<\/p>\n<p>A maior parte dos pa\u00edses utiliza entre 20% a 30% do territ\u00f3rio com a agricultura. Os da Uni\u00e3o Europeia usam entre 45% a 65%, os Estados Unidos 18,3%, a China 17,7% e a \u00cdndia 60,5%, enquanto os agricultores brasileiros usam apenas 7,7% com muita tecnologia e profissionalismo, afirma Evaristo de Miranda.<\/p>\n<p>As maiores \u00e1reas cultivadas est\u00e3o na \u00edndia (179,8 milh\u00f5es de hectares), nos Estados Unidos (167,2 milh\u00f5es de hectares), na China (165,2 milh\u00f5es de hectares) e na R\u00fassia (155,8 milh\u00f5es de hectares). Esses quatro pa\u00edses utilizam 36% da \u00e1rea cultivada do planeta. O Brasil ocupa o quinto lugar, seguido por Canad\u00e1, Argentina, Indon\u00e9sia, Austr\u00e1lia e M\u00e9xico.<\/p>\n<p>O chefe da Embrapa explica que o trabalho conjunto da NASA e do Servi\u00e7o Geol\u00f3gico dos Estados Unidos faz um amplo levantamento, com o mapeamento e o c\u00e1lculo das \u00e1reas cultivadas no planeta baseados em monitoramentos por sat\u00e9lites. Durante duas d\u00e9cadas a Terra foi vasculhada detalhadamente, em imagens de alta defini\u00e7\u00e3o por pesquisadores, que comprovaram os dados publicados pela Embrapa. Os europeus desmataram e exploraram intensamente os seus territ\u00f3rios.<\/p>\n<p>A Europa (sem a R\u00fassia) detinha mais de 7% das florestas originais de seus pa\u00edses e hoje tem apenas 0,1%. A soma das \u00e1reas cultivadas da Fran\u00e7a (31.795.945 hectares) com as da Espanha (34.994.709 hectares) equivale \u00e0quela cultivada no Brasil (63.994.709 hectares), explica o especialista da Embrapa.<\/p>\n<p>O mapeamento considera que o Brasil tem uma extens\u00e3o territorial de 845 milh\u00f5es de hectares, dos quais 63,99 milh\u00f5es s\u00e3o utilizados para \u00e1rea de cultivo, bem menos que os Estados Unidos.<\/p>\n<p>O territ\u00f3rio americano possui 914 milh\u00f5es de hectares, dos quais 167 milh\u00f5es s\u00e3o cultivados, o equivalente a 18,34% da \u00e1rea nacional.<\/p>\n<h3>Psicose ambientalista NASA<\/h3>\n<figure id=\"attachment_111366\" class=\"wp-caption alignleft\" aria-describedby=\"caption-attachment-111366\"><img loading=\"lazy\" decoding=\"async\" class=\"alignleft wp-image-111366\" src=\"https:\/\/tercalivre.com.br\/wp-content\/uploads\/2019\/08\/Dom-Bertrad-pr%C3%ADncipe-do-Brasil-livro-psicose-ambientalista.jpg\" alt=\"NASA\" width=\"271\" height=\"242\" \/><figcaption id=\"caption-attachment-111366\" class=\"wp-caption-text\">S.A.I.R. Dom Bertrand de Orleans e Bragan\u00e7a, pr\u00edncipe do Brasil, no lan\u00e7amento do livro Psicose Ambientalista. (Foto do site: \u201cVerde: a cor nova do comunismo\u201d)<\/figcaption><\/figure>\n<p>Existe hoje uma verdadeira \u201cpsicose ambientalista\u201d nacional promovida nos bastidores do ecoterrorismo para implantar uma \u201creligi\u00e3o\u201d ecol\u00f3gica, igualit\u00e1ria e anticrist\u00e3 no Brasil, como descreve muito bem o Pr\u00edncipe Dom Bertrand de Orleans e Bragan\u00e7a em seu livro\u00a0<strong>Psicose Ambientalista<\/strong>. Nesta obra, Dom Bertrand afirma que\u00a0<em>\u201cO Brasil \u00e9 o principal alvo no fogo cruzado do debate e da press\u00e3o ambientalista internacional, com a Amaz\u00f4nia sempre nas manchetes. Engrossam esse coro grupos ambientalistas catastrofistas sustentados por ONGs internacionais\u201d<\/em><\/p>\n<p>E prossegue:\u00a0<em>\u201cH\u00e1 dois pesos e duas medidas nesse processo, pois sendo a China conhecida como a maior poluidora do universo, ela \u00e9 incompreensivelmente pouco citada ou pressionada. Seria isso por \u2018imunidades diplom\u00e1ticas\u2019 m\u00fatuas de\u00a0\u2018companheiros\u2019\u00a0e\u00a0\u2018camaradas\u2019\u201d?<\/em><\/p>\n<p><em>\u201cO movimento ambientalista nacional e internacional, de orienta\u00e7\u00e3o neocomunista, engendrou meios para engessar o agroneg\u00f3cio e as obras necess\u00e1rias ao desenvolvimento nacional. Foram inseridas na legisla\u00e7\u00e3o ambiental in\u00fameras proibi\u00e7\u00f5es, restri\u00e7\u00f5es, puni\u00e7\u00f5es destinadas a imobilizar os propulsores do nosso progresso agropecu\u00e1rio. Inexplicavelmente, muito disso se manteve no novo C\u00f3digo Florestal, que aparenta beneficiar o empreendedor agr\u00edcola, mas o impede de desenvolver e aplicar suas imensas potencialidades.\u201d<\/em><\/p>\n<p><em>\u201cEsta parte \u00e9 dedicada a avaliar as consequ\u00eancias da aplica\u00e7\u00e3o da legisla\u00e7\u00e3o ambiental a ser aplicada na economia rural e nacional. S\u00e3o previstas tantas consequ\u00eancias funestas, que n\u00e3o seria exagero qualific\u00e1-las de crime de lesa-p\u00e1tria.\u201d<\/em><\/p>\n","protected":false},"excerpt":{"rendered":"<p>NASA e o servi\u00e7o geol\u00f3gico dos EUA publicaram recentemente um estudo sobre as \u00e1reas cultivadas do nosso planeta a partir de monitoramento feito por sat\u00e9lites. Em rela\u00e7\u00e3o ao Brasil, a NASA calculou a nossa \u00e1rea de lavoura em 63.994.479 hectares, correspondentes a 7,6% do total dos 8.515.767.049 km2\u00a0do territ\u00f3rio nacional. Por sua vez, a Embrapa [&hellip;]<\/p>\n","protected":false},"author":18,"featured_media":18308,"comment_status":"open","ping_status":"open","sticky":false,"template":"","format":"standard","meta":{"footnotes":""},"categories":[1],"tags":[131,130,129],"class_list":{"0":"post-18307","1":"post","2":"type-post","3":"status-publish","4":"format-standard","5":"has-post-thumbnail","7":"category-outros","8":"tag-ambientalistas","9":"tag-ecologistas","10":"tag-nasa"},"yoast_head":"<!-- This site is optimized with the Yoast SEO Premium plugin v24.5 (Yoast SEO v27.5) - https:\/\/yoast.com\/product\/yoast-seo-premium-wordpress\/ -->\n<title>NASA desmente ecologistas com psicose ambientalista - P31<\/title>\n<meta name=\"robots\" content=\"index, follow, max-snippet:-1, max-image-preview:large, max-video-preview:-1\" \/>\n<link rel=\"canonical\" href=\"https:\/\/www.p31noticias.com.br\/?p=18307\" \/>\n<meta property=\"og:locale\" content=\"pt_BR\" \/>\n<meta property=\"og:type\" content=\"article\" \/>\n<meta property=\"og:title\" content=\"NASA desmente ecologistas com psicose ambientalista\" \/>\n<meta property=\"og:description\" content=\"NASA e o servi\u00e7o geol\u00f3gico dos EUA publicaram recentemente um estudo sobre as \u00e1reas cultivadas do nosso planeta a partir de monitoramento feito por sat\u00e9lites. Em rela\u00e7\u00e3o ao Brasil, a NASA calculou a nossa \u00e1rea de lavoura em 63.994.479 hectares, correspondentes a 7,6% do total dos 8.515.767.049 km2\u00a0do territ\u00f3rio nacional. Por sua vez, a Embrapa [&hellip;]\" \/>\n<meta property=\"og:url\" content=\"https:\/\/www.p31noticias.com.br\/?p=18307\" \/>\n<meta property=\"og:site_name\" content=\"P31\" \/>\n<meta property=\"article:published_time\" content=\"2019-08-01T17:12:29+00:00\" \/>\n<meta property=\"og:image\" content=\"https:\/\/www.p31noticias.com.br\/wp-content\/uploads\/2019\/08\/16391451_303.jpg\" \/>\n\t<meta property=\"og:image:width\" content=\"700\" \/>\n\t<meta property=\"og:image:height\" content=\"394\" \/>\n\t<meta property=\"og:image:type\" content=\"image\/jpeg\" \/>\n<meta name=\"author\" content=\"Reda\u00e7\u00e3o JBN\" \/>\n<meta name=\"twitter:card\" content=\"summary_large_image\" \/>\n<meta name=\"twitter:label1\" content=\"Escrito por\" \/>\n\t<meta name=\"twitter:data1\" content=\"Reda\u00e7\u00e3o JBN\" \/>\n\t<meta name=\"twitter:label2\" content=\"Est. tempo de leitura\" \/>\n\t<meta name=\"twitter:data2\" content=\"5 minutos\" \/>\n<script type=\"application\/ld+json\" class=\"yoast-schema-graph\">{\"@context\":\"https:\\\/\\\/schema.org\",\"@graph\":[{\"@type\":\"Article\",\"@id\":\"https:\\\/\\\/www.p31noticias.com.br\\\/?p=18307#article\",\"isPartOf\":{\"@id\":\"https:\\\/\\\/www.p31noticias.com.br\\\/?p=18307\"},\"author\":{\"name\":\"Reda\u00e7\u00e3o JBN\",\"@id\":\"https:\\\/\\\/www.p31noticias.com.br\\\/#\\\/schema\\\/person\\\/77d6b186c710ac38937c6ec204fdd387\"},\"headline\":\"NASA desmente ecologistas com psicose ambientalista\",\"datePublished\":\"2019-08-01T17:12:29+00:00\",\"mainEntityOfPage\":{\"@id\":\"https:\\\/\\\/www.p31noticias.com.br\\\/?p=18307\"},\"wordCount\":1076,\"commentCount\":0,\"image\":{\"@id\":\"https:\\\/\\\/www.p31noticias.com.br\\\/?p=18307#primaryimage\"},\"thumbnailUrl\":\"https:\\\/\\\/www.p31noticias.com.br\\\/wp-content\\\/uploads\\\/2019\\\/08\\\/16391451_303.jpg\",\"keywords\":[\"ambientalistas\",\"ecologistas\",\"NASA\"],\"articleSection\":[\"Outros\"],\"inLanguage\":\"pt-BR\",\"potentialAction\":[{\"@type\":\"CommentAction\",\"name\":\"Comment\",\"target\":[\"https:\\\/\\\/www.p31noticias.com.br\\\/?p=18307#respond\"]}],\"copyrightYear\":\"2019\",\"copyrightHolder\":{\"@id\":\"https:\\\/\\\/www.p31noticias.com.br\\\/#organization\"}},{\"@type\":\"WebPage\",\"@id\":\"https:\\\/\\\/www.p31noticias.com.br\\\/?p=18307\",\"url\":\"https:\\\/\\\/www.p31noticias.com.br\\\/?p=18307\",\"name\":\"NASA desmente ecologistas com psicose ambientalista - P31\",\"isPartOf\":{\"@id\":\"https:\\\/\\\/www.p31noticias.com.br\\\/#website\"},\"primaryImageOfPage\":{\"@id\":\"https:\\\/\\\/www.p31noticias.com.br\\\/?p=18307#primaryimage\"},\"image\":{\"@id\":\"https:\\\/\\\/www.p31noticias.com.br\\\/?p=18307#primaryimage\"},\"thumbnailUrl\":\"https:\\\/\\\/www.p31noticias.com.br\\\/wp-content\\\/uploads\\\/2019\\\/08\\\/16391451_303.jpg\",\"datePublished\":\"2019-08-01T17:12:29+00:00\",\"author\":{\"@id\":\"https:\\\/\\\/www.p31noticias.com.br\\\/#\\\/schema\\\/person\\\/77d6b186c710ac38937c6ec204fdd387\"},\"breadcrumb\":{\"@id\":\"https:\\\/\\\/www.p31noticias.com.br\\\/?p=18307#breadcrumb\"},\"inLanguage\":\"pt-BR\",\"potentialAction\":[{\"@type\":\"ReadAction\",\"target\":[\"https:\\\/\\\/www.p31noticias.com.br\\\/?p=18307\"]}]},{\"@type\":\"ImageObject\",\"inLanguage\":\"pt-BR\",\"@id\":\"https:\\\/\\\/www.p31noticias.com.br\\\/?p=18307#primaryimage\",\"url\":\"https:\\\/\\\/www.p31noticias.com.br\\\/wp-content\\\/uploads\\\/2019\\\/08\\\/16391451_303.jpg\",\"contentUrl\":\"https:\\\/\\\/www.p31noticias.com.br\\\/wp-content\\\/uploads\\\/2019\\\/08\\\/16391451_303.jpg\",\"width\":700,\"height\":394},{\"@type\":\"BreadcrumbList\",\"@id\":\"https:\\\/\\\/www.p31noticias.com.br\\\/?p=18307#breadcrumb\",\"itemListElement\":[{\"@type\":\"ListItem\",\"position\":1,\"name\":\"In\u00edcio\",\"item\":\"https:\\\/\\\/www.p31noticias.com.br\\\/\"},{\"@type\":\"ListItem\",\"position\":2,\"name\":\"NASA desmente ecologistas com psicose ambientalista\"}]},{\"@type\":\"WebSite\",\"@id\":\"https:\\\/\\\/www.p31noticias.com.br\\\/#website\",\"url\":\"https:\\\/\\\/www.p31noticias.com.br\\\/\",\"name\":\"P31\",\"description\":\"NOT\u00cdCIAS\",\"potentialAction\":[{\"@type\":\"SearchAction\",\"target\":{\"@type\":\"EntryPoint\",\"urlTemplate\":\"https:\\\/\\\/www.p31noticias.com.br\\\/?s={search_term_string}\"},\"query-input\":{\"@type\":\"PropertyValueSpecification\",\"valueRequired\":true,\"valueName\":\"search_term_string\"}}],\"inLanguage\":\"pt-BR\"},{\"@type\":\"Person\",\"@id\":\"https:\\\/\\\/www.p31noticias.com.br\\\/#\\\/schema\\\/person\\\/77d6b186c710ac38937c6ec204fdd387\",\"name\":\"Reda\u00e7\u00e3o JBN\",\"image\":{\"@type\":\"ImageObject\",\"inLanguage\":\"pt-BR\",\"@id\":\"https:\\\/\\\/secure.gravatar.com\\\/avatar\\\/10fcdb93211f98cce3d64c0795b0915a9a4a21dc0f279238995a3dbfafcad090?s=96&d=mm&r=g\",\"url\":\"https:\\\/\\\/secure.gravatar.com\\\/avatar\\\/10fcdb93211f98cce3d64c0795b0915a9a4a21dc0f279238995a3dbfafcad090?s=96&d=mm&r=g\",\"contentUrl\":\"https:\\\/\\\/secure.gravatar.com\\\/avatar\\\/10fcdb93211f98cce3d64c0795b0915a9a4a21dc0f279238995a3dbfafcad090?s=96&d=mm&r=g\",\"caption\":\"Reda\u00e7\u00e3o JBN\"},\"sameAs\":[\"https:\\\/\\\/p31noticias.com.br\"],\"url\":\"https:\\\/\\\/www.p31noticias.com.br\\\/?author=18\"}]}<\/script>\n<!-- \/ Yoast SEO Premium plugin. -->","yoast_head_json":{"title":"NASA desmente ecologistas com psicose ambientalista - P31","robots":{"index":"index","follow":"follow","max-snippet":"max-snippet:-1","max-image-preview":"max-image-preview:large","max-video-preview":"max-video-preview:-1"},"canonical":"https:\/\/www.p31noticias.com.br\/?p=18307","og_locale":"pt_BR","og_type":"article","og_title":"NASA desmente ecologistas com psicose ambientalista","og_description":"NASA e o servi\u00e7o geol\u00f3gico dos EUA publicaram recentemente um estudo sobre as \u00e1reas cultivadas do nosso planeta a partir de monitoramento feito por sat\u00e9lites. Em rela\u00e7\u00e3o ao Brasil, a NASA calculou a nossa \u00e1rea de lavoura em 63.994.479 hectares, correspondentes a 7,6% do total dos 8.515.767.049 km2\u00a0do territ\u00f3rio nacional. Por sua vez, a Embrapa [&hellip;]","og_url":"https:\/\/www.p31noticias.com.br\/?p=18307","og_site_name":"P31","article_published_time":"2019-08-01T17:12:29+00:00","og_image":[{"width":700,"height":394,"url":"https:\/\/www.p31noticias.com.br\/wp-content\/uploads\/2019\/08\/16391451_303.jpg","type":"image\/jpeg"}],"author":"Reda\u00e7\u00e3o JBN","twitter_card":"summary_large_image","twitter_misc":{"Escrito por":"Reda\u00e7\u00e3o JBN","Est. tempo de leitura":"5 minutos"},"schema":{"@context":"https:\/\/schema.org","@graph":[{"@type":"Article","@id":"https:\/\/www.p31noticias.com.br\/?p=18307#article","isPartOf":{"@id":"https:\/\/www.p31noticias.com.br\/?p=18307"},"author":{"name":"Reda\u00e7\u00e3o JBN","@id":"https:\/\/www.p31noticias.com.br\/#\/schema\/person\/77d6b186c710ac38937c6ec204fdd387"},"headline":"NASA desmente ecologistas com psicose ambientalista","datePublished":"2019-08-01T17:12:29+00:00","mainEntityOfPage":{"@id":"https:\/\/www.p31noticias.com.br\/?p=18307"},"wordCount":1076,"commentCount":0,"image":{"@id":"https:\/\/www.p31noticias.com.br\/?p=18307#primaryimage"},"thumbnailUrl":"https:\/\/www.p31noticias.com.br\/wp-content\/uploads\/2019\/08\/16391451_303.jpg","keywords":["ambientalistas","ecologistas","NASA"],"articleSection":["Outros"],"inLanguage":"pt-BR","potentialAction":[{"@type":"CommentAction","name":"Comment","target":["https:\/\/www.p31noticias.com.br\/?p=18307#respond"]}],"copyrightYear":"2019","copyrightHolder":{"@id":"https:\/\/www.p31noticias.com.br\/#organization"}},{"@type":"WebPage","@id":"https:\/\/www.p31noticias.com.br\/?p=18307","url":"https:\/\/www.p31noticias.com.br\/?p=18307","name":"NASA desmente ecologistas com psicose ambientalista - P31","isPartOf":{"@id":"https:\/\/www.p31noticias.com.br\/#website"},"primaryImageOfPage":{"@id":"https:\/\/www.p31noticias.com.br\/?p=18307#primaryimage"},"image":{"@id":"https:\/\/www.p31noticias.com.br\/?p=18307#primaryimage"},"thumbnailUrl":"https:\/\/www.p31noticias.com.br\/wp-content\/uploads\/2019\/08\/16391451_303.jpg","datePublished":"2019-08-01T17:12:29+00:00","author":{"@id":"https:\/\/www.p31noticias.com.br\/#\/schema\/person\/77d6b186c710ac38937c6ec204fdd387"},"breadcrumb":{"@id":"https:\/\/www.p31noticias.com.br\/?p=18307#breadcrumb"},"inLanguage":"pt-BR","potentialAction":[{"@type":"ReadAction","target":["https:\/\/www.p31noticias.com.br\/?p=18307"]}]},{"@type":"ImageObject","inLanguage":"pt-BR","@id":"https:\/\/www.p31noticias.com.br\/?p=18307#primaryimage","url":"https:\/\/www.p31noticias.com.br\/wp-content\/uploads\/2019\/08\/16391451_303.jpg","contentUrl":"https:\/\/www.p31noticias.com.br\/wp-content\/uploads\/2019\/08\/16391451_303.jpg","width":700,"height":394},{"@type":"BreadcrumbList","@id":"https:\/\/www.p31noticias.com.br\/?p=18307#breadcrumb","itemListElement":[{"@type":"ListItem","position":1,"name":"In\u00edcio","item":"https:\/\/www.p31noticias.com.br\/"},{"@type":"ListItem","position":2,"name":"NASA desmente ecologistas com psicose ambientalista"}]},{"@type":"WebSite","@id":"https:\/\/www.p31noticias.com.br\/#website","url":"https:\/\/www.p31noticias.com.br\/","name":"P31","description":"NOT\u00cdCIAS","potentialAction":[{"@type":"SearchAction","target":{"@type":"EntryPoint","urlTemplate":"https:\/\/www.p31noticias.com.br\/?s={search_term_string}"},"query-input":{"@type":"PropertyValueSpecification","valueRequired":true,"valueName":"search_term_string"}}],"inLanguage":"pt-BR"},{"@type":"Person","@id":"https:\/\/www.p31noticias.com.br\/#\/schema\/person\/77d6b186c710ac38937c6ec204fdd387","name":"Reda\u00e7\u00e3o JBN","image":{"@type":"ImageObject","inLanguage":"pt-BR","@id":"https:\/\/secure.gravatar.com\/avatar\/10fcdb93211f98cce3d64c0795b0915a9a4a21dc0f279238995a3dbfafcad090?s=96&d=mm&r=g","url":"https:\/\/secure.gravatar.com\/avatar\/10fcdb93211f98cce3d64c0795b0915a9a4a21dc0f279238995a3dbfafcad090?s=96&d=mm&r=g","contentUrl":"https:\/\/secure.gravatar.com\/avatar\/10fcdb93211f98cce3d64c0795b0915a9a4a21dc0f279238995a3dbfafcad090?s=96&d=mm&r=g","caption":"Reda\u00e7\u00e3o JBN"},"sameAs":["https:\/\/p31noticias.com.br"],"url":"https:\/\/www.p31noticias.com.br\/?author=18"}]}},"amp_enabled":true,"_links":{"self":[{"href":"https:\/\/www.p31noticias.com.br\/index.php?rest_route=\/wp\/v2\/posts\/18307","targetHints":{"allow":["GET"]}}],"collection":[{"href":"https:\/\/www.p31noticias.com.br\/index.php?rest_route=\/wp\/v2\/posts"}],"about":[{"href":"https:\/\/www.p31noticias.com.br\/index.php?rest_route=\/wp\/v2\/types\/post"}],"author":[{"embeddable":true,"href":"https:\/\/www.p31noticias.com.br\/index.php?rest_route=\/wp\/v2\/users\/18"}],"replies":[{"embeddable":true,"href":"https:\/\/www.p31noticias.com.br\/index.php?rest_route=%2Fwp%2Fv2%2Fcomments&post=18307"}],"version-history":[{"count":0,"href":"https:\/\/www.p31noticias.com.br\/index.php?rest_route=\/wp\/v2\/posts\/18307\/revisions"}],"wp:featuredmedia":[{"embeddable":true,"href":"https:\/\/www.p31noticias.com.br\/index.php?rest_route=\/wp\/v2\/media\/18308"}],"wp:attachment":[{"href":"https:\/\/www.p31noticias.com.br\/index.php?rest_route=%2Fwp%2Fv2%2Fmedia&parent=18307"}],"wp:term":[{"taxonomy":"category","embeddable":true,"href":"https:\/\/www.p31noticias.com.br\/index.php?rest_route=%2Fwp%2Fv2%2Fcategories&post=18307"},{"taxonomy":"post_tag","embeddable":true,"href":"https:\/\/www.p31noticias.com.br\/index.php?rest_route=%2Fwp%2Fv2%2Ftags&post=18307"}],"curies":[{"name":"wp","href":"https:\/\/api.w.org\/{rel}","templated":true}]}}