{"id":18304,"date":"2019-07-30T14:11:50","date_gmt":"2019-07-30T17:11:50","guid":{"rendered":"https:\/\/www.delioandrade.com.br\/?p=18304"},"modified":"2019-07-30T14:11:50","modified_gmt":"2019-07-30T17:11:50","slug":"onibus-autonomo-vai-circular-em-brasilia-ainda-este-ano","status":"publish","type":"post","link":"https:\/\/www.p31noticias.com.br\/?p=18304","title":{"rendered":"\u00d4nibus aut\u00f4nomo vai circular em Bras\u00edlia ainda este ano"},"content":{"rendered":"<p class=\"mat-lead\">\u00d4nibus aut\u00f4nomo: Quando foi criada, em 1960, Bras\u00edlia ganhou o selo de modernidade por seu inovador, para a \u00e9poca, projeto arquitet\u00f4nico. Seguindo a fama que a acompanha desde quando foi fundada, o Governo do Distrito Federal (GDF) lan\u00e7ou um plano para tornar a capital federal a primeira\u00a0cidade inteligente\u00a0da Am\u00e9rica Latina. O primeiro passo para o futuro ser\u00e1 na mobilidade urbana, com a chegada de um\u00a0\u00f4nibus aut\u00f4nomo\u00a0para transportar pessoas pela Esplanada dos Minist\u00e9rios.<\/p>\n<p>O projeto \u00e9 uma parceria entre o GDF e uma empresa do\u00a0Vale do Sil\u00edcio, nos Estados Unidos, cujo nome ainda n\u00e3o pode ser revelado. O plano faz parte da tend\u00eancia mundial de expandir a\u00a0internet das coisas, tecnologia de conex\u00e3o e intera\u00e7\u00e3o de objetos do cotidiano entre si e com os usu\u00e1rios, atrav\u00e9s de sensores inteligentes e softwares de transmiss\u00e3o de dados.<\/p>\n<p>As negocia\u00e7\u00f5es em torno do\u00a0\u00f4nibus aut\u00f4nomo\u00a0est\u00e3o em andamento e o contrato do GDF com a companhia deve ser fechado nos pr\u00f3ximos 60 dias. A previs\u00e3o \u00e9 que o ve\u00edculo comece a circular em Bras\u00edlia ainda neste segundo semestre.<\/p>\n<p>O pr\u00f3ximo passo do DF ser\u00e1 implementar um sistema de transporte inteligente, que resulte em uma mobilidade urbana mais segura e tranquila, evitando acidentes e facilitando o fluxo de ve\u00edculos. Segundo o secret\u00e1rio de Ci\u00eancia e Tecnologia de Bras\u00edlia, Gilvan M\u00e1ximo, a inten\u00e7\u00e3o \u00e9 ampliar a proposta para toda a cidade.<\/p>\n<p>&#8220;Os pr\u00f3ximos encontros servir\u00e3o para conhecer a tecnologia. Ser\u00e1 um projeto piloto para avaliar a expans\u00e3o posteriormente. O \u00f4nibus ser\u00e1 completamente aut\u00f4nomo, sem a necessidade de motorista ou qualquer outro funcion\u00e1rio. O software j\u00e1 foi desenvolvido, e o trajeto simples da Esplanada \u00e9 ideal para test\u00e1-lo&#8221;, informa o secret\u00e1rio.<\/p>\n<p>Ve\u00edculos el\u00e9tricos\u00a0tamb\u00e9m fazem parte do projeto do GDF. A administra\u00e7\u00e3o de Bras\u00edlia e a Ag\u00eancia Brasileira de Desenvolvimento Industrial (ABDI) fizeram parceria para disponibilizar 16 carros do modelo Twizy, da marca Renault, para uso por servidores distritais. O DF tamb\u00e9m vai disponibilizar 35 eletropostos para recarga gratuita dos autom\u00f3veis, como um modo de incentivo \u00e0 troca de carros \u00e0 combust\u00e3o pelos el\u00e9tricos.<\/p>\n<p>Com o \u00f4nibus aut\u00f4nomo e os ve\u00edculos el\u00e9tricos, Bras\u00edlia ser\u00e1 uma verdadeira oficina de testes a c\u00e9u aberto de como a tecnologia inteligente pode melhorar a mobilidade urbana.<\/p>\n","protected":false},"excerpt":{"rendered":"<p>\u00d4nibus aut\u00f4nomo: Quando foi criada, em 1960, Bras\u00edlia ganhou o selo de modernidade por seu inovador, para a \u00e9poca, projeto arquitet\u00f4nico. Seguindo a fama que a acompanha desde quando foi fundada, o Governo do Distrito Federal (GDF) lan\u00e7ou um plano para tornar a capital federal a primeira\u00a0cidade inteligente\u00a0da Am\u00e9rica Latina. O primeiro passo para o [&hellip;]<\/p>\n","protected":false},"author":18,"featured_media":18305,"comment_status":"open","ping_status":"open","sticky":false,"template":"","format":"standard","meta":{"footnotes":""},"categories":[21],"tags":[35,127,128],"class_list":{"0":"post-18304","1":"post","2":"type-post","3":"status-publish","4":"format-standard","5":"has-post-thumbnail","7":"category-brasilia","8":"tag-gdf","9":"tag-onibus-autonomo","10":"tag-transporte"},"yoast_head":"<!-- This site is optimized with the Yoast SEO Premium plugin v24.5 (Yoast SEO v27.5) - https:\/\/yoast.com\/product\/yoast-seo-premium-wordpress\/ -->\n<title>\u00d4nibus aut\u00f4nomo vai circular em Bras\u00edlia ainda este ano - P31<\/title>\n<meta name=\"robots\" content=\"index, follow, max-snippet:-1, max-image-preview:large, max-video-preview:-1\" \/>\n<link rel=\"canonical\" href=\"https:\/\/www.p31noticias.com.br\/?p=18304\" \/>\n<meta property=\"og:locale\" content=\"pt_BR\" \/>\n<meta property=\"og:type\" content=\"article\" \/>\n<meta property=\"og:title\" content=\"\u00d4nibus aut\u00f4nomo vai circular em Bras\u00edlia ainda este ano\" \/>\n<meta property=\"og:description\" content=\"\u00d4nibus aut\u00f4nomo: Quando foi criada, em 1960, Bras\u00edlia ganhou o selo de modernidade por seu inovador, para a \u00e9poca, projeto arquitet\u00f4nico. Seguindo a fama que a acompanha desde quando foi fundada, o Governo do Distrito Federal (GDF) lan\u00e7ou um plano para tornar a capital federal a primeira\u00a0cidade inteligente\u00a0da Am\u00e9rica Latina. O primeiro passo para o [&hellip;]\" \/>\n<meta property=\"og:url\" content=\"https:\/\/www.p31noticias.com.br\/?p=18304\" \/>\n<meta property=\"og:site_name\" content=\"P31\" \/>\n<meta property=\"article:published_time\" content=\"2019-07-30T17:11:50+00:00\" \/>\n<meta property=\"og:image\" content=\"https:\/\/www.p31noticias.com.br\/wp-content\/uploads\/2019\/07\/p072nbnf.jpg\" \/>\n\t<meta property=\"og:image:width\" content=\"720\" \/>\n\t<meta property=\"og:image:height\" content=\"405\" \/>\n\t<meta property=\"og:image:type\" content=\"image\/jpeg\" \/>\n<meta name=\"author\" content=\"Reda\u00e7\u00e3o JBN\" \/>\n<meta name=\"twitter:card\" content=\"summary_large_image\" \/>\n<meta name=\"twitter:label1\" content=\"Escrito por\" \/>\n\t<meta name=\"twitter:data1\" content=\"Reda\u00e7\u00e3o JBN\" \/>\n\t<meta name=\"twitter:label2\" content=\"Est. tempo de leitura\" \/>\n\t<meta name=\"twitter:data2\" content=\"2 minutos\" \/>\n<script type=\"application\/ld+json\" class=\"yoast-schema-graph\">{\"@context\":\"https:\\\/\\\/schema.org\",\"@graph\":[{\"@type\":\"Article\",\"@id\":\"https:\\\/\\\/www.p31noticias.com.br\\\/?p=18304#article\",\"isPartOf\":{\"@id\":\"https:\\\/\\\/www.p31noticias.com.br\\\/?p=18304\"},\"author\":{\"name\":\"Reda\u00e7\u00e3o JBN\",\"@id\":\"https:\\\/\\\/www.p31noticias.com.br\\\/#\\\/schema\\\/person\\\/77d6b186c710ac38937c6ec204fdd387\"},\"headline\":\"\u00d4nibus aut\u00f4nomo vai circular em Bras\u00edlia ainda este ano\",\"datePublished\":\"2019-07-30T17:11:50+00:00\",\"mainEntityOfPage\":{\"@id\":\"https:\\\/\\\/www.p31noticias.com.br\\\/?p=18304\"},\"wordCount\":422,\"commentCount\":0,\"image\":{\"@id\":\"https:\\\/\\\/www.p31noticias.com.br\\\/?p=18304#primaryimage\"},\"thumbnailUrl\":\"https:\\\/\\\/www.p31noticias.com.br\\\/wp-content\\\/uploads\\\/2019\\\/07\\\/p072nbnf.jpg\",\"keywords\":[\"gdf\",\"\u00f4nibus aut\u00f4nomo\",\"transporte\"],\"articleSection\":[\"Bras\u00edlia\"],\"inLanguage\":\"pt-BR\",\"potentialAction\":[{\"@type\":\"CommentAction\",\"name\":\"Comment\",\"target\":[\"https:\\\/\\\/www.p31noticias.com.br\\\/?p=18304#respond\"]}],\"copyrightYear\":\"2019\",\"copyrightHolder\":{\"@id\":\"https:\\\/\\\/www.p31noticias.com.br\\\/#organization\"}},{\"@type\":\"WebPage\",\"@id\":\"https:\\\/\\\/www.p31noticias.com.br\\\/?p=18304\",\"url\":\"https:\\\/\\\/www.p31noticias.com.br\\\/?p=18304\",\"name\":\"\u00d4nibus aut\u00f4nomo vai circular em Bras\u00edlia ainda este ano - P31\",\"isPartOf\":{\"@id\":\"https:\\\/\\\/www.p31noticias.com.br\\\/#website\"},\"primaryImageOfPage\":{\"@id\":\"https:\\\/\\\/www.p31noticias.com.br\\\/?p=18304#primaryimage\"},\"image\":{\"@id\":\"https:\\\/\\\/www.p31noticias.com.br\\\/?p=18304#primaryimage\"},\"thumbnailUrl\":\"https:\\\/\\\/www.p31noticias.com.br\\\/wp-content\\\/uploads\\\/2019\\\/07\\\/p072nbnf.jpg\",\"datePublished\":\"2019-07-30T17:11:50+00:00\",\"author\":{\"@id\":\"https:\\\/\\\/www.p31noticias.com.br\\\/#\\\/schema\\\/person\\\/77d6b186c710ac38937c6ec204fdd387\"},\"breadcrumb\":{\"@id\":\"https:\\\/\\\/www.p31noticias.com.br\\\/?p=18304#breadcrumb\"},\"inLanguage\":\"pt-BR\",\"potentialAction\":[{\"@type\":\"ReadAction\",\"target\":[\"https:\\\/\\\/www.p31noticias.com.br\\\/?p=18304\"]}]},{\"@type\":\"ImageObject\",\"inLanguage\":\"pt-BR\",\"@id\":\"https:\\\/\\\/www.p31noticias.com.br\\\/?p=18304#primaryimage\",\"url\":\"https:\\\/\\\/www.p31noticias.com.br\\\/wp-content\\\/uploads\\\/2019\\\/07\\\/p072nbnf.jpg\",\"contentUrl\":\"https:\\\/\\\/www.p31noticias.com.br\\\/wp-content\\\/uploads\\\/2019\\\/07\\\/p072nbnf.jpg\",\"width\":720,\"height\":405},{\"@type\":\"BreadcrumbList\",\"@id\":\"https:\\\/\\\/www.p31noticias.com.br\\\/?p=18304#breadcrumb\",\"itemListElement\":[{\"@type\":\"ListItem\",\"position\":1,\"name\":\"In\u00edcio\",\"item\":\"https:\\\/\\\/www.p31noticias.com.br\\\/\"},{\"@type\":\"ListItem\",\"position\":2,\"name\":\"\u00d4nibus aut\u00f4nomo vai circular em Bras\u00edlia ainda este ano\"}]},{\"@type\":\"WebSite\",\"@id\":\"https:\\\/\\\/www.p31noticias.com.br\\\/#website\",\"url\":\"https:\\\/\\\/www.p31noticias.com.br\\\/\",\"name\":\"P31\",\"description\":\"NOT\u00cdCIAS\",\"potentialAction\":[{\"@type\":\"SearchAction\",\"target\":{\"@type\":\"EntryPoint\",\"urlTemplate\":\"https:\\\/\\\/www.p31noticias.com.br\\\/?s={search_term_string}\"},\"query-input\":{\"@type\":\"PropertyValueSpecification\",\"valueRequired\":true,\"valueName\":\"search_term_string\"}}],\"inLanguage\":\"pt-BR\"},{\"@type\":\"Person\",\"@id\":\"https:\\\/\\\/www.p31noticias.com.br\\\/#\\\/schema\\\/person\\\/77d6b186c710ac38937c6ec204fdd387\",\"name\":\"Reda\u00e7\u00e3o JBN\",\"image\":{\"@type\":\"ImageObject\",\"inLanguage\":\"pt-BR\",\"@id\":\"https:\\\/\\\/secure.gravatar.com\\\/avatar\\\/10fcdb93211f98cce3d64c0795b0915a9a4a21dc0f279238995a3dbfafcad090?s=96&d=mm&r=g\",\"url\":\"https:\\\/\\\/secure.gravatar.com\\\/avatar\\\/10fcdb93211f98cce3d64c0795b0915a9a4a21dc0f279238995a3dbfafcad090?s=96&d=mm&r=g\",\"contentUrl\":\"https:\\\/\\\/secure.gravatar.com\\\/avatar\\\/10fcdb93211f98cce3d64c0795b0915a9a4a21dc0f279238995a3dbfafcad090?s=96&d=mm&r=g\",\"caption\":\"Reda\u00e7\u00e3o JBN\"},\"sameAs\":[\"https:\\\/\\\/p31noticias.com.br\"],\"url\":\"https:\\\/\\\/www.p31noticias.com.br\\\/?author=18\"}]}<\/script>\n<!-- \/ Yoast SEO Premium plugin. -->","yoast_head_json":{"title":"\u00d4nibus aut\u00f4nomo vai circular em Bras\u00edlia ainda este ano - P31","robots":{"index":"index","follow":"follow","max-snippet":"max-snippet:-1","max-image-preview":"max-image-preview:large","max-video-preview":"max-video-preview:-1"},"canonical":"https:\/\/www.p31noticias.com.br\/?p=18304","og_locale":"pt_BR","og_type":"article","og_title":"\u00d4nibus aut\u00f4nomo vai circular em Bras\u00edlia ainda este ano","og_description":"\u00d4nibus aut\u00f4nomo: Quando foi criada, em 1960, Bras\u00edlia ganhou o selo de modernidade por seu inovador, para a \u00e9poca, projeto arquitet\u00f4nico. Seguindo a fama que a acompanha desde quando foi fundada, o Governo do Distrito Federal (GDF) lan\u00e7ou um plano para tornar a capital federal a primeira\u00a0cidade inteligente\u00a0da Am\u00e9rica Latina. O primeiro passo para o [&hellip;]","og_url":"https:\/\/www.p31noticias.com.br\/?p=18304","og_site_name":"P31","article_published_time":"2019-07-30T17:11:50+00:00","og_image":[{"width":720,"height":405,"url":"https:\/\/www.p31noticias.com.br\/wp-content\/uploads\/2019\/07\/p072nbnf.jpg","type":"image\/jpeg"}],"author":"Reda\u00e7\u00e3o JBN","twitter_card":"summary_large_image","twitter_misc":{"Escrito por":"Reda\u00e7\u00e3o JBN","Est. tempo de leitura":"2 minutos"},"schema":{"@context":"https:\/\/schema.org","@graph":[{"@type":"Article","@id":"https:\/\/www.p31noticias.com.br\/?p=18304#article","isPartOf":{"@id":"https:\/\/www.p31noticias.com.br\/?p=18304"},"author":{"name":"Reda\u00e7\u00e3o JBN","@id":"https:\/\/www.p31noticias.com.br\/#\/schema\/person\/77d6b186c710ac38937c6ec204fdd387"},"headline":"\u00d4nibus aut\u00f4nomo vai circular em Bras\u00edlia ainda este ano","datePublished":"2019-07-30T17:11:50+00:00","mainEntityOfPage":{"@id":"https:\/\/www.p31noticias.com.br\/?p=18304"},"wordCount":422,"commentCount":0,"image":{"@id":"https:\/\/www.p31noticias.com.br\/?p=18304#primaryimage"},"thumbnailUrl":"https:\/\/www.p31noticias.com.br\/wp-content\/uploads\/2019\/07\/p072nbnf.jpg","keywords":["gdf","\u00f4nibus aut\u00f4nomo","transporte"],"articleSection":["Bras\u00edlia"],"inLanguage":"pt-BR","potentialAction":[{"@type":"CommentAction","name":"Comment","target":["https:\/\/www.p31noticias.com.br\/?p=18304#respond"]}],"copyrightYear":"2019","copyrightHolder":{"@id":"https:\/\/www.p31noticias.com.br\/#organization"}},{"@type":"WebPage","@id":"https:\/\/www.p31noticias.com.br\/?p=18304","url":"https:\/\/www.p31noticias.com.br\/?p=18304","name":"\u00d4nibus aut\u00f4nomo vai circular em Bras\u00edlia ainda este ano - P31","isPartOf":{"@id":"https:\/\/www.p31noticias.com.br\/#website"},"primaryImageOfPage":{"@id":"https:\/\/www.p31noticias.com.br\/?p=18304#primaryimage"},"image":{"@id":"https:\/\/www.p31noticias.com.br\/?p=18304#primaryimage"},"thumbnailUrl":"https:\/\/www.p31noticias.com.br\/wp-content\/uploads\/2019\/07\/p072nbnf.jpg","datePublished":"2019-07-30T17:11:50+00:00","author":{"@id":"https:\/\/www.p31noticias.com.br\/#\/schema\/person\/77d6b186c710ac38937c6ec204fdd387"},"breadcrumb":{"@id":"https:\/\/www.p31noticias.com.br\/?p=18304#breadcrumb"},"inLanguage":"pt-BR","potentialAction":[{"@type":"ReadAction","target":["https:\/\/www.p31noticias.com.br\/?p=18304"]}]},{"@type":"ImageObject","inLanguage":"pt-BR","@id":"https:\/\/www.p31noticias.com.br\/?p=18304#primaryimage","url":"https:\/\/www.p31noticias.com.br\/wp-content\/uploads\/2019\/07\/p072nbnf.jpg","contentUrl":"https:\/\/www.p31noticias.com.br\/wp-content\/uploads\/2019\/07\/p072nbnf.jpg","width":720,"height":405},{"@type":"BreadcrumbList","@id":"https:\/\/www.p31noticias.com.br\/?p=18304#breadcrumb","itemListElement":[{"@type":"ListItem","position":1,"name":"In\u00edcio","item":"https:\/\/www.p31noticias.com.br\/"},{"@type":"ListItem","position":2,"name":"\u00d4nibus aut\u00f4nomo vai circular em Bras\u00edlia ainda este ano"}]},{"@type":"WebSite","@id":"https:\/\/www.p31noticias.com.br\/#website","url":"https:\/\/www.p31noticias.com.br\/","name":"P31","description":"NOT\u00cdCIAS","potentialAction":[{"@type":"SearchAction","target":{"@type":"EntryPoint","urlTemplate":"https:\/\/www.p31noticias.com.br\/?s={search_term_string}"},"query-input":{"@type":"PropertyValueSpecification","valueRequired":true,"valueName":"search_term_string"}}],"inLanguage":"pt-BR"},{"@type":"Person","@id":"https:\/\/www.p31noticias.com.br\/#\/schema\/person\/77d6b186c710ac38937c6ec204fdd387","name":"Reda\u00e7\u00e3o JBN","image":{"@type":"ImageObject","inLanguage":"pt-BR","@id":"https:\/\/secure.gravatar.com\/avatar\/10fcdb93211f98cce3d64c0795b0915a9a4a21dc0f279238995a3dbfafcad090?s=96&d=mm&r=g","url":"https:\/\/secure.gravatar.com\/avatar\/10fcdb93211f98cce3d64c0795b0915a9a4a21dc0f279238995a3dbfafcad090?s=96&d=mm&r=g","contentUrl":"https:\/\/secure.gravatar.com\/avatar\/10fcdb93211f98cce3d64c0795b0915a9a4a21dc0f279238995a3dbfafcad090?s=96&d=mm&r=g","caption":"Reda\u00e7\u00e3o JBN"},"sameAs":["https:\/\/p31noticias.com.br"],"url":"https:\/\/www.p31noticias.com.br\/?author=18"}]}},"amp_enabled":true,"_links":{"self":[{"href":"https:\/\/www.p31noticias.com.br\/index.php?rest_route=\/wp\/v2\/posts\/18304","targetHints":{"allow":["GET"]}}],"collection":[{"href":"https:\/\/www.p31noticias.com.br\/index.php?rest_route=\/wp\/v2\/posts"}],"about":[{"href":"https:\/\/www.p31noticias.com.br\/index.php?rest_route=\/wp\/v2\/types\/post"}],"author":[{"embeddable":true,"href":"https:\/\/www.p31noticias.com.br\/index.php?rest_route=\/wp\/v2\/users\/18"}],"replies":[{"embeddable":true,"href":"https:\/\/www.p31noticias.com.br\/index.php?rest_route=%2Fwp%2Fv2%2Fcomments&post=18304"}],"version-history":[{"count":0,"href":"https:\/\/www.p31noticias.com.br\/index.php?rest_route=\/wp\/v2\/posts\/18304\/revisions"}],"wp:featuredmedia":[{"embeddable":true,"href":"https:\/\/www.p31noticias.com.br\/index.php?rest_route=\/wp\/v2\/media\/18305"}],"wp:attachment":[{"href":"https:\/\/www.p31noticias.com.br\/index.php?rest_route=%2Fwp%2Fv2%2Fmedia&parent=18304"}],"wp:term":[{"taxonomy":"category","embeddable":true,"href":"https:\/\/www.p31noticias.com.br\/index.php?rest_route=%2Fwp%2Fv2%2Fcategories&post=18304"},{"taxonomy":"post_tag","embeddable":true,"href":"https:\/\/www.p31noticias.com.br\/index.php?rest_route=%2Fwp%2Fv2%2Ftags&post=18304"}],"curies":[{"name":"wp","href":"https:\/\/api.w.org\/{rel}","templated":true}]}}