{"id":18295,"date":"2019-07-28T10:58:22","date_gmt":"2019-07-28T13:58:22","guid":{"rendered":"https:\/\/www.delioandrade.com.br\/?p=18295"},"modified":"2019-07-28T10:58:22","modified_gmt":"2019-07-28T13:58:22","slug":"gdf-pauta-pacote-de-desburocratizacao-e-privatizacoes","status":"publish","type":"post","link":"https:\/\/www.p31noticias.com.br\/?p=18295","title":{"rendered":"GDF pauta Pacote de desburocratiza\u00e7\u00e3o e privatiza\u00e7\u00f5es"},"content":{"rendered":"<p>GDF\u00a0prepara um pacote para reduzir a\u00a0burocracia\u00a0na gest\u00e3o p\u00fablica brasiliense. O governador, Ibaneis Rocha (MDB), anunciou a iniciativa durante a Confer\u00eancia Global 2019, organizada pela Comunidade das Na\u00e7\u00f5es, na manh\u00e3 deste s\u00e1bado (27\/07\/2019), no Centro de Conven\u00e7\u00f5es Ulysses Guimar\u00e3es. \u201cN\u00f3s estamos trazendo o\u00a0projeto\u00a0iniciado pelo [secret\u00e1rio de Justi\u00e7a] Gustavo Rocha, que foi ministro dos Direitos Humanos da Presid\u00eancia da Rep\u00fablica, e queremos lan\u00e7\u00e1-lo ainda no segundo semestre deste ano\u201d, assinalou Ibaneis.<\/p>\n<p>Rocha chegou a ser respons\u00e1vel temporariamente pela\u00a0Casa Civil\u00a0do DF. De acordo com o governador, o programa de\u00a0desburocratiza\u00e7\u00e3o\u00a0passar\u00e1 pela ado\u00e7\u00e3o e compra de tecnologias novas. Para Ibaneis, a burocracia tem sido um entrave para diversos projetos do GDF, indo de grandes obras at\u00e9 projetos sociais, a exemplo da regulariza\u00e7\u00e3o fundi\u00e1ria de templos religiosos.<\/p>\n<p>Segundo o emedebista, atualmente, o governo analisa 451 pedidos de legaliza\u00e7\u00e3o. Desse total, disse, 80 dependem do lan\u00e7amento do programa Moeda Social. Promessa de campanha, o projeto consiste na regulariza\u00e7\u00e3o dos templos em troca de parcerias em programas sociais do GDF. O governador tamb\u00e9m promete incluir lotes para a constru\u00e7\u00e3o de novas igrejas, nos pr\u00f3ximos projetos urbanos e habitacionais do governo.<\/p>\n<p>Sobre a Comunidade das Na\u00e7\u00f5es, o chefe do Executivo local elogiou o fato de o grupo crist\u00e3o buscar aliar a f\u00e9 com empreendedorismo e tecnologia. \u201cGosto dessa vis\u00e3o. N\u00e3o \u00e9 s\u00f3 ajudar as pessoas, mas dar tamb\u00e9m um futuro a elas\u201d, resumiu. Pelas contas dos organizadores do evento, 15 mil pessoas visitaram os estandes de venda de produtos e 4 mil participaram das confer\u00eancias, entre a \u00faltima ter\u00e7a-feira (23\/07\/2019) e este s\u00e1bado.<\/p>\n<h6>C\u00e2mara Legislativa<\/h6>\n<p>Depois do evento, Ibaneis foi ao Parque de Exposi\u00e7\u00f5es da Granja do Torto, onde ocorria o Bras\u00edlia Capital Moto Week. No local, ele falou sobre o retorno aos trabalhos na C\u00e2mara Legislativa, a partir de 1\u00ba de agosto. Segundo o gestor, os projetos de privatiza\u00e7\u00e3o ser\u00e3o as principais pautas do GDF no segundo semestre deste ano.<\/p>\n<blockquote><p>\u201cN\u00f3s vamos ter um enfrentamento muito positivo, na quest\u00e3o das privatiza\u00e7\u00f5es. Principalmente, no que diz respeito \u00e0 quest\u00e3o da Caesb e do Metr\u00f4\u201d, pontuou. O governo tamb\u00e9m estuda fazer as concess\u00f5es da CEB Distribui\u00e7\u00e3o e da Rodovi\u00e1ria do Plano Piloto.<\/p><\/blockquote>\n<p>Durante a visita, o emedebista encontrou e fez quest\u00e3o de cumprimentar o ex-governador Agnelo Queiroz (PT). Depois do longo abra\u00e7o, o petista declarou que \u00e9 amigo de longa data de Ibaneis. \u201cO governo dele est\u00e1 no in\u00edcio e tem muito pouco tempo para avaliar o governo. Primeiro, tem que deixar o cara trabalhar. Tem s\u00f3 sete meses de governo, e ele pegou uma terra arrasada\u201d, comentou Agnelo.<\/p>\n<h6>Capital Moto Week<\/h6>\n<p>Os motociclistas estavam apreensivos quanto ao futuro do Capital Moto Week, uma vez que o GDF pretende transformar a Granja do Torto em polo agropecu\u00e1rio. No entanto, de acordo Ibaneis, o evento ter\u00e1 todo apoio do governo em 2020.<\/p>\n<p>Inicialmente, o Buriti vai negociar a perman\u00eancia da atra\u00e7\u00e3o na granja. Caso a alternativa n\u00e3o seja vi\u00e1vel, ser\u00e1 disponibilizada outra \u00e1rea. \u201cVoc\u00eas n\u00e3o tenham d\u00favida: esse evento vai permanecer em Bras\u00edlia\u201d, cravou.<\/p>\n<p>Na edi\u00e7\u00e3o deste ano, o Moto Week recebeu 750 mil visitantes. Pelas contas parciais dos organizadores, movimentou aproximadamente R$ 50 milh\u00f5es. O evento acaba na noite deste s\u00e1bado.<\/p>\n<blockquote><p>&nbsp;<\/p><\/blockquote>\n","protected":false},"excerpt":{"rendered":"<p>GDF\u00a0prepara um pacote para reduzir a\u00a0burocracia\u00a0na gest\u00e3o p\u00fablica brasiliense. O governador, Ibaneis Rocha (MDB), anunciou a iniciativa durante a Confer\u00eancia Global 2019, organizada pela Comunidade das Na\u00e7\u00f5es, na manh\u00e3 deste s\u00e1bado (27\/07\/2019), no Centro de Conven\u00e7\u00f5es Ulysses Guimar\u00e3es. \u201cN\u00f3s estamos trazendo o\u00a0projeto\u00a0iniciado pelo [secret\u00e1rio de Justi\u00e7a] Gustavo Rocha, que foi ministro dos Direitos Humanos da [&hellip;]<\/p>\n","protected":false},"author":18,"featured_media":18296,"comment_status":"open","ping_status":"open","sticky":false,"template":"","format":"standard","meta":{"footnotes":""},"categories":[21],"tags":[123,35,23],"class_list":{"0":"post-18295","1":"post","2":"type-post","3":"status-publish","4":"format-standard","5":"has-post-thumbnail","7":"category-brasilia","8":"tag-brasilia","9":"tag-gdf","10":"tag-ibaneis-rocha"},"yoast_head":"<!-- This site is optimized with the Yoast SEO Premium plugin v24.5 (Yoast SEO v27.5) - https:\/\/yoast.com\/product\/yoast-seo-premium-wordpress\/ -->\n<title>GDF pauta Pacote de desburocratiza\u00e7\u00e3o e privatiza\u00e7\u00f5es - P31<\/title>\n<meta name=\"robots\" content=\"index, follow, max-snippet:-1, max-image-preview:large, max-video-preview:-1\" \/>\n<link rel=\"canonical\" href=\"https:\/\/www.p31noticias.com.br\/?p=18295\" \/>\n<meta property=\"og:locale\" content=\"pt_BR\" \/>\n<meta property=\"og:type\" content=\"article\" \/>\n<meta property=\"og:title\" content=\"GDF pauta Pacote de desburocratiza\u00e7\u00e3o e privatiza\u00e7\u00f5es\" \/>\n<meta property=\"og:description\" content=\"GDF\u00a0prepara um pacote para reduzir a\u00a0burocracia\u00a0na gest\u00e3o p\u00fablica brasiliense. O governador, Ibaneis Rocha (MDB), anunciou a iniciativa durante a Confer\u00eancia Global 2019, organizada pela Comunidade das Na\u00e7\u00f5es, na manh\u00e3 deste s\u00e1bado (27\/07\/2019), no Centro de Conven\u00e7\u00f5es Ulysses Guimar\u00e3es. \u201cN\u00f3s estamos trazendo o\u00a0projeto\u00a0iniciado pelo [secret\u00e1rio de Justi\u00e7a] Gustavo Rocha, que foi ministro dos Direitos Humanos da [&hellip;]\" \/>\n<meta property=\"og:url\" content=\"https:\/\/www.p31noticias.com.br\/?p=18295\" \/>\n<meta property=\"og:site_name\" content=\"P31\" \/>\n<meta property=\"article:published_time\" content=\"2019-07-28T13:58:22+00:00\" \/>\n<meta property=\"og:image\" content=\"https:\/\/www.p31noticias.com.br\/wp-content\/uploads\/2019\/07\/Reuni\u00e3o-inicial-do-grupo-Raio-X-da-Sa\u00fade-teve-a-presen\u00e7a-do-governador-eleito-Ibaneis-Rocha-e1542656284654.jpeg\" \/>\n\t<meta property=\"og:image:width\" content=\"600\" \/>\n\t<meta property=\"og:image:height\" content=\"338\" \/>\n\t<meta property=\"og:image:type\" content=\"image\/jpeg\" \/>\n<meta name=\"author\" content=\"Reda\u00e7\u00e3o JBN\" \/>\n<meta name=\"twitter:card\" content=\"summary_large_image\" \/>\n<meta name=\"twitter:label1\" content=\"Escrito por\" \/>\n\t<meta name=\"twitter:data1\" content=\"Reda\u00e7\u00e3o JBN\" \/>\n\t<meta name=\"twitter:label2\" content=\"Est. tempo de leitura\" \/>\n\t<meta name=\"twitter:data2\" content=\"3 minutos\" \/>\n<script type=\"application\/ld+json\" class=\"yoast-schema-graph\">{\"@context\":\"https:\\\/\\\/schema.org\",\"@graph\":[{\"@type\":\"Article\",\"@id\":\"https:\\\/\\\/www.p31noticias.com.br\\\/?p=18295#article\",\"isPartOf\":{\"@id\":\"https:\\\/\\\/www.p31noticias.com.br\\\/?p=18295\"},\"author\":{\"name\":\"Reda\u00e7\u00e3o JBN\",\"@id\":\"https:\\\/\\\/www.p31noticias.com.br\\\/#\\\/schema\\\/person\\\/77d6b186c710ac38937c6ec204fdd387\"},\"headline\":\"GDF pauta Pacote de desburocratiza\u00e7\u00e3o e privatiza\u00e7\u00f5es\",\"datePublished\":\"2019-07-28T13:58:22+00:00\",\"mainEntityOfPage\":{\"@id\":\"https:\\\/\\\/www.p31noticias.com.br\\\/?p=18295\"},\"wordCount\":587,\"commentCount\":0,\"image\":{\"@id\":\"https:\\\/\\\/www.p31noticias.com.br\\\/?p=18295#primaryimage\"},\"thumbnailUrl\":\"https:\\\/\\\/www.p31noticias.com.br\\\/wp-content\\\/uploads\\\/2019\\\/07\\\/Reuni\u00e3o-inicial-do-grupo-Raio-X-da-Sa\u00fade-teve-a-presen\u00e7a-do-governador-eleito-Ibaneis-Rocha-e1542656284654.jpeg\",\"keywords\":[\"Bras\u00edlia\",\"gdf\",\"Ibaneis Rocha\"],\"articleSection\":[\"Bras\u00edlia\"],\"inLanguage\":\"pt-BR\",\"potentialAction\":[{\"@type\":\"CommentAction\",\"name\":\"Comment\",\"target\":[\"https:\\\/\\\/www.p31noticias.com.br\\\/?p=18295#respond\"]}],\"copyrightYear\":\"2019\",\"copyrightHolder\":{\"@id\":\"https:\\\/\\\/www.p31noticias.com.br\\\/#organization\"}},{\"@type\":\"WebPage\",\"@id\":\"https:\\\/\\\/www.p31noticias.com.br\\\/?p=18295\",\"url\":\"https:\\\/\\\/www.p31noticias.com.br\\\/?p=18295\",\"name\":\"GDF pauta Pacote de desburocratiza\u00e7\u00e3o e privatiza\u00e7\u00f5es - P31\",\"isPartOf\":{\"@id\":\"https:\\\/\\\/www.p31noticias.com.br\\\/#website\"},\"primaryImageOfPage\":{\"@id\":\"https:\\\/\\\/www.p31noticias.com.br\\\/?p=18295#primaryimage\"},\"image\":{\"@id\":\"https:\\\/\\\/www.p31noticias.com.br\\\/?p=18295#primaryimage\"},\"thumbnailUrl\":\"https:\\\/\\\/www.p31noticias.com.br\\\/wp-content\\\/uploads\\\/2019\\\/07\\\/Reuni\u00e3o-inicial-do-grupo-Raio-X-da-Sa\u00fade-teve-a-presen\u00e7a-do-governador-eleito-Ibaneis-Rocha-e1542656284654.jpeg\",\"datePublished\":\"2019-07-28T13:58:22+00:00\",\"author\":{\"@id\":\"https:\\\/\\\/www.p31noticias.com.br\\\/#\\\/schema\\\/person\\\/77d6b186c710ac38937c6ec204fdd387\"},\"breadcrumb\":{\"@id\":\"https:\\\/\\\/www.p31noticias.com.br\\\/?p=18295#breadcrumb\"},\"inLanguage\":\"pt-BR\",\"potentialAction\":[{\"@type\":\"ReadAction\",\"target\":[\"https:\\\/\\\/www.p31noticias.com.br\\\/?p=18295\"]}]},{\"@type\":\"ImageObject\",\"inLanguage\":\"pt-BR\",\"@id\":\"https:\\\/\\\/www.p31noticias.com.br\\\/?p=18295#primaryimage\",\"url\":\"https:\\\/\\\/www.p31noticias.com.br\\\/wp-content\\\/uploads\\\/2019\\\/07\\\/Reuni\u00e3o-inicial-do-grupo-Raio-X-da-Sa\u00fade-teve-a-presen\u00e7a-do-governador-eleito-Ibaneis-Rocha-e1542656284654.jpeg\",\"contentUrl\":\"https:\\\/\\\/www.p31noticias.com.br\\\/wp-content\\\/uploads\\\/2019\\\/07\\\/Reuni\u00e3o-inicial-do-grupo-Raio-X-da-Sa\u00fade-teve-a-presen\u00e7a-do-governador-eleito-Ibaneis-Rocha-e1542656284654.jpeg\",\"width\":600,\"height\":338},{\"@type\":\"BreadcrumbList\",\"@id\":\"https:\\\/\\\/www.p31noticias.com.br\\\/?p=18295#breadcrumb\",\"itemListElement\":[{\"@type\":\"ListItem\",\"position\":1,\"name\":\"In\u00edcio\",\"item\":\"https:\\\/\\\/www.p31noticias.com.br\\\/\"},{\"@type\":\"ListItem\",\"position\":2,\"name\":\"GDF pauta Pacote de desburocratiza\u00e7\u00e3o e privatiza\u00e7\u00f5es\"}]},{\"@type\":\"WebSite\",\"@id\":\"https:\\\/\\\/www.p31noticias.com.br\\\/#website\",\"url\":\"https:\\\/\\\/www.p31noticias.com.br\\\/\",\"name\":\"P31\",\"description\":\"NOT\u00cdCIAS\",\"potentialAction\":[{\"@type\":\"SearchAction\",\"target\":{\"@type\":\"EntryPoint\",\"urlTemplate\":\"https:\\\/\\\/www.p31noticias.com.br\\\/?s={search_term_string}\"},\"query-input\":{\"@type\":\"PropertyValueSpecification\",\"valueRequired\":true,\"valueName\":\"search_term_string\"}}],\"inLanguage\":\"pt-BR\"},{\"@type\":\"Person\",\"@id\":\"https:\\\/\\\/www.p31noticias.com.br\\\/#\\\/schema\\\/person\\\/77d6b186c710ac38937c6ec204fdd387\",\"name\":\"Reda\u00e7\u00e3o JBN\",\"image\":{\"@type\":\"ImageObject\",\"inLanguage\":\"pt-BR\",\"@id\":\"https:\\\/\\\/secure.gravatar.com\\\/avatar\\\/10fcdb93211f98cce3d64c0795b0915a9a4a21dc0f279238995a3dbfafcad090?s=96&d=mm&r=g\",\"url\":\"https:\\\/\\\/secure.gravatar.com\\\/avatar\\\/10fcdb93211f98cce3d64c0795b0915a9a4a21dc0f279238995a3dbfafcad090?s=96&d=mm&r=g\",\"contentUrl\":\"https:\\\/\\\/secure.gravatar.com\\\/avatar\\\/10fcdb93211f98cce3d64c0795b0915a9a4a21dc0f279238995a3dbfafcad090?s=96&d=mm&r=g\",\"caption\":\"Reda\u00e7\u00e3o JBN\"},\"sameAs\":[\"https:\\\/\\\/p31noticias.com.br\"],\"url\":\"https:\\\/\\\/www.p31noticias.com.br\\\/?author=18\"}]}<\/script>\n<!-- \/ Yoast SEO Premium plugin. -->","yoast_head_json":{"title":"GDF pauta Pacote de desburocratiza\u00e7\u00e3o e privatiza\u00e7\u00f5es - P31","robots":{"index":"index","follow":"follow","max-snippet":"max-snippet:-1","max-image-preview":"max-image-preview:large","max-video-preview":"max-video-preview:-1"},"canonical":"https:\/\/www.p31noticias.com.br\/?p=18295","og_locale":"pt_BR","og_type":"article","og_title":"GDF pauta Pacote de desburocratiza\u00e7\u00e3o e privatiza\u00e7\u00f5es","og_description":"GDF\u00a0prepara um pacote para reduzir a\u00a0burocracia\u00a0na gest\u00e3o p\u00fablica brasiliense. O governador, Ibaneis Rocha (MDB), anunciou a iniciativa durante a Confer\u00eancia Global 2019, organizada pela Comunidade das Na\u00e7\u00f5es, na manh\u00e3 deste s\u00e1bado (27\/07\/2019), no Centro de Conven\u00e7\u00f5es Ulysses Guimar\u00e3es. \u201cN\u00f3s estamos trazendo o\u00a0projeto\u00a0iniciado pelo [secret\u00e1rio de Justi\u00e7a] Gustavo Rocha, que foi ministro dos Direitos Humanos da [&hellip;]","og_url":"https:\/\/www.p31noticias.com.br\/?p=18295","og_site_name":"P31","article_published_time":"2019-07-28T13:58:22+00:00","og_image":[{"width":600,"height":338,"url":"https:\/\/www.p31noticias.com.br\/wp-content\/uploads\/2019\/07\/Reuni\u00e3o-inicial-do-grupo-Raio-X-da-Sa\u00fade-teve-a-presen\u00e7a-do-governador-eleito-Ibaneis-Rocha-e1542656284654.jpeg","type":"image\/jpeg"}],"author":"Reda\u00e7\u00e3o JBN","twitter_card":"summary_large_image","twitter_misc":{"Escrito por":"Reda\u00e7\u00e3o JBN","Est. tempo de leitura":"3 minutos"},"schema":{"@context":"https:\/\/schema.org","@graph":[{"@type":"Article","@id":"https:\/\/www.p31noticias.com.br\/?p=18295#article","isPartOf":{"@id":"https:\/\/www.p31noticias.com.br\/?p=18295"},"author":{"name":"Reda\u00e7\u00e3o JBN","@id":"https:\/\/www.p31noticias.com.br\/#\/schema\/person\/77d6b186c710ac38937c6ec204fdd387"},"headline":"GDF pauta Pacote de desburocratiza\u00e7\u00e3o e privatiza\u00e7\u00f5es","datePublished":"2019-07-28T13:58:22+00:00","mainEntityOfPage":{"@id":"https:\/\/www.p31noticias.com.br\/?p=18295"},"wordCount":587,"commentCount":0,"image":{"@id":"https:\/\/www.p31noticias.com.br\/?p=18295#primaryimage"},"thumbnailUrl":"https:\/\/www.p31noticias.com.br\/wp-content\/uploads\/2019\/07\/Reuni\u00e3o-inicial-do-grupo-Raio-X-da-Sa\u00fade-teve-a-presen\u00e7a-do-governador-eleito-Ibaneis-Rocha-e1542656284654.jpeg","keywords":["Bras\u00edlia","gdf","Ibaneis Rocha"],"articleSection":["Bras\u00edlia"],"inLanguage":"pt-BR","potentialAction":[{"@type":"CommentAction","name":"Comment","target":["https:\/\/www.p31noticias.com.br\/?p=18295#respond"]}],"copyrightYear":"2019","copyrightHolder":{"@id":"https:\/\/www.p31noticias.com.br\/#organization"}},{"@type":"WebPage","@id":"https:\/\/www.p31noticias.com.br\/?p=18295","url":"https:\/\/www.p31noticias.com.br\/?p=18295","name":"GDF pauta Pacote de desburocratiza\u00e7\u00e3o e privatiza\u00e7\u00f5es - P31","isPartOf":{"@id":"https:\/\/www.p31noticias.com.br\/#website"},"primaryImageOfPage":{"@id":"https:\/\/www.p31noticias.com.br\/?p=18295#primaryimage"},"image":{"@id":"https:\/\/www.p31noticias.com.br\/?p=18295#primaryimage"},"thumbnailUrl":"https:\/\/www.p31noticias.com.br\/wp-content\/uploads\/2019\/07\/Reuni\u00e3o-inicial-do-grupo-Raio-X-da-Sa\u00fade-teve-a-presen\u00e7a-do-governador-eleito-Ibaneis-Rocha-e1542656284654.jpeg","datePublished":"2019-07-28T13:58:22+00:00","author":{"@id":"https:\/\/www.p31noticias.com.br\/#\/schema\/person\/77d6b186c710ac38937c6ec204fdd387"},"breadcrumb":{"@id":"https:\/\/www.p31noticias.com.br\/?p=18295#breadcrumb"},"inLanguage":"pt-BR","potentialAction":[{"@type":"ReadAction","target":["https:\/\/www.p31noticias.com.br\/?p=18295"]}]},{"@type":"ImageObject","inLanguage":"pt-BR","@id":"https:\/\/www.p31noticias.com.br\/?p=18295#primaryimage","url":"https:\/\/www.p31noticias.com.br\/wp-content\/uploads\/2019\/07\/Reuni\u00e3o-inicial-do-grupo-Raio-X-da-Sa\u00fade-teve-a-presen\u00e7a-do-governador-eleito-Ibaneis-Rocha-e1542656284654.jpeg","contentUrl":"https:\/\/www.p31noticias.com.br\/wp-content\/uploads\/2019\/07\/Reuni\u00e3o-inicial-do-grupo-Raio-X-da-Sa\u00fade-teve-a-presen\u00e7a-do-governador-eleito-Ibaneis-Rocha-e1542656284654.jpeg","width":600,"height":338},{"@type":"BreadcrumbList","@id":"https:\/\/www.p31noticias.com.br\/?p=18295#breadcrumb","itemListElement":[{"@type":"ListItem","position":1,"name":"In\u00edcio","item":"https:\/\/www.p31noticias.com.br\/"},{"@type":"ListItem","position":2,"name":"GDF pauta Pacote de desburocratiza\u00e7\u00e3o e privatiza\u00e7\u00f5es"}]},{"@type":"WebSite","@id":"https:\/\/www.p31noticias.com.br\/#website","url":"https:\/\/www.p31noticias.com.br\/","name":"P31","description":"NOT\u00cdCIAS","potentialAction":[{"@type":"SearchAction","target":{"@type":"EntryPoint","urlTemplate":"https:\/\/www.p31noticias.com.br\/?s={search_term_string}"},"query-input":{"@type":"PropertyValueSpecification","valueRequired":true,"valueName":"search_term_string"}}],"inLanguage":"pt-BR"},{"@type":"Person","@id":"https:\/\/www.p31noticias.com.br\/#\/schema\/person\/77d6b186c710ac38937c6ec204fdd387","name":"Reda\u00e7\u00e3o JBN","image":{"@type":"ImageObject","inLanguage":"pt-BR","@id":"https:\/\/secure.gravatar.com\/avatar\/10fcdb93211f98cce3d64c0795b0915a9a4a21dc0f279238995a3dbfafcad090?s=96&d=mm&r=g","url":"https:\/\/secure.gravatar.com\/avatar\/10fcdb93211f98cce3d64c0795b0915a9a4a21dc0f279238995a3dbfafcad090?s=96&d=mm&r=g","contentUrl":"https:\/\/secure.gravatar.com\/avatar\/10fcdb93211f98cce3d64c0795b0915a9a4a21dc0f279238995a3dbfafcad090?s=96&d=mm&r=g","caption":"Reda\u00e7\u00e3o JBN"},"sameAs":["https:\/\/p31noticias.com.br"],"url":"https:\/\/www.p31noticias.com.br\/?author=18"}]}},"amp_enabled":true,"_links":{"self":[{"href":"https:\/\/www.p31noticias.com.br\/index.php?rest_route=\/wp\/v2\/posts\/18295","targetHints":{"allow":["GET"]}}],"collection":[{"href":"https:\/\/www.p31noticias.com.br\/index.php?rest_route=\/wp\/v2\/posts"}],"about":[{"href":"https:\/\/www.p31noticias.com.br\/index.php?rest_route=\/wp\/v2\/types\/post"}],"author":[{"embeddable":true,"href":"https:\/\/www.p31noticias.com.br\/index.php?rest_route=\/wp\/v2\/users\/18"}],"replies":[{"embeddable":true,"href":"https:\/\/www.p31noticias.com.br\/index.php?rest_route=%2Fwp%2Fv2%2Fcomments&post=18295"}],"version-history":[{"count":0,"href":"https:\/\/www.p31noticias.com.br\/index.php?rest_route=\/wp\/v2\/posts\/18295\/revisions"}],"wp:featuredmedia":[{"embeddable":true,"href":"https:\/\/www.p31noticias.com.br\/index.php?rest_route=\/wp\/v2\/media\/18296"}],"wp:attachment":[{"href":"https:\/\/www.p31noticias.com.br\/index.php?rest_route=%2Fwp%2Fv2%2Fmedia&parent=18295"}],"wp:term":[{"taxonomy":"category","embeddable":true,"href":"https:\/\/www.p31noticias.com.br\/index.php?rest_route=%2Fwp%2Fv2%2Fcategories&post=18295"},{"taxonomy":"post_tag","embeddable":true,"href":"https:\/\/www.p31noticias.com.br\/index.php?rest_route=%2Fwp%2Fv2%2Ftags&post=18295"}],"curies":[{"name":"wp","href":"https:\/\/api.w.org\/{rel}","templated":true}]}}