{"id":18286,"date":"2019-07-25T13:31:40","date_gmt":"2019-07-25T16:31:40","guid":{"rendered":"https:\/\/www.delioandrade.com.br\/?p=18286"},"modified":"2019-07-25T13:31:40","modified_gmt":"2019-07-25T16:31:40","slug":"aguas-claras-no-sentido-eptg-ganha-mais-uma-faixa","status":"publish","type":"post","link":"https:\/\/www.p31noticias.com.br\/?p=18286","title":{"rendered":"\u00c1guas Claras no sentido EPTG ganha mais uma faixa"},"content":{"rendered":"<div>A obra est\u00e1 na fase de pavimenta\u00e7\u00e3o e deve ser conclu\u00edda em agosto.<\/div>\n<div><\/div>\n<div>De acordo com a Administra\u00e7\u00e3o Regional, essa \u00e9 uma demanda antiga da popula\u00e7\u00e3o, j\u00e1 que o local \u00e9 um dos principais gargalos da cidade. Os engarrafamentos di\u00e1rios s\u00e3o causados principalmente pela obstru\u00e7\u00e3o de uma das faixas devido \u00e0 entrada do estacionamento de a universidade Unieuro, que fica pr\u00f3xima \u00e0 sa\u00edda.<\/div>\n<div><\/div>\n<div>&#8220;A a\u00e7\u00e3o faz parte do nosso foco, que \u00e9 desafogar o tr\u00e2nsito de \u00c1guas Claras e melhorar a mobilidade urbana e a qualidade de vida da popula\u00e7\u00e3o&#8221;, conta o administrador de \u00c1guas Claras, Ney Robsthon. A obra \u00e9 uma parceria que re\u00fane Administra\u00e7\u00e3o Regional de \u00c1guas Claras, Departamento de Estradas de Rodagem do Distrito Federal (DER-DF), CEB, Detran, Novacap e Unieuro.<\/div>\n<h3>Outras obras<\/h3>\n<div>A administra\u00e7\u00e3o regional, em parceria com a Companhia Urbanizadora da Nova Capital do Brasil (Novacap), tamb\u00e9m j\u00e1 deu in\u00edcio \u00e0s obras de constru\u00e7\u00e3o, reforma e readequa\u00e7\u00e3o das cal\u00e7adas da regi\u00e3o. Os recursos que asseguram os reparos nas cal\u00e7adas, no valor de R$ 800 mil, s\u00e3o provenientes de emenda parlamentar.<\/div>\n<div><\/div>\n<div>A a\u00e7\u00e3o come\u00e7ou pela Esta\u00e7\u00e3o \u00c1guas Claras. As pr\u00f3ximas etapas v\u00e3o contemplar o entorno das esta\u00e7\u00f5es Arniqueiras e Concession\u00e1rias. Al\u00e9m da constru\u00e7\u00e3o de novas cal\u00e7adas, algumas j\u00e1 existentes ganhar\u00e3o rampas de acessibilidade. A inten\u00e7\u00e3o \u00e9 que todos os lotes tenham cal\u00e7amento.<\/div>\n<div><\/div>\n<div>J\u00e1 as cal\u00e7adas em torno dos lotes e edifica\u00e7\u00f5es particulares s\u00e3o responsabilidade dos ocupantes. Por isso, a pedido da administra\u00e7\u00e3o, cerca de 600 propriet\u00e1rios foram notificados para constru\u00edrem as passagens com acessibilidade.<\/div>\n<div><\/div>\n<div>Outra obra que contempla a mobilidade na regi\u00e3o foi a constru\u00e7\u00e3o de um bal\u00e3o no entroncamento da avenida Parque \u00c1guas Claras com a Flamboyant.<\/div>\n","protected":false},"excerpt":{"rendered":"<p>A obra est\u00e1 na fase de pavimenta\u00e7\u00e3o e deve ser conclu\u00edda em agosto. De acordo com a Administra\u00e7\u00e3o Regional, essa \u00e9 uma demanda antiga da popula\u00e7\u00e3o, j\u00e1 que o local \u00e9 um dos principais gargalos da cidade. Os engarrafamentos di\u00e1rios s\u00e3o causados principalmente pela obstru\u00e7\u00e3o de uma das faixas devido \u00e0 entrada do estacionamento de [&hellip;]<\/p>\n","protected":false},"author":18,"featured_media":18287,"comment_status":"open","ping_status":"open","sticky":false,"template":"","format":"standard","meta":{"footnotes":""},"categories":[21],"tags":[116,35,23],"class_list":{"0":"post-18286","1":"post","2":"type-post","3":"status-publish","4":"format-standard","5":"has-post-thumbnail","7":"category-brasilia","8":"tag-aguas-claras","9":"tag-gdf","10":"tag-ibaneis-rocha"},"yoast_head":"<!-- This site is optimized with the Yoast SEO Premium plugin v24.5 (Yoast SEO v27.5) - https:\/\/yoast.com\/product\/yoast-seo-premium-wordpress\/ -->\n<title>\u00c1guas Claras no sentido EPTG ganha mais uma faixa - P31<\/title>\n<meta name=\"robots\" content=\"index, follow, max-snippet:-1, max-image-preview:large, max-video-preview:-1\" \/>\n<link rel=\"canonical\" href=\"https:\/\/www.p31noticias.com.br\/?p=18286\" \/>\n<meta property=\"og:locale\" content=\"pt_BR\" \/>\n<meta property=\"og:type\" content=\"article\" \/>\n<meta property=\"og:title\" content=\"\u00c1guas Claras no sentido EPTG ganha mais uma faixa\" \/>\n<meta property=\"og:description\" content=\"A obra est\u00e1 na fase de pavimenta\u00e7\u00e3o e deve ser conclu\u00edda em agosto. De acordo com a Administra\u00e7\u00e3o Regional, essa \u00e9 uma demanda antiga da popula\u00e7\u00e3o, j\u00e1 que o local \u00e9 um dos principais gargalos da cidade. Os engarrafamentos di\u00e1rios s\u00e3o causados principalmente pela obstru\u00e7\u00e3o de uma das faixas devido \u00e0 entrada do estacionamento de [&hellip;]\" \/>\n<meta property=\"og:url\" content=\"https:\/\/www.p31noticias.com.br\/?p=18286\" \/>\n<meta property=\"og:site_name\" content=\"P31\" \/>\n<meta property=\"article:published_time\" content=\"2019-07-25T16:31:40+00:00\" \/>\n<meta property=\"og:image\" content=\"https:\/\/www.p31noticias.com.br\/wp-content\/uploads\/2019\/07\/20190724143524214308u.jpg\" \/>\n\t<meta property=\"og:image:width\" content=\"675\" \/>\n\t<meta property=\"og:image:height\" content=\"450\" \/>\n\t<meta property=\"og:image:type\" content=\"image\/jpeg\" \/>\n<meta name=\"author\" content=\"Reda\u00e7\u00e3o JBN\" \/>\n<meta name=\"twitter:card\" content=\"summary_large_image\" \/>\n<meta name=\"twitter:label1\" content=\"Escrito por\" \/>\n\t<meta name=\"twitter:data1\" content=\"Reda\u00e7\u00e3o JBN\" \/>\n\t<meta name=\"twitter:label2\" content=\"Est. tempo de leitura\" \/>\n\t<meta name=\"twitter:data2\" content=\"2 minutos\" \/>\n<script type=\"application\/ld+json\" class=\"yoast-schema-graph\">{\"@context\":\"https:\\\/\\\/schema.org\",\"@graph\":[{\"@type\":\"Article\",\"@id\":\"https:\\\/\\\/www.p31noticias.com.br\\\/?p=18286#article\",\"isPartOf\":{\"@id\":\"https:\\\/\\\/www.p31noticias.com.br\\\/?p=18286\"},\"author\":{\"name\":\"Reda\u00e7\u00e3o JBN\",\"@id\":\"https:\\\/\\\/www.p31noticias.com.br\\\/#\\\/schema\\\/person\\\/77d6b186c710ac38937c6ec204fdd387\"},\"headline\":\"\u00c1guas Claras no sentido EPTG ganha mais uma faixa\",\"datePublished\":\"2019-07-25T16:31:40+00:00\",\"mainEntityOfPage\":{\"@id\":\"https:\\\/\\\/www.p31noticias.com.br\\\/?p=18286\"},\"wordCount\":317,\"commentCount\":0,\"image\":{\"@id\":\"https:\\\/\\\/www.p31noticias.com.br\\\/?p=18286#primaryimage\"},\"thumbnailUrl\":\"https:\\\/\\\/www.p31noticias.com.br\\\/wp-content\\\/uploads\\\/2019\\\/07\\\/20190724143524214308u.jpg\",\"keywords\":[\"\u00c1guas Claras\",\"gdf\",\"Ibaneis Rocha\"],\"articleSection\":[\"Bras\u00edlia\"],\"inLanguage\":\"pt-BR\",\"potentialAction\":[{\"@type\":\"CommentAction\",\"name\":\"Comment\",\"target\":[\"https:\\\/\\\/www.p31noticias.com.br\\\/?p=18286#respond\"]}],\"copyrightYear\":\"2019\",\"copyrightHolder\":{\"@id\":\"https:\\\/\\\/www.p31noticias.com.br\\\/#organization\"}},{\"@type\":\"WebPage\",\"@id\":\"https:\\\/\\\/www.p31noticias.com.br\\\/?p=18286\",\"url\":\"https:\\\/\\\/www.p31noticias.com.br\\\/?p=18286\",\"name\":\"\u00c1guas Claras no sentido EPTG ganha mais uma faixa - P31\",\"isPartOf\":{\"@id\":\"https:\\\/\\\/www.p31noticias.com.br\\\/#website\"},\"primaryImageOfPage\":{\"@id\":\"https:\\\/\\\/www.p31noticias.com.br\\\/?p=18286#primaryimage\"},\"image\":{\"@id\":\"https:\\\/\\\/www.p31noticias.com.br\\\/?p=18286#primaryimage\"},\"thumbnailUrl\":\"https:\\\/\\\/www.p31noticias.com.br\\\/wp-content\\\/uploads\\\/2019\\\/07\\\/20190724143524214308u.jpg\",\"datePublished\":\"2019-07-25T16:31:40+00:00\",\"author\":{\"@id\":\"https:\\\/\\\/www.p31noticias.com.br\\\/#\\\/schema\\\/person\\\/77d6b186c710ac38937c6ec204fdd387\"},\"breadcrumb\":{\"@id\":\"https:\\\/\\\/www.p31noticias.com.br\\\/?p=18286#breadcrumb\"},\"inLanguage\":\"pt-BR\",\"potentialAction\":[{\"@type\":\"ReadAction\",\"target\":[\"https:\\\/\\\/www.p31noticias.com.br\\\/?p=18286\"]}]},{\"@type\":\"ImageObject\",\"inLanguage\":\"pt-BR\",\"@id\":\"https:\\\/\\\/www.p31noticias.com.br\\\/?p=18286#primaryimage\",\"url\":\"https:\\\/\\\/www.p31noticias.com.br\\\/wp-content\\\/uploads\\\/2019\\\/07\\\/20190724143524214308u.jpg\",\"contentUrl\":\"https:\\\/\\\/www.p31noticias.com.br\\\/wp-content\\\/uploads\\\/2019\\\/07\\\/20190724143524214308u.jpg\",\"width\":675,\"height\":450},{\"@type\":\"BreadcrumbList\",\"@id\":\"https:\\\/\\\/www.p31noticias.com.br\\\/?p=18286#breadcrumb\",\"itemListElement\":[{\"@type\":\"ListItem\",\"position\":1,\"name\":\"In\u00edcio\",\"item\":\"https:\\\/\\\/www.p31noticias.com.br\\\/\"},{\"@type\":\"ListItem\",\"position\":2,\"name\":\"\u00c1guas Claras no sentido EPTG ganha mais uma faixa\"}]},{\"@type\":\"WebSite\",\"@id\":\"https:\\\/\\\/www.p31noticias.com.br\\\/#website\",\"url\":\"https:\\\/\\\/www.p31noticias.com.br\\\/\",\"name\":\"P31\",\"description\":\"NOT\u00cdCIAS\",\"potentialAction\":[{\"@type\":\"SearchAction\",\"target\":{\"@type\":\"EntryPoint\",\"urlTemplate\":\"https:\\\/\\\/www.p31noticias.com.br\\\/?s={search_term_string}\"},\"query-input\":{\"@type\":\"PropertyValueSpecification\",\"valueRequired\":true,\"valueName\":\"search_term_string\"}}],\"inLanguage\":\"pt-BR\"},{\"@type\":\"Person\",\"@id\":\"https:\\\/\\\/www.p31noticias.com.br\\\/#\\\/schema\\\/person\\\/77d6b186c710ac38937c6ec204fdd387\",\"name\":\"Reda\u00e7\u00e3o JBN\",\"image\":{\"@type\":\"ImageObject\",\"inLanguage\":\"pt-BR\",\"@id\":\"https:\\\/\\\/secure.gravatar.com\\\/avatar\\\/10fcdb93211f98cce3d64c0795b0915a9a4a21dc0f279238995a3dbfafcad090?s=96&d=mm&r=g\",\"url\":\"https:\\\/\\\/secure.gravatar.com\\\/avatar\\\/10fcdb93211f98cce3d64c0795b0915a9a4a21dc0f279238995a3dbfafcad090?s=96&d=mm&r=g\",\"contentUrl\":\"https:\\\/\\\/secure.gravatar.com\\\/avatar\\\/10fcdb93211f98cce3d64c0795b0915a9a4a21dc0f279238995a3dbfafcad090?s=96&d=mm&r=g\",\"caption\":\"Reda\u00e7\u00e3o JBN\"},\"sameAs\":[\"https:\\\/\\\/p31noticias.com.br\"],\"url\":\"https:\\\/\\\/www.p31noticias.com.br\\\/?author=18\"}]}<\/script>\n<!-- \/ Yoast SEO Premium plugin. -->","yoast_head_json":{"title":"\u00c1guas Claras no sentido EPTG ganha mais uma faixa - P31","robots":{"index":"index","follow":"follow","max-snippet":"max-snippet:-1","max-image-preview":"max-image-preview:large","max-video-preview":"max-video-preview:-1"},"canonical":"https:\/\/www.p31noticias.com.br\/?p=18286","og_locale":"pt_BR","og_type":"article","og_title":"\u00c1guas Claras no sentido EPTG ganha mais uma faixa","og_description":"A obra est\u00e1 na fase de pavimenta\u00e7\u00e3o e deve ser conclu\u00edda em agosto. De acordo com a Administra\u00e7\u00e3o Regional, essa \u00e9 uma demanda antiga da popula\u00e7\u00e3o, j\u00e1 que o local \u00e9 um dos principais gargalos da cidade. Os engarrafamentos di\u00e1rios s\u00e3o causados principalmente pela obstru\u00e7\u00e3o de uma das faixas devido \u00e0 entrada do estacionamento de [&hellip;]","og_url":"https:\/\/www.p31noticias.com.br\/?p=18286","og_site_name":"P31","article_published_time":"2019-07-25T16:31:40+00:00","og_image":[{"width":675,"height":450,"url":"https:\/\/www.p31noticias.com.br\/wp-content\/uploads\/2019\/07\/20190724143524214308u.jpg","type":"image\/jpeg"}],"author":"Reda\u00e7\u00e3o JBN","twitter_card":"summary_large_image","twitter_misc":{"Escrito por":"Reda\u00e7\u00e3o JBN","Est. tempo de leitura":"2 minutos"},"schema":{"@context":"https:\/\/schema.org","@graph":[{"@type":"Article","@id":"https:\/\/www.p31noticias.com.br\/?p=18286#article","isPartOf":{"@id":"https:\/\/www.p31noticias.com.br\/?p=18286"},"author":{"name":"Reda\u00e7\u00e3o JBN","@id":"https:\/\/www.p31noticias.com.br\/#\/schema\/person\/77d6b186c710ac38937c6ec204fdd387"},"headline":"\u00c1guas Claras no sentido EPTG ganha mais uma faixa","datePublished":"2019-07-25T16:31:40+00:00","mainEntityOfPage":{"@id":"https:\/\/www.p31noticias.com.br\/?p=18286"},"wordCount":317,"commentCount":0,"image":{"@id":"https:\/\/www.p31noticias.com.br\/?p=18286#primaryimage"},"thumbnailUrl":"https:\/\/www.p31noticias.com.br\/wp-content\/uploads\/2019\/07\/20190724143524214308u.jpg","keywords":["\u00c1guas Claras","gdf","Ibaneis Rocha"],"articleSection":["Bras\u00edlia"],"inLanguage":"pt-BR","potentialAction":[{"@type":"CommentAction","name":"Comment","target":["https:\/\/www.p31noticias.com.br\/?p=18286#respond"]}],"copyrightYear":"2019","copyrightHolder":{"@id":"https:\/\/www.p31noticias.com.br\/#organization"}},{"@type":"WebPage","@id":"https:\/\/www.p31noticias.com.br\/?p=18286","url":"https:\/\/www.p31noticias.com.br\/?p=18286","name":"\u00c1guas Claras no sentido EPTG ganha mais uma faixa - P31","isPartOf":{"@id":"https:\/\/www.p31noticias.com.br\/#website"},"primaryImageOfPage":{"@id":"https:\/\/www.p31noticias.com.br\/?p=18286#primaryimage"},"image":{"@id":"https:\/\/www.p31noticias.com.br\/?p=18286#primaryimage"},"thumbnailUrl":"https:\/\/www.p31noticias.com.br\/wp-content\/uploads\/2019\/07\/20190724143524214308u.jpg","datePublished":"2019-07-25T16:31:40+00:00","author":{"@id":"https:\/\/www.p31noticias.com.br\/#\/schema\/person\/77d6b186c710ac38937c6ec204fdd387"},"breadcrumb":{"@id":"https:\/\/www.p31noticias.com.br\/?p=18286#breadcrumb"},"inLanguage":"pt-BR","potentialAction":[{"@type":"ReadAction","target":["https:\/\/www.p31noticias.com.br\/?p=18286"]}]},{"@type":"ImageObject","inLanguage":"pt-BR","@id":"https:\/\/www.p31noticias.com.br\/?p=18286#primaryimage","url":"https:\/\/www.p31noticias.com.br\/wp-content\/uploads\/2019\/07\/20190724143524214308u.jpg","contentUrl":"https:\/\/www.p31noticias.com.br\/wp-content\/uploads\/2019\/07\/20190724143524214308u.jpg","width":675,"height":450},{"@type":"BreadcrumbList","@id":"https:\/\/www.p31noticias.com.br\/?p=18286#breadcrumb","itemListElement":[{"@type":"ListItem","position":1,"name":"In\u00edcio","item":"https:\/\/www.p31noticias.com.br\/"},{"@type":"ListItem","position":2,"name":"\u00c1guas Claras no sentido EPTG ganha mais uma faixa"}]},{"@type":"WebSite","@id":"https:\/\/www.p31noticias.com.br\/#website","url":"https:\/\/www.p31noticias.com.br\/","name":"P31","description":"NOT\u00cdCIAS","potentialAction":[{"@type":"SearchAction","target":{"@type":"EntryPoint","urlTemplate":"https:\/\/www.p31noticias.com.br\/?s={search_term_string}"},"query-input":{"@type":"PropertyValueSpecification","valueRequired":true,"valueName":"search_term_string"}}],"inLanguage":"pt-BR"},{"@type":"Person","@id":"https:\/\/www.p31noticias.com.br\/#\/schema\/person\/77d6b186c710ac38937c6ec204fdd387","name":"Reda\u00e7\u00e3o JBN","image":{"@type":"ImageObject","inLanguage":"pt-BR","@id":"https:\/\/secure.gravatar.com\/avatar\/10fcdb93211f98cce3d64c0795b0915a9a4a21dc0f279238995a3dbfafcad090?s=96&d=mm&r=g","url":"https:\/\/secure.gravatar.com\/avatar\/10fcdb93211f98cce3d64c0795b0915a9a4a21dc0f279238995a3dbfafcad090?s=96&d=mm&r=g","contentUrl":"https:\/\/secure.gravatar.com\/avatar\/10fcdb93211f98cce3d64c0795b0915a9a4a21dc0f279238995a3dbfafcad090?s=96&d=mm&r=g","caption":"Reda\u00e7\u00e3o JBN"},"sameAs":["https:\/\/p31noticias.com.br"],"url":"https:\/\/www.p31noticias.com.br\/?author=18"}]}},"amp_enabled":true,"_links":{"self":[{"href":"https:\/\/www.p31noticias.com.br\/index.php?rest_route=\/wp\/v2\/posts\/18286","targetHints":{"allow":["GET"]}}],"collection":[{"href":"https:\/\/www.p31noticias.com.br\/index.php?rest_route=\/wp\/v2\/posts"}],"about":[{"href":"https:\/\/www.p31noticias.com.br\/index.php?rest_route=\/wp\/v2\/types\/post"}],"author":[{"embeddable":true,"href":"https:\/\/www.p31noticias.com.br\/index.php?rest_route=\/wp\/v2\/users\/18"}],"replies":[{"embeddable":true,"href":"https:\/\/www.p31noticias.com.br\/index.php?rest_route=%2Fwp%2Fv2%2Fcomments&post=18286"}],"version-history":[{"count":0,"href":"https:\/\/www.p31noticias.com.br\/index.php?rest_route=\/wp\/v2\/posts\/18286\/revisions"}],"wp:featuredmedia":[{"embeddable":true,"href":"https:\/\/www.p31noticias.com.br\/index.php?rest_route=\/wp\/v2\/media\/18287"}],"wp:attachment":[{"href":"https:\/\/www.p31noticias.com.br\/index.php?rest_route=%2Fwp%2Fv2%2Fmedia&parent=18286"}],"wp:term":[{"taxonomy":"category","embeddable":true,"href":"https:\/\/www.p31noticias.com.br\/index.php?rest_route=%2Fwp%2Fv2%2Fcategories&post=18286"},{"taxonomy":"post_tag","embeddable":true,"href":"https:\/\/www.p31noticias.com.br\/index.php?rest_route=%2Fwp%2Fv2%2Ftags&post=18286"}],"curies":[{"name":"wp","href":"https:\/\/api.w.org\/{rel}","templated":true}]}}