{"id":18283,"date":"2019-07-25T13:17:27","date_gmt":"2019-07-25T16:17:27","guid":{"rendered":"https:\/\/www.delioandrade.com.br\/?p=18283"},"modified":"2019-07-25T13:17:27","modified_gmt":"2019-07-25T16:17:27","slug":"restaurantes-comunitarios-serao-privatizado-pelo-gdf","status":"publish","type":"post","link":"https:\/\/www.p31noticias.com.br\/?p=18283","title":{"rendered":"Restaurantes comunit\u00e1rios: Ser\u00e3o privatizado pelo GDF"},"content":{"rendered":"<p>Os restaurantes comunit\u00e1rios, s\u00e3o alvo de estudos pelos representantes das secretarias de Projetos Especiais e de Desenvolvimento Social fizeram a primeira reuni\u00e3o a fim de apresentarem informa\u00e7\u00f5es preliminares de viabilidade da PPP.<\/p>\n<p>A ideia \u00e9 que o acordo inclua a restaura\u00e7\u00e3o e opera\u00e7\u00e3o das 14 unidades, al\u00e9m da constru\u00e7\u00e3o de mais seis.<\/p>\n<p>Os estabelecimentos servem refei\u00e7\u00e3o a R$ 1 aos inscritos no Cadastro \u00danico (Cad\u00danico) e considerados de baixa renda. Para o p\u00fablico em geral, custa R$ 2. O GDF complementa os pre\u00e7os com uma m\u00e9dia de R$ 4,17 para cada prato vendido. De acordo com o governo, s\u00e3o servidas 15 mil refei\u00e7\u00f5es di\u00e1rias de segunda-feira a s\u00e1bado.<\/p>\n<p>Questionado se o valor continuaria o mesmo ap\u00f3s eventual formaliza\u00e7\u00e3o de PPP, o governador do DF,\u00a0Ibaneis Rocha\u00a0(MDB), disse que ainda est\u00e1 estudando o assunto, mas ressaltou entender como necess\u00e1rio \u201cmanter ou at\u00e9 diminuir\u201d a cobran\u00e7a. \u201cS\u00e3o atendidas pessoas carentes\u201d, acrescentou.<\/p>\n<p>A comiss\u00e3o que se reuniu nesta semana foi criada no \u00faltimo dia 17. O grupo ter\u00e1 60 dias para apresentar resultado dos estudos de modelagem t\u00e9cnica, econ\u00f4mico-financeira, jur\u00eddica e de viabilidade referentes \u00e0 constru\u00e7\u00e3o de seis novas unidades, restaura\u00e7\u00e3o das 14 existentes, gest\u00e3o, opera\u00e7\u00e3o e manuten\u00e7\u00e3o dos restaurantes.<\/p>\n<p>A Secretaria de Desenvolvimento Social informou que vai analisar o documento elaborado pela outra pasta e fazer apontamentos. Uma nova rodada de conversas ocorrer\u00e1 em agosto.<\/p>\n<p>Presidente do Sindicato dos Servidores da Assist\u00eancia Social e Cultura do GDF (Sindsasc-DF), Clayton Avelar disse n\u00e3o acreditar na melhoria do servi\u00e7o com a PPP. \u201cA experi\u00eancia que temos de terceiriza\u00e7\u00e3o \u00e9 muito ruim\u201d, assinalou. O dirigente sindical frisou que a categoria prefere que o poder p\u00fablico administre totalmente os restaurantes comunit\u00e1rios.<\/p>\n<h6><strong>Unidades<\/strong><\/h6>\n<p>Os restaurantes comunit\u00e1rios s\u00e3o localizados em: Brazl\u00e2ndia, Ceil\u00e2ndia, Estrutural, Gama, Itapo\u00e3, Parano\u00e1, Planaltina, Recanto das Emas, Riacho Fundo II, Samambaia, Santa Maria, S\u00e3o Sebasti\u00e3o, Sobradinho e Sol Nascente. Em Brazl\u00e2ndia, Parano\u00e1 e Sol Nascente, al\u00e9m do almo\u00e7o, tamb\u00e9m \u00e9 servido caf\u00e9 da manh\u00e3 ao custo de R$ 0,50.<\/p>\n<p>Ainda n\u00e3o foi batido o martelo sobre quais regi\u00f5es ser\u00e3o contempladas com as novas unidades, pois a confirma\u00e7\u00e3o depende das an\u00e1lises. Atualmente, a alimenta\u00e7\u00e3o \u00e9 preparada, fornecida e distribu\u00edda por empresas. At\u00e9 a \u00faltima atualiza\u00e7\u00e3o deste texto, o GDF n\u00e3o informou quanto as contratadas receberam de janeiro a junho de 2019.<\/p>\n<p>&nbsp;<\/p>\n","protected":false},"excerpt":{"rendered":"<p>Os restaurantes comunit\u00e1rios, s\u00e3o alvo de estudos pelos representantes das secretarias de Projetos Especiais e de Desenvolvimento Social fizeram a primeira reuni\u00e3o a fim de apresentarem informa\u00e7\u00f5es preliminares de viabilidade da PPP. A ideia \u00e9 que o acordo inclua a restaura\u00e7\u00e3o e opera\u00e7\u00e3o das 14 unidades, al\u00e9m da constru\u00e7\u00e3o de mais seis. Os estabelecimentos servem [&hellip;]<\/p>\n","protected":false},"author":18,"featured_media":18284,"comment_status":"open","ping_status":"open","sticky":false,"template":"","format":"standard","meta":{"footnotes":""},"categories":[68],"tags":[35,23,115],"class_list":{"0":"post-18283","1":"post","2":"type-post","3":"status-publish","4":"format-standard","5":"has-post-thumbnail","7":"category-brasil","8":"tag-gdf","9":"tag-ibaneis-rocha","10":"tag-restaurantes-comunitarios"},"yoast_head":"<!-- This site is optimized with the Yoast SEO Premium plugin v24.5 (Yoast SEO v27.5) - https:\/\/yoast.com\/product\/yoast-seo-premium-wordpress\/ -->\n<title>Restaurantes comunit\u00e1rios: Ser\u00e3o privatizado pelo GDF - P31<\/title>\n<meta name=\"robots\" content=\"index, follow, max-snippet:-1, max-image-preview:large, max-video-preview:-1\" \/>\n<link rel=\"canonical\" href=\"https:\/\/www.p31noticias.com.br\/?p=18283\" \/>\n<meta property=\"og:locale\" content=\"pt_BR\" \/>\n<meta property=\"og:type\" content=\"article\" \/>\n<meta property=\"og:title\" content=\"Restaurantes comunit\u00e1rios: Ser\u00e3o privatizado pelo GDF\" \/>\n<meta property=\"og:description\" content=\"Os restaurantes comunit\u00e1rios, s\u00e3o alvo de estudos pelos representantes das secretarias de Projetos Especiais e de Desenvolvimento Social fizeram a primeira reuni\u00e3o a fim de apresentarem informa\u00e7\u00f5es preliminares de viabilidade da PPP. A ideia \u00e9 que o acordo inclua a restaura\u00e7\u00e3o e opera\u00e7\u00e3o das 14 unidades, al\u00e9m da constru\u00e7\u00e3o de mais seis. Os estabelecimentos servem [&hellip;]\" \/>\n<meta property=\"og:url\" content=\"https:\/\/www.p31noticias.com.br\/?p=18283\" \/>\n<meta property=\"og:site_name\" content=\"P31\" \/>\n<meta property=\"article:published_time\" content=\"2019-07-25T16:17:27+00:00\" \/>\n<meta property=\"og:image\" content=\"https:\/\/www.p31noticias.com.br\/wp-content\/uploads\/2019\/07\/restaurante-comunitario-brasilia-df.jpg\" \/>\n\t<meta property=\"og:image:width\" content=\"754\" \/>\n\t<meta property=\"og:image:height\" content=\"501\" \/>\n\t<meta property=\"og:image:type\" content=\"image\/jpeg\" \/>\n<meta name=\"author\" content=\"Reda\u00e7\u00e3o JBN\" \/>\n<meta name=\"twitter:card\" content=\"summary_large_image\" \/>\n<meta name=\"twitter:label1\" content=\"Escrito por\" \/>\n\t<meta name=\"twitter:data1\" content=\"Reda\u00e7\u00e3o JBN\" \/>\n\t<meta name=\"twitter:label2\" content=\"Est. tempo de leitura\" \/>\n\t<meta name=\"twitter:data2\" content=\"2 minutos\" \/>\n<script type=\"application\/ld+json\" class=\"yoast-schema-graph\">{\"@context\":\"https:\\\/\\\/schema.org\",\"@graph\":[{\"@type\":\"Article\",\"@id\":\"https:\\\/\\\/www.p31noticias.com.br\\\/?p=18283#article\",\"isPartOf\":{\"@id\":\"https:\\\/\\\/www.p31noticias.com.br\\\/?p=18283\"},\"author\":{\"name\":\"Reda\u00e7\u00e3o JBN\",\"@id\":\"https:\\\/\\\/www.p31noticias.com.br\\\/#\\\/schema\\\/person\\\/77d6b186c710ac38937c6ec204fdd387\"},\"headline\":\"Restaurantes comunit\u00e1rios: Ser\u00e3o privatizado pelo GDF\",\"datePublished\":\"2019-07-25T16:17:27+00:00\",\"mainEntityOfPage\":{\"@id\":\"https:\\\/\\\/www.p31noticias.com.br\\\/?p=18283\"},\"wordCount\":427,\"commentCount\":0,\"image\":{\"@id\":\"https:\\\/\\\/www.p31noticias.com.br\\\/?p=18283#primaryimage\"},\"thumbnailUrl\":\"https:\\\/\\\/www.p31noticias.com.br\\\/wp-content\\\/uploads\\\/2019\\\/07\\\/restaurante-comunitario-brasilia-df.jpg\",\"keywords\":[\"gdf\",\"Ibaneis Rocha\",\"restaurantes comunit\u00e1rios\"],\"articleSection\":[\"Brasil\"],\"inLanguage\":\"pt-BR\",\"potentialAction\":[{\"@type\":\"CommentAction\",\"name\":\"Comment\",\"target\":[\"https:\\\/\\\/www.p31noticias.com.br\\\/?p=18283#respond\"]}],\"copyrightYear\":\"2019\",\"copyrightHolder\":{\"@id\":\"https:\\\/\\\/www.p31noticias.com.br\\\/#organization\"}},{\"@type\":\"WebPage\",\"@id\":\"https:\\\/\\\/www.p31noticias.com.br\\\/?p=18283\",\"url\":\"https:\\\/\\\/www.p31noticias.com.br\\\/?p=18283\",\"name\":\"Restaurantes comunit\u00e1rios: Ser\u00e3o privatizado pelo GDF - P31\",\"isPartOf\":{\"@id\":\"https:\\\/\\\/www.p31noticias.com.br\\\/#website\"},\"primaryImageOfPage\":{\"@id\":\"https:\\\/\\\/www.p31noticias.com.br\\\/?p=18283#primaryimage\"},\"image\":{\"@id\":\"https:\\\/\\\/www.p31noticias.com.br\\\/?p=18283#primaryimage\"},\"thumbnailUrl\":\"https:\\\/\\\/www.p31noticias.com.br\\\/wp-content\\\/uploads\\\/2019\\\/07\\\/restaurante-comunitario-brasilia-df.jpg\",\"datePublished\":\"2019-07-25T16:17:27+00:00\",\"author\":{\"@id\":\"https:\\\/\\\/www.p31noticias.com.br\\\/#\\\/schema\\\/person\\\/77d6b186c710ac38937c6ec204fdd387\"},\"breadcrumb\":{\"@id\":\"https:\\\/\\\/www.p31noticias.com.br\\\/?p=18283#breadcrumb\"},\"inLanguage\":\"pt-BR\",\"potentialAction\":[{\"@type\":\"ReadAction\",\"target\":[\"https:\\\/\\\/www.p31noticias.com.br\\\/?p=18283\"]}]},{\"@type\":\"ImageObject\",\"inLanguage\":\"pt-BR\",\"@id\":\"https:\\\/\\\/www.p31noticias.com.br\\\/?p=18283#primaryimage\",\"url\":\"https:\\\/\\\/www.p31noticias.com.br\\\/wp-content\\\/uploads\\\/2019\\\/07\\\/restaurante-comunitario-brasilia-df.jpg\",\"contentUrl\":\"https:\\\/\\\/www.p31noticias.com.br\\\/wp-content\\\/uploads\\\/2019\\\/07\\\/restaurante-comunitario-brasilia-df.jpg\",\"width\":754,\"height\":501},{\"@type\":\"BreadcrumbList\",\"@id\":\"https:\\\/\\\/www.p31noticias.com.br\\\/?p=18283#breadcrumb\",\"itemListElement\":[{\"@type\":\"ListItem\",\"position\":1,\"name\":\"In\u00edcio\",\"item\":\"https:\\\/\\\/www.p31noticias.com.br\\\/\"},{\"@type\":\"ListItem\",\"position\":2,\"name\":\"Restaurantes comunit\u00e1rios: Ser\u00e3o privatizado pelo GDF\"}]},{\"@type\":\"WebSite\",\"@id\":\"https:\\\/\\\/www.p31noticias.com.br\\\/#website\",\"url\":\"https:\\\/\\\/www.p31noticias.com.br\\\/\",\"name\":\"P31\",\"description\":\"NOT\u00cdCIAS\",\"potentialAction\":[{\"@type\":\"SearchAction\",\"target\":{\"@type\":\"EntryPoint\",\"urlTemplate\":\"https:\\\/\\\/www.p31noticias.com.br\\\/?s={search_term_string}\"},\"query-input\":{\"@type\":\"PropertyValueSpecification\",\"valueRequired\":true,\"valueName\":\"search_term_string\"}}],\"inLanguage\":\"pt-BR\"},{\"@type\":\"Person\",\"@id\":\"https:\\\/\\\/www.p31noticias.com.br\\\/#\\\/schema\\\/person\\\/77d6b186c710ac38937c6ec204fdd387\",\"name\":\"Reda\u00e7\u00e3o JBN\",\"image\":{\"@type\":\"ImageObject\",\"inLanguage\":\"pt-BR\",\"@id\":\"https:\\\/\\\/secure.gravatar.com\\\/avatar\\\/10fcdb93211f98cce3d64c0795b0915a9a4a21dc0f279238995a3dbfafcad090?s=96&d=mm&r=g\",\"url\":\"https:\\\/\\\/secure.gravatar.com\\\/avatar\\\/10fcdb93211f98cce3d64c0795b0915a9a4a21dc0f279238995a3dbfafcad090?s=96&d=mm&r=g\",\"contentUrl\":\"https:\\\/\\\/secure.gravatar.com\\\/avatar\\\/10fcdb93211f98cce3d64c0795b0915a9a4a21dc0f279238995a3dbfafcad090?s=96&d=mm&r=g\",\"caption\":\"Reda\u00e7\u00e3o JBN\"},\"sameAs\":[\"https:\\\/\\\/p31noticias.com.br\"],\"url\":\"https:\\\/\\\/www.p31noticias.com.br\\\/?author=18\"}]}<\/script>\n<!-- \/ Yoast SEO Premium plugin. -->","yoast_head_json":{"title":"Restaurantes comunit\u00e1rios: Ser\u00e3o privatizado pelo GDF - P31","robots":{"index":"index","follow":"follow","max-snippet":"max-snippet:-1","max-image-preview":"max-image-preview:large","max-video-preview":"max-video-preview:-1"},"canonical":"https:\/\/www.p31noticias.com.br\/?p=18283","og_locale":"pt_BR","og_type":"article","og_title":"Restaurantes comunit\u00e1rios: Ser\u00e3o privatizado pelo GDF","og_description":"Os restaurantes comunit\u00e1rios, s\u00e3o alvo de estudos pelos representantes das secretarias de Projetos Especiais e de Desenvolvimento Social fizeram a primeira reuni\u00e3o a fim de apresentarem informa\u00e7\u00f5es preliminares de viabilidade da PPP. A ideia \u00e9 que o acordo inclua a restaura\u00e7\u00e3o e opera\u00e7\u00e3o das 14 unidades, al\u00e9m da constru\u00e7\u00e3o de mais seis. Os estabelecimentos servem [&hellip;]","og_url":"https:\/\/www.p31noticias.com.br\/?p=18283","og_site_name":"P31","article_published_time":"2019-07-25T16:17:27+00:00","og_image":[{"width":754,"height":501,"url":"https:\/\/www.p31noticias.com.br\/wp-content\/uploads\/2019\/07\/restaurante-comunitario-brasilia-df.jpg","type":"image\/jpeg"}],"author":"Reda\u00e7\u00e3o JBN","twitter_card":"summary_large_image","twitter_misc":{"Escrito por":"Reda\u00e7\u00e3o JBN","Est. tempo de leitura":"2 minutos"},"schema":{"@context":"https:\/\/schema.org","@graph":[{"@type":"Article","@id":"https:\/\/www.p31noticias.com.br\/?p=18283#article","isPartOf":{"@id":"https:\/\/www.p31noticias.com.br\/?p=18283"},"author":{"name":"Reda\u00e7\u00e3o JBN","@id":"https:\/\/www.p31noticias.com.br\/#\/schema\/person\/77d6b186c710ac38937c6ec204fdd387"},"headline":"Restaurantes comunit\u00e1rios: Ser\u00e3o privatizado pelo GDF","datePublished":"2019-07-25T16:17:27+00:00","mainEntityOfPage":{"@id":"https:\/\/www.p31noticias.com.br\/?p=18283"},"wordCount":427,"commentCount":0,"image":{"@id":"https:\/\/www.p31noticias.com.br\/?p=18283#primaryimage"},"thumbnailUrl":"https:\/\/www.p31noticias.com.br\/wp-content\/uploads\/2019\/07\/restaurante-comunitario-brasilia-df.jpg","keywords":["gdf","Ibaneis Rocha","restaurantes comunit\u00e1rios"],"articleSection":["Brasil"],"inLanguage":"pt-BR","potentialAction":[{"@type":"CommentAction","name":"Comment","target":["https:\/\/www.p31noticias.com.br\/?p=18283#respond"]}],"copyrightYear":"2019","copyrightHolder":{"@id":"https:\/\/www.p31noticias.com.br\/#organization"}},{"@type":"WebPage","@id":"https:\/\/www.p31noticias.com.br\/?p=18283","url":"https:\/\/www.p31noticias.com.br\/?p=18283","name":"Restaurantes comunit\u00e1rios: Ser\u00e3o privatizado pelo GDF - P31","isPartOf":{"@id":"https:\/\/www.p31noticias.com.br\/#website"},"primaryImageOfPage":{"@id":"https:\/\/www.p31noticias.com.br\/?p=18283#primaryimage"},"image":{"@id":"https:\/\/www.p31noticias.com.br\/?p=18283#primaryimage"},"thumbnailUrl":"https:\/\/www.p31noticias.com.br\/wp-content\/uploads\/2019\/07\/restaurante-comunitario-brasilia-df.jpg","datePublished":"2019-07-25T16:17:27+00:00","author":{"@id":"https:\/\/www.p31noticias.com.br\/#\/schema\/person\/77d6b186c710ac38937c6ec204fdd387"},"breadcrumb":{"@id":"https:\/\/www.p31noticias.com.br\/?p=18283#breadcrumb"},"inLanguage":"pt-BR","potentialAction":[{"@type":"ReadAction","target":["https:\/\/www.p31noticias.com.br\/?p=18283"]}]},{"@type":"ImageObject","inLanguage":"pt-BR","@id":"https:\/\/www.p31noticias.com.br\/?p=18283#primaryimage","url":"https:\/\/www.p31noticias.com.br\/wp-content\/uploads\/2019\/07\/restaurante-comunitario-brasilia-df.jpg","contentUrl":"https:\/\/www.p31noticias.com.br\/wp-content\/uploads\/2019\/07\/restaurante-comunitario-brasilia-df.jpg","width":754,"height":501},{"@type":"BreadcrumbList","@id":"https:\/\/www.p31noticias.com.br\/?p=18283#breadcrumb","itemListElement":[{"@type":"ListItem","position":1,"name":"In\u00edcio","item":"https:\/\/www.p31noticias.com.br\/"},{"@type":"ListItem","position":2,"name":"Restaurantes comunit\u00e1rios: Ser\u00e3o privatizado pelo GDF"}]},{"@type":"WebSite","@id":"https:\/\/www.p31noticias.com.br\/#website","url":"https:\/\/www.p31noticias.com.br\/","name":"P31","description":"NOT\u00cdCIAS","potentialAction":[{"@type":"SearchAction","target":{"@type":"EntryPoint","urlTemplate":"https:\/\/www.p31noticias.com.br\/?s={search_term_string}"},"query-input":{"@type":"PropertyValueSpecification","valueRequired":true,"valueName":"search_term_string"}}],"inLanguage":"pt-BR"},{"@type":"Person","@id":"https:\/\/www.p31noticias.com.br\/#\/schema\/person\/77d6b186c710ac38937c6ec204fdd387","name":"Reda\u00e7\u00e3o JBN","image":{"@type":"ImageObject","inLanguage":"pt-BR","@id":"https:\/\/secure.gravatar.com\/avatar\/10fcdb93211f98cce3d64c0795b0915a9a4a21dc0f279238995a3dbfafcad090?s=96&d=mm&r=g","url":"https:\/\/secure.gravatar.com\/avatar\/10fcdb93211f98cce3d64c0795b0915a9a4a21dc0f279238995a3dbfafcad090?s=96&d=mm&r=g","contentUrl":"https:\/\/secure.gravatar.com\/avatar\/10fcdb93211f98cce3d64c0795b0915a9a4a21dc0f279238995a3dbfafcad090?s=96&d=mm&r=g","caption":"Reda\u00e7\u00e3o JBN"},"sameAs":["https:\/\/p31noticias.com.br"],"url":"https:\/\/www.p31noticias.com.br\/?author=18"}]}},"amp_enabled":true,"_links":{"self":[{"href":"https:\/\/www.p31noticias.com.br\/index.php?rest_route=\/wp\/v2\/posts\/18283","targetHints":{"allow":["GET"]}}],"collection":[{"href":"https:\/\/www.p31noticias.com.br\/index.php?rest_route=\/wp\/v2\/posts"}],"about":[{"href":"https:\/\/www.p31noticias.com.br\/index.php?rest_route=\/wp\/v2\/types\/post"}],"author":[{"embeddable":true,"href":"https:\/\/www.p31noticias.com.br\/index.php?rest_route=\/wp\/v2\/users\/18"}],"replies":[{"embeddable":true,"href":"https:\/\/www.p31noticias.com.br\/index.php?rest_route=%2Fwp%2Fv2%2Fcomments&post=18283"}],"version-history":[{"count":0,"href":"https:\/\/www.p31noticias.com.br\/index.php?rest_route=\/wp\/v2\/posts\/18283\/revisions"}],"wp:featuredmedia":[{"embeddable":true,"href":"https:\/\/www.p31noticias.com.br\/index.php?rest_route=\/wp\/v2\/media\/18284"}],"wp:attachment":[{"href":"https:\/\/www.p31noticias.com.br\/index.php?rest_route=%2Fwp%2Fv2%2Fmedia&parent=18283"}],"wp:term":[{"taxonomy":"category","embeddable":true,"href":"https:\/\/www.p31noticias.com.br\/index.php?rest_route=%2Fwp%2Fv2%2Fcategories&post=18283"},{"taxonomy":"post_tag","embeddable":true,"href":"https:\/\/www.p31noticias.com.br\/index.php?rest_route=%2Fwp%2Fv2%2Ftags&post=18283"}],"curies":[{"name":"wp","href":"https:\/\/api.w.org\/{rel}","templated":true}]}}