{"id":18269,"date":"2019-07-23T09:14:18","date_gmt":"2019-07-23T12:14:18","guid":{"rendered":"https:\/\/www.delioandrade.com.br\/?p=18269"},"modified":"2019-07-23T09:14:18","modified_gmt":"2019-07-23T12:14:18","slug":"escola-sem-partido-pode-acabar-por-falta-de-apoio","status":"publish","type":"post","link":"https:\/\/www.p31noticias.com.br\/?p=18269","title":{"rendered":"ESCOLA SEM PARTIDO pode acabar por falta de apoio"},"content":{"rendered":"<p>O fundador do movimento disse, em declara\u00e7\u00e3o, que o \u201cesquecimento\u201d do Escola Sem Partido \u00e9 frustrante.<em>\u00a0\u201cDesde o in\u00edcio do governo de transi\u00e7\u00e3o, n\u00e3o me lembro de t\u00ea-lo [Bolsonaro] ouvido falar em Escola sem Partido. Por alguma raz\u00e3o, o tema sumiu do radar do Presidente\u201d.<\/em><\/p>\n<p>Ele afirmou ainda que ficou esperando um contato por parte do MEC, que n\u00e3o aconteceu.\u00a0<em>\u201cEm fevereiro, tentei marcar uma audi\u00eancia com o Ministro V\u00e9lez. Ligava, deixava recado, e n\u00e3o retornavam a liga\u00e7\u00e3o. Finalmente, consegui. No dia marcado, por\u00e9m, o Ministro se desculpou dizendo que havia surgido um compromisso urgente\u2026 Uma assessora insistiu que o Ministro fazia quest\u00e3o de falar comigo; disse que ligaria na semana seguinte para marcar outra reuni\u00e3o, mas n\u00e3o ligou. Fiz papel de bobo\u201d.\u00a0<\/em><\/p>\n<p>Foram feitas tentativas de contato com o novo ministro da Educa\u00e7\u00e3o, Abraham Weintraub:\u00a0<em>\u201cNa posse do atual Ministro da Educa\u00e7\u00e3o, foram proferidos dois longos discursos, um de Bolsonaro, outro do empossando. Incrivelmente, nenhum deles sequer tocou no problema da doutrina\u00e7\u00e3o e da ideologia de g\u00eanero. Nem uma palavra sobre Escola sem Partido. Em junho, a deputada Bia Kicis \u2012 que \u00e9 autora do projeto Escola sem Partido na C\u00e2mara \u2012 pediu para que eu a acompanhasse em uma reuni\u00e3o com o Ministro Weintraub. Fomos, mas n\u00e3o conseguimos muita coisa. O ministro estava mais preocupado em falar do que ouvir\u201d.<\/em><\/p>\n<p>Ainda segundo Nagib,\u00a0quando o MEC divulgou os planos do minist\u00e9rio para os pr\u00f3ximos 3 anos e 5 meses de governo e nada foi dito sobre doutrina\u00e7\u00e3o, ideologia de g\u00eanero e Escola sem Partido.<em>\u00a0\u201cTudo isso \u00e9 muito frustrante para n\u00f3s. A reforma da previd\u00eancia explica e justifica perfeitamente que o Projeto Escola sem Partido n\u00e3o esteja tramitando no Legislativo. Mas e o Executivo? O Executivo poderia ao menos escutar as sugest\u00f5es do nosso movimento. Mas nem isso\u201d.\u00a0<\/em><\/p>\n<p>Sem o apoio de Bolsonaro, diz o fundador do ESP, em refer\u00eancia \u00e0 lideran\u00e7a pol\u00edtica do Presidente,\u00a0<em>\u201co ESP dificilmente conseguir\u00e1 avan\u00e7ar. Batemos no teto. Nas nossas redes sociais, possu\u00edmos cerca de 300 mil seguidores. Ora, isso n\u00e3o \u00e9 nada, se pensarmos no n\u00famero de pessoas impactadas, direta ou indiretamente, pela propaganda ideol\u00f3gica, pol\u00edtica e partid\u00e1ria que come solta nas escolas e universidades\u201d.<\/em><\/p>\n<blockquote class=\"twitter-tweet\" data-width=\"550\" data-dnt=\"true\">\n<p lang=\"pt\" dir=\"ltr\">Por absoluta falta de apoio, suspenderemos nossas atividades neste perfil a partir de 1\u00b0 de agosto.<\/p>\n<p>Da\u00ed p\/frente, den\u00fancias, pedidos de socorro e orienta\u00e7\u00e3o dever\u00e3o ser dirigidos ao MEC, secretarias de educa\u00e7\u00e3o, Minist\u00e9rio P\u00fablico e pol\u00edticos q se elegeram com a bandeira do ESP.<\/p>\n<p>&mdash; Escola sem Partido (@escolasempartid) <a href=\"https:\/\/twitter.com\/escolasempartid\/status\/1151270755813994498?ref_src=twsrc%5Etfw\">July 16, 2019<\/a><\/p><\/blockquote>\n<p><script async src=\"https:\/\/platform.twitter.com\/widgets.js\" charset=\"utf-8\"><\/script><\/p>\n<p><strong>Escola Sem Partido\u00a0<\/strong><\/p>\n<p>O Programa ESP \u00e9 uma proposta de lei que torna obrigat\u00f3ria a afixa\u00e7\u00e3o em todas as salas de aula do ensino fundamental e m\u00e9dio de um cartaz com conte\u00fado de orienta\u00e7\u00e3o quanto aos direitos e deveres do professor.<\/p>\n<p><img loading=\"lazy\" decoding=\"async\" class=\"aligncenter\" src=\"https:\/\/www.programaescolasempartido.org\/wp-content\/uploads\/2017\/06\/cartaz-deveres-do-professor.png\" width=\"546\" height=\"772\" \/><\/p>\n<div class=\"meta-tags\">por: Bruna de Pieri<\/div>\n","protected":false},"excerpt":{"rendered":"<p>O fundador do movimento disse, em declara\u00e7\u00e3o, que o \u201cesquecimento\u201d do Escola Sem Partido \u00e9 frustrante.\u00a0\u201cDesde o in\u00edcio do governo de transi\u00e7\u00e3o, n\u00e3o me lembro de t\u00ea-lo [Bolsonaro] ouvido falar em Escola sem Partido. Por alguma raz\u00e3o, o tema sumiu do radar do Presidente\u201d. Ele afirmou ainda que ficou esperando um contato por parte do [&hellip;]<\/p>\n","protected":false},"author":18,"featured_media":18271,"comment_status":"open","ping_status":"open","sticky":false,"template":"","format":"standard","meta":{"footnotes":""},"categories":[57],"tags":[107,110,108,109],"class_list":{"0":"post-18269","1":"post","2":"type-post","3":"status-publish","4":"format-standard","5":"has-post-thumbnail","7":"category-politica","8":"tag-escola-sem-partido","9":"tag-estudantes","10":"tag-ideologia","11":"tag-mec"},"yoast_head":"<!-- This site is optimized with the Yoast SEO Premium plugin v24.5 (Yoast SEO v27.5) - https:\/\/yoast.com\/product\/yoast-seo-premium-wordpress\/ -->\n<title>ESCOLA SEM PARTIDO pode acabar por falta de apoio - P31<\/title>\n<meta name=\"robots\" content=\"index, follow, max-snippet:-1, max-image-preview:large, max-video-preview:-1\" \/>\n<link rel=\"canonical\" href=\"https:\/\/www.p31noticias.com.br\/?p=18269\" \/>\n<meta property=\"og:locale\" content=\"pt_BR\" \/>\n<meta property=\"og:type\" content=\"article\" \/>\n<meta property=\"og:title\" content=\"ESCOLA SEM PARTIDO pode acabar por falta de apoio\" \/>\n<meta property=\"og:description\" content=\"O fundador do movimento disse, em declara\u00e7\u00e3o, que o \u201cesquecimento\u201d do Escola Sem Partido \u00e9 frustrante.\u00a0\u201cDesde o in\u00edcio do governo de transi\u00e7\u00e3o, n\u00e3o me lembro de t\u00ea-lo [Bolsonaro] ouvido falar em Escola sem Partido. Por alguma raz\u00e3o, o tema sumiu do radar do Presidente\u201d. Ele afirmou ainda que ficou esperando um contato por parte do [&hellip;]\" \/>\n<meta property=\"og:url\" content=\"https:\/\/www.p31noticias.com.br\/?p=18269\" \/>\n<meta property=\"og:site_name\" content=\"P31\" \/>\n<meta property=\"article:published_time\" content=\"2019-07-23T12:14:18+00:00\" \/>\n<meta property=\"og:image\" content=\"https:\/\/www.p31noticias.com.br\/wp-content\/uploads\/2019\/07\/escola-sem-partido.jpg\" \/>\n\t<meta property=\"og:image:width\" content=\"2000\" \/>\n\t<meta property=\"og:image:height\" content=\"1200\" \/>\n\t<meta property=\"og:image:type\" content=\"image\/jpeg\" \/>\n<meta name=\"author\" content=\"Reda\u00e7\u00e3o JBN\" \/>\n<meta name=\"twitter:card\" content=\"summary_large_image\" \/>\n<meta name=\"twitter:label1\" content=\"Escrito por\" \/>\n\t<meta name=\"twitter:data1\" content=\"Reda\u00e7\u00e3o JBN\" \/>\n\t<meta name=\"twitter:label2\" content=\"Est. tempo de leitura\" \/>\n\t<meta name=\"twitter:data2\" content=\"2 minutos\" \/>\n<script type=\"application\/ld+json\" class=\"yoast-schema-graph\">{\"@context\":\"https:\\\/\\\/schema.org\",\"@graph\":[{\"@type\":\"Article\",\"@id\":\"https:\\\/\\\/www.p31noticias.com.br\\\/?p=18269#article\",\"isPartOf\":{\"@id\":\"https:\\\/\\\/www.p31noticias.com.br\\\/?p=18269\"},\"author\":{\"name\":\"Reda\u00e7\u00e3o JBN\",\"@id\":\"https:\\\/\\\/www.p31noticias.com.br\\\/#\\\/schema\\\/person\\\/77d6b186c710ac38937c6ec204fdd387\"},\"headline\":\"ESCOLA SEM PARTIDO pode acabar por falta de apoio\",\"datePublished\":\"2019-07-23T12:14:18+00:00\",\"mainEntityOfPage\":{\"@id\":\"https:\\\/\\\/www.p31noticias.com.br\\\/?p=18269\"},\"wordCount\":459,\"commentCount\":0,\"image\":{\"@id\":\"https:\\\/\\\/www.p31noticias.com.br\\\/?p=18269#primaryimage\"},\"thumbnailUrl\":\"https:\\\/\\\/www.p31noticias.com.br\\\/wp-content\\\/uploads\\\/2019\\\/07\\\/escola-sem-partido.jpg\",\"keywords\":[\"escola sem partido\",\"estudantes\",\"ideologia\",\"MEC\"],\"articleSection\":[\"Pol\u00edtica\"],\"inLanguage\":\"pt-BR\",\"potentialAction\":[{\"@type\":\"CommentAction\",\"name\":\"Comment\",\"target\":[\"https:\\\/\\\/www.p31noticias.com.br\\\/?p=18269#respond\"]}],\"copyrightYear\":\"2019\",\"copyrightHolder\":{\"@id\":\"https:\\\/\\\/www.p31noticias.com.br\\\/#organization\"}},{\"@type\":\"WebPage\",\"@id\":\"https:\\\/\\\/www.p31noticias.com.br\\\/?p=18269\",\"url\":\"https:\\\/\\\/www.p31noticias.com.br\\\/?p=18269\",\"name\":\"ESCOLA SEM PARTIDO pode acabar por falta de apoio - P31\",\"isPartOf\":{\"@id\":\"https:\\\/\\\/www.p31noticias.com.br\\\/#website\"},\"primaryImageOfPage\":{\"@id\":\"https:\\\/\\\/www.p31noticias.com.br\\\/?p=18269#primaryimage\"},\"image\":{\"@id\":\"https:\\\/\\\/www.p31noticias.com.br\\\/?p=18269#primaryimage\"},\"thumbnailUrl\":\"https:\\\/\\\/www.p31noticias.com.br\\\/wp-content\\\/uploads\\\/2019\\\/07\\\/escola-sem-partido.jpg\",\"datePublished\":\"2019-07-23T12:14:18+00:00\",\"author\":{\"@id\":\"https:\\\/\\\/www.p31noticias.com.br\\\/#\\\/schema\\\/person\\\/77d6b186c710ac38937c6ec204fdd387\"},\"breadcrumb\":{\"@id\":\"https:\\\/\\\/www.p31noticias.com.br\\\/?p=18269#breadcrumb\"},\"inLanguage\":\"pt-BR\",\"potentialAction\":[{\"@type\":\"ReadAction\",\"target\":[\"https:\\\/\\\/www.p31noticias.com.br\\\/?p=18269\"]}]},{\"@type\":\"ImageObject\",\"inLanguage\":\"pt-BR\",\"@id\":\"https:\\\/\\\/www.p31noticias.com.br\\\/?p=18269#primaryimage\",\"url\":\"https:\\\/\\\/www.p31noticias.com.br\\\/wp-content\\\/uploads\\\/2019\\\/07\\\/escola-sem-partido.jpg\",\"contentUrl\":\"https:\\\/\\\/www.p31noticias.com.br\\\/wp-content\\\/uploads\\\/2019\\\/07\\\/escola-sem-partido.jpg\",\"width\":2000,\"height\":1200},{\"@type\":\"BreadcrumbList\",\"@id\":\"https:\\\/\\\/www.p31noticias.com.br\\\/?p=18269#breadcrumb\",\"itemListElement\":[{\"@type\":\"ListItem\",\"position\":1,\"name\":\"In\u00edcio\",\"item\":\"https:\\\/\\\/www.p31noticias.com.br\\\/\"},{\"@type\":\"ListItem\",\"position\":2,\"name\":\"ESCOLA SEM PARTIDO pode acabar por falta de apoio\"}]},{\"@type\":\"WebSite\",\"@id\":\"https:\\\/\\\/www.p31noticias.com.br\\\/#website\",\"url\":\"https:\\\/\\\/www.p31noticias.com.br\\\/\",\"name\":\"P31\",\"description\":\"NOT\u00cdCIAS\",\"potentialAction\":[{\"@type\":\"SearchAction\",\"target\":{\"@type\":\"EntryPoint\",\"urlTemplate\":\"https:\\\/\\\/www.p31noticias.com.br\\\/?s={search_term_string}\"},\"query-input\":{\"@type\":\"PropertyValueSpecification\",\"valueRequired\":true,\"valueName\":\"search_term_string\"}}],\"inLanguage\":\"pt-BR\"},{\"@type\":\"Person\",\"@id\":\"https:\\\/\\\/www.p31noticias.com.br\\\/#\\\/schema\\\/person\\\/77d6b186c710ac38937c6ec204fdd387\",\"name\":\"Reda\u00e7\u00e3o JBN\",\"image\":{\"@type\":\"ImageObject\",\"inLanguage\":\"pt-BR\",\"@id\":\"https:\\\/\\\/secure.gravatar.com\\\/avatar\\\/10fcdb93211f98cce3d64c0795b0915a9a4a21dc0f279238995a3dbfafcad090?s=96&d=mm&r=g\",\"url\":\"https:\\\/\\\/secure.gravatar.com\\\/avatar\\\/10fcdb93211f98cce3d64c0795b0915a9a4a21dc0f279238995a3dbfafcad090?s=96&d=mm&r=g\",\"contentUrl\":\"https:\\\/\\\/secure.gravatar.com\\\/avatar\\\/10fcdb93211f98cce3d64c0795b0915a9a4a21dc0f279238995a3dbfafcad090?s=96&d=mm&r=g\",\"caption\":\"Reda\u00e7\u00e3o JBN\"},\"sameAs\":[\"https:\\\/\\\/p31noticias.com.br\"],\"url\":\"https:\\\/\\\/www.p31noticias.com.br\\\/?author=18\"}]}<\/script>\n<!-- \/ Yoast SEO Premium plugin. -->","yoast_head_json":{"title":"ESCOLA SEM PARTIDO pode acabar por falta de apoio - P31","robots":{"index":"index","follow":"follow","max-snippet":"max-snippet:-1","max-image-preview":"max-image-preview:large","max-video-preview":"max-video-preview:-1"},"canonical":"https:\/\/www.p31noticias.com.br\/?p=18269","og_locale":"pt_BR","og_type":"article","og_title":"ESCOLA SEM PARTIDO pode acabar por falta de apoio","og_description":"O fundador do movimento disse, em declara\u00e7\u00e3o, que o \u201cesquecimento\u201d do Escola Sem Partido \u00e9 frustrante.\u00a0\u201cDesde o in\u00edcio do governo de transi\u00e7\u00e3o, n\u00e3o me lembro de t\u00ea-lo [Bolsonaro] ouvido falar em Escola sem Partido. Por alguma raz\u00e3o, o tema sumiu do radar do Presidente\u201d. Ele afirmou ainda que ficou esperando um contato por parte do [&hellip;]","og_url":"https:\/\/www.p31noticias.com.br\/?p=18269","og_site_name":"P31","article_published_time":"2019-07-23T12:14:18+00:00","og_image":[{"width":2000,"height":1200,"url":"https:\/\/www.p31noticias.com.br\/wp-content\/uploads\/2019\/07\/escola-sem-partido.jpg","type":"image\/jpeg"}],"author":"Reda\u00e7\u00e3o JBN","twitter_card":"summary_large_image","twitter_misc":{"Escrito por":"Reda\u00e7\u00e3o JBN","Est. tempo de leitura":"2 minutos"},"schema":{"@context":"https:\/\/schema.org","@graph":[{"@type":"Article","@id":"https:\/\/www.p31noticias.com.br\/?p=18269#article","isPartOf":{"@id":"https:\/\/www.p31noticias.com.br\/?p=18269"},"author":{"name":"Reda\u00e7\u00e3o JBN","@id":"https:\/\/www.p31noticias.com.br\/#\/schema\/person\/77d6b186c710ac38937c6ec204fdd387"},"headline":"ESCOLA SEM PARTIDO pode acabar por falta de apoio","datePublished":"2019-07-23T12:14:18+00:00","mainEntityOfPage":{"@id":"https:\/\/www.p31noticias.com.br\/?p=18269"},"wordCount":459,"commentCount":0,"image":{"@id":"https:\/\/www.p31noticias.com.br\/?p=18269#primaryimage"},"thumbnailUrl":"https:\/\/www.p31noticias.com.br\/wp-content\/uploads\/2019\/07\/escola-sem-partido.jpg","keywords":["escola sem partido","estudantes","ideologia","MEC"],"articleSection":["Pol\u00edtica"],"inLanguage":"pt-BR","potentialAction":[{"@type":"CommentAction","name":"Comment","target":["https:\/\/www.p31noticias.com.br\/?p=18269#respond"]}],"copyrightYear":"2019","copyrightHolder":{"@id":"https:\/\/www.p31noticias.com.br\/#organization"}},{"@type":"WebPage","@id":"https:\/\/www.p31noticias.com.br\/?p=18269","url":"https:\/\/www.p31noticias.com.br\/?p=18269","name":"ESCOLA SEM PARTIDO pode acabar por falta de apoio - P31","isPartOf":{"@id":"https:\/\/www.p31noticias.com.br\/#website"},"primaryImageOfPage":{"@id":"https:\/\/www.p31noticias.com.br\/?p=18269#primaryimage"},"image":{"@id":"https:\/\/www.p31noticias.com.br\/?p=18269#primaryimage"},"thumbnailUrl":"https:\/\/www.p31noticias.com.br\/wp-content\/uploads\/2019\/07\/escola-sem-partido.jpg","datePublished":"2019-07-23T12:14:18+00:00","author":{"@id":"https:\/\/www.p31noticias.com.br\/#\/schema\/person\/77d6b186c710ac38937c6ec204fdd387"},"breadcrumb":{"@id":"https:\/\/www.p31noticias.com.br\/?p=18269#breadcrumb"},"inLanguage":"pt-BR","potentialAction":[{"@type":"ReadAction","target":["https:\/\/www.p31noticias.com.br\/?p=18269"]}]},{"@type":"ImageObject","inLanguage":"pt-BR","@id":"https:\/\/www.p31noticias.com.br\/?p=18269#primaryimage","url":"https:\/\/www.p31noticias.com.br\/wp-content\/uploads\/2019\/07\/escola-sem-partido.jpg","contentUrl":"https:\/\/www.p31noticias.com.br\/wp-content\/uploads\/2019\/07\/escola-sem-partido.jpg","width":2000,"height":1200},{"@type":"BreadcrumbList","@id":"https:\/\/www.p31noticias.com.br\/?p=18269#breadcrumb","itemListElement":[{"@type":"ListItem","position":1,"name":"In\u00edcio","item":"https:\/\/www.p31noticias.com.br\/"},{"@type":"ListItem","position":2,"name":"ESCOLA SEM PARTIDO pode acabar por falta de apoio"}]},{"@type":"WebSite","@id":"https:\/\/www.p31noticias.com.br\/#website","url":"https:\/\/www.p31noticias.com.br\/","name":"P31","description":"NOT\u00cdCIAS","potentialAction":[{"@type":"SearchAction","target":{"@type":"EntryPoint","urlTemplate":"https:\/\/www.p31noticias.com.br\/?s={search_term_string}"},"query-input":{"@type":"PropertyValueSpecification","valueRequired":true,"valueName":"search_term_string"}}],"inLanguage":"pt-BR"},{"@type":"Person","@id":"https:\/\/www.p31noticias.com.br\/#\/schema\/person\/77d6b186c710ac38937c6ec204fdd387","name":"Reda\u00e7\u00e3o JBN","image":{"@type":"ImageObject","inLanguage":"pt-BR","@id":"https:\/\/secure.gravatar.com\/avatar\/10fcdb93211f98cce3d64c0795b0915a9a4a21dc0f279238995a3dbfafcad090?s=96&d=mm&r=g","url":"https:\/\/secure.gravatar.com\/avatar\/10fcdb93211f98cce3d64c0795b0915a9a4a21dc0f279238995a3dbfafcad090?s=96&d=mm&r=g","contentUrl":"https:\/\/secure.gravatar.com\/avatar\/10fcdb93211f98cce3d64c0795b0915a9a4a21dc0f279238995a3dbfafcad090?s=96&d=mm&r=g","caption":"Reda\u00e7\u00e3o JBN"},"sameAs":["https:\/\/p31noticias.com.br"],"url":"https:\/\/www.p31noticias.com.br\/?author=18"}]}},"amp_enabled":true,"_links":{"self":[{"href":"https:\/\/www.p31noticias.com.br\/index.php?rest_route=\/wp\/v2\/posts\/18269","targetHints":{"allow":["GET"]}}],"collection":[{"href":"https:\/\/www.p31noticias.com.br\/index.php?rest_route=\/wp\/v2\/posts"}],"about":[{"href":"https:\/\/www.p31noticias.com.br\/index.php?rest_route=\/wp\/v2\/types\/post"}],"author":[{"embeddable":true,"href":"https:\/\/www.p31noticias.com.br\/index.php?rest_route=\/wp\/v2\/users\/18"}],"replies":[{"embeddable":true,"href":"https:\/\/www.p31noticias.com.br\/index.php?rest_route=%2Fwp%2Fv2%2Fcomments&post=18269"}],"version-history":[{"count":0,"href":"https:\/\/www.p31noticias.com.br\/index.php?rest_route=\/wp\/v2\/posts\/18269\/revisions"}],"wp:featuredmedia":[{"embeddable":true,"href":"https:\/\/www.p31noticias.com.br\/index.php?rest_route=\/wp\/v2\/media\/18271"}],"wp:attachment":[{"href":"https:\/\/www.p31noticias.com.br\/index.php?rest_route=%2Fwp%2Fv2%2Fmedia&parent=18269"}],"wp:term":[{"taxonomy":"category","embeddable":true,"href":"https:\/\/www.p31noticias.com.br\/index.php?rest_route=%2Fwp%2Fv2%2Fcategories&post=18269"},{"taxonomy":"post_tag","embeddable":true,"href":"https:\/\/www.p31noticias.com.br\/index.php?rest_route=%2Fwp%2Fv2%2Ftags&post=18269"}],"curies":[{"name":"wp","href":"https:\/\/api.w.org\/{rel}","templated":true}]}}