{"id":18263,"date":"2019-07-22T14:06:28","date_gmt":"2019-07-22T17:06:28","guid":{"rendered":"https:\/\/www.delioandrade.com.br\/?p=18263"},"modified":"2019-07-22T14:06:28","modified_gmt":"2019-07-22T17:06:28","slug":"prefeito-de-aguas-lindas-cobra-governo-por-melhorias-no-entorno","status":"publish","type":"post","link":"https:\/\/www.p31noticias.com.br\/?p=18263","title":{"rendered":"Prefeito de \u00c1guas Lindas, cobra Governo por melhorias no Entorno"},"content":{"rendered":"<p>O Prefeito de \u00c1guas Lindas de Goi\u00e1s, Hildo do Candango esteve em Goi\u00e2nia na manh\u00e3 da \u00faltima ter\u00e7a-feira, 3, onde cumpriu agenda de compromissos pol\u00edticos. Durante sua perman\u00eancia na capital, Hildo se encontrou com lideran\u00e7as da Organiza\u00e7\u00e3o das Volunt\u00e1rias de Goi\u00e1s (OVG), do Tribunal de Contas dos Munic\u00edpios (TCM-GO) e ainda com o vice-governador, Lincoln Tejota.<\/p>\n<p>No primeiro encontro, com a diretora presidente da Organiza\u00e7\u00e3o das Volunt\u00e1rias de Goi\u00e1s \u2013 OVG, Dra. Adriana Caiado, Hildo solicitou o aumento da quantidade de refei\u00e7\u00f5es no restaurante comunit\u00e1rio de \u00c1guas Lindas. Ap\u00f3s o encontro a presidente assumiu o compromisso de realizar an\u00e1lise dentro da program\u00e1tica do governo.<\/p>\n<p>No TCM, Hildo se encontrou com os conselheiros Francisco, Fabr\u00edcio e S\u00e9rgio Cardoso para tratar sobre contratos que n\u00e3o teve o Temos de Ajustes de Contas (TAC) denido.<\/p>\n<p>Finalizando a agenda, o prefeito se reuniu com o vice- governador, Lincoln Tejota, para pedir que o governo se junte aos trabalhos\u00a0com o Entorno do DF num contexto geral e principalmente na \u00e1rea da sa\u00fade priorizando os hospitais da regi\u00e3o em \u00c1guas Lindas, a possibilidade de um hospital em Valpara\u00edso e a retomada das obras do Hospital de Santo Ant\u00f4nio do Descoberto.<\/p>\n<p>Al\u00e9m disso, o Prefeito tamb\u00e9m solicitou que a proposta do Governador Ronaldo Caiado seja executada para que o Entorno do Distrito Federal seja inserido num contexto de Desenvolvimento Industrial e servi\u00e7os de renda.<\/p>\n","protected":false},"excerpt":{"rendered":"<p>O Prefeito de \u00c1guas Lindas de Goi\u00e1s, Hildo do Candango esteve em Goi\u00e2nia na manh\u00e3 da \u00faltima ter\u00e7a-feira, 3, onde cumpriu agenda de compromissos pol\u00edticos. Durante sua perman\u00eancia na capital, Hildo se encontrou com lideran\u00e7as da Organiza\u00e7\u00e3o das Volunt\u00e1rias de Goi\u00e1s (OVG), do Tribunal de Contas dos Munic\u00edpios (TCM-GO) e ainda com o vice-governador, Lincoln [&hellip;]<\/p>\n","protected":false},"author":18,"featured_media":18264,"comment_status":"open","ping_status":"open","sticky":false,"template":"","format":"standard","meta":{"footnotes":""},"categories":[1],"tags":[104,103,105,106],"class_list":{"0":"post-18263","1":"post","2":"type-post","3":"status-publish","4":"format-standard","5":"has-post-thumbnail","7":"category-outros","8":"tag-aguas-lindas-go","9":"tag-entorno","10":"tag-goias","11":"tag-valparaiso-go"},"yoast_head":"<!-- This site is optimized with the Yoast SEO Premium plugin v24.5 (Yoast SEO v27.5) - https:\/\/yoast.com\/product\/yoast-seo-premium-wordpress\/ -->\n<title>Prefeito de \u00c1guas Lindas, cobra Governo por melhorias no Entorno - P31<\/title>\n<meta name=\"robots\" content=\"index, follow, max-snippet:-1, max-image-preview:large, max-video-preview:-1\" \/>\n<link rel=\"canonical\" href=\"https:\/\/www.p31noticias.com.br\/?p=18263\" \/>\n<meta property=\"og:locale\" content=\"pt_BR\" \/>\n<meta property=\"og:type\" content=\"article\" \/>\n<meta property=\"og:title\" content=\"Prefeito de \u00c1guas Lindas, cobra Governo por melhorias no Entorno\" \/>\n<meta property=\"og:description\" content=\"O Prefeito de \u00c1guas Lindas de Goi\u00e1s, Hildo do Candango esteve em Goi\u00e2nia na manh\u00e3 da \u00faltima ter\u00e7a-feira, 3, onde cumpriu agenda de compromissos pol\u00edticos. Durante sua perman\u00eancia na capital, Hildo se encontrou com lideran\u00e7as da Organiza\u00e7\u00e3o das Volunt\u00e1rias de Goi\u00e1s (OVG), do Tribunal de Contas dos Munic\u00edpios (TCM-GO) e ainda com o vice-governador, Lincoln [&hellip;]\" \/>\n<meta property=\"og:url\" content=\"https:\/\/www.p31noticias.com.br\/?p=18263\" \/>\n<meta property=\"og:site_name\" content=\"P31\" \/>\n<meta property=\"article:published_time\" content=\"2019-07-22T17:06:28+00:00\" \/>\n<meta property=\"og:image\" content=\"https:\/\/www.p31noticias.com.br\/wp-content\/uploads\/2019\/07\/WhatsApp-Image-2019-07-04-at-16.36.30.jpeg\" \/>\n\t<meta property=\"og:image:width\" content=\"768\" \/>\n\t<meta property=\"og:image:height\" content=\"433\" \/>\n\t<meta property=\"og:image:type\" content=\"image\/jpeg\" \/>\n<meta name=\"author\" content=\"Reda\u00e7\u00e3o JBN\" \/>\n<meta name=\"twitter:card\" content=\"summary_large_image\" \/>\n<meta name=\"twitter:label1\" content=\"Escrito por\" \/>\n\t<meta name=\"twitter:data1\" content=\"Reda\u00e7\u00e3o JBN\" \/>\n\t<meta name=\"twitter:label2\" content=\"Est. tempo de leitura\" \/>\n\t<meta name=\"twitter:data2\" content=\"1 minuto\" \/>\n<script type=\"application\/ld+json\" class=\"yoast-schema-graph\">{\"@context\":\"https:\\\/\\\/schema.org\",\"@graph\":[{\"@type\":\"Article\",\"@id\":\"https:\\\/\\\/www.p31noticias.com.br\\\/?p=18263#article\",\"isPartOf\":{\"@id\":\"https:\\\/\\\/www.p31noticias.com.br\\\/?p=18263\"},\"author\":{\"name\":\"Reda\u00e7\u00e3o JBN\",\"@id\":\"https:\\\/\\\/www.p31noticias.com.br\\\/#\\\/schema\\\/person\\\/77d6b186c710ac38937c6ec204fdd387\"},\"headline\":\"Prefeito de \u00c1guas Lindas, cobra Governo por melhorias no Entorno\",\"datePublished\":\"2019-07-22T17:06:28+00:00\",\"mainEntityOfPage\":{\"@id\":\"https:\\\/\\\/www.p31noticias.com.br\\\/?p=18263\"},\"wordCount\":264,\"commentCount\":0,\"image\":{\"@id\":\"https:\\\/\\\/www.p31noticias.com.br\\\/?p=18263#primaryimage\"},\"thumbnailUrl\":\"https:\\\/\\\/www.p31noticias.com.br\\\/wp-content\\\/uploads\\\/2019\\\/07\\\/WhatsApp-Image-2019-07-04-at-16.36.30.jpeg\",\"keywords\":[\"\u00c1guas Lindas GO\",\"Entorno\",\"Goi\u00e1s\",\"Valpara\u00edso GO\"],\"articleSection\":[\"Outros\"],\"inLanguage\":\"pt-BR\",\"potentialAction\":[{\"@type\":\"CommentAction\",\"name\":\"Comment\",\"target\":[\"https:\\\/\\\/www.p31noticias.com.br\\\/?p=18263#respond\"]}],\"copyrightYear\":\"2019\",\"copyrightHolder\":{\"@id\":\"https:\\\/\\\/www.p31noticias.com.br\\\/#organization\"}},{\"@type\":\"WebPage\",\"@id\":\"https:\\\/\\\/www.p31noticias.com.br\\\/?p=18263\",\"url\":\"https:\\\/\\\/www.p31noticias.com.br\\\/?p=18263\",\"name\":\"Prefeito de \u00c1guas Lindas, cobra Governo por melhorias no Entorno - P31\",\"isPartOf\":{\"@id\":\"https:\\\/\\\/www.p31noticias.com.br\\\/#website\"},\"primaryImageOfPage\":{\"@id\":\"https:\\\/\\\/www.p31noticias.com.br\\\/?p=18263#primaryimage\"},\"image\":{\"@id\":\"https:\\\/\\\/www.p31noticias.com.br\\\/?p=18263#primaryimage\"},\"thumbnailUrl\":\"https:\\\/\\\/www.p31noticias.com.br\\\/wp-content\\\/uploads\\\/2019\\\/07\\\/WhatsApp-Image-2019-07-04-at-16.36.30.jpeg\",\"datePublished\":\"2019-07-22T17:06:28+00:00\",\"author\":{\"@id\":\"https:\\\/\\\/www.p31noticias.com.br\\\/#\\\/schema\\\/person\\\/77d6b186c710ac38937c6ec204fdd387\"},\"breadcrumb\":{\"@id\":\"https:\\\/\\\/www.p31noticias.com.br\\\/?p=18263#breadcrumb\"},\"inLanguage\":\"pt-BR\",\"potentialAction\":[{\"@type\":\"ReadAction\",\"target\":[\"https:\\\/\\\/www.p31noticias.com.br\\\/?p=18263\"]}]},{\"@type\":\"ImageObject\",\"inLanguage\":\"pt-BR\",\"@id\":\"https:\\\/\\\/www.p31noticias.com.br\\\/?p=18263#primaryimage\",\"url\":\"https:\\\/\\\/www.p31noticias.com.br\\\/wp-content\\\/uploads\\\/2019\\\/07\\\/WhatsApp-Image-2019-07-04-at-16.36.30.jpeg\",\"contentUrl\":\"https:\\\/\\\/www.p31noticias.com.br\\\/wp-content\\\/uploads\\\/2019\\\/07\\\/WhatsApp-Image-2019-07-04-at-16.36.30.jpeg\",\"width\":768,\"height\":433},{\"@type\":\"BreadcrumbList\",\"@id\":\"https:\\\/\\\/www.p31noticias.com.br\\\/?p=18263#breadcrumb\",\"itemListElement\":[{\"@type\":\"ListItem\",\"position\":1,\"name\":\"In\u00edcio\",\"item\":\"https:\\\/\\\/www.p31noticias.com.br\\\/\"},{\"@type\":\"ListItem\",\"position\":2,\"name\":\"Prefeito de \u00c1guas Lindas, cobra Governo por melhorias no Entorno\"}]},{\"@type\":\"WebSite\",\"@id\":\"https:\\\/\\\/www.p31noticias.com.br\\\/#website\",\"url\":\"https:\\\/\\\/www.p31noticias.com.br\\\/\",\"name\":\"P31\",\"description\":\"NOT\u00cdCIAS\",\"potentialAction\":[{\"@type\":\"SearchAction\",\"target\":{\"@type\":\"EntryPoint\",\"urlTemplate\":\"https:\\\/\\\/www.p31noticias.com.br\\\/?s={search_term_string}\"},\"query-input\":{\"@type\":\"PropertyValueSpecification\",\"valueRequired\":true,\"valueName\":\"search_term_string\"}}],\"inLanguage\":\"pt-BR\"},{\"@type\":\"Person\",\"@id\":\"https:\\\/\\\/www.p31noticias.com.br\\\/#\\\/schema\\\/person\\\/77d6b186c710ac38937c6ec204fdd387\",\"name\":\"Reda\u00e7\u00e3o JBN\",\"image\":{\"@type\":\"ImageObject\",\"inLanguage\":\"pt-BR\",\"@id\":\"https:\\\/\\\/secure.gravatar.com\\\/avatar\\\/10fcdb93211f98cce3d64c0795b0915a9a4a21dc0f279238995a3dbfafcad090?s=96&d=mm&r=g\",\"url\":\"https:\\\/\\\/secure.gravatar.com\\\/avatar\\\/10fcdb93211f98cce3d64c0795b0915a9a4a21dc0f279238995a3dbfafcad090?s=96&d=mm&r=g\",\"contentUrl\":\"https:\\\/\\\/secure.gravatar.com\\\/avatar\\\/10fcdb93211f98cce3d64c0795b0915a9a4a21dc0f279238995a3dbfafcad090?s=96&d=mm&r=g\",\"caption\":\"Reda\u00e7\u00e3o JBN\"},\"sameAs\":[\"https:\\\/\\\/p31noticias.com.br\"],\"url\":\"https:\\\/\\\/www.p31noticias.com.br\\\/?author=18\"}]}<\/script>\n<!-- \/ Yoast SEO Premium plugin. -->","yoast_head_json":{"title":"Prefeito de \u00c1guas Lindas, cobra Governo por melhorias no Entorno - P31","robots":{"index":"index","follow":"follow","max-snippet":"max-snippet:-1","max-image-preview":"max-image-preview:large","max-video-preview":"max-video-preview:-1"},"canonical":"https:\/\/www.p31noticias.com.br\/?p=18263","og_locale":"pt_BR","og_type":"article","og_title":"Prefeito de \u00c1guas Lindas, cobra Governo por melhorias no Entorno","og_description":"O Prefeito de \u00c1guas Lindas de Goi\u00e1s, Hildo do Candango esteve em Goi\u00e2nia na manh\u00e3 da \u00faltima ter\u00e7a-feira, 3, onde cumpriu agenda de compromissos pol\u00edticos. Durante sua perman\u00eancia na capital, Hildo se encontrou com lideran\u00e7as da Organiza\u00e7\u00e3o das Volunt\u00e1rias de Goi\u00e1s (OVG), do Tribunal de Contas dos Munic\u00edpios (TCM-GO) e ainda com o vice-governador, Lincoln [&hellip;]","og_url":"https:\/\/www.p31noticias.com.br\/?p=18263","og_site_name":"P31","article_published_time":"2019-07-22T17:06:28+00:00","og_image":[{"width":768,"height":433,"url":"https:\/\/www.p31noticias.com.br\/wp-content\/uploads\/2019\/07\/WhatsApp-Image-2019-07-04-at-16.36.30.jpeg","type":"image\/jpeg"}],"author":"Reda\u00e7\u00e3o JBN","twitter_card":"summary_large_image","twitter_misc":{"Escrito por":"Reda\u00e7\u00e3o JBN","Est. tempo de leitura":"1 minuto"},"schema":{"@context":"https:\/\/schema.org","@graph":[{"@type":"Article","@id":"https:\/\/www.p31noticias.com.br\/?p=18263#article","isPartOf":{"@id":"https:\/\/www.p31noticias.com.br\/?p=18263"},"author":{"name":"Reda\u00e7\u00e3o JBN","@id":"https:\/\/www.p31noticias.com.br\/#\/schema\/person\/77d6b186c710ac38937c6ec204fdd387"},"headline":"Prefeito de \u00c1guas Lindas, cobra Governo por melhorias no Entorno","datePublished":"2019-07-22T17:06:28+00:00","mainEntityOfPage":{"@id":"https:\/\/www.p31noticias.com.br\/?p=18263"},"wordCount":264,"commentCount":0,"image":{"@id":"https:\/\/www.p31noticias.com.br\/?p=18263#primaryimage"},"thumbnailUrl":"https:\/\/www.p31noticias.com.br\/wp-content\/uploads\/2019\/07\/WhatsApp-Image-2019-07-04-at-16.36.30.jpeg","keywords":["\u00c1guas Lindas GO","Entorno","Goi\u00e1s","Valpara\u00edso GO"],"articleSection":["Outros"],"inLanguage":"pt-BR","potentialAction":[{"@type":"CommentAction","name":"Comment","target":["https:\/\/www.p31noticias.com.br\/?p=18263#respond"]}],"copyrightYear":"2019","copyrightHolder":{"@id":"https:\/\/www.p31noticias.com.br\/#organization"}},{"@type":"WebPage","@id":"https:\/\/www.p31noticias.com.br\/?p=18263","url":"https:\/\/www.p31noticias.com.br\/?p=18263","name":"Prefeito de \u00c1guas Lindas, cobra Governo por melhorias no Entorno - P31","isPartOf":{"@id":"https:\/\/www.p31noticias.com.br\/#website"},"primaryImageOfPage":{"@id":"https:\/\/www.p31noticias.com.br\/?p=18263#primaryimage"},"image":{"@id":"https:\/\/www.p31noticias.com.br\/?p=18263#primaryimage"},"thumbnailUrl":"https:\/\/www.p31noticias.com.br\/wp-content\/uploads\/2019\/07\/WhatsApp-Image-2019-07-04-at-16.36.30.jpeg","datePublished":"2019-07-22T17:06:28+00:00","author":{"@id":"https:\/\/www.p31noticias.com.br\/#\/schema\/person\/77d6b186c710ac38937c6ec204fdd387"},"breadcrumb":{"@id":"https:\/\/www.p31noticias.com.br\/?p=18263#breadcrumb"},"inLanguage":"pt-BR","potentialAction":[{"@type":"ReadAction","target":["https:\/\/www.p31noticias.com.br\/?p=18263"]}]},{"@type":"ImageObject","inLanguage":"pt-BR","@id":"https:\/\/www.p31noticias.com.br\/?p=18263#primaryimage","url":"https:\/\/www.p31noticias.com.br\/wp-content\/uploads\/2019\/07\/WhatsApp-Image-2019-07-04-at-16.36.30.jpeg","contentUrl":"https:\/\/www.p31noticias.com.br\/wp-content\/uploads\/2019\/07\/WhatsApp-Image-2019-07-04-at-16.36.30.jpeg","width":768,"height":433},{"@type":"BreadcrumbList","@id":"https:\/\/www.p31noticias.com.br\/?p=18263#breadcrumb","itemListElement":[{"@type":"ListItem","position":1,"name":"In\u00edcio","item":"https:\/\/www.p31noticias.com.br\/"},{"@type":"ListItem","position":2,"name":"Prefeito de \u00c1guas Lindas, cobra Governo por melhorias no Entorno"}]},{"@type":"WebSite","@id":"https:\/\/www.p31noticias.com.br\/#website","url":"https:\/\/www.p31noticias.com.br\/","name":"P31","description":"NOT\u00cdCIAS","potentialAction":[{"@type":"SearchAction","target":{"@type":"EntryPoint","urlTemplate":"https:\/\/www.p31noticias.com.br\/?s={search_term_string}"},"query-input":{"@type":"PropertyValueSpecification","valueRequired":true,"valueName":"search_term_string"}}],"inLanguage":"pt-BR"},{"@type":"Person","@id":"https:\/\/www.p31noticias.com.br\/#\/schema\/person\/77d6b186c710ac38937c6ec204fdd387","name":"Reda\u00e7\u00e3o JBN","image":{"@type":"ImageObject","inLanguage":"pt-BR","@id":"https:\/\/secure.gravatar.com\/avatar\/10fcdb93211f98cce3d64c0795b0915a9a4a21dc0f279238995a3dbfafcad090?s=96&d=mm&r=g","url":"https:\/\/secure.gravatar.com\/avatar\/10fcdb93211f98cce3d64c0795b0915a9a4a21dc0f279238995a3dbfafcad090?s=96&d=mm&r=g","contentUrl":"https:\/\/secure.gravatar.com\/avatar\/10fcdb93211f98cce3d64c0795b0915a9a4a21dc0f279238995a3dbfafcad090?s=96&d=mm&r=g","caption":"Reda\u00e7\u00e3o JBN"},"sameAs":["https:\/\/p31noticias.com.br"],"url":"https:\/\/www.p31noticias.com.br\/?author=18"}]}},"amp_enabled":true,"_links":{"self":[{"href":"https:\/\/www.p31noticias.com.br\/index.php?rest_route=\/wp\/v2\/posts\/18263","targetHints":{"allow":["GET"]}}],"collection":[{"href":"https:\/\/www.p31noticias.com.br\/index.php?rest_route=\/wp\/v2\/posts"}],"about":[{"href":"https:\/\/www.p31noticias.com.br\/index.php?rest_route=\/wp\/v2\/types\/post"}],"author":[{"embeddable":true,"href":"https:\/\/www.p31noticias.com.br\/index.php?rest_route=\/wp\/v2\/users\/18"}],"replies":[{"embeddable":true,"href":"https:\/\/www.p31noticias.com.br\/index.php?rest_route=%2Fwp%2Fv2%2Fcomments&post=18263"}],"version-history":[{"count":0,"href":"https:\/\/www.p31noticias.com.br\/index.php?rest_route=\/wp\/v2\/posts\/18263\/revisions"}],"wp:featuredmedia":[{"embeddable":true,"href":"https:\/\/www.p31noticias.com.br\/index.php?rest_route=\/wp\/v2\/media\/18264"}],"wp:attachment":[{"href":"https:\/\/www.p31noticias.com.br\/index.php?rest_route=%2Fwp%2Fv2%2Fmedia&parent=18263"}],"wp:term":[{"taxonomy":"category","embeddable":true,"href":"https:\/\/www.p31noticias.com.br\/index.php?rest_route=%2Fwp%2Fv2%2Fcategories&post=18263"},{"taxonomy":"post_tag","embeddable":true,"href":"https:\/\/www.p31noticias.com.br\/index.php?rest_route=%2Fwp%2Fv2%2Ftags&post=18263"}],"curies":[{"name":"wp","href":"https:\/\/api.w.org\/{rel}","templated":true}]}}