{"id":18257,"date":"2019-07-22T12:34:45","date_gmt":"2019-07-22T15:34:45","guid":{"rendered":"https:\/\/www.delioandrade.com.br\/?p=18257"},"modified":"2019-07-22T12:34:45","modified_gmt":"2019-07-22T15:34:45","slug":"gdf-extingue-dftrans-e-passa-sistema-de-bilhetagem-para-o-brb","status":"publish","type":"post","link":"https:\/\/www.p31noticias.com.br\/?p=18257","title":{"rendered":"GDF extingue DFTrans e passa sistema de bilhetagem para o BRB"},"content":{"rendered":"<p>Com a lei, o \u00f3rg\u00e3o deixa de existir e d\u00e1 lugar a uma subpasta subordinada \u00e0 Secretaria de Transporte e Mobilidade (Semob). A proposta altera a Lei n\u00ba 4.011, de 2007, que d\u00e1 \u00e0 Semob a atribui\u00e7\u00e3o de implantar pol\u00edtica tarif\u00e1ria; dispor sobre itiner\u00e1rios, frequ\u00eancia e padr\u00e3o de qualidade dos servi\u00e7os de transporte p\u00fablico; combater o transporte ilegal de\u00a0passageiros; entre outras medidas.<\/p>\n<div class=\"m-banner-wrap m-publicity-content-middle\">\n<div id=\"div-gpt-ad-distrito-federal-quadrado-2\" class=\"ad-quadrado\" data-google-query-id=\"CJSetKTpyOMCFUJZwQodj8IH_A\">O Sistema de Bilhetagem Autom\u00e1tica (SBA) passa a ser gerido pelo Banco de Bras\u00edlia (BRB). De acordo com o artigo 11 da mencionada lei, a institui\u00e7\u00e3o ficar\u00e1 respons\u00e1vel pela confec\u00e7\u00e3o, manuten\u00e7\u00e3o de cadastros, gera\u00e7\u00e3o, distribui\u00e7\u00e3o e comercializa\u00e7\u00e3o dos cart\u00f5es, informa\u00e7\u00f5es inerentes ao sistema, bem como pelo repasse dos valores devidos individuais, exceto a parcela relativa a eventual subs\u00eddio.<\/div>\n<div data-google-query-id=\"CJSetKTpyOMCFUJZwQodj8IH_A\"><\/div>\n<\/div>\n<p>Mas a transfer\u00eancia n\u00e3o ser\u00e1 autom\u00e1tica. Em agenda p\u00fablica nesta segunda-feira, o governador Ibaneis Rocha disse que a gest\u00e3o do servi\u00e7o de bilhetagem passar\u00e1 provisoriamente para a Secretaria de Transporte e Mobilidade at\u00e9 chegar \u00e0s m\u00e3os do BRB.<\/p>\n<p>Segundo Ibaneis, dentro de duas semanas, o BRB dever\u00e1 assumir definitivamente a gest\u00e3o da bilhetagem. Um dos compromissos do banco \u00e9 a amplia\u00e7\u00e3o dos postos de atendimento. Atualmente, s\u00e3o aproximadamente 30 locais.<\/p>\n<p>A meta do GDF \u00e9 oferecer 150, usando a estrutura da institui\u00e7\u00e3o, a exemplo do BRB Conveni\u00eancia, segundo o emedebista.<\/p>\n<p>\u201cVamos ter uma qualidade maior, principalmente, na quest\u00e3o da fiscaliza\u00e7\u00e3o, que \u00e9 t\u00e3o criticada. N\u00f3s temos hoje um n\u00famero muito grande de fraudes, principalmente na quest\u00e3o da utiliza\u00e7\u00e3o do cart\u00e3o\u201d, ressaltou o governador.<\/p>\n<p>A Secretaria de Mobilidade receber\u00e1 pessoal, materiais, acervo patrimonial, recursos or\u00e7ament\u00e1rios e financeiros do DFTrans. Os cargos vagos ou ocupados vinculados \u00e0 carreira de atividades em transportes urbanos ser\u00e3o redistribu\u00eddos, sem demiss\u00e3o dos servidores.<\/p>\n<p>\u00d4nibus e metr\u00f4 manter\u00e3o sistema integrado para aceitar o novo modelo de bilhetagem. Al\u00e9m disso, fica assegurada a exist\u00eancia de pontos de recarga de cart\u00f5es em todas as regi\u00f5es administrativas do DF.<\/p>\n<p>O fim do DFTrans foi anunciado pelo governador em 8 de abril, data em que passageiros de \u00f4nibus e metr\u00f4 enfrentaram muitos transtornos para recarga de cart\u00f5es. Eles se queixaram de n\u00e3o conseguirem utilizar os cr\u00e9ditos do vale-transporte.<\/p>\n<p>Na hora em que passavam o cart\u00e3o no validador, deparavam-se com a mensagem de \u201csaldo insuficiente\u201d. Revoltadas e em busca de respostas, dezenas de pessoas protestaram no posto do\u00a0DFTrans\u00a0na Rodovi\u00e1ria do Plano Piloto.<\/p>\n<p>A confus\u00e3o provocou rea\u00e7\u00e3o imediata de Ibaneis, que pediu desculpas e compreens\u00e3o aos passageiros e disse que o sistema de bilhetagem passaria ao BRB. \u201cVou acabar com o DFTrans. Porque aquilo \u00e9 um \u00f3rg\u00e3o que s\u00f3 tem dado trabalho \u00e0 popula\u00e7\u00e3o, desrespeito. E \u00e9 uma central de corrup\u00e7\u00e3o\u201d, disparou.<\/p>\n<p><strong>A autarquia foi alvo de recentes opera\u00e7\u00f5es policiais que investigam desvios em dinheiro da bilhetagem. Segundo as apura\u00e7\u00f5es, o preju\u00edzo pode ter chegado a R$ 1 bilh\u00e3o.<\/strong><\/p>\n","protected":false},"excerpt":{"rendered":"<p>Com a lei, o \u00f3rg\u00e3o deixa de existir e d\u00e1 lugar a uma subpasta subordinada \u00e0 Secretaria de Transporte e Mobilidade (Semob). A proposta altera a Lei n\u00ba 4.011, de 2007, que d\u00e1 \u00e0 Semob a atribui\u00e7\u00e3o de implantar pol\u00edtica tarif\u00e1ria; dispor sobre itiner\u00e1rios, frequ\u00eancia e padr\u00e3o de qualidade dos servi\u00e7os de transporte p\u00fablico; combater [&hellip;]<\/p>\n","protected":false},"author":18,"featured_media":18258,"comment_status":"open","ping_status":"open","sticky":false,"template":"","format":"standard","meta":{"footnotes":""},"categories":[21,57],"tags":[83,96,35,36,97],"class_list":{"0":"post-18257","1":"post","2":"type-post","3":"status-publish","4":"format-standard","5":"has-post-thumbnail","7":"category-brasilia","8":"category-politica","9":"tag-brb","10":"tag-dftrans","11":"tag-gdf","12":"tag-ibaneis","13":"tag-semob"},"yoast_head":"<!-- This site is optimized with the Yoast SEO Premium plugin v24.5 (Yoast SEO v27.4) - https:\/\/yoast.com\/product\/yoast-seo-premium-wordpress\/ -->\n<title>GDF extingue DFTrans e passa sistema de bilhetagem para o BRB - P31<\/title>\n<meta name=\"robots\" content=\"index, follow, max-snippet:-1, max-image-preview:large, max-video-preview:-1\" \/>\n<link rel=\"canonical\" href=\"https:\/\/www.p31noticias.com.br\/?p=18257\" \/>\n<meta property=\"og:locale\" content=\"pt_BR\" \/>\n<meta property=\"og:type\" content=\"article\" \/>\n<meta property=\"og:title\" content=\"GDF extingue DFTrans e passa sistema de bilhetagem para o BRB\" \/>\n<meta property=\"og:description\" content=\"Com a lei, o \u00f3rg\u00e3o deixa de existir e d\u00e1 lugar a uma subpasta subordinada \u00e0 Secretaria de Transporte e Mobilidade (Semob). A proposta altera a Lei n\u00ba 4.011, de 2007, que d\u00e1 \u00e0 Semob a atribui\u00e7\u00e3o de implantar pol\u00edtica tarif\u00e1ria; dispor sobre itiner\u00e1rios, frequ\u00eancia e padr\u00e3o de qualidade dos servi\u00e7os de transporte p\u00fablico; combater [&hellip;]\" \/>\n<meta property=\"og:url\" content=\"https:\/\/www.p31noticias.com.br\/?p=18257\" \/>\n<meta property=\"og:site_name\" content=\"P31\" \/>\n<meta property=\"article:published_time\" content=\"2019-07-22T15:34:45+00:00\" \/>\n<meta property=\"og:image\" content=\"https:\/\/www.p31noticias.com.br\/wp-content\/uploads\/2019\/07\/DFTrans.jpeg\" \/>\n\t<meta property=\"og:image:width\" content=\"840\" \/>\n\t<meta property=\"og:image:height\" content=\"560\" \/>\n\t<meta property=\"og:image:type\" content=\"image\/jpeg\" \/>\n<meta name=\"author\" content=\"Reda\u00e7\u00e3o JBN\" \/>\n<meta name=\"twitter:card\" content=\"summary_large_image\" \/>\n<meta name=\"twitter:label1\" content=\"Escrito por\" \/>\n\t<meta name=\"twitter:data1\" content=\"Reda\u00e7\u00e3o JBN\" \/>\n\t<meta name=\"twitter:label2\" content=\"Est. tempo de leitura\" \/>\n\t<meta name=\"twitter:data2\" content=\"3 minutos\" \/>\n<script type=\"application\/ld+json\" class=\"yoast-schema-graph\">{\"@context\":\"https:\\\/\\\/schema.org\",\"@graph\":[{\"@type\":\"Article\",\"@id\":\"https:\\\/\\\/www.p31noticias.com.br\\\/?p=18257#article\",\"isPartOf\":{\"@id\":\"https:\\\/\\\/www.p31noticias.com.br\\\/?p=18257\"},\"author\":{\"name\":\"Reda\u00e7\u00e3o JBN\",\"@id\":\"https:\\\/\\\/www.p31noticias.com.br\\\/#\\\/schema\\\/person\\\/77d6b186c710ac38937c6ec204fdd387\"},\"headline\":\"GDF extingue DFTrans e passa sistema de bilhetagem para o BRB\",\"datePublished\":\"2019-07-22T15:34:45+00:00\",\"mainEntityOfPage\":{\"@id\":\"https:\\\/\\\/www.p31noticias.com.br\\\/?p=18257\"},\"wordCount\":520,\"commentCount\":0,\"image\":{\"@id\":\"https:\\\/\\\/www.p31noticias.com.br\\\/?p=18257#primaryimage\"},\"thumbnailUrl\":\"https:\\\/\\\/www.p31noticias.com.br\\\/wp-content\\\/uploads\\\/2019\\\/07\\\/DFTrans.jpeg\",\"keywords\":[\"brb\",\"DFTrans\",\"gdf\",\"Ibaneis\",\"SeMob\"],\"articleSection\":[\"Bras\u00edlia\",\"Pol\u00edtica\"],\"inLanguage\":\"pt-BR\",\"potentialAction\":[{\"@type\":\"CommentAction\",\"name\":\"Comment\",\"target\":[\"https:\\\/\\\/www.p31noticias.com.br\\\/?p=18257#respond\"]}],\"copyrightYear\":\"2019\",\"copyrightHolder\":{\"@id\":\"https:\\\/\\\/www.p31noticias.com.br\\\/#organization\"}},{\"@type\":\"WebPage\",\"@id\":\"https:\\\/\\\/www.p31noticias.com.br\\\/?p=18257\",\"url\":\"https:\\\/\\\/www.p31noticias.com.br\\\/?p=18257\",\"name\":\"GDF extingue DFTrans e passa sistema de bilhetagem para o BRB - P31\",\"isPartOf\":{\"@id\":\"https:\\\/\\\/www.p31noticias.com.br\\\/#website\"},\"primaryImageOfPage\":{\"@id\":\"https:\\\/\\\/www.p31noticias.com.br\\\/?p=18257#primaryimage\"},\"image\":{\"@id\":\"https:\\\/\\\/www.p31noticias.com.br\\\/?p=18257#primaryimage\"},\"thumbnailUrl\":\"https:\\\/\\\/www.p31noticias.com.br\\\/wp-content\\\/uploads\\\/2019\\\/07\\\/DFTrans.jpeg\",\"datePublished\":\"2019-07-22T15:34:45+00:00\",\"author\":{\"@id\":\"https:\\\/\\\/www.p31noticias.com.br\\\/#\\\/schema\\\/person\\\/77d6b186c710ac38937c6ec204fdd387\"},\"breadcrumb\":{\"@id\":\"https:\\\/\\\/www.p31noticias.com.br\\\/?p=18257#breadcrumb\"},\"inLanguage\":\"pt-BR\",\"potentialAction\":[{\"@type\":\"ReadAction\",\"target\":[\"https:\\\/\\\/www.p31noticias.com.br\\\/?p=18257\"]}]},{\"@type\":\"ImageObject\",\"inLanguage\":\"pt-BR\",\"@id\":\"https:\\\/\\\/www.p31noticias.com.br\\\/?p=18257#primaryimage\",\"url\":\"https:\\\/\\\/www.p31noticias.com.br\\\/wp-content\\\/uploads\\\/2019\\\/07\\\/DFTrans.jpeg\",\"contentUrl\":\"https:\\\/\\\/www.p31noticias.com.br\\\/wp-content\\\/uploads\\\/2019\\\/07\\\/DFTrans.jpeg\",\"width\":840,\"height\":560},{\"@type\":\"BreadcrumbList\",\"@id\":\"https:\\\/\\\/www.p31noticias.com.br\\\/?p=18257#breadcrumb\",\"itemListElement\":[{\"@type\":\"ListItem\",\"position\":1,\"name\":\"In\u00edcio\",\"item\":\"https:\\\/\\\/www.p31noticias.com.br\\\/\"},{\"@type\":\"ListItem\",\"position\":2,\"name\":\"GDF extingue DFTrans e passa sistema de bilhetagem para o BRB\"}]},{\"@type\":\"WebSite\",\"@id\":\"https:\\\/\\\/www.p31noticias.com.br\\\/#website\",\"url\":\"https:\\\/\\\/www.p31noticias.com.br\\\/\",\"name\":\"P31\",\"description\":\"NOT\u00cdCIAS\",\"potentialAction\":[{\"@type\":\"SearchAction\",\"target\":{\"@type\":\"EntryPoint\",\"urlTemplate\":\"https:\\\/\\\/www.p31noticias.com.br\\\/?s={search_term_string}\"},\"query-input\":{\"@type\":\"PropertyValueSpecification\",\"valueRequired\":true,\"valueName\":\"search_term_string\"}}],\"inLanguage\":\"pt-BR\"},{\"@type\":\"Person\",\"@id\":\"https:\\\/\\\/www.p31noticias.com.br\\\/#\\\/schema\\\/person\\\/77d6b186c710ac38937c6ec204fdd387\",\"name\":\"Reda\u00e7\u00e3o JBN\",\"image\":{\"@type\":\"ImageObject\",\"inLanguage\":\"pt-BR\",\"@id\":\"https:\\\/\\\/secure.gravatar.com\\\/avatar\\\/10fcdb93211f98cce3d64c0795b0915a9a4a21dc0f279238995a3dbfafcad090?s=96&d=mm&r=g\",\"url\":\"https:\\\/\\\/secure.gravatar.com\\\/avatar\\\/10fcdb93211f98cce3d64c0795b0915a9a4a21dc0f279238995a3dbfafcad090?s=96&d=mm&r=g\",\"contentUrl\":\"https:\\\/\\\/secure.gravatar.com\\\/avatar\\\/10fcdb93211f98cce3d64c0795b0915a9a4a21dc0f279238995a3dbfafcad090?s=96&d=mm&r=g\",\"caption\":\"Reda\u00e7\u00e3o JBN\"},\"sameAs\":[\"https:\\\/\\\/p31noticias.com.br\"],\"url\":\"https:\\\/\\\/www.p31noticias.com.br\\\/?author=18\"}]}<\/script>\n<!-- \/ Yoast SEO Premium plugin. -->","yoast_head_json":{"title":"GDF extingue DFTrans e passa sistema de bilhetagem para o BRB - P31","robots":{"index":"index","follow":"follow","max-snippet":"max-snippet:-1","max-image-preview":"max-image-preview:large","max-video-preview":"max-video-preview:-1"},"canonical":"https:\/\/www.p31noticias.com.br\/?p=18257","og_locale":"pt_BR","og_type":"article","og_title":"GDF extingue DFTrans e passa sistema de bilhetagem para o BRB","og_description":"Com a lei, o \u00f3rg\u00e3o deixa de existir e d\u00e1 lugar a uma subpasta subordinada \u00e0 Secretaria de Transporte e Mobilidade (Semob). A proposta altera a Lei n\u00ba 4.011, de 2007, que d\u00e1 \u00e0 Semob a atribui\u00e7\u00e3o de implantar pol\u00edtica tarif\u00e1ria; dispor sobre itiner\u00e1rios, frequ\u00eancia e padr\u00e3o de qualidade dos servi\u00e7os de transporte p\u00fablico; combater [&hellip;]","og_url":"https:\/\/www.p31noticias.com.br\/?p=18257","og_site_name":"P31","article_published_time":"2019-07-22T15:34:45+00:00","og_image":[{"width":840,"height":560,"url":"https:\/\/www.p31noticias.com.br\/wp-content\/uploads\/2019\/07\/DFTrans.jpeg","type":"image\/jpeg"}],"author":"Reda\u00e7\u00e3o JBN","twitter_card":"summary_large_image","twitter_misc":{"Escrito por":"Reda\u00e7\u00e3o JBN","Est. tempo de leitura":"3 minutos"},"schema":{"@context":"https:\/\/schema.org","@graph":[{"@type":"Article","@id":"https:\/\/www.p31noticias.com.br\/?p=18257#article","isPartOf":{"@id":"https:\/\/www.p31noticias.com.br\/?p=18257"},"author":{"name":"Reda\u00e7\u00e3o JBN","@id":"https:\/\/www.p31noticias.com.br\/#\/schema\/person\/77d6b186c710ac38937c6ec204fdd387"},"headline":"GDF extingue DFTrans e passa sistema de bilhetagem para o BRB","datePublished":"2019-07-22T15:34:45+00:00","mainEntityOfPage":{"@id":"https:\/\/www.p31noticias.com.br\/?p=18257"},"wordCount":520,"commentCount":0,"image":{"@id":"https:\/\/www.p31noticias.com.br\/?p=18257#primaryimage"},"thumbnailUrl":"https:\/\/www.p31noticias.com.br\/wp-content\/uploads\/2019\/07\/DFTrans.jpeg","keywords":["brb","DFTrans","gdf","Ibaneis","SeMob"],"articleSection":["Bras\u00edlia","Pol\u00edtica"],"inLanguage":"pt-BR","potentialAction":[{"@type":"CommentAction","name":"Comment","target":["https:\/\/www.p31noticias.com.br\/?p=18257#respond"]}],"copyrightYear":"2019","copyrightHolder":{"@id":"https:\/\/www.p31noticias.com.br\/#organization"}},{"@type":"WebPage","@id":"https:\/\/www.p31noticias.com.br\/?p=18257","url":"https:\/\/www.p31noticias.com.br\/?p=18257","name":"GDF extingue DFTrans e passa sistema de bilhetagem para o BRB - P31","isPartOf":{"@id":"https:\/\/www.p31noticias.com.br\/#website"},"primaryImageOfPage":{"@id":"https:\/\/www.p31noticias.com.br\/?p=18257#primaryimage"},"image":{"@id":"https:\/\/www.p31noticias.com.br\/?p=18257#primaryimage"},"thumbnailUrl":"https:\/\/www.p31noticias.com.br\/wp-content\/uploads\/2019\/07\/DFTrans.jpeg","datePublished":"2019-07-22T15:34:45+00:00","author":{"@id":"https:\/\/www.p31noticias.com.br\/#\/schema\/person\/77d6b186c710ac38937c6ec204fdd387"},"breadcrumb":{"@id":"https:\/\/www.p31noticias.com.br\/?p=18257#breadcrumb"},"inLanguage":"pt-BR","potentialAction":[{"@type":"ReadAction","target":["https:\/\/www.p31noticias.com.br\/?p=18257"]}]},{"@type":"ImageObject","inLanguage":"pt-BR","@id":"https:\/\/www.p31noticias.com.br\/?p=18257#primaryimage","url":"https:\/\/www.p31noticias.com.br\/wp-content\/uploads\/2019\/07\/DFTrans.jpeg","contentUrl":"https:\/\/www.p31noticias.com.br\/wp-content\/uploads\/2019\/07\/DFTrans.jpeg","width":840,"height":560},{"@type":"BreadcrumbList","@id":"https:\/\/www.p31noticias.com.br\/?p=18257#breadcrumb","itemListElement":[{"@type":"ListItem","position":1,"name":"In\u00edcio","item":"https:\/\/www.p31noticias.com.br\/"},{"@type":"ListItem","position":2,"name":"GDF extingue DFTrans e passa sistema de bilhetagem para o BRB"}]},{"@type":"WebSite","@id":"https:\/\/www.p31noticias.com.br\/#website","url":"https:\/\/www.p31noticias.com.br\/","name":"P31","description":"NOT\u00cdCIAS","potentialAction":[{"@type":"SearchAction","target":{"@type":"EntryPoint","urlTemplate":"https:\/\/www.p31noticias.com.br\/?s={search_term_string}"},"query-input":{"@type":"PropertyValueSpecification","valueRequired":true,"valueName":"search_term_string"}}],"inLanguage":"pt-BR"},{"@type":"Person","@id":"https:\/\/www.p31noticias.com.br\/#\/schema\/person\/77d6b186c710ac38937c6ec204fdd387","name":"Reda\u00e7\u00e3o JBN","image":{"@type":"ImageObject","inLanguage":"pt-BR","@id":"https:\/\/secure.gravatar.com\/avatar\/10fcdb93211f98cce3d64c0795b0915a9a4a21dc0f279238995a3dbfafcad090?s=96&d=mm&r=g","url":"https:\/\/secure.gravatar.com\/avatar\/10fcdb93211f98cce3d64c0795b0915a9a4a21dc0f279238995a3dbfafcad090?s=96&d=mm&r=g","contentUrl":"https:\/\/secure.gravatar.com\/avatar\/10fcdb93211f98cce3d64c0795b0915a9a4a21dc0f279238995a3dbfafcad090?s=96&d=mm&r=g","caption":"Reda\u00e7\u00e3o JBN"},"sameAs":["https:\/\/p31noticias.com.br"],"url":"https:\/\/www.p31noticias.com.br\/?author=18"}]}},"amp_enabled":true,"_links":{"self":[{"href":"https:\/\/www.p31noticias.com.br\/index.php?rest_route=\/wp\/v2\/posts\/18257","targetHints":{"allow":["GET"]}}],"collection":[{"href":"https:\/\/www.p31noticias.com.br\/index.php?rest_route=\/wp\/v2\/posts"}],"about":[{"href":"https:\/\/www.p31noticias.com.br\/index.php?rest_route=\/wp\/v2\/types\/post"}],"author":[{"embeddable":true,"href":"https:\/\/www.p31noticias.com.br\/index.php?rest_route=\/wp\/v2\/users\/18"}],"replies":[{"embeddable":true,"href":"https:\/\/www.p31noticias.com.br\/index.php?rest_route=%2Fwp%2Fv2%2Fcomments&post=18257"}],"version-history":[{"count":0,"href":"https:\/\/www.p31noticias.com.br\/index.php?rest_route=\/wp\/v2\/posts\/18257\/revisions"}],"wp:featuredmedia":[{"embeddable":true,"href":"https:\/\/www.p31noticias.com.br\/index.php?rest_route=\/wp\/v2\/media\/18258"}],"wp:attachment":[{"href":"https:\/\/www.p31noticias.com.br\/index.php?rest_route=%2Fwp%2Fv2%2Fmedia&parent=18257"}],"wp:term":[{"taxonomy":"category","embeddable":true,"href":"https:\/\/www.p31noticias.com.br\/index.php?rest_route=%2Fwp%2Fv2%2Fcategories&post=18257"},{"taxonomy":"post_tag","embeddable":true,"href":"https:\/\/www.p31noticias.com.br\/index.php?rest_route=%2Fwp%2Fv2%2Ftags&post=18257"}],"curies":[{"name":"wp","href":"https:\/\/api.w.org\/{rel}","templated":true}]}}