{"id":18250,"date":"2019-07-21T12:17:05","date_gmt":"2019-07-21T15:17:05","guid":{"rendered":"https:\/\/www.delioandrade.com.br\/?p=18250"},"modified":"2019-07-21T12:17:05","modified_gmt":"2019-07-21T15:17:05","slug":"a-hipocrisia-da-esquerda-sobre-a-questao-da-fome-no-brasil","status":"publish","type":"post","link":"https:\/\/www.p31noticias.com.br\/?p=18250","title":{"rendered":"A hipocrisia da esquerda sobre a quest\u00e3o da FOME no Brasil"},"content":{"rendered":"<h4>Apresentava n\u00fameros &#8211; que ningu\u00e9m sabia de onde vinham &#8211; para demonstrar que n\u00e3o existiam mais pessoas em situa\u00e7\u00e3o de extrema pobreza no pa\u00eds (aquela extrema pobreza a ponto de n\u00e3o ter sequer o que comer).<\/h4>\n<p><strong>Tudo isso, a Esquerda dizia que se devia ao exitoso programa &#8220;Fome Zero&#8221; (mais antigo, criado por &#8220;Lula&#8221;) e &#8220;Bolsa Fam\u00edlia&#8221;.<\/strong><\/p>\n<p>Reportagens eram mostradas na televis\u00e3o, especialmente na Rede Globo e Globo News, demonstrando a retirada de centenas de milhares (e, por que n\u00e3o?, milh\u00f5es) de pessoas da linha de pobreza.<\/p>\n<p><strong>Ali\u00e1s, essa express\u00e3o, &#8216;linha de pobreza&#8221;, era repetida aos quatro ventos pela m\u00eddia, quase como um mantra, quando replicava, nas reportagens, os gr\u00e1ficos que mostravam a ascens\u00e3o social dos brasileiros mais necessitados socialmente.<\/strong><\/p>\n<p>Jair Bolsonaro assume a Presid\u00eancia da Rep\u00fablica, e n\u00e3o s\u00f3 n\u00e3o extingue o programa Bolsa Fam\u00edlia (como a Esquerda dizia que ele faria) como o amplia, pagando 13\u00b0 \u00e0s fam\u00edlias cadastradas e atendidas pelo referido programa.<\/p>\n<p>E da\u00ed, ele, Jair Bolsonaro, fala, em uma entrevista, que no Brasil n\u00e3o existem pessoas em situa\u00e7\u00e3o de extrema pobreza, que passem fome, que n\u00e3o consigam se alimentar, e \u00e9 imediatamente bombardeado pela Esquerda e pela m\u00eddia &#8220;mainstream&#8221;.<\/p>\n<p><strong>A fala do Presidente pode ter sido infeliz e at\u00e9 cruel, concordo. Mas n\u00e3o pode ser interpretada descontextualizada.<\/strong><\/p>\n<p>Na verdade, como ele explicou depois, o que ele estava querendo ressalvar era que o que n\u00e3o se pode mais tolerar, no Brasil, \u00e9 aquela cultura de governantes que ficam falando mal do pr\u00f3prio pa\u00eds, com n\u00fameros e dados depreciativos, muitas vezes errados, e que s\u00f3 fazem manchar a imagem do Brasil no exterior, como Lula fazia, em um v\u00eddeo mais do que conhecido:<\/p>\n<p><a href=\"https:\/\/youtu.be\/3HbWyiw2ocQ\">https:\/\/youtu.be\/3HbWyiw2ocQ<\/a><\/p>\n<p>Mas de nada adianta a explica\u00e7\u00e3o, pois palavras j\u00e1 ditas n\u00e3o podem ser &#8220;desditas&#8221;, e por isso que h\u00e1 que se tomar extremo cuidado ao se falar algo de improviso, especialmente por um Presidente da Rep\u00fablica nesse ambiente midi\u00e1tico histri\u00f4nico brasileiro.<\/p>\n<p><strong>Contudo, a fala de Bolsonaro serve para escrachar a hipocrisia da Esquerda e da extrema-imprensa, que sempre tapou os olhos para os mais necessitados do pa\u00eds, para os que realmente passam fome, que vivem \u00e0 margem da sociedade, que n\u00e3o t\u00eam dignidade, que n\u00e3o votam, que n\u00e3o integram estat\u00edsticas, mas que s\u00e3o brasileiros como n\u00f3s, e que devem primordialmente receber a prote\u00e7\u00e3o do Estado (e de qualquer um de n\u00f3s, na verdade, com nossos atos de solidariedade).<\/strong><\/p>\n<p>A imprensa que agora torce o nariz de &#8220;nojinho&#8221; para a fala Bolsonaro sobre a inexist\u00eancia de pessoas fam\u00e9licas no pa\u00eds \u00e9 a mesma que passou anos dizendo que o Governo do PT acabou com a fome no Brasil.<\/p>\n<p>O fato \u00e9 que, mesmo quando n\u00e3o quer, mesmo sem querer, Bolsonaro consegue fazer cair o v\u00e9u da hipocrisia que cobre a Esquerda e os seus apoiadores da m\u00eddia &#8220;mainstream&#8221;.<\/p>\n<p>Portanto, lan\u00e7o aqui a eles duas exorta\u00e7\u00f5es, duas advert\u00eancias, para estimul\u00e1-los:<\/p>\n<p>\u2014 Decida-se, Esquerda: a situa\u00e7\u00e3o de extrema pobreza foi ou n\u00e3o foi acabada pelo Governo que esteve no Poder nos \u00faltimos 16 anos (Lula 1 e 2; Dilma 1 e 2 e 1\/2; Temer 1 e 1\/2)?<\/p>\n<p>\u2014 Decida-se, extrema-imprensa\/m\u00eddia &#8220;mainstream&#8221;: as reportagens maci\u00e7amente divulgadas nos telejornais, e escritas na m\u00eddia impressa, dando conta da erradica\u00e7\u00e3o da fome no pa\u00eds (ou, ao menos, da sua redu\u00e7\u00e3o dr\u00e1stica), com a retirada de milh\u00f5es de pessoas da situa\u00e7\u00e3o de extrema-pobreza, eram falsas?<\/p>\n<p>Guinarmo Federico Piacesi Ramos<\/p>\n","protected":false},"excerpt":{"rendered":"<p>Apresentava n\u00fameros &#8211; que ningu\u00e9m sabia de onde vinham &#8211; para demonstrar que n\u00e3o existiam mais pessoas em situa\u00e7\u00e3o de extrema pobreza no pa\u00eds (aquela extrema pobreza a ponto de n\u00e3o ter sequer o que comer). Tudo isso, a Esquerda dizia que se devia ao exitoso programa &#8220;Fome Zero&#8221; (mais antigo, criado por &#8220;Lula&#8221;) e [&hellip;]<\/p>\n","protected":false},"author":18,"featured_media":18252,"comment_status":"open","ping_status":"open","sticky":false,"template":"","format":"standard","meta":{"footnotes":""},"categories":[68,57],"tags":[90,92,88,89,87,91],"class_list":{"0":"post-18250","1":"post","2":"type-post","3":"status-publish","4":"format-standard","5":"has-post-thumbnail","7":"category-brasil","8":"category-politica","9":"tag-bolsa-familia","10":"tag-bolsonaro","11":"tag-dilma","12":"tag-fome-zer","13":"tag-lula","14":"tag-nordeste"},"yoast_head":"<!-- This site is optimized with the Yoast SEO Premium plugin v24.5 (Yoast SEO v27.4) - https:\/\/yoast.com\/product\/yoast-seo-premium-wordpress\/ -->\n<title>A hipocrisia da esquerda sobre a quest\u00e3o da FOME no Brasil - P31<\/title>\n<meta name=\"robots\" content=\"index, follow, max-snippet:-1, max-image-preview:large, max-video-preview:-1\" \/>\n<link rel=\"canonical\" href=\"https:\/\/www.p31noticias.com.br\/?p=18250\" \/>\n<meta property=\"og:locale\" content=\"pt_BR\" \/>\n<meta property=\"og:type\" content=\"article\" \/>\n<meta property=\"og:title\" content=\"A hipocrisia da esquerda sobre a quest\u00e3o da FOME no Brasil\" \/>\n<meta property=\"og:description\" content=\"Apresentava n\u00fameros &#8211; que ningu\u00e9m sabia de onde vinham &#8211; para demonstrar que n\u00e3o existiam mais pessoas em situa\u00e7\u00e3o de extrema pobreza no pa\u00eds (aquela extrema pobreza a ponto de n\u00e3o ter sequer o que comer). Tudo isso, a Esquerda dizia que se devia ao exitoso programa &#8220;Fome Zero&#8221; (mais antigo, criado por &#8220;Lula&#8221;) e [&hellip;]\" \/>\n<meta property=\"og:url\" content=\"https:\/\/www.p31noticias.com.br\/?p=18250\" \/>\n<meta property=\"og:site_name\" content=\"P31\" \/>\n<meta property=\"article:published_time\" content=\"2019-07-21T15:17:05+00:00\" \/>\n<meta property=\"og:image\" content=\"https:\/\/www.p31noticias.com.br\/wp-content\/uploads\/2019\/07\/4.jpg\" \/>\n\t<meta property=\"og:image:width\" content=\"1500\" \/>\n\t<meta property=\"og:image:height\" content=\"750\" \/>\n\t<meta property=\"og:image:type\" content=\"image\/jpeg\" \/>\n<meta name=\"author\" content=\"Reda\u00e7\u00e3o JBN\" \/>\n<meta name=\"twitter:card\" content=\"summary_large_image\" \/>\n<meta name=\"twitter:label1\" content=\"Escrito por\" \/>\n\t<meta name=\"twitter:data1\" content=\"Reda\u00e7\u00e3o JBN\" \/>\n\t<meta name=\"twitter:label2\" content=\"Est. tempo de leitura\" \/>\n\t<meta name=\"twitter:data2\" content=\"3 minutos\" \/>\n<script type=\"application\/ld+json\" class=\"yoast-schema-graph\">{\"@context\":\"https:\\\/\\\/schema.org\",\"@graph\":[{\"@type\":\"Article\",\"@id\":\"https:\\\/\\\/www.p31noticias.com.br\\\/?p=18250#article\",\"isPartOf\":{\"@id\":\"https:\\\/\\\/www.p31noticias.com.br\\\/?p=18250\"},\"author\":{\"name\":\"Reda\u00e7\u00e3o JBN\",\"@id\":\"https:\\\/\\\/www.p31noticias.com.br\\\/#\\\/schema\\\/person\\\/77d6b186c710ac38937c6ec204fdd387\"},\"headline\":\"A hipocrisia da esquerda sobre a quest\u00e3o da FOME no Brasil\",\"datePublished\":\"2019-07-21T15:17:05+00:00\",\"mainEntityOfPage\":{\"@id\":\"https:\\\/\\\/www.p31noticias.com.br\\\/?p=18250\"},\"wordCount\":629,\"commentCount\":0,\"image\":{\"@id\":\"https:\\\/\\\/www.p31noticias.com.br\\\/?p=18250#primaryimage\"},\"thumbnailUrl\":\"https:\\\/\\\/www.p31noticias.com.br\\\/wp-content\\\/uploads\\\/2019\\\/07\\\/4.jpg\",\"keywords\":[\"bolsa fam\u00edlia\",\"bolsonaro\",\"dilma\",\"fome-zer\",\"lula\",\"nordeste\"],\"articleSection\":[\"Brasil\",\"Pol\u00edtica\"],\"inLanguage\":\"pt-BR\",\"potentialAction\":[{\"@type\":\"CommentAction\",\"name\":\"Comment\",\"target\":[\"https:\\\/\\\/www.p31noticias.com.br\\\/?p=18250#respond\"]}],\"copyrightYear\":\"2019\",\"copyrightHolder\":{\"@id\":\"https:\\\/\\\/www.p31noticias.com.br\\\/#organization\"}},{\"@type\":\"WebPage\",\"@id\":\"https:\\\/\\\/www.p31noticias.com.br\\\/?p=18250\",\"url\":\"https:\\\/\\\/www.p31noticias.com.br\\\/?p=18250\",\"name\":\"A hipocrisia da esquerda sobre a quest\u00e3o da FOME no Brasil - P31\",\"isPartOf\":{\"@id\":\"https:\\\/\\\/www.p31noticias.com.br\\\/#website\"},\"primaryImageOfPage\":{\"@id\":\"https:\\\/\\\/www.p31noticias.com.br\\\/?p=18250#primaryimage\"},\"image\":{\"@id\":\"https:\\\/\\\/www.p31noticias.com.br\\\/?p=18250#primaryimage\"},\"thumbnailUrl\":\"https:\\\/\\\/www.p31noticias.com.br\\\/wp-content\\\/uploads\\\/2019\\\/07\\\/4.jpg\",\"datePublished\":\"2019-07-21T15:17:05+00:00\",\"author\":{\"@id\":\"https:\\\/\\\/www.p31noticias.com.br\\\/#\\\/schema\\\/person\\\/77d6b186c710ac38937c6ec204fdd387\"},\"breadcrumb\":{\"@id\":\"https:\\\/\\\/www.p31noticias.com.br\\\/?p=18250#breadcrumb\"},\"inLanguage\":\"pt-BR\",\"potentialAction\":[{\"@type\":\"ReadAction\",\"target\":[\"https:\\\/\\\/www.p31noticias.com.br\\\/?p=18250\"]}]},{\"@type\":\"ImageObject\",\"inLanguage\":\"pt-BR\",\"@id\":\"https:\\\/\\\/www.p31noticias.com.br\\\/?p=18250#primaryimage\",\"url\":\"https:\\\/\\\/www.p31noticias.com.br\\\/wp-content\\\/uploads\\\/2019\\\/07\\\/4.jpg\",\"contentUrl\":\"https:\\\/\\\/www.p31noticias.com.br\\\/wp-content\\\/uploads\\\/2019\\\/07\\\/4.jpg\",\"width\":1500,\"height\":750},{\"@type\":\"BreadcrumbList\",\"@id\":\"https:\\\/\\\/www.p31noticias.com.br\\\/?p=18250#breadcrumb\",\"itemListElement\":[{\"@type\":\"ListItem\",\"position\":1,\"name\":\"In\u00edcio\",\"item\":\"https:\\\/\\\/www.p31noticias.com.br\\\/\"},{\"@type\":\"ListItem\",\"position\":2,\"name\":\"A hipocrisia da esquerda sobre a quest\u00e3o da FOME no Brasil\"}]},{\"@type\":\"WebSite\",\"@id\":\"https:\\\/\\\/www.p31noticias.com.br\\\/#website\",\"url\":\"https:\\\/\\\/www.p31noticias.com.br\\\/\",\"name\":\"P31\",\"description\":\"NOT\u00cdCIAS\",\"potentialAction\":[{\"@type\":\"SearchAction\",\"target\":{\"@type\":\"EntryPoint\",\"urlTemplate\":\"https:\\\/\\\/www.p31noticias.com.br\\\/?s={search_term_string}\"},\"query-input\":{\"@type\":\"PropertyValueSpecification\",\"valueRequired\":true,\"valueName\":\"search_term_string\"}}],\"inLanguage\":\"pt-BR\"},{\"@type\":\"Person\",\"@id\":\"https:\\\/\\\/www.p31noticias.com.br\\\/#\\\/schema\\\/person\\\/77d6b186c710ac38937c6ec204fdd387\",\"name\":\"Reda\u00e7\u00e3o JBN\",\"image\":{\"@type\":\"ImageObject\",\"inLanguage\":\"pt-BR\",\"@id\":\"https:\\\/\\\/secure.gravatar.com\\\/avatar\\\/10fcdb93211f98cce3d64c0795b0915a9a4a21dc0f279238995a3dbfafcad090?s=96&d=mm&r=g\",\"url\":\"https:\\\/\\\/secure.gravatar.com\\\/avatar\\\/10fcdb93211f98cce3d64c0795b0915a9a4a21dc0f279238995a3dbfafcad090?s=96&d=mm&r=g\",\"contentUrl\":\"https:\\\/\\\/secure.gravatar.com\\\/avatar\\\/10fcdb93211f98cce3d64c0795b0915a9a4a21dc0f279238995a3dbfafcad090?s=96&d=mm&r=g\",\"caption\":\"Reda\u00e7\u00e3o JBN\"},\"sameAs\":[\"https:\\\/\\\/p31noticias.com.br\"],\"url\":\"https:\\\/\\\/www.p31noticias.com.br\\\/?author=18\"}]}<\/script>\n<!-- \/ Yoast SEO Premium plugin. -->","yoast_head_json":{"title":"A hipocrisia da esquerda sobre a quest\u00e3o da FOME no Brasil - P31","robots":{"index":"index","follow":"follow","max-snippet":"max-snippet:-1","max-image-preview":"max-image-preview:large","max-video-preview":"max-video-preview:-1"},"canonical":"https:\/\/www.p31noticias.com.br\/?p=18250","og_locale":"pt_BR","og_type":"article","og_title":"A hipocrisia da esquerda sobre a quest\u00e3o da FOME no Brasil","og_description":"Apresentava n\u00fameros &#8211; que ningu\u00e9m sabia de onde vinham &#8211; para demonstrar que n\u00e3o existiam mais pessoas em situa\u00e7\u00e3o de extrema pobreza no pa\u00eds (aquela extrema pobreza a ponto de n\u00e3o ter sequer o que comer). Tudo isso, a Esquerda dizia que se devia ao exitoso programa &#8220;Fome Zero&#8221; (mais antigo, criado por &#8220;Lula&#8221;) e [&hellip;]","og_url":"https:\/\/www.p31noticias.com.br\/?p=18250","og_site_name":"P31","article_published_time":"2019-07-21T15:17:05+00:00","og_image":[{"width":1500,"height":750,"url":"https:\/\/www.p31noticias.com.br\/wp-content\/uploads\/2019\/07\/4.jpg","type":"image\/jpeg"}],"author":"Reda\u00e7\u00e3o JBN","twitter_card":"summary_large_image","twitter_misc":{"Escrito por":"Reda\u00e7\u00e3o JBN","Est. tempo de leitura":"3 minutos"},"schema":{"@context":"https:\/\/schema.org","@graph":[{"@type":"Article","@id":"https:\/\/www.p31noticias.com.br\/?p=18250#article","isPartOf":{"@id":"https:\/\/www.p31noticias.com.br\/?p=18250"},"author":{"name":"Reda\u00e7\u00e3o JBN","@id":"https:\/\/www.p31noticias.com.br\/#\/schema\/person\/77d6b186c710ac38937c6ec204fdd387"},"headline":"A hipocrisia da esquerda sobre a quest\u00e3o da FOME no Brasil","datePublished":"2019-07-21T15:17:05+00:00","mainEntityOfPage":{"@id":"https:\/\/www.p31noticias.com.br\/?p=18250"},"wordCount":629,"commentCount":0,"image":{"@id":"https:\/\/www.p31noticias.com.br\/?p=18250#primaryimage"},"thumbnailUrl":"https:\/\/www.p31noticias.com.br\/wp-content\/uploads\/2019\/07\/4.jpg","keywords":["bolsa fam\u00edlia","bolsonaro","dilma","fome-zer","lula","nordeste"],"articleSection":["Brasil","Pol\u00edtica"],"inLanguage":"pt-BR","potentialAction":[{"@type":"CommentAction","name":"Comment","target":["https:\/\/www.p31noticias.com.br\/?p=18250#respond"]}],"copyrightYear":"2019","copyrightHolder":{"@id":"https:\/\/www.p31noticias.com.br\/#organization"}},{"@type":"WebPage","@id":"https:\/\/www.p31noticias.com.br\/?p=18250","url":"https:\/\/www.p31noticias.com.br\/?p=18250","name":"A hipocrisia da esquerda sobre a quest\u00e3o da FOME no Brasil - P31","isPartOf":{"@id":"https:\/\/www.p31noticias.com.br\/#website"},"primaryImageOfPage":{"@id":"https:\/\/www.p31noticias.com.br\/?p=18250#primaryimage"},"image":{"@id":"https:\/\/www.p31noticias.com.br\/?p=18250#primaryimage"},"thumbnailUrl":"https:\/\/www.p31noticias.com.br\/wp-content\/uploads\/2019\/07\/4.jpg","datePublished":"2019-07-21T15:17:05+00:00","author":{"@id":"https:\/\/www.p31noticias.com.br\/#\/schema\/person\/77d6b186c710ac38937c6ec204fdd387"},"breadcrumb":{"@id":"https:\/\/www.p31noticias.com.br\/?p=18250#breadcrumb"},"inLanguage":"pt-BR","potentialAction":[{"@type":"ReadAction","target":["https:\/\/www.p31noticias.com.br\/?p=18250"]}]},{"@type":"ImageObject","inLanguage":"pt-BR","@id":"https:\/\/www.p31noticias.com.br\/?p=18250#primaryimage","url":"https:\/\/www.p31noticias.com.br\/wp-content\/uploads\/2019\/07\/4.jpg","contentUrl":"https:\/\/www.p31noticias.com.br\/wp-content\/uploads\/2019\/07\/4.jpg","width":1500,"height":750},{"@type":"BreadcrumbList","@id":"https:\/\/www.p31noticias.com.br\/?p=18250#breadcrumb","itemListElement":[{"@type":"ListItem","position":1,"name":"In\u00edcio","item":"https:\/\/www.p31noticias.com.br\/"},{"@type":"ListItem","position":2,"name":"A hipocrisia da esquerda sobre a quest\u00e3o da FOME no Brasil"}]},{"@type":"WebSite","@id":"https:\/\/www.p31noticias.com.br\/#website","url":"https:\/\/www.p31noticias.com.br\/","name":"P31","description":"NOT\u00cdCIAS","potentialAction":[{"@type":"SearchAction","target":{"@type":"EntryPoint","urlTemplate":"https:\/\/www.p31noticias.com.br\/?s={search_term_string}"},"query-input":{"@type":"PropertyValueSpecification","valueRequired":true,"valueName":"search_term_string"}}],"inLanguage":"pt-BR"},{"@type":"Person","@id":"https:\/\/www.p31noticias.com.br\/#\/schema\/person\/77d6b186c710ac38937c6ec204fdd387","name":"Reda\u00e7\u00e3o JBN","image":{"@type":"ImageObject","inLanguage":"pt-BR","@id":"https:\/\/secure.gravatar.com\/avatar\/10fcdb93211f98cce3d64c0795b0915a9a4a21dc0f279238995a3dbfafcad090?s=96&d=mm&r=g","url":"https:\/\/secure.gravatar.com\/avatar\/10fcdb93211f98cce3d64c0795b0915a9a4a21dc0f279238995a3dbfafcad090?s=96&d=mm&r=g","contentUrl":"https:\/\/secure.gravatar.com\/avatar\/10fcdb93211f98cce3d64c0795b0915a9a4a21dc0f279238995a3dbfafcad090?s=96&d=mm&r=g","caption":"Reda\u00e7\u00e3o JBN"},"sameAs":["https:\/\/p31noticias.com.br"],"url":"https:\/\/www.p31noticias.com.br\/?author=18"}]}},"amp_enabled":true,"_links":{"self":[{"href":"https:\/\/www.p31noticias.com.br\/index.php?rest_route=\/wp\/v2\/posts\/18250","targetHints":{"allow":["GET"]}}],"collection":[{"href":"https:\/\/www.p31noticias.com.br\/index.php?rest_route=\/wp\/v2\/posts"}],"about":[{"href":"https:\/\/www.p31noticias.com.br\/index.php?rest_route=\/wp\/v2\/types\/post"}],"author":[{"embeddable":true,"href":"https:\/\/www.p31noticias.com.br\/index.php?rest_route=\/wp\/v2\/users\/18"}],"replies":[{"embeddable":true,"href":"https:\/\/www.p31noticias.com.br\/index.php?rest_route=%2Fwp%2Fv2%2Fcomments&post=18250"}],"version-history":[{"count":0,"href":"https:\/\/www.p31noticias.com.br\/index.php?rest_route=\/wp\/v2\/posts\/18250\/revisions"}],"wp:featuredmedia":[{"embeddable":true,"href":"https:\/\/www.p31noticias.com.br\/index.php?rest_route=\/wp\/v2\/media\/18252"}],"wp:attachment":[{"href":"https:\/\/www.p31noticias.com.br\/index.php?rest_route=%2Fwp%2Fv2%2Fmedia&parent=18250"}],"wp:term":[{"taxonomy":"category","embeddable":true,"href":"https:\/\/www.p31noticias.com.br\/index.php?rest_route=%2Fwp%2Fv2%2Fcategories&post=18250"},{"taxonomy":"post_tag","embeddable":true,"href":"https:\/\/www.p31noticias.com.br\/index.php?rest_route=%2Fwp%2Fv2%2Ftags&post=18250"}],"curies":[{"name":"wp","href":"https:\/\/api.w.org\/{rel}","templated":true}]}}