{"id":18238,"date":"2019-07-18T12:09:11","date_gmt":"2019-07-18T15:09:11","guid":{"rendered":"https:\/\/www.delioandrade.com.br\/?p=18238"},"modified":"2019-07-18T12:09:11","modified_gmt":"2019-07-18T15:09:11","slug":"guedes-extinguir-inscricao-obrigatoria-em-conselhos-incluindo-oab","status":"publish","type":"post","link":"https:\/\/www.p31noticias.com.br\/?p=18238","title":{"rendered":"Guedes: &#8220;Extinguir inscri\u00e7\u00e3o obrigat\u00f3ria em conselhos, incluindo OAB&#8221;."},"content":{"rendered":"<p>As inscri\u00e7\u00f5es obrigat\u00f3rias de advogados na OAB podem estar com os dias contados. Isso porque o ministro da Economia, Paulo Guedes, apresentou ao presidente da Rep\u00fablica a PEC\u00a0108\/19\u00a0para p\u00f4r fim \u00e0 necessidade de profissionais se inscreverem em conselhos de classe.<\/p>\n<h3>A PEC\u00a0108\/19 disp\u00f5e sobre a natureza jur\u00eddica dos conselhos profissionais.<\/h3>\n<p>No texto, Paulo Guedes defende que os conselhos profissionais n\u00e3o integram a estrutura da Administra\u00e7\u00e3o P\u00fablica e que, por isso, a inscri\u00e7\u00e3o n\u00e3o deve ser condicional para o exerc\u00edcio de profiss\u00f5es.<\/p>\n<p>O texto tamb\u00e9m afasta as hip\u00f3teses de equipara\u00e7\u00e3o da organiza\u00e7\u00e3o dos conselhos de classe \u00e0s autarquias integrantes da Administra\u00e7\u00e3o P\u00fablica:\u00a0<em>\u201cconselhos s\u00e3o entidades privadas sem fins lucrativos que atuam em colabora\u00e7\u00e3o com o poder p\u00fablico, \u00e0s quais se aplicam as regras do direito privado e a legisla\u00e7\u00e3o trabalhista\u201d<\/em>.<\/p>\n<p>De acordo com a proposta, \u00e9 papel do Poder P\u00fablico disciplinar os interesses da coletividade e dispor sobre a fiscaliza\u00e7\u00e3o e cria\u00e7\u00e3o de conselhos profissionais.<\/p>\n<p>Por fim, o ministro defendeu que a proposta de EC visa evitar preju\u00edzos decorrentes de lacunas constitucionais para determinar a natureza jur\u00eddica dos conselhos e o regime aplic\u00e1vel aos trabalhadores.<\/p>\n<h3>A natureza jur\u00eddica da OAB &#8211; considerada uma autarquia &#8211; foi justamente o que levou o TCU, em novembro do ano passado, a\u00a0determinar\u00a0que a Ordem se sujeite aos controles p\u00fablicos e submeta suas contas \u00e0 fiscaliza\u00e7\u00e3o do Tribunal.<\/h3>\n<p>A Corte considerou que a contribui\u00e7\u00e3o cobrada dos advogados tem natureza tribut\u00e1ria.<\/p>\n<p>Em mar\u00e7o de 2019, a OAB impetrou no STF o MS\u00a0<a href=\"http:\/\/portal.stf.jus.br\/processos\/detalhe.asp?incidente=5660025\" target=\"_blank\" rel=\"noopener noreferrer\">36.376<\/a>\u00a0questionando a decis\u00e3o do TCU. Em pedido de liminar, a Ordem requereu que o STF barrasse a efic\u00e1cia da decis\u00e3o e, no m\u00e9rito, pediu que o Supremo tornasse sem efeito o entendimento do TCU, a fim de preservar sua independ\u00eancia e autonomia.<\/p>\n<p>Na argumenta\u00e7\u00e3o, a OAB tamb\u00e9m afirmou que o entendimento do TCU desrespeitava a decis\u00e3o do STF na ADIn\u00a0<a href=\"http:\/\/portal.stf.jus.br\/processos\/detalhe.asp?incidente=2178282\" target=\"_blank\" rel=\"noopener noreferrer\">3.026<\/a>, julgada em 2006, na qual o Supremo atribuiu \u00e0 OAB natureza jur\u00eddica diferenciada em raz\u00e3o do reconhecimento de sua autonomia e finalidade institucional.<\/p>\n<p>Em junho de 2019, a ministra Rosa Weber\u00a0concedeu\u00a0liminar para desobrigar a OAB de prestar contas ao TCU at\u00e9 que o plen\u00e1rio da Corte resolva a quest\u00e3o.<\/p>\n<h3>A proposta de Guedes vai ao encontro do que j\u00e1 externou o presidente Jair Bolsonaro sobre o exame.<\/h3>\n<p>Caso a PEC\u00a0108\/19 seja aprovada, a dispensa da inscri\u00e7\u00e3o no conselho de classe tamb\u00e9m pode levar \u00e0 extin\u00e7\u00e3o do exame de Ordem, que passou a ser obrigat\u00f3rio para obten\u00e7\u00e3o do registro nos anos 70.<\/p>\n<p>Em 2018, assim que foi eleito, Bolsonaro se\u00a0declarou\u00a0contr\u00e1rio ao exame, defendendo que n\u00e3o se pode submeter os jovens bachar\u00e9is a serem \u201cboys de luxo de escrit\u00f3rios de advocacia\u201d.<\/p>\n<h3>Uma pesquisa de 2018 revelou um milh\u00e3o de advogados! A anuidade da OAB \u00e9 de mil reais em m\u00e9dia.<\/h3>\n<p>A PEC 108\/19, DESOBRIGA os profissionais de se inscreverem em seus respectivos conselhos. LIBERALISMO econ\u00f4mico \u00e9 isso&#8230;LIBERDADE!<\/p>\n","protected":false},"excerpt":{"rendered":"<p>As inscri\u00e7\u00f5es obrigat\u00f3rias de advogados na OAB podem estar com os dias contados. Isso porque o ministro da Economia, Paulo Guedes, apresentou ao presidente da Rep\u00fablica a PEC\u00a0108\/19\u00a0para p\u00f4r fim \u00e0 necessidade de profissionais se inscreverem em conselhos de classe. A PEC\u00a0108\/19 disp\u00f5e sobre a natureza jur\u00eddica dos conselhos profissionais. No texto, Paulo Guedes defende [&hellip;]<\/p>\n","protected":false},"author":18,"featured_media":18239,"comment_status":"open","ping_status":"open","sticky":false,"template":"","format":"standard","meta":{"footnotes":""},"categories":[68,57],"tags":[75,76,74,77],"class_list":{"0":"post-18238","1":"post","2":"type-post","3":"status-publish","4":"format-standard","5":"has-post-thumbnail","7":"category-brasil","8":"category-politica","9":"tag-crea","10":"tag-crm","11":"tag-oab","12":"tag-paulo-guedes"},"yoast_head":"<!-- This site is optimized with the Yoast SEO Premium plugin v24.5 (Yoast SEO v27.4) - https:\/\/yoast.com\/product\/yoast-seo-premium-wordpress\/ -->\n<title>Guedes: &quot;Extinguir inscri\u00e7\u00e3o obrigat\u00f3ria em conselhos, incluindo OAB&quot;. - P31<\/title>\n<meta name=\"robots\" content=\"index, follow, max-snippet:-1, max-image-preview:large, max-video-preview:-1\" \/>\n<link rel=\"canonical\" href=\"https:\/\/www.p31noticias.com.br\/?p=18238\" \/>\n<meta property=\"og:locale\" content=\"pt_BR\" \/>\n<meta property=\"og:type\" content=\"article\" \/>\n<meta property=\"og:title\" content=\"Guedes: &quot;Extinguir inscri\u00e7\u00e3o obrigat\u00f3ria em conselhos, incluindo OAB&quot;.\" \/>\n<meta property=\"og:description\" content=\"As inscri\u00e7\u00f5es obrigat\u00f3rias de advogados na OAB podem estar com os dias contados. Isso porque o ministro da Economia, Paulo Guedes, apresentou ao presidente da Rep\u00fablica a PEC\u00a0108\/19\u00a0para p\u00f4r fim \u00e0 necessidade de profissionais se inscreverem em conselhos de classe. A PEC\u00a0108\/19 disp\u00f5e sobre a natureza jur\u00eddica dos conselhos profissionais. No texto, Paulo Guedes defende [&hellip;]\" \/>\n<meta property=\"og:url\" content=\"https:\/\/www.p31noticias.com.br\/?p=18238\" \/>\n<meta property=\"og:site_name\" content=\"P31\" \/>\n<meta property=\"article:published_time\" content=\"2019-07-18T15:09:11+00:00\" \/>\n<meta property=\"og:image\" content=\"https:\/\/www.p31noticias.com.br\/wp-content\/uploads\/2019\/07\/Paulo-Guedes-Conselhos-de-Classe-Brasil-PEC-Governo-752x440-1.jpg\" \/>\n\t<meta property=\"og:image:width\" content=\"752\" \/>\n\t<meta property=\"og:image:height\" content=\"440\" \/>\n\t<meta property=\"og:image:type\" content=\"image\/jpeg\" \/>\n<meta name=\"author\" content=\"Reda\u00e7\u00e3o JBN\" \/>\n<meta name=\"twitter:card\" content=\"summary_large_image\" \/>\n<meta name=\"twitter:label1\" content=\"Escrito por\" \/>\n\t<meta name=\"twitter:data1\" content=\"Reda\u00e7\u00e3o JBN\" \/>\n\t<meta name=\"twitter:label2\" content=\"Est. tempo de leitura\" \/>\n\t<meta name=\"twitter:data2\" content=\"3 minutos\" \/>\n<script type=\"application\/ld+json\" class=\"yoast-schema-graph\">{\"@context\":\"https:\\\/\\\/schema.org\",\"@graph\":[{\"@type\":\"Article\",\"@id\":\"https:\\\/\\\/www.p31noticias.com.br\\\/?p=18238#article\",\"isPartOf\":{\"@id\":\"https:\\\/\\\/www.p31noticias.com.br\\\/?p=18238\"},\"author\":{\"name\":\"Reda\u00e7\u00e3o JBN\",\"@id\":\"https:\\\/\\\/www.p31noticias.com.br\\\/#\\\/schema\\\/person\\\/77d6b186c710ac38937c6ec204fdd387\"},\"headline\":\"Guedes: &#8220;Extinguir inscri\u00e7\u00e3o obrigat\u00f3ria em conselhos, incluindo OAB&#8221;.\",\"datePublished\":\"2019-07-18T15:09:11+00:00\",\"mainEntityOfPage\":{\"@id\":\"https:\\\/\\\/www.p31noticias.com.br\\\/?p=18238\"},\"wordCount\":533,\"commentCount\":0,\"image\":{\"@id\":\"https:\\\/\\\/www.p31noticias.com.br\\\/?p=18238#primaryimage\"},\"thumbnailUrl\":\"https:\\\/\\\/www.p31noticias.com.br\\\/wp-content\\\/uploads\\\/2019\\\/07\\\/Paulo-Guedes-Conselhos-de-Classe-Brasil-PEC-Governo-752x440-1.jpg\",\"keywords\":[\"CREA\",\"CRM\",\"OAB\",\"paulo guedes\"],\"articleSection\":[\"Brasil\",\"Pol\u00edtica\"],\"inLanguage\":\"pt-BR\",\"potentialAction\":[{\"@type\":\"CommentAction\",\"name\":\"Comment\",\"target\":[\"https:\\\/\\\/www.p31noticias.com.br\\\/?p=18238#respond\"]}],\"copyrightYear\":\"2019\",\"copyrightHolder\":{\"@id\":\"https:\\\/\\\/www.p31noticias.com.br\\\/#organization\"}},{\"@type\":\"WebPage\",\"@id\":\"https:\\\/\\\/www.p31noticias.com.br\\\/?p=18238\",\"url\":\"https:\\\/\\\/www.p31noticias.com.br\\\/?p=18238\",\"name\":\"Guedes: \\\"Extinguir inscri\u00e7\u00e3o obrigat\u00f3ria em conselhos, incluindo OAB\\\". - P31\",\"isPartOf\":{\"@id\":\"https:\\\/\\\/www.p31noticias.com.br\\\/#website\"},\"primaryImageOfPage\":{\"@id\":\"https:\\\/\\\/www.p31noticias.com.br\\\/?p=18238#primaryimage\"},\"image\":{\"@id\":\"https:\\\/\\\/www.p31noticias.com.br\\\/?p=18238#primaryimage\"},\"thumbnailUrl\":\"https:\\\/\\\/www.p31noticias.com.br\\\/wp-content\\\/uploads\\\/2019\\\/07\\\/Paulo-Guedes-Conselhos-de-Classe-Brasil-PEC-Governo-752x440-1.jpg\",\"datePublished\":\"2019-07-18T15:09:11+00:00\",\"author\":{\"@id\":\"https:\\\/\\\/www.p31noticias.com.br\\\/#\\\/schema\\\/person\\\/77d6b186c710ac38937c6ec204fdd387\"},\"breadcrumb\":{\"@id\":\"https:\\\/\\\/www.p31noticias.com.br\\\/?p=18238#breadcrumb\"},\"inLanguage\":\"pt-BR\",\"potentialAction\":[{\"@type\":\"ReadAction\",\"target\":[\"https:\\\/\\\/www.p31noticias.com.br\\\/?p=18238\"]}]},{\"@type\":\"ImageObject\",\"inLanguage\":\"pt-BR\",\"@id\":\"https:\\\/\\\/www.p31noticias.com.br\\\/?p=18238#primaryimage\",\"url\":\"https:\\\/\\\/www.p31noticias.com.br\\\/wp-content\\\/uploads\\\/2019\\\/07\\\/Paulo-Guedes-Conselhos-de-Classe-Brasil-PEC-Governo-752x440-1.jpg\",\"contentUrl\":\"https:\\\/\\\/www.p31noticias.com.br\\\/wp-content\\\/uploads\\\/2019\\\/07\\\/Paulo-Guedes-Conselhos-de-Classe-Brasil-PEC-Governo-752x440-1.jpg\",\"width\":752,\"height\":440},{\"@type\":\"BreadcrumbList\",\"@id\":\"https:\\\/\\\/www.p31noticias.com.br\\\/?p=18238#breadcrumb\",\"itemListElement\":[{\"@type\":\"ListItem\",\"position\":1,\"name\":\"In\u00edcio\",\"item\":\"https:\\\/\\\/www.p31noticias.com.br\\\/\"},{\"@type\":\"ListItem\",\"position\":2,\"name\":\"Guedes: &#8220;Extinguir inscri\u00e7\u00e3o obrigat\u00f3ria em conselhos, incluindo OAB&#8221;.\"}]},{\"@type\":\"WebSite\",\"@id\":\"https:\\\/\\\/www.p31noticias.com.br\\\/#website\",\"url\":\"https:\\\/\\\/www.p31noticias.com.br\\\/\",\"name\":\"P31\",\"description\":\"NOT\u00cdCIAS\",\"potentialAction\":[{\"@type\":\"SearchAction\",\"target\":{\"@type\":\"EntryPoint\",\"urlTemplate\":\"https:\\\/\\\/www.p31noticias.com.br\\\/?s={search_term_string}\"},\"query-input\":{\"@type\":\"PropertyValueSpecification\",\"valueRequired\":true,\"valueName\":\"search_term_string\"}}],\"inLanguage\":\"pt-BR\"},{\"@type\":\"Person\",\"@id\":\"https:\\\/\\\/www.p31noticias.com.br\\\/#\\\/schema\\\/person\\\/77d6b186c710ac38937c6ec204fdd387\",\"name\":\"Reda\u00e7\u00e3o JBN\",\"image\":{\"@type\":\"ImageObject\",\"inLanguage\":\"pt-BR\",\"@id\":\"https:\\\/\\\/secure.gravatar.com\\\/avatar\\\/10fcdb93211f98cce3d64c0795b0915a9a4a21dc0f279238995a3dbfafcad090?s=96&d=mm&r=g\",\"url\":\"https:\\\/\\\/secure.gravatar.com\\\/avatar\\\/10fcdb93211f98cce3d64c0795b0915a9a4a21dc0f279238995a3dbfafcad090?s=96&d=mm&r=g\",\"contentUrl\":\"https:\\\/\\\/secure.gravatar.com\\\/avatar\\\/10fcdb93211f98cce3d64c0795b0915a9a4a21dc0f279238995a3dbfafcad090?s=96&d=mm&r=g\",\"caption\":\"Reda\u00e7\u00e3o JBN\"},\"sameAs\":[\"https:\\\/\\\/p31noticias.com.br\"],\"url\":\"https:\\\/\\\/www.p31noticias.com.br\\\/?author=18\"}]}<\/script>\n<!-- \/ Yoast SEO Premium plugin. -->","yoast_head_json":{"title":"Guedes: \"Extinguir inscri\u00e7\u00e3o obrigat\u00f3ria em conselhos, incluindo OAB\". - P31","robots":{"index":"index","follow":"follow","max-snippet":"max-snippet:-1","max-image-preview":"max-image-preview:large","max-video-preview":"max-video-preview:-1"},"canonical":"https:\/\/www.p31noticias.com.br\/?p=18238","og_locale":"pt_BR","og_type":"article","og_title":"Guedes: \"Extinguir inscri\u00e7\u00e3o obrigat\u00f3ria em conselhos, incluindo OAB\".","og_description":"As inscri\u00e7\u00f5es obrigat\u00f3rias de advogados na OAB podem estar com os dias contados. Isso porque o ministro da Economia, Paulo Guedes, apresentou ao presidente da Rep\u00fablica a PEC\u00a0108\/19\u00a0para p\u00f4r fim \u00e0 necessidade de profissionais se inscreverem em conselhos de classe. A PEC\u00a0108\/19 disp\u00f5e sobre a natureza jur\u00eddica dos conselhos profissionais. No texto, Paulo Guedes defende [&hellip;]","og_url":"https:\/\/www.p31noticias.com.br\/?p=18238","og_site_name":"P31","article_published_time":"2019-07-18T15:09:11+00:00","og_image":[{"width":752,"height":440,"url":"https:\/\/www.p31noticias.com.br\/wp-content\/uploads\/2019\/07\/Paulo-Guedes-Conselhos-de-Classe-Brasil-PEC-Governo-752x440-1.jpg","type":"image\/jpeg"}],"author":"Reda\u00e7\u00e3o JBN","twitter_card":"summary_large_image","twitter_misc":{"Escrito por":"Reda\u00e7\u00e3o JBN","Est. tempo de leitura":"3 minutos"},"schema":{"@context":"https:\/\/schema.org","@graph":[{"@type":"Article","@id":"https:\/\/www.p31noticias.com.br\/?p=18238#article","isPartOf":{"@id":"https:\/\/www.p31noticias.com.br\/?p=18238"},"author":{"name":"Reda\u00e7\u00e3o JBN","@id":"https:\/\/www.p31noticias.com.br\/#\/schema\/person\/77d6b186c710ac38937c6ec204fdd387"},"headline":"Guedes: &#8220;Extinguir inscri\u00e7\u00e3o obrigat\u00f3ria em conselhos, incluindo OAB&#8221;.","datePublished":"2019-07-18T15:09:11+00:00","mainEntityOfPage":{"@id":"https:\/\/www.p31noticias.com.br\/?p=18238"},"wordCount":533,"commentCount":0,"image":{"@id":"https:\/\/www.p31noticias.com.br\/?p=18238#primaryimage"},"thumbnailUrl":"https:\/\/www.p31noticias.com.br\/wp-content\/uploads\/2019\/07\/Paulo-Guedes-Conselhos-de-Classe-Brasil-PEC-Governo-752x440-1.jpg","keywords":["CREA","CRM","OAB","paulo guedes"],"articleSection":["Brasil","Pol\u00edtica"],"inLanguage":"pt-BR","potentialAction":[{"@type":"CommentAction","name":"Comment","target":["https:\/\/www.p31noticias.com.br\/?p=18238#respond"]}],"copyrightYear":"2019","copyrightHolder":{"@id":"https:\/\/www.p31noticias.com.br\/#organization"}},{"@type":"WebPage","@id":"https:\/\/www.p31noticias.com.br\/?p=18238","url":"https:\/\/www.p31noticias.com.br\/?p=18238","name":"Guedes: \"Extinguir inscri\u00e7\u00e3o obrigat\u00f3ria em conselhos, incluindo OAB\". - P31","isPartOf":{"@id":"https:\/\/www.p31noticias.com.br\/#website"},"primaryImageOfPage":{"@id":"https:\/\/www.p31noticias.com.br\/?p=18238#primaryimage"},"image":{"@id":"https:\/\/www.p31noticias.com.br\/?p=18238#primaryimage"},"thumbnailUrl":"https:\/\/www.p31noticias.com.br\/wp-content\/uploads\/2019\/07\/Paulo-Guedes-Conselhos-de-Classe-Brasil-PEC-Governo-752x440-1.jpg","datePublished":"2019-07-18T15:09:11+00:00","author":{"@id":"https:\/\/www.p31noticias.com.br\/#\/schema\/person\/77d6b186c710ac38937c6ec204fdd387"},"breadcrumb":{"@id":"https:\/\/www.p31noticias.com.br\/?p=18238#breadcrumb"},"inLanguage":"pt-BR","potentialAction":[{"@type":"ReadAction","target":["https:\/\/www.p31noticias.com.br\/?p=18238"]}]},{"@type":"ImageObject","inLanguage":"pt-BR","@id":"https:\/\/www.p31noticias.com.br\/?p=18238#primaryimage","url":"https:\/\/www.p31noticias.com.br\/wp-content\/uploads\/2019\/07\/Paulo-Guedes-Conselhos-de-Classe-Brasil-PEC-Governo-752x440-1.jpg","contentUrl":"https:\/\/www.p31noticias.com.br\/wp-content\/uploads\/2019\/07\/Paulo-Guedes-Conselhos-de-Classe-Brasil-PEC-Governo-752x440-1.jpg","width":752,"height":440},{"@type":"BreadcrumbList","@id":"https:\/\/www.p31noticias.com.br\/?p=18238#breadcrumb","itemListElement":[{"@type":"ListItem","position":1,"name":"In\u00edcio","item":"https:\/\/www.p31noticias.com.br\/"},{"@type":"ListItem","position":2,"name":"Guedes: &#8220;Extinguir inscri\u00e7\u00e3o obrigat\u00f3ria em conselhos, incluindo OAB&#8221;."}]},{"@type":"WebSite","@id":"https:\/\/www.p31noticias.com.br\/#website","url":"https:\/\/www.p31noticias.com.br\/","name":"P31","description":"NOT\u00cdCIAS","potentialAction":[{"@type":"SearchAction","target":{"@type":"EntryPoint","urlTemplate":"https:\/\/www.p31noticias.com.br\/?s={search_term_string}"},"query-input":{"@type":"PropertyValueSpecification","valueRequired":true,"valueName":"search_term_string"}}],"inLanguage":"pt-BR"},{"@type":"Person","@id":"https:\/\/www.p31noticias.com.br\/#\/schema\/person\/77d6b186c710ac38937c6ec204fdd387","name":"Reda\u00e7\u00e3o JBN","image":{"@type":"ImageObject","inLanguage":"pt-BR","@id":"https:\/\/secure.gravatar.com\/avatar\/10fcdb93211f98cce3d64c0795b0915a9a4a21dc0f279238995a3dbfafcad090?s=96&d=mm&r=g","url":"https:\/\/secure.gravatar.com\/avatar\/10fcdb93211f98cce3d64c0795b0915a9a4a21dc0f279238995a3dbfafcad090?s=96&d=mm&r=g","contentUrl":"https:\/\/secure.gravatar.com\/avatar\/10fcdb93211f98cce3d64c0795b0915a9a4a21dc0f279238995a3dbfafcad090?s=96&d=mm&r=g","caption":"Reda\u00e7\u00e3o JBN"},"sameAs":["https:\/\/p31noticias.com.br"],"url":"https:\/\/www.p31noticias.com.br\/?author=18"}]}},"amp_enabled":true,"_links":{"self":[{"href":"https:\/\/www.p31noticias.com.br\/index.php?rest_route=\/wp\/v2\/posts\/18238","targetHints":{"allow":["GET"]}}],"collection":[{"href":"https:\/\/www.p31noticias.com.br\/index.php?rest_route=\/wp\/v2\/posts"}],"about":[{"href":"https:\/\/www.p31noticias.com.br\/index.php?rest_route=\/wp\/v2\/types\/post"}],"author":[{"embeddable":true,"href":"https:\/\/www.p31noticias.com.br\/index.php?rest_route=\/wp\/v2\/users\/18"}],"replies":[{"embeddable":true,"href":"https:\/\/www.p31noticias.com.br\/index.php?rest_route=%2Fwp%2Fv2%2Fcomments&post=18238"}],"version-history":[{"count":0,"href":"https:\/\/www.p31noticias.com.br\/index.php?rest_route=\/wp\/v2\/posts\/18238\/revisions"}],"wp:featuredmedia":[{"embeddable":true,"href":"https:\/\/www.p31noticias.com.br\/index.php?rest_route=\/wp\/v2\/media\/18239"}],"wp:attachment":[{"href":"https:\/\/www.p31noticias.com.br\/index.php?rest_route=%2Fwp%2Fv2%2Fmedia&parent=18238"}],"wp:term":[{"taxonomy":"category","embeddable":true,"href":"https:\/\/www.p31noticias.com.br\/index.php?rest_route=%2Fwp%2Fv2%2Fcategories&post=18238"},{"taxonomy":"post_tag","embeddable":true,"href":"https:\/\/www.p31noticias.com.br\/index.php?rest_route=%2Fwp%2Fv2%2Ftags&post=18238"}],"curies":[{"name":"wp","href":"https:\/\/api.w.org\/{rel}","templated":true}]}}