{"id":18230,"date":"2019-07-18T09:04:25","date_gmt":"2019-07-18T12:04:25","guid":{"rendered":"https:\/\/www.delioandrade.com.br\/?p=18230"},"modified":"2019-07-18T09:04:25","modified_gmt":"2019-07-18T12:04:25","slug":"conforme-se-lula-pgr-nega-anular-condenacao","status":"publish","type":"post","link":"https:\/\/www.p31noticias.com.br\/?p=18230","title":{"rendered":"Conforme-se Lula, &#8220;PGR nega anular condena\u00e7\u00e3o&#8221;."},"content":{"rendered":"<p>Num trecho da manifesta\u00e7\u00e3o enviada ao STJ, diz que, sem provas da parcialidade de Sergio Moro, o pedido se resume a um mero inconformismo, desprovido de real embasamento e com a inten\u00e7\u00e3o de rediscutir indefinidamente os termos da condena\u00e7\u00e3o proferida de forma escorreita ap\u00f3s ampla pondera\u00e7\u00e3o do contexto f\u00e1tico.<\/p>\n<p><strong>Ao opinar contra a anula\u00e7\u00e3o da condena\u00e7\u00e3o no caso do triplex, a PGR tamb\u00e9m diz que a alega\u00e7\u00e3o de parcialidade de Sergio Moro representa uma ila\u00e7\u00e3o contra o Tribunal Regional Federal da 4\u00aa Regi\u00e3o, que confirmou a culpa do petista na segunda inst\u00e2ncia.<\/strong><\/p>\n<p>\u201cAinda que se cogitasse de eventual quebra de imparcialidade pelo Ju\u00edzo de primeira inst\u00e2ncia, n\u00e3o custa lembrar que o manancial de provas foi revisitado novamente pela inst\u00e2ncia superior\u201d, escreve o subprocurador N\u00edvio de Freitas.<\/p>\n<p>\u201cO colegiado, ao que se sabe at\u00e9 ent\u00e3o, nada tem a ver com as intercepta\u00e7\u00f5es realizadas, estando, portanto, livre de qualquer ila\u00e7\u00e3o a respeito de sua fun\u00e7\u00e3o judicante, exercida de modo imparcial\u201d, prossegue o representante da PGR.<\/p>\n<p>\u201cIsentos, por conseguinte, os desembargadores de qualquer m\u00e1cula,\u00a0exerceram, de forma aut\u00f4noma e sem qualquer sujei\u00e7\u00e3o ao magistrado de primeiro grau ou \u00e0 atua\u00e7\u00e3o inicial do Parquet \u2013 agentes ora questionados -, novo ju\u00edzo condenat\u00f3rio ao analisar o acervo probat\u00f3rio harm\u00f4nico que lhe foi direcionado em sede recursal.\u201d<\/p>\n<p><strong>N\u00edvio de Freitas tamb\u00e9m demonstra a mediocridade do pedido da defesa para levar em considera\u00e7\u00e3o a propaganda de Verdevaldo contra a Lava Jato.<\/strong><\/p>\n<p>\u201cDesse modo, n\u00e3o trouxe qualquer prova efetiva que embasasse o seu pleito, ainda mais quando se est\u00e1 a discutir a veracidade e higidez dessas referidas intercepta\u00e7\u00f5es de autoridades, realizadas \u2013 como se sabe \u2013 ao arrepio da lei e utilizadas para aviltar e desacreditar as institui\u00e7\u00f5es republicanas de combate \u00e0 corrup\u00e7\u00e3o.\u201d<\/p>\n<p><strong>Afirmou que, al\u00e9m de ilegais, nenhuma das mensagens demonstra\u00a0concreto preju\u00edzo ao r\u00e9u.<\/strong><\/p>\n<p>\u201cA nulidade de ato processual em mat\u00e9ria penal exige a demonstra\u00e7\u00e3o do efetivo preju\u00edzo sofrido pela parte adversa \u2013 o que n\u00e3o ocorreu\u201d, afirma o representante da PGR.<\/p>\n","protected":false},"excerpt":{"rendered":"<p>Num trecho da manifesta\u00e7\u00e3o enviada ao STJ, diz que, sem provas da parcialidade de Sergio Moro, o pedido se resume a um mero inconformismo, desprovido de real embasamento e com a inten\u00e7\u00e3o de rediscutir indefinidamente os termos da condena\u00e7\u00e3o proferida de forma escorreita ap\u00f3s ampla pondera\u00e7\u00e3o do contexto f\u00e1tico. Ao opinar contra a anula\u00e7\u00e3o da [&hellip;]<\/p>\n","protected":false},"author":18,"featured_media":18231,"comment_status":"open","ping_status":"open","sticky":false,"template":"","format":"standard","meta":{"footnotes":""},"categories":[68,57],"tags":[72,70,69,71],"class_list":{"0":"post-18230","1":"post","2":"type-post","3":"status-publish","4":"format-standard","5":"has-post-thumbnail","7":"category-brasil","8":"category-politica","9":"tag-deltan-dallagnol","10":"tag-nivel-de-freitas","11":"tag-pgr","12":"tag-sergio-moro"},"yoast_head":"<!-- This site is optimized with the Yoast SEO Premium plugin v24.5 (Yoast SEO v27.4) - https:\/\/yoast.com\/product\/yoast-seo-premium-wordpress\/ -->\n<title>Conforme-se Lula, &quot;PGR nega anular condena\u00e7\u00e3o&quot;. - P31<\/title>\n<meta name=\"robots\" content=\"index, follow, max-snippet:-1, max-image-preview:large, max-video-preview:-1\" \/>\n<link rel=\"canonical\" href=\"https:\/\/www.p31noticias.com.br\/?p=18230\" \/>\n<meta property=\"og:locale\" content=\"pt_BR\" \/>\n<meta property=\"og:type\" content=\"article\" \/>\n<meta property=\"og:title\" content=\"Conforme-se Lula, &quot;PGR nega anular condena\u00e7\u00e3o&quot;.\" \/>\n<meta property=\"og:description\" content=\"Num trecho da manifesta\u00e7\u00e3o enviada ao STJ, diz que, sem provas da parcialidade de Sergio Moro, o pedido se resume a um mero inconformismo, desprovido de real embasamento e com a inten\u00e7\u00e3o de rediscutir indefinidamente os termos da condena\u00e7\u00e3o proferida de forma escorreita ap\u00f3s ampla pondera\u00e7\u00e3o do contexto f\u00e1tico. Ao opinar contra a anula\u00e7\u00e3o da [&hellip;]\" \/>\n<meta property=\"og:url\" content=\"https:\/\/www.p31noticias.com.br\/?p=18230\" \/>\n<meta property=\"og:site_name\" content=\"P31\" \/>\n<meta property=\"article:published_time\" content=\"2019-07-18T12:04:25+00:00\" \/>\n<meta property=\"og:image\" content=\"https:\/\/www.p31noticias.com.br\/wp-content\/uploads\/2019\/07\/presidente-lula-concede-sua-primeira-entrevista-depois-que-foi-preso-aos-jornalistas-monica-bergamo-da-folha-e-florestan-fernandes-do-el-pais-1559814189819_v2_900x506.jpg\" \/>\n\t<meta property=\"og:image:width\" content=\"900\" \/>\n\t<meta property=\"og:image:height\" content=\"506\" \/>\n\t<meta property=\"og:image:type\" content=\"image\/jpeg\" \/>\n<meta name=\"author\" content=\"Reda\u00e7\u00e3o JBN\" \/>\n<meta name=\"twitter:card\" content=\"summary_large_image\" \/>\n<meta name=\"twitter:label1\" content=\"Escrito por\" \/>\n\t<meta name=\"twitter:data1\" content=\"Reda\u00e7\u00e3o JBN\" \/>\n\t<meta name=\"twitter:label2\" content=\"Est. tempo de leitura\" \/>\n\t<meta name=\"twitter:data2\" content=\"2 minutos\" \/>\n<script type=\"application\/ld+json\" class=\"yoast-schema-graph\">{\"@context\":\"https:\\\/\\\/schema.org\",\"@graph\":[{\"@type\":\"Article\",\"@id\":\"https:\\\/\\\/www.p31noticias.com.br\\\/?p=18230#article\",\"isPartOf\":{\"@id\":\"https:\\\/\\\/www.p31noticias.com.br\\\/?p=18230\"},\"author\":{\"name\":\"Reda\u00e7\u00e3o JBN\",\"@id\":\"https:\\\/\\\/www.p31noticias.com.br\\\/#\\\/schema\\\/person\\\/77d6b186c710ac38937c6ec204fdd387\"},\"headline\":\"Conforme-se Lula, &#8220;PGR nega anular condena\u00e7\u00e3o&#8221;.\",\"datePublished\":\"2019-07-18T12:04:25+00:00\",\"mainEntityOfPage\":{\"@id\":\"https:\\\/\\\/www.p31noticias.com.br\\\/?p=18230\"},\"wordCount\":370,\"commentCount\":0,\"image\":{\"@id\":\"https:\\\/\\\/www.p31noticias.com.br\\\/?p=18230#primaryimage\"},\"thumbnailUrl\":\"https:\\\/\\\/www.p31noticias.com.br\\\/wp-content\\\/uploads\\\/2019\\\/07\\\/presidente-lula-concede-sua-primeira-entrevista-depois-que-foi-preso-aos-jornalistas-monica-bergamo-da-folha-e-florestan-fernandes-do-el-pais-1559814189819_v2_900x506.jpg\",\"keywords\":[\"deltan dallagnol\",\"N\u00edvel de Freitas\",\"PGR\",\"sergio moro\"],\"articleSection\":[\"Brasil\",\"Pol\u00edtica\"],\"inLanguage\":\"pt-BR\",\"potentialAction\":[{\"@type\":\"CommentAction\",\"name\":\"Comment\",\"target\":[\"https:\\\/\\\/www.p31noticias.com.br\\\/?p=18230#respond\"]}],\"copyrightYear\":\"2019\",\"copyrightHolder\":{\"@id\":\"https:\\\/\\\/www.p31noticias.com.br\\\/#organization\"}},{\"@type\":\"WebPage\",\"@id\":\"https:\\\/\\\/www.p31noticias.com.br\\\/?p=18230\",\"url\":\"https:\\\/\\\/www.p31noticias.com.br\\\/?p=18230\",\"name\":\"Conforme-se Lula, \\\"PGR nega anular condena\u00e7\u00e3o\\\". - P31\",\"isPartOf\":{\"@id\":\"https:\\\/\\\/www.p31noticias.com.br\\\/#website\"},\"primaryImageOfPage\":{\"@id\":\"https:\\\/\\\/www.p31noticias.com.br\\\/?p=18230#primaryimage\"},\"image\":{\"@id\":\"https:\\\/\\\/www.p31noticias.com.br\\\/?p=18230#primaryimage\"},\"thumbnailUrl\":\"https:\\\/\\\/www.p31noticias.com.br\\\/wp-content\\\/uploads\\\/2019\\\/07\\\/presidente-lula-concede-sua-primeira-entrevista-depois-que-foi-preso-aos-jornalistas-monica-bergamo-da-folha-e-florestan-fernandes-do-el-pais-1559814189819_v2_900x506.jpg\",\"datePublished\":\"2019-07-18T12:04:25+00:00\",\"author\":{\"@id\":\"https:\\\/\\\/www.p31noticias.com.br\\\/#\\\/schema\\\/person\\\/77d6b186c710ac38937c6ec204fdd387\"},\"breadcrumb\":{\"@id\":\"https:\\\/\\\/www.p31noticias.com.br\\\/?p=18230#breadcrumb\"},\"inLanguage\":\"pt-BR\",\"potentialAction\":[{\"@type\":\"ReadAction\",\"target\":[\"https:\\\/\\\/www.p31noticias.com.br\\\/?p=18230\"]}]},{\"@type\":\"ImageObject\",\"inLanguage\":\"pt-BR\",\"@id\":\"https:\\\/\\\/www.p31noticias.com.br\\\/?p=18230#primaryimage\",\"url\":\"https:\\\/\\\/www.p31noticias.com.br\\\/wp-content\\\/uploads\\\/2019\\\/07\\\/presidente-lula-concede-sua-primeira-entrevista-depois-que-foi-preso-aos-jornalistas-monica-bergamo-da-folha-e-florestan-fernandes-do-el-pais-1559814189819_v2_900x506.jpg\",\"contentUrl\":\"https:\\\/\\\/www.p31noticias.com.br\\\/wp-content\\\/uploads\\\/2019\\\/07\\\/presidente-lula-concede-sua-primeira-entrevista-depois-que-foi-preso-aos-jornalistas-monica-bergamo-da-folha-e-florestan-fernandes-do-el-pais-1559814189819_v2_900x506.jpg\",\"width\":900,\"height\":506},{\"@type\":\"BreadcrumbList\",\"@id\":\"https:\\\/\\\/www.p31noticias.com.br\\\/?p=18230#breadcrumb\",\"itemListElement\":[{\"@type\":\"ListItem\",\"position\":1,\"name\":\"In\u00edcio\",\"item\":\"https:\\\/\\\/www.p31noticias.com.br\\\/\"},{\"@type\":\"ListItem\",\"position\":2,\"name\":\"Conforme-se Lula, &#8220;PGR nega anular condena\u00e7\u00e3o&#8221;.\"}]},{\"@type\":\"WebSite\",\"@id\":\"https:\\\/\\\/www.p31noticias.com.br\\\/#website\",\"url\":\"https:\\\/\\\/www.p31noticias.com.br\\\/\",\"name\":\"P31\",\"description\":\"NOT\u00cdCIAS\",\"potentialAction\":[{\"@type\":\"SearchAction\",\"target\":{\"@type\":\"EntryPoint\",\"urlTemplate\":\"https:\\\/\\\/www.p31noticias.com.br\\\/?s={search_term_string}\"},\"query-input\":{\"@type\":\"PropertyValueSpecification\",\"valueRequired\":true,\"valueName\":\"search_term_string\"}}],\"inLanguage\":\"pt-BR\"},{\"@type\":\"Person\",\"@id\":\"https:\\\/\\\/www.p31noticias.com.br\\\/#\\\/schema\\\/person\\\/77d6b186c710ac38937c6ec204fdd387\",\"name\":\"Reda\u00e7\u00e3o JBN\",\"image\":{\"@type\":\"ImageObject\",\"inLanguage\":\"pt-BR\",\"@id\":\"https:\\\/\\\/secure.gravatar.com\\\/avatar\\\/10fcdb93211f98cce3d64c0795b0915a9a4a21dc0f279238995a3dbfafcad090?s=96&d=mm&r=g\",\"url\":\"https:\\\/\\\/secure.gravatar.com\\\/avatar\\\/10fcdb93211f98cce3d64c0795b0915a9a4a21dc0f279238995a3dbfafcad090?s=96&d=mm&r=g\",\"contentUrl\":\"https:\\\/\\\/secure.gravatar.com\\\/avatar\\\/10fcdb93211f98cce3d64c0795b0915a9a4a21dc0f279238995a3dbfafcad090?s=96&d=mm&r=g\",\"caption\":\"Reda\u00e7\u00e3o JBN\"},\"sameAs\":[\"https:\\\/\\\/p31noticias.com.br\"],\"url\":\"https:\\\/\\\/www.p31noticias.com.br\\\/?author=18\"}]}<\/script>\n<!-- \/ Yoast SEO Premium plugin. -->","yoast_head_json":{"title":"Conforme-se Lula, \"PGR nega anular condena\u00e7\u00e3o\". - P31","robots":{"index":"index","follow":"follow","max-snippet":"max-snippet:-1","max-image-preview":"max-image-preview:large","max-video-preview":"max-video-preview:-1"},"canonical":"https:\/\/www.p31noticias.com.br\/?p=18230","og_locale":"pt_BR","og_type":"article","og_title":"Conforme-se Lula, \"PGR nega anular condena\u00e7\u00e3o\".","og_description":"Num trecho da manifesta\u00e7\u00e3o enviada ao STJ, diz que, sem provas da parcialidade de Sergio Moro, o pedido se resume a um mero inconformismo, desprovido de real embasamento e com a inten\u00e7\u00e3o de rediscutir indefinidamente os termos da condena\u00e7\u00e3o proferida de forma escorreita ap\u00f3s ampla pondera\u00e7\u00e3o do contexto f\u00e1tico. Ao opinar contra a anula\u00e7\u00e3o da [&hellip;]","og_url":"https:\/\/www.p31noticias.com.br\/?p=18230","og_site_name":"P31","article_published_time":"2019-07-18T12:04:25+00:00","og_image":[{"width":900,"height":506,"url":"https:\/\/www.p31noticias.com.br\/wp-content\/uploads\/2019\/07\/presidente-lula-concede-sua-primeira-entrevista-depois-que-foi-preso-aos-jornalistas-monica-bergamo-da-folha-e-florestan-fernandes-do-el-pais-1559814189819_v2_900x506.jpg","type":"image\/jpeg"}],"author":"Reda\u00e7\u00e3o JBN","twitter_card":"summary_large_image","twitter_misc":{"Escrito por":"Reda\u00e7\u00e3o JBN","Est. tempo de leitura":"2 minutos"},"schema":{"@context":"https:\/\/schema.org","@graph":[{"@type":"Article","@id":"https:\/\/www.p31noticias.com.br\/?p=18230#article","isPartOf":{"@id":"https:\/\/www.p31noticias.com.br\/?p=18230"},"author":{"name":"Reda\u00e7\u00e3o JBN","@id":"https:\/\/www.p31noticias.com.br\/#\/schema\/person\/77d6b186c710ac38937c6ec204fdd387"},"headline":"Conforme-se Lula, &#8220;PGR nega anular condena\u00e7\u00e3o&#8221;.","datePublished":"2019-07-18T12:04:25+00:00","mainEntityOfPage":{"@id":"https:\/\/www.p31noticias.com.br\/?p=18230"},"wordCount":370,"commentCount":0,"image":{"@id":"https:\/\/www.p31noticias.com.br\/?p=18230#primaryimage"},"thumbnailUrl":"https:\/\/www.p31noticias.com.br\/wp-content\/uploads\/2019\/07\/presidente-lula-concede-sua-primeira-entrevista-depois-que-foi-preso-aos-jornalistas-monica-bergamo-da-folha-e-florestan-fernandes-do-el-pais-1559814189819_v2_900x506.jpg","keywords":["deltan dallagnol","N\u00edvel de Freitas","PGR","sergio moro"],"articleSection":["Brasil","Pol\u00edtica"],"inLanguage":"pt-BR","potentialAction":[{"@type":"CommentAction","name":"Comment","target":["https:\/\/www.p31noticias.com.br\/?p=18230#respond"]}],"copyrightYear":"2019","copyrightHolder":{"@id":"https:\/\/www.p31noticias.com.br\/#organization"}},{"@type":"WebPage","@id":"https:\/\/www.p31noticias.com.br\/?p=18230","url":"https:\/\/www.p31noticias.com.br\/?p=18230","name":"Conforme-se Lula, \"PGR nega anular condena\u00e7\u00e3o\". - P31","isPartOf":{"@id":"https:\/\/www.p31noticias.com.br\/#website"},"primaryImageOfPage":{"@id":"https:\/\/www.p31noticias.com.br\/?p=18230#primaryimage"},"image":{"@id":"https:\/\/www.p31noticias.com.br\/?p=18230#primaryimage"},"thumbnailUrl":"https:\/\/www.p31noticias.com.br\/wp-content\/uploads\/2019\/07\/presidente-lula-concede-sua-primeira-entrevista-depois-que-foi-preso-aos-jornalistas-monica-bergamo-da-folha-e-florestan-fernandes-do-el-pais-1559814189819_v2_900x506.jpg","datePublished":"2019-07-18T12:04:25+00:00","author":{"@id":"https:\/\/www.p31noticias.com.br\/#\/schema\/person\/77d6b186c710ac38937c6ec204fdd387"},"breadcrumb":{"@id":"https:\/\/www.p31noticias.com.br\/?p=18230#breadcrumb"},"inLanguage":"pt-BR","potentialAction":[{"@type":"ReadAction","target":["https:\/\/www.p31noticias.com.br\/?p=18230"]}]},{"@type":"ImageObject","inLanguage":"pt-BR","@id":"https:\/\/www.p31noticias.com.br\/?p=18230#primaryimage","url":"https:\/\/www.p31noticias.com.br\/wp-content\/uploads\/2019\/07\/presidente-lula-concede-sua-primeira-entrevista-depois-que-foi-preso-aos-jornalistas-monica-bergamo-da-folha-e-florestan-fernandes-do-el-pais-1559814189819_v2_900x506.jpg","contentUrl":"https:\/\/www.p31noticias.com.br\/wp-content\/uploads\/2019\/07\/presidente-lula-concede-sua-primeira-entrevista-depois-que-foi-preso-aos-jornalistas-monica-bergamo-da-folha-e-florestan-fernandes-do-el-pais-1559814189819_v2_900x506.jpg","width":900,"height":506},{"@type":"BreadcrumbList","@id":"https:\/\/www.p31noticias.com.br\/?p=18230#breadcrumb","itemListElement":[{"@type":"ListItem","position":1,"name":"In\u00edcio","item":"https:\/\/www.p31noticias.com.br\/"},{"@type":"ListItem","position":2,"name":"Conforme-se Lula, &#8220;PGR nega anular condena\u00e7\u00e3o&#8221;."}]},{"@type":"WebSite","@id":"https:\/\/www.p31noticias.com.br\/#website","url":"https:\/\/www.p31noticias.com.br\/","name":"P31","description":"NOT\u00cdCIAS","potentialAction":[{"@type":"SearchAction","target":{"@type":"EntryPoint","urlTemplate":"https:\/\/www.p31noticias.com.br\/?s={search_term_string}"},"query-input":{"@type":"PropertyValueSpecification","valueRequired":true,"valueName":"search_term_string"}}],"inLanguage":"pt-BR"},{"@type":"Person","@id":"https:\/\/www.p31noticias.com.br\/#\/schema\/person\/77d6b186c710ac38937c6ec204fdd387","name":"Reda\u00e7\u00e3o JBN","image":{"@type":"ImageObject","inLanguage":"pt-BR","@id":"https:\/\/secure.gravatar.com\/avatar\/10fcdb93211f98cce3d64c0795b0915a9a4a21dc0f279238995a3dbfafcad090?s=96&d=mm&r=g","url":"https:\/\/secure.gravatar.com\/avatar\/10fcdb93211f98cce3d64c0795b0915a9a4a21dc0f279238995a3dbfafcad090?s=96&d=mm&r=g","contentUrl":"https:\/\/secure.gravatar.com\/avatar\/10fcdb93211f98cce3d64c0795b0915a9a4a21dc0f279238995a3dbfafcad090?s=96&d=mm&r=g","caption":"Reda\u00e7\u00e3o JBN"},"sameAs":["https:\/\/p31noticias.com.br"],"url":"https:\/\/www.p31noticias.com.br\/?author=18"}]}},"amp_enabled":true,"_links":{"self":[{"href":"https:\/\/www.p31noticias.com.br\/index.php?rest_route=\/wp\/v2\/posts\/18230","targetHints":{"allow":["GET"]}}],"collection":[{"href":"https:\/\/www.p31noticias.com.br\/index.php?rest_route=\/wp\/v2\/posts"}],"about":[{"href":"https:\/\/www.p31noticias.com.br\/index.php?rest_route=\/wp\/v2\/types\/post"}],"author":[{"embeddable":true,"href":"https:\/\/www.p31noticias.com.br\/index.php?rest_route=\/wp\/v2\/users\/18"}],"replies":[{"embeddable":true,"href":"https:\/\/www.p31noticias.com.br\/index.php?rest_route=%2Fwp%2Fv2%2Fcomments&post=18230"}],"version-history":[{"count":0,"href":"https:\/\/www.p31noticias.com.br\/index.php?rest_route=\/wp\/v2\/posts\/18230\/revisions"}],"wp:featuredmedia":[{"embeddable":true,"href":"https:\/\/www.p31noticias.com.br\/index.php?rest_route=\/wp\/v2\/media\/18231"}],"wp:attachment":[{"href":"https:\/\/www.p31noticias.com.br\/index.php?rest_route=%2Fwp%2Fv2%2Fmedia&parent=18230"}],"wp:term":[{"taxonomy":"category","embeddable":true,"href":"https:\/\/www.p31noticias.com.br\/index.php?rest_route=%2Fwp%2Fv2%2Fcategories&post=18230"},{"taxonomy":"post_tag","embeddable":true,"href":"https:\/\/www.p31noticias.com.br\/index.php?rest_route=%2Fwp%2Fv2%2Ftags&post=18230"}],"curies":[{"name":"wp","href":"https:\/\/api.w.org\/{rel}","templated":true}]}}