{"id":18227,"date":"2019-07-17T15:18:39","date_gmt":"2019-07-17T18:18:39","guid":{"rendered":"https:\/\/www.delioandrade.com.br\/?p=18227"},"modified":"2019-07-17T15:18:39","modified_gmt":"2019-07-17T18:18:39","slug":"instagram-comecou-a-ocultar-os-likes","status":"publish","type":"post","link":"https:\/\/www.p31noticias.com.br\/?p=18227","title":{"rendered":"Instagram come\u00e7ou a ocultar os likes."},"content":{"rendered":"<h2>Como prometido, o<strong> aplicativo<\/strong>\u00a0<strong>Instagram<\/strong> come\u00e7ou a testar o fim das curtidas no Brasil a partir de hoje,\u00a0 quarta-feira (17). A medida j\u00e1 estava em discuss\u00e3o desde o primeiro semestre e agora, ser\u00e1 oferecida a todos os usu\u00e1rios brasileiros.<\/h2>\n<p>Os <a href=\"https:\/\/juniortakamoto.com.br\/fim-dos-likes-teste-do-instagram-vai-esconder-curtidas\/\">n\u00fameros ocultados<\/a> ser\u00e3o as curtidas em fotos e as visualiza\u00e7\u00f5es de v\u00eddeos. A mudan\u00e7a vale tanto para imagens que aparecem na linha do tempo quanto para as fotos listadas no perfil de cada usu\u00e1rio. A proposta da empresa \u00e9 que isso ajude a sua comunidade a se engajar mais com as fotos e v\u00eddeos do que com a aceita\u00e7\u00e3o social denotada pelo n\u00famero de curtidas.<\/p>\n<p><strong>\u201cN\u00e3o queremos que as pessoas sintam que est\u00e3o em uma competi\u00e7\u00e3o dentro do Instagram\u201d, afirmou, em nota, a empresa.<\/strong><\/p>\n<p>Com o teste, o <a href=\"https:\/\/juniortakamoto.com.br\/instagram-invisivel-likes-fotos\/\">Instagram<\/a> ir\u00e1 avaliar se a mudan\u00e7a ajudar\u00e1 os usu\u00e1rios a se concentrarem menos nas curtidas e mais em compartilhar hist\u00f3rias na sua rede social de fotos e v\u00eddeos.<\/p>\n<p>O teste no Brasil n\u00e3o \u00e9 o primeiro. A empresa j\u00e1 o aplica no Canad\u00e1, desde maio de 2019. Mesmo com resultados positivos desse piloto, a expans\u00e3o do teste se faz necess\u00e1ria para compreender melhor sua aceita\u00e7\u00e3o e como a mudan\u00e7a a forma de usar o aplicativo do Instagram.<\/p>\n<div class=\"content-image alignnone wp-caption\">\n<div class=\"image\">\n<p>&nbsp;<\/p>\n<p><span style=\"color: #111111; font-family: Roboto, sans-serif; font-size: 22px;\">As curtidas do Instagram v\u00e3o sumir?<\/span><\/p>\n<\/div>\n<\/div>\n<p>N\u00e3o necessariamente. Elas continuar\u00e3o a existir. Mas n\u00e3o ser\u00e3o mais p\u00fablicas. Apenas os donos dos perfis ter\u00e3o acesso \u00e0s estat\u00edsticas, como acontece atualmente com sites em rela\u00e7\u00e3o ao n\u00famero de cliques que recebem.<\/p>\n<h3>Apps de curtidas<\/h3>\n<p>Com o fim dos\u00a0<em>likes<\/em>, o Instagram deixaria de precisar combater aplicativos que criam jogos de curtidas. S\u00e3o esses aplicativos, com formato ao estilo do app de namoro Tinder, que permitem que influenciadores aumentem o n\u00famero de curtidas para chamar a aten\u00e7\u00e3o de ag\u00eancias de publicidade e conquistar acordos comerciais.<\/p>\n<p>Buscando evitar um\u00a0<em>burnout<\/em>\u00a0ocasionado pelo uso demasiado de apps, diversas empresas de tecnologia, como Facebook e Google, tentam encontrar formas de melhorar suas plataformas e tornar suas notifica\u00e7\u00f5es mais inteligentes<\/p>\n","protected":false},"excerpt":{"rendered":"<p>Como prometido, o aplicativo\u00a0Instagram come\u00e7ou a testar o fim das curtidas no Brasil a partir de hoje,\u00a0 quarta-feira (17). A medida j\u00e1 estava em discuss\u00e3o desde o primeiro semestre e agora, ser\u00e1 oferecida a todos os usu\u00e1rios brasileiros. Os n\u00fameros ocultados ser\u00e3o as curtidas em fotos e as visualiza\u00e7\u00f5es de v\u00eddeos. A mudan\u00e7a vale tanto [&hellip;]<\/p>\n","protected":false},"author":18,"featured_media":18228,"comment_status":"open","ping_status":"open","sticky":false,"template":"","format":"standard","meta":{"footnotes":""},"categories":[1],"tags":[67,28,29],"class_list":{"0":"post-18227","1":"post","2":"type-post","3":"status-publish","4":"format-standard","5":"has-post-thumbnail","7":"category-outros","8":"tag-curtidas","9":"tag-instagram","10":"tag-likes"},"yoast_head":"<!-- This site is optimized with the Yoast SEO Premium plugin v24.5 (Yoast SEO v27.5) - https:\/\/yoast.com\/product\/yoast-seo-premium-wordpress\/ -->\n<title>Instagram come\u00e7ou a ocultar os likes. - P31<\/title>\n<meta name=\"robots\" content=\"index, follow, max-snippet:-1, max-image-preview:large, max-video-preview:-1\" \/>\n<link rel=\"canonical\" href=\"https:\/\/www.p31noticias.com.br\/?p=18227\" \/>\n<meta property=\"og:locale\" content=\"pt_BR\" \/>\n<meta property=\"og:type\" content=\"article\" \/>\n<meta property=\"og:title\" content=\"Instagram come\u00e7ou a ocultar os likes.\" \/>\n<meta property=\"og:description\" content=\"Como prometido, o aplicativo\u00a0Instagram come\u00e7ou a testar o fim das curtidas no Brasil a partir de hoje,\u00a0 quarta-feira (17). A medida j\u00e1 estava em discuss\u00e3o desde o primeiro semestre e agora, ser\u00e1 oferecida a todos os usu\u00e1rios brasileiros. Os n\u00fameros ocultados ser\u00e3o as curtidas em fotos e as visualiza\u00e7\u00f5es de v\u00eddeos. A mudan\u00e7a vale tanto [&hellip;]\" \/>\n<meta property=\"og:url\" content=\"https:\/\/www.p31noticias.com.br\/?p=18227\" \/>\n<meta property=\"og:site_name\" content=\"P31\" \/>\n<meta property=\"article:published_time\" content=\"2019-07-17T18:18:39+00:00\" \/>\n<meta property=\"og:image\" content=\"https:\/\/www.p31noticias.com.br\/wp-content\/uploads\/2019\/07\/Curtidas-no-Instagram.png\" \/>\n\t<meta property=\"og:image:width\" content=\"1024\" \/>\n\t<meta property=\"og:image:height\" content=\"512\" \/>\n\t<meta property=\"og:image:type\" content=\"image\/png\" \/>\n<meta name=\"author\" content=\"Reda\u00e7\u00e3o JBN\" \/>\n<meta name=\"twitter:card\" content=\"summary_large_image\" \/>\n<meta name=\"twitter:label1\" content=\"Escrito por\" \/>\n\t<meta name=\"twitter:data1\" content=\"Reda\u00e7\u00e3o JBN\" \/>\n\t<meta name=\"twitter:label2\" content=\"Est. tempo de leitura\" \/>\n\t<meta name=\"twitter:data2\" content=\"2 minutos\" \/>\n<script type=\"application\/ld+json\" class=\"yoast-schema-graph\">{\"@context\":\"https:\\\/\\\/schema.org\",\"@graph\":[{\"@type\":\"Article\",\"@id\":\"https:\\\/\\\/www.p31noticias.com.br\\\/?p=18227#article\",\"isPartOf\":{\"@id\":\"https:\\\/\\\/www.p31noticias.com.br\\\/?p=18227\"},\"author\":{\"name\":\"Reda\u00e7\u00e3o JBN\",\"@id\":\"https:\\\/\\\/www.p31noticias.com.br\\\/#\\\/schema\\\/person\\\/77d6b186c710ac38937c6ec204fdd387\"},\"headline\":\"Instagram come\u00e7ou a ocultar os likes.\",\"datePublished\":\"2019-07-17T18:18:39+00:00\",\"mainEntityOfPage\":{\"@id\":\"https:\\\/\\\/www.p31noticias.com.br\\\/?p=18227\"},\"wordCount\":371,\"commentCount\":0,\"image\":{\"@id\":\"https:\\\/\\\/www.p31noticias.com.br\\\/?p=18227#primaryimage\"},\"thumbnailUrl\":\"https:\\\/\\\/www.p31noticias.com.br\\\/wp-content\\\/uploads\\\/2019\\\/07\\\/Curtidas-no-Instagram.png\",\"keywords\":[\"curtidas\",\"instagram\",\"likes\"],\"articleSection\":[\"Outros\"],\"inLanguage\":\"pt-BR\",\"potentialAction\":[{\"@type\":\"CommentAction\",\"name\":\"Comment\",\"target\":[\"https:\\\/\\\/www.p31noticias.com.br\\\/?p=18227#respond\"]}],\"copyrightYear\":\"2019\",\"copyrightHolder\":{\"@id\":\"https:\\\/\\\/www.p31noticias.com.br\\\/#organization\"}},{\"@type\":\"WebPage\",\"@id\":\"https:\\\/\\\/www.p31noticias.com.br\\\/?p=18227\",\"url\":\"https:\\\/\\\/www.p31noticias.com.br\\\/?p=18227\",\"name\":\"Instagram come\u00e7ou a ocultar os likes. - P31\",\"isPartOf\":{\"@id\":\"https:\\\/\\\/www.p31noticias.com.br\\\/#website\"},\"primaryImageOfPage\":{\"@id\":\"https:\\\/\\\/www.p31noticias.com.br\\\/?p=18227#primaryimage\"},\"image\":{\"@id\":\"https:\\\/\\\/www.p31noticias.com.br\\\/?p=18227#primaryimage\"},\"thumbnailUrl\":\"https:\\\/\\\/www.p31noticias.com.br\\\/wp-content\\\/uploads\\\/2019\\\/07\\\/Curtidas-no-Instagram.png\",\"datePublished\":\"2019-07-17T18:18:39+00:00\",\"author\":{\"@id\":\"https:\\\/\\\/www.p31noticias.com.br\\\/#\\\/schema\\\/person\\\/77d6b186c710ac38937c6ec204fdd387\"},\"breadcrumb\":{\"@id\":\"https:\\\/\\\/www.p31noticias.com.br\\\/?p=18227#breadcrumb\"},\"inLanguage\":\"pt-BR\",\"potentialAction\":[{\"@type\":\"ReadAction\",\"target\":[\"https:\\\/\\\/www.p31noticias.com.br\\\/?p=18227\"]}]},{\"@type\":\"ImageObject\",\"inLanguage\":\"pt-BR\",\"@id\":\"https:\\\/\\\/www.p31noticias.com.br\\\/?p=18227#primaryimage\",\"url\":\"https:\\\/\\\/www.p31noticias.com.br\\\/wp-content\\\/uploads\\\/2019\\\/07\\\/Curtidas-no-Instagram.png\",\"contentUrl\":\"https:\\\/\\\/www.p31noticias.com.br\\\/wp-content\\\/uploads\\\/2019\\\/07\\\/Curtidas-no-Instagram.png\",\"width\":1024,\"height\":512},{\"@type\":\"BreadcrumbList\",\"@id\":\"https:\\\/\\\/www.p31noticias.com.br\\\/?p=18227#breadcrumb\",\"itemListElement\":[{\"@type\":\"ListItem\",\"position\":1,\"name\":\"In\u00edcio\",\"item\":\"https:\\\/\\\/www.p31noticias.com.br\\\/\"},{\"@type\":\"ListItem\",\"position\":2,\"name\":\"Instagram come\u00e7ou a ocultar os likes.\"}]},{\"@type\":\"WebSite\",\"@id\":\"https:\\\/\\\/www.p31noticias.com.br\\\/#website\",\"url\":\"https:\\\/\\\/www.p31noticias.com.br\\\/\",\"name\":\"P31\",\"description\":\"NOT\u00cdCIAS\",\"potentialAction\":[{\"@type\":\"SearchAction\",\"target\":{\"@type\":\"EntryPoint\",\"urlTemplate\":\"https:\\\/\\\/www.p31noticias.com.br\\\/?s={search_term_string}\"},\"query-input\":{\"@type\":\"PropertyValueSpecification\",\"valueRequired\":true,\"valueName\":\"search_term_string\"}}],\"inLanguage\":\"pt-BR\"},{\"@type\":\"Person\",\"@id\":\"https:\\\/\\\/www.p31noticias.com.br\\\/#\\\/schema\\\/person\\\/77d6b186c710ac38937c6ec204fdd387\",\"name\":\"Reda\u00e7\u00e3o JBN\",\"image\":{\"@type\":\"ImageObject\",\"inLanguage\":\"pt-BR\",\"@id\":\"https:\\\/\\\/secure.gravatar.com\\\/avatar\\\/10fcdb93211f98cce3d64c0795b0915a9a4a21dc0f279238995a3dbfafcad090?s=96&d=mm&r=g\",\"url\":\"https:\\\/\\\/secure.gravatar.com\\\/avatar\\\/10fcdb93211f98cce3d64c0795b0915a9a4a21dc0f279238995a3dbfafcad090?s=96&d=mm&r=g\",\"contentUrl\":\"https:\\\/\\\/secure.gravatar.com\\\/avatar\\\/10fcdb93211f98cce3d64c0795b0915a9a4a21dc0f279238995a3dbfafcad090?s=96&d=mm&r=g\",\"caption\":\"Reda\u00e7\u00e3o JBN\"},\"sameAs\":[\"https:\\\/\\\/p31noticias.com.br\"],\"url\":\"https:\\\/\\\/www.p31noticias.com.br\\\/?author=18\"}]}<\/script>\n<!-- \/ Yoast SEO Premium plugin. -->","yoast_head_json":{"title":"Instagram come\u00e7ou a ocultar os likes. - P31","robots":{"index":"index","follow":"follow","max-snippet":"max-snippet:-1","max-image-preview":"max-image-preview:large","max-video-preview":"max-video-preview:-1"},"canonical":"https:\/\/www.p31noticias.com.br\/?p=18227","og_locale":"pt_BR","og_type":"article","og_title":"Instagram come\u00e7ou a ocultar os likes.","og_description":"Como prometido, o aplicativo\u00a0Instagram come\u00e7ou a testar o fim das curtidas no Brasil a partir de hoje,\u00a0 quarta-feira (17). A medida j\u00e1 estava em discuss\u00e3o desde o primeiro semestre e agora, ser\u00e1 oferecida a todos os usu\u00e1rios brasileiros. Os n\u00fameros ocultados ser\u00e3o as curtidas em fotos e as visualiza\u00e7\u00f5es de v\u00eddeos. A mudan\u00e7a vale tanto [&hellip;]","og_url":"https:\/\/www.p31noticias.com.br\/?p=18227","og_site_name":"P31","article_published_time":"2019-07-17T18:18:39+00:00","og_image":[{"width":1024,"height":512,"url":"https:\/\/www.p31noticias.com.br\/wp-content\/uploads\/2019\/07\/Curtidas-no-Instagram.png","type":"image\/png"}],"author":"Reda\u00e7\u00e3o JBN","twitter_card":"summary_large_image","twitter_misc":{"Escrito por":"Reda\u00e7\u00e3o JBN","Est. tempo de leitura":"2 minutos"},"schema":{"@context":"https:\/\/schema.org","@graph":[{"@type":"Article","@id":"https:\/\/www.p31noticias.com.br\/?p=18227#article","isPartOf":{"@id":"https:\/\/www.p31noticias.com.br\/?p=18227"},"author":{"name":"Reda\u00e7\u00e3o JBN","@id":"https:\/\/www.p31noticias.com.br\/#\/schema\/person\/77d6b186c710ac38937c6ec204fdd387"},"headline":"Instagram come\u00e7ou a ocultar os likes.","datePublished":"2019-07-17T18:18:39+00:00","mainEntityOfPage":{"@id":"https:\/\/www.p31noticias.com.br\/?p=18227"},"wordCount":371,"commentCount":0,"image":{"@id":"https:\/\/www.p31noticias.com.br\/?p=18227#primaryimage"},"thumbnailUrl":"https:\/\/www.p31noticias.com.br\/wp-content\/uploads\/2019\/07\/Curtidas-no-Instagram.png","keywords":["curtidas","instagram","likes"],"articleSection":["Outros"],"inLanguage":"pt-BR","potentialAction":[{"@type":"CommentAction","name":"Comment","target":["https:\/\/www.p31noticias.com.br\/?p=18227#respond"]}],"copyrightYear":"2019","copyrightHolder":{"@id":"https:\/\/www.p31noticias.com.br\/#organization"}},{"@type":"WebPage","@id":"https:\/\/www.p31noticias.com.br\/?p=18227","url":"https:\/\/www.p31noticias.com.br\/?p=18227","name":"Instagram come\u00e7ou a ocultar os likes. - P31","isPartOf":{"@id":"https:\/\/www.p31noticias.com.br\/#website"},"primaryImageOfPage":{"@id":"https:\/\/www.p31noticias.com.br\/?p=18227#primaryimage"},"image":{"@id":"https:\/\/www.p31noticias.com.br\/?p=18227#primaryimage"},"thumbnailUrl":"https:\/\/www.p31noticias.com.br\/wp-content\/uploads\/2019\/07\/Curtidas-no-Instagram.png","datePublished":"2019-07-17T18:18:39+00:00","author":{"@id":"https:\/\/www.p31noticias.com.br\/#\/schema\/person\/77d6b186c710ac38937c6ec204fdd387"},"breadcrumb":{"@id":"https:\/\/www.p31noticias.com.br\/?p=18227#breadcrumb"},"inLanguage":"pt-BR","potentialAction":[{"@type":"ReadAction","target":["https:\/\/www.p31noticias.com.br\/?p=18227"]}]},{"@type":"ImageObject","inLanguage":"pt-BR","@id":"https:\/\/www.p31noticias.com.br\/?p=18227#primaryimage","url":"https:\/\/www.p31noticias.com.br\/wp-content\/uploads\/2019\/07\/Curtidas-no-Instagram.png","contentUrl":"https:\/\/www.p31noticias.com.br\/wp-content\/uploads\/2019\/07\/Curtidas-no-Instagram.png","width":1024,"height":512},{"@type":"BreadcrumbList","@id":"https:\/\/www.p31noticias.com.br\/?p=18227#breadcrumb","itemListElement":[{"@type":"ListItem","position":1,"name":"In\u00edcio","item":"https:\/\/www.p31noticias.com.br\/"},{"@type":"ListItem","position":2,"name":"Instagram come\u00e7ou a ocultar os likes."}]},{"@type":"WebSite","@id":"https:\/\/www.p31noticias.com.br\/#website","url":"https:\/\/www.p31noticias.com.br\/","name":"P31","description":"NOT\u00cdCIAS","potentialAction":[{"@type":"SearchAction","target":{"@type":"EntryPoint","urlTemplate":"https:\/\/www.p31noticias.com.br\/?s={search_term_string}"},"query-input":{"@type":"PropertyValueSpecification","valueRequired":true,"valueName":"search_term_string"}}],"inLanguage":"pt-BR"},{"@type":"Person","@id":"https:\/\/www.p31noticias.com.br\/#\/schema\/person\/77d6b186c710ac38937c6ec204fdd387","name":"Reda\u00e7\u00e3o JBN","image":{"@type":"ImageObject","inLanguage":"pt-BR","@id":"https:\/\/secure.gravatar.com\/avatar\/10fcdb93211f98cce3d64c0795b0915a9a4a21dc0f279238995a3dbfafcad090?s=96&d=mm&r=g","url":"https:\/\/secure.gravatar.com\/avatar\/10fcdb93211f98cce3d64c0795b0915a9a4a21dc0f279238995a3dbfafcad090?s=96&d=mm&r=g","contentUrl":"https:\/\/secure.gravatar.com\/avatar\/10fcdb93211f98cce3d64c0795b0915a9a4a21dc0f279238995a3dbfafcad090?s=96&d=mm&r=g","caption":"Reda\u00e7\u00e3o JBN"},"sameAs":["https:\/\/p31noticias.com.br"],"url":"https:\/\/www.p31noticias.com.br\/?author=18"}]}},"amp_enabled":true,"_links":{"self":[{"href":"https:\/\/www.p31noticias.com.br\/index.php?rest_route=\/wp\/v2\/posts\/18227","targetHints":{"allow":["GET"]}}],"collection":[{"href":"https:\/\/www.p31noticias.com.br\/index.php?rest_route=\/wp\/v2\/posts"}],"about":[{"href":"https:\/\/www.p31noticias.com.br\/index.php?rest_route=\/wp\/v2\/types\/post"}],"author":[{"embeddable":true,"href":"https:\/\/www.p31noticias.com.br\/index.php?rest_route=\/wp\/v2\/users\/18"}],"replies":[{"embeddable":true,"href":"https:\/\/www.p31noticias.com.br\/index.php?rest_route=%2Fwp%2Fv2%2Fcomments&post=18227"}],"version-history":[{"count":0,"href":"https:\/\/www.p31noticias.com.br\/index.php?rest_route=\/wp\/v2\/posts\/18227\/revisions"}],"wp:featuredmedia":[{"embeddable":true,"href":"https:\/\/www.p31noticias.com.br\/index.php?rest_route=\/wp\/v2\/media\/18228"}],"wp:attachment":[{"href":"https:\/\/www.p31noticias.com.br\/index.php?rest_route=%2Fwp%2Fv2%2Fmedia&parent=18227"}],"wp:term":[{"taxonomy":"category","embeddable":true,"href":"https:\/\/www.p31noticias.com.br\/index.php?rest_route=%2Fwp%2Fv2%2Fcategories&post=18227"},{"taxonomy":"post_tag","embeddable":true,"href":"https:\/\/www.p31noticias.com.br\/index.php?rest_route=%2Fwp%2Fv2%2Ftags&post=18227"}],"curies":[{"name":"wp","href":"https:\/\/api.w.org\/{rel}","templated":true}]}}