{"id":18213,"date":"2019-07-09T11:32:20","date_gmt":"2019-07-09T14:32:20","guid":{"rendered":"https:\/\/www.delioandrade.com.br\/?p=18213"},"modified":"2019-07-09T11:32:20","modified_gmt":"2019-07-09T14:32:20","slug":"vem-ai-a-2a-viagem-de-jornalistas-e-influencers-do-guia-brasilia-rural","status":"publish","type":"post","link":"https:\/\/www.p31noticias.com.br\/?p=18213","title":{"rendered":"Vem a\u00ed a 2\u00aa viagem de jornalistas e influencers do Guia Bras\u00edlia Rural"},"content":{"rendered":"<div>\n<p class=\"m_-5230640225930204698m_-6208595476946959757gmail-p3\"><span class=\"m_-5230640225930204698m_-6208595476946959757gmail-s1\"><span style=\"font-size: large;\">Nos dias 6 e 7 de agosto, durante 02 dias, com 36h de experi\u00eancias no turismo, na ecologia e na gastronomia. Um grupo de jornalistas, blogueiros, youtubers e digitais inflluencers ir\u00e3o conhecer 3 empreendimentos do turismo rural, para contar as experi\u00eancias em suas m\u00eddias, blogs, canais, jornais, etc.<\/span><\/span><\/p>\n<p class=\"m_-5230640225930204698m_-6208595476946959757gmail-p3\"><span class=\"m_-5230640225930204698m_-6208595476946959757gmail-s1\"><span style=\"font-size: large;\">O projeto \u00e9 uma parceria do Sebrae no DF e do Sindicato de Turismo Rural do Distrito Federal e Entorno &#8211; RuralTur. Uma experi\u00eancia como objetivo de promover o Turismo Rural e seus empreendimentos.<\/span><\/span><\/p>\n<p class=\"m_-5230640225930204698m_-6208595476946959757gmail-p3\"><span class=\"m_-5230640225930204698m_-6208595476946959757gmail-s1\"><span style=\"font-size: large;\">\u201cA primeira viagem com influentes e blogueiros do RuralTur esteve na Fazenda JK, na Fazenda Boa Sorte e no Hotel Fazenda Clat. Agora, novos lugares ser\u00e3o integrados no roteiro e ir\u00e3o se transformar em experi\u00eancias\u201d, conta Fragmar Diniz, presidente do RuralTur.<\/span><\/span><\/p>\n<p class=\"m_-5230640225930204698m_-6208595476946959757gmail-p3\"><span class=\"m_-5230640225930204698m_-6208595476946959757gmail-s1\"><span style=\"font-size: large;\">Para acompanhar a viagem siga o instagram\u00a0<b><a href=\"https:\/\/www.instagram.com\/guiabrasiliarural\/\" target=\"_blank\" rel=\"noopener noreferrer\" data-saferedirecturl=\"https:\/\/www.google.com\/url?q=https:\/\/www.instagram.com\/guiabrasiliarural\/&amp;source=gmail&amp;ust=1562768243969000&amp;usg=AFQjCNGSKlmNE5Gxp5fz1qOcMjJnUkwLUQ\">@GuiaBrasiliaRural\u00a0<\/a><\/b><\/span><\/span><\/p>\n<\/div>\n<div class=\"yj6qo\"><\/div>\n<div class=\"adL\">\n<div><\/div>\n<\/div>\n","protected":false},"excerpt":{"rendered":"<p>Nos dias 6 e 7 de agosto, durante 02 dias, com 36h de experi\u00eancias no turismo, na ecologia e na gastronomia. Um grupo de jornalistas, blogueiros, youtubers e digitais inflluencers ir\u00e3o conhecer 3 empreendimentos do turismo rural, para contar as experi\u00eancias em suas m\u00eddias, blogs, canais, jornais, etc. O projeto \u00e9 uma parceria do Sebrae [&hellip;]<\/p>\n","protected":false},"author":18,"featured_media":18214,"comment_status":"open","ping_status":"open","sticky":false,"template":"","format":"standard","meta":{"footnotes":""},"categories":[57],"tags":[],"class_list":{"0":"post-18213","1":"post","2":"type-post","3":"status-publish","4":"format-standard","5":"has-post-thumbnail","7":"category-politica"},"yoast_head":"<!-- This site is optimized with the Yoast SEO Premium plugin v24.5 (Yoast SEO v27.4) - https:\/\/yoast.com\/product\/yoast-seo-premium-wordpress\/ -->\n<title>Vem a\u00ed a 2\u00aa viagem de jornalistas e influencers do Guia Bras\u00edlia Rural - P31<\/title>\n<meta name=\"robots\" content=\"index, follow, max-snippet:-1, max-image-preview:large, max-video-preview:-1\" \/>\n<link rel=\"canonical\" href=\"https:\/\/www.p31noticias.com.br\/?p=18213\" \/>\n<meta property=\"og:locale\" content=\"pt_BR\" \/>\n<meta property=\"og:type\" content=\"article\" \/>\n<meta property=\"og:title\" content=\"Vem a\u00ed a 2\u00aa viagem de jornalistas e influencers do Guia Bras\u00edlia Rural\" \/>\n<meta property=\"og:description\" content=\"Nos dias 6 e 7 de agosto, durante 02 dias, com 36h de experi\u00eancias no turismo, na ecologia e na gastronomia. Um grupo de jornalistas, blogueiros, youtubers e digitais inflluencers ir\u00e3o conhecer 3 empreendimentos do turismo rural, para contar as experi\u00eancias em suas m\u00eddias, blogs, canais, jornais, etc. O projeto \u00e9 uma parceria do Sebrae [&hellip;]\" \/>\n<meta property=\"og:url\" content=\"https:\/\/www.p31noticias.com.br\/?p=18213\" \/>\n<meta property=\"og:site_name\" content=\"P31\" \/>\n<meta property=\"article:published_time\" content=\"2019-07-09T14:32:20+00:00\" \/>\n<meta property=\"og:image\" content=\"https:\/\/www.p31noticias.com.br\/wp-content\/uploads\/2019\/07\/Captura-de-Tela-2019-07-08-a\u0300s-15.13.25-1024x552.png\" \/>\n\t<meta property=\"og:image:width\" content=\"1024\" \/>\n\t<meta property=\"og:image:height\" content=\"552\" \/>\n\t<meta property=\"og:image:type\" content=\"image\/png\" \/>\n<meta name=\"author\" content=\"Reda\u00e7\u00e3o JBN\" \/>\n<meta name=\"twitter:card\" content=\"summary_large_image\" \/>\n<meta name=\"twitter:label1\" content=\"Escrito por\" \/>\n\t<meta name=\"twitter:data1\" content=\"Reda\u00e7\u00e3o JBN\" \/>\n\t<meta name=\"twitter:label2\" content=\"Est. tempo de leitura\" \/>\n\t<meta name=\"twitter:data2\" content=\"1 minuto\" \/>\n<script type=\"application\/ld+json\" class=\"yoast-schema-graph\">{\"@context\":\"https:\\\/\\\/schema.org\",\"@graph\":[{\"@type\":\"Article\",\"@id\":\"https:\\\/\\\/www.p31noticias.com.br\\\/?p=18213#article\",\"isPartOf\":{\"@id\":\"https:\\\/\\\/www.p31noticias.com.br\\\/?p=18213\"},\"author\":{\"name\":\"Reda\u00e7\u00e3o JBN\",\"@id\":\"https:\\\/\\\/www.p31noticias.com.br\\\/#\\\/schema\\\/person\\\/77d6b186c710ac38937c6ec204fdd387\"},\"headline\":\"Vem a\u00ed a 2\u00aa viagem de jornalistas e influencers do Guia Bras\u00edlia Rural\",\"datePublished\":\"2019-07-09T14:32:20+00:00\",\"mainEntityOfPage\":{\"@id\":\"https:\\\/\\\/www.p31noticias.com.br\\\/?p=18213\"},\"wordCount\":147,\"commentCount\":0,\"image\":{\"@id\":\"https:\\\/\\\/www.p31noticias.com.br\\\/?p=18213#primaryimage\"},\"thumbnailUrl\":\"https:\\\/\\\/www.p31noticias.com.br\\\/wp-content\\\/uploads\\\/2019\\\/07\\\/Captura-de-Tela-2019-07-08-a\u0300s-15.13.25.png\",\"articleSection\":[\"Pol\u00edtica\"],\"inLanguage\":\"pt-BR\",\"potentialAction\":[{\"@type\":\"CommentAction\",\"name\":\"Comment\",\"target\":[\"https:\\\/\\\/www.p31noticias.com.br\\\/?p=18213#respond\"]}],\"copyrightYear\":\"2019\",\"copyrightHolder\":{\"@id\":\"https:\\\/\\\/www.p31noticias.com.br\\\/#organization\"}},{\"@type\":\"WebPage\",\"@id\":\"https:\\\/\\\/www.p31noticias.com.br\\\/?p=18213\",\"url\":\"https:\\\/\\\/www.p31noticias.com.br\\\/?p=18213\",\"name\":\"Vem a\u00ed a 2\u00aa viagem de jornalistas e influencers do Guia Bras\u00edlia Rural - P31\",\"isPartOf\":{\"@id\":\"https:\\\/\\\/www.p31noticias.com.br\\\/#website\"},\"primaryImageOfPage\":{\"@id\":\"https:\\\/\\\/www.p31noticias.com.br\\\/?p=18213#primaryimage\"},\"image\":{\"@id\":\"https:\\\/\\\/www.p31noticias.com.br\\\/?p=18213#primaryimage\"},\"thumbnailUrl\":\"https:\\\/\\\/www.p31noticias.com.br\\\/wp-content\\\/uploads\\\/2019\\\/07\\\/Captura-de-Tela-2019-07-08-a\u0300s-15.13.25.png\",\"datePublished\":\"2019-07-09T14:32:20+00:00\",\"author\":{\"@id\":\"https:\\\/\\\/www.p31noticias.com.br\\\/#\\\/schema\\\/person\\\/77d6b186c710ac38937c6ec204fdd387\"},\"breadcrumb\":{\"@id\":\"https:\\\/\\\/www.p31noticias.com.br\\\/?p=18213#breadcrumb\"},\"inLanguage\":\"pt-BR\",\"potentialAction\":[{\"@type\":\"ReadAction\",\"target\":[\"https:\\\/\\\/www.p31noticias.com.br\\\/?p=18213\"]}]},{\"@type\":\"ImageObject\",\"inLanguage\":\"pt-BR\",\"@id\":\"https:\\\/\\\/www.p31noticias.com.br\\\/?p=18213#primaryimage\",\"url\":\"https:\\\/\\\/www.p31noticias.com.br\\\/wp-content\\\/uploads\\\/2019\\\/07\\\/Captura-de-Tela-2019-07-08-a\u0300s-15.13.25.png\",\"contentUrl\":\"https:\\\/\\\/www.p31noticias.com.br\\\/wp-content\\\/uploads\\\/2019\\\/07\\\/Captura-de-Tela-2019-07-08-a\u0300s-15.13.25.png\",\"width\":1576,\"height\":850},{\"@type\":\"BreadcrumbList\",\"@id\":\"https:\\\/\\\/www.p31noticias.com.br\\\/?p=18213#breadcrumb\",\"itemListElement\":[{\"@type\":\"ListItem\",\"position\":1,\"name\":\"In\u00edcio\",\"item\":\"https:\\\/\\\/www.p31noticias.com.br\\\/\"},{\"@type\":\"ListItem\",\"position\":2,\"name\":\"Vem a\u00ed a 2\u00aa viagem de jornalistas e influencers do Guia Bras\u00edlia Rural\"}]},{\"@type\":\"WebSite\",\"@id\":\"https:\\\/\\\/www.p31noticias.com.br\\\/#website\",\"url\":\"https:\\\/\\\/www.p31noticias.com.br\\\/\",\"name\":\"P31\",\"description\":\"NOT\u00cdCIAS\",\"potentialAction\":[{\"@type\":\"SearchAction\",\"target\":{\"@type\":\"EntryPoint\",\"urlTemplate\":\"https:\\\/\\\/www.p31noticias.com.br\\\/?s={search_term_string}\"},\"query-input\":{\"@type\":\"PropertyValueSpecification\",\"valueRequired\":true,\"valueName\":\"search_term_string\"}}],\"inLanguage\":\"pt-BR\"},{\"@type\":\"Person\",\"@id\":\"https:\\\/\\\/www.p31noticias.com.br\\\/#\\\/schema\\\/person\\\/77d6b186c710ac38937c6ec204fdd387\",\"name\":\"Reda\u00e7\u00e3o JBN\",\"image\":{\"@type\":\"ImageObject\",\"inLanguage\":\"pt-BR\",\"@id\":\"https:\\\/\\\/secure.gravatar.com\\\/avatar\\\/10fcdb93211f98cce3d64c0795b0915a9a4a21dc0f279238995a3dbfafcad090?s=96&d=mm&r=g\",\"url\":\"https:\\\/\\\/secure.gravatar.com\\\/avatar\\\/10fcdb93211f98cce3d64c0795b0915a9a4a21dc0f279238995a3dbfafcad090?s=96&d=mm&r=g\",\"contentUrl\":\"https:\\\/\\\/secure.gravatar.com\\\/avatar\\\/10fcdb93211f98cce3d64c0795b0915a9a4a21dc0f279238995a3dbfafcad090?s=96&d=mm&r=g\",\"caption\":\"Reda\u00e7\u00e3o JBN\"},\"sameAs\":[\"https:\\\/\\\/p31noticias.com.br\"],\"url\":\"https:\\\/\\\/www.p31noticias.com.br\\\/?author=18\"}]}<\/script>\n<!-- \/ Yoast SEO Premium plugin. -->","yoast_head_json":{"title":"Vem a\u00ed a 2\u00aa viagem de jornalistas e influencers do Guia Bras\u00edlia Rural - P31","robots":{"index":"index","follow":"follow","max-snippet":"max-snippet:-1","max-image-preview":"max-image-preview:large","max-video-preview":"max-video-preview:-1"},"canonical":"https:\/\/www.p31noticias.com.br\/?p=18213","og_locale":"pt_BR","og_type":"article","og_title":"Vem a\u00ed a 2\u00aa viagem de jornalistas e influencers do Guia Bras\u00edlia Rural","og_description":"Nos dias 6 e 7 de agosto, durante 02 dias, com 36h de experi\u00eancias no turismo, na ecologia e na gastronomia. Um grupo de jornalistas, blogueiros, youtubers e digitais inflluencers ir\u00e3o conhecer 3 empreendimentos do turismo rural, para contar as experi\u00eancias em suas m\u00eddias, blogs, canais, jornais, etc. O projeto \u00e9 uma parceria do Sebrae [&hellip;]","og_url":"https:\/\/www.p31noticias.com.br\/?p=18213","og_site_name":"P31","article_published_time":"2019-07-09T14:32:20+00:00","og_image":[{"width":1024,"height":552,"url":"https:\/\/www.p31noticias.com.br\/wp-content\/uploads\/2019\/07\/Captura-de-Tela-2019-07-08-a\u0300s-15.13.25-1024x552.png","type":"image\/png"}],"author":"Reda\u00e7\u00e3o JBN","twitter_card":"summary_large_image","twitter_misc":{"Escrito por":"Reda\u00e7\u00e3o JBN","Est. tempo de leitura":"1 minuto"},"schema":{"@context":"https:\/\/schema.org","@graph":[{"@type":"Article","@id":"https:\/\/www.p31noticias.com.br\/?p=18213#article","isPartOf":{"@id":"https:\/\/www.p31noticias.com.br\/?p=18213"},"author":{"name":"Reda\u00e7\u00e3o JBN","@id":"https:\/\/www.p31noticias.com.br\/#\/schema\/person\/77d6b186c710ac38937c6ec204fdd387"},"headline":"Vem a\u00ed a 2\u00aa viagem de jornalistas e influencers do Guia Bras\u00edlia Rural","datePublished":"2019-07-09T14:32:20+00:00","mainEntityOfPage":{"@id":"https:\/\/www.p31noticias.com.br\/?p=18213"},"wordCount":147,"commentCount":0,"image":{"@id":"https:\/\/www.p31noticias.com.br\/?p=18213#primaryimage"},"thumbnailUrl":"https:\/\/www.p31noticias.com.br\/wp-content\/uploads\/2019\/07\/Captura-de-Tela-2019-07-08-a\u0300s-15.13.25.png","articleSection":["Pol\u00edtica"],"inLanguage":"pt-BR","potentialAction":[{"@type":"CommentAction","name":"Comment","target":["https:\/\/www.p31noticias.com.br\/?p=18213#respond"]}],"copyrightYear":"2019","copyrightHolder":{"@id":"https:\/\/www.p31noticias.com.br\/#organization"}},{"@type":"WebPage","@id":"https:\/\/www.p31noticias.com.br\/?p=18213","url":"https:\/\/www.p31noticias.com.br\/?p=18213","name":"Vem a\u00ed a 2\u00aa viagem de jornalistas e influencers do Guia Bras\u00edlia Rural - P31","isPartOf":{"@id":"https:\/\/www.p31noticias.com.br\/#website"},"primaryImageOfPage":{"@id":"https:\/\/www.p31noticias.com.br\/?p=18213#primaryimage"},"image":{"@id":"https:\/\/www.p31noticias.com.br\/?p=18213#primaryimage"},"thumbnailUrl":"https:\/\/www.p31noticias.com.br\/wp-content\/uploads\/2019\/07\/Captura-de-Tela-2019-07-08-a\u0300s-15.13.25.png","datePublished":"2019-07-09T14:32:20+00:00","author":{"@id":"https:\/\/www.p31noticias.com.br\/#\/schema\/person\/77d6b186c710ac38937c6ec204fdd387"},"breadcrumb":{"@id":"https:\/\/www.p31noticias.com.br\/?p=18213#breadcrumb"},"inLanguage":"pt-BR","potentialAction":[{"@type":"ReadAction","target":["https:\/\/www.p31noticias.com.br\/?p=18213"]}]},{"@type":"ImageObject","inLanguage":"pt-BR","@id":"https:\/\/www.p31noticias.com.br\/?p=18213#primaryimage","url":"https:\/\/www.p31noticias.com.br\/wp-content\/uploads\/2019\/07\/Captura-de-Tela-2019-07-08-a\u0300s-15.13.25.png","contentUrl":"https:\/\/www.p31noticias.com.br\/wp-content\/uploads\/2019\/07\/Captura-de-Tela-2019-07-08-a\u0300s-15.13.25.png","width":1576,"height":850},{"@type":"BreadcrumbList","@id":"https:\/\/www.p31noticias.com.br\/?p=18213#breadcrumb","itemListElement":[{"@type":"ListItem","position":1,"name":"In\u00edcio","item":"https:\/\/www.p31noticias.com.br\/"},{"@type":"ListItem","position":2,"name":"Vem a\u00ed a 2\u00aa viagem de jornalistas e influencers do Guia Bras\u00edlia Rural"}]},{"@type":"WebSite","@id":"https:\/\/www.p31noticias.com.br\/#website","url":"https:\/\/www.p31noticias.com.br\/","name":"P31","description":"NOT\u00cdCIAS","potentialAction":[{"@type":"SearchAction","target":{"@type":"EntryPoint","urlTemplate":"https:\/\/www.p31noticias.com.br\/?s={search_term_string}"},"query-input":{"@type":"PropertyValueSpecification","valueRequired":true,"valueName":"search_term_string"}}],"inLanguage":"pt-BR"},{"@type":"Person","@id":"https:\/\/www.p31noticias.com.br\/#\/schema\/person\/77d6b186c710ac38937c6ec204fdd387","name":"Reda\u00e7\u00e3o JBN","image":{"@type":"ImageObject","inLanguage":"pt-BR","@id":"https:\/\/secure.gravatar.com\/avatar\/10fcdb93211f98cce3d64c0795b0915a9a4a21dc0f279238995a3dbfafcad090?s=96&d=mm&r=g","url":"https:\/\/secure.gravatar.com\/avatar\/10fcdb93211f98cce3d64c0795b0915a9a4a21dc0f279238995a3dbfafcad090?s=96&d=mm&r=g","contentUrl":"https:\/\/secure.gravatar.com\/avatar\/10fcdb93211f98cce3d64c0795b0915a9a4a21dc0f279238995a3dbfafcad090?s=96&d=mm&r=g","caption":"Reda\u00e7\u00e3o JBN"},"sameAs":["https:\/\/p31noticias.com.br"],"url":"https:\/\/www.p31noticias.com.br\/?author=18"}]}},"amp_enabled":true,"_links":{"self":[{"href":"https:\/\/www.p31noticias.com.br\/index.php?rest_route=\/wp\/v2\/posts\/18213","targetHints":{"allow":["GET"]}}],"collection":[{"href":"https:\/\/www.p31noticias.com.br\/index.php?rest_route=\/wp\/v2\/posts"}],"about":[{"href":"https:\/\/www.p31noticias.com.br\/index.php?rest_route=\/wp\/v2\/types\/post"}],"author":[{"embeddable":true,"href":"https:\/\/www.p31noticias.com.br\/index.php?rest_route=\/wp\/v2\/users\/18"}],"replies":[{"embeddable":true,"href":"https:\/\/www.p31noticias.com.br\/index.php?rest_route=%2Fwp%2Fv2%2Fcomments&post=18213"}],"version-history":[{"count":0,"href":"https:\/\/www.p31noticias.com.br\/index.php?rest_route=\/wp\/v2\/posts\/18213\/revisions"}],"wp:featuredmedia":[{"embeddable":true,"href":"https:\/\/www.p31noticias.com.br\/index.php?rest_route=\/wp\/v2\/media\/18214"}],"wp:attachment":[{"href":"https:\/\/www.p31noticias.com.br\/index.php?rest_route=%2Fwp%2Fv2%2Fmedia&parent=18213"}],"wp:term":[{"taxonomy":"category","embeddable":true,"href":"https:\/\/www.p31noticias.com.br\/index.php?rest_route=%2Fwp%2Fv2%2Fcategories&post=18213"},{"taxonomy":"post_tag","embeddable":true,"href":"https:\/\/www.p31noticias.com.br\/index.php?rest_route=%2Fwp%2Fv2%2Ftags&post=18213"}],"curies":[{"name":"wp","href":"https:\/\/api.w.org\/{rel}","templated":true}]}}